{"id":9890,"date":"2013-09-19T08:05:15","date_gmt":"2013-09-19T07:05:15","guid":{"rendered":"http:\/\/www.eurosource.se\/akhe\/wordpress\/?p=9890"},"modified":"2013-09-19T08:36:51","modified_gmt":"2013-09-19T07:36:51","slug":"usain-bolt-sager-ni","status":"publish","type":"post","link":"https:\/\/www.akehedman.se\/wordpress\/?p=9890","title":{"rendered":"&#8220;Usain Bolt&#8221;,  s\u00e4ger ni!"},"content":{"rendered":"<p><a href=\"https:\/\/i0.wp.com\/www.eurosource.se\/akhe\/wordpress\/wp-content\/uploads\/2013\/09\/download-2.jpg\"><img data-recalc-dims=\"1\" loading=\"lazy\" decoding=\"async\" class=\"alignnone size-full wp-image-9891\" alt=\"download (2)\" src=\"https:\/\/i0.wp.com\/www.eurosource.se\/akhe\/wordpress\/wp-content\/uploads\/2013\/09\/download-2.jpg?resize=262%2C192\" width=\"262\" height=\"192\" \/><\/a><\/p>\n<p>Katterna stannar i s\u00e4ngen n\u00e4r jag kliver upp precis som jag stannade d\u00e4r under t\u00e4cket n\u00e4r frun &#8211; en tr\u00f6tt dito &#8211; steg upp en timme tidigare. Den l\u00e5tsasjobbandes r\u00e4tt att inte st\u00e4lla klockan &#8211; n\u00e4stan aldrig i alla fall &#8211; och vakna n\u00e4r det beh\u00f6vs. &#8220;N\u00e4r det beh\u00f6vs&#8221; brukar vara kring sju i min v\u00e4rld. D\u00e5 har jag sovit de d\u00e4r fem, sex timmarna som jag m\u00e5ste ha. Fyra fungerar men \u00e5tta \u00e4r f\u00f6r mycket. Utom p\u00e5 helgerna d\u00e5 s\u00e5klart, D\u00e5 kan jag sova l\u00e4ngre vilket oftast betyder att jag somnar om n\u00e5gra g\u00e5nger eller att jag ligger d\u00e4r och lyssnar p\u00e5 ljuden i ett ovaket hus och kanske tittar p\u00e5 en gardin som fladdrar lite i ett \u00f6ppet f\u00f6nster och njuter av f\u00e5gels\u00e5ng d\u00e4r utanf\u00f6r.<\/p>\n<p>Tillbaks p\u00e5 n\u00e5got som kan liknas vid ruta ett idag allts\u00e5. Om det nu finns n\u00e5gon s\u00e5dan, egentligen trampar man ju bara p\u00e5 p\u00e5 den snirkliga v\u00e4gen fram\u00e5t precis som alla andra. Inbillar sig att man kommer i m\u00e5l ibland, men n\u00e4r man t\u00e4nker efter det allra minsta lilla s\u00e5 uppt\u00e4cker man att det man trodde var m\u00e5lg\u00e5ng och segrar egentligen bara \u00e4r sunkiga h\u00e5llplatser som man bara passerar. De man far f\u00f6rbi utan att just dom blir n\u00e5got man minns eller reflekterar s\u00e4rskilt mycket \u00f6ver senare i livet. Ist\u00e4llet minns man en solig dag i gr\u00e4smattan, tittandes p\u00e5 molnen, fiskedagen med barnen, ett radband av en massa sm\u00e5 saker som det k\u00e4nns gott att t\u00e4nka p\u00e5.<\/p>\n<p>Alla fattar ju inte det d\u00e4r s\u00e5klart. Eller ocks\u00e5 \u00e4r det tv\u00e4rt om &#8211; jag som inte har fattat. Men det skiter jag i. Segrarna bed\u00f6mer jag sj\u00e4lv och f\u00f6r mig kan de vara en dag liggandes p\u00e5 rygg i en gr\u00e4smatta som egentligen borde klippas. En dag n\u00e4r ulliga moln far f\u00f6rbi d\u00e4r p\u00e5 himlen, avbrutna av en och annan svirrande st\u00f6rtdykande\u00a0 svala och kanske en tyst bevakande fiskm\u00e5s h\u00f6gt d\u00e4r uppe. Usain Bolt\u00a0 s\u00e4ger ni. D\u00e4r kan man snacka om segrar! Vad \u00e4r en dag ute p\u00e5 gr\u00e4smattan mot det? Men t\u00e4nker man efter lite s\u00e5 blir det lite f\u00e5nigt att vuxna m\u00e4n fortfarande springer ikapp och tar det p\u00e5 blodigt allvar. Som man gjorde n\u00e4r man var barn. N\u00e4r det betydde n\u00e5got p\u00e5 riktigt f\u00f6r att det var lek. Som man v\u00e4xte ifr\u00e5n.<\/p>\n<p>F\u00f6r det \u00e4r s\u00e5 f\u00f6r en s\u00e5dan som Usain Bolt, att finns det ingen som kramar honom f\u00f6r att han \u00e4r den just han \u00e4r n\u00e4r han kommer hem och inte f\u00f6r att han tagit \u00e4nnu ett v\u00e4rldsrekord s\u00e5 \u00e4r inget v\u00e4rt det endaste dugg ens f\u00f6r honom. Det handlar s\u00e5 f\u00f6rbannat lite om vad vi g\u00f6r och s\u00e5 mycket om vilka vi \u00e4r och har blivit. Det har jag l\u00e4rt mig.<\/p>\n<p>Men jag skall inte best\u00e4mma hur andra beter sig. Jag har sannerligen nog med mitt. Japp, beh\u00f6vs det s\u00e5 kan jag h\u00e5lla en hand och h\u00e5lla om dig h\u00e5rt s\u00e5 att du f\u00e5r gr\u00e5ta ut allt det d\u00e4r som v\u00e4rker inom dig. Det kan jag prioritera. Jag kan ocks\u00e5 sitta och lyssna p\u00e5 din historia, tills du hatar mig f\u00f6r det du har ber\u00e4ttat. N\u00e4r vi passerat den punkt d\u00e4r jag k\u00e4nner dig f\u00f6r mycket sl\u00e5r det tillbaks mot mig lyssnaren. Men jag \u00e4r van. Jag har suttit o\u00e4ndliga timmar och lyssnat och mist v\u00e4nnerna n\u00e4r de pratat klart. Men &#8220;sanningarna&#8221; som jag vr\u00e4ker ur mig \u00e4r bara mina. Du f\u00e5r leta dina egna och kanske \u00e4r de helt andra \u00e4n de jag ger uttryck f\u00f6r men bra f\u00f6r det.<\/p>\n<p>Hatarna n\u00e5r jag aldrig. De \u00e4r desamma de som hatar USA och Israel i arabl\u00e4nder som de som hatar invandrare, rovdjur och varg h\u00e4r. Hatet \u00e4r deras drivkraft. De \u00e4ger saker. Kvinnor, djur och &#8220;mindre m\u00e4nskor&#8221;. Deras v\u00e4rld \u00e4r den enda riktiga och de st\u00e5r d\u00e4r sj\u00e4lvklart och sj\u00e4lvs\u00e4kert l\u00e4ngst upp d\u00e4r uppe p\u00e5 toppen i den d\u00e4r v\u00e4rlden tillsammans med Gud, skapad till hans\/hons\/dets avbild. Allt d\u00e4r under sig anser de sig ha r\u00e4tt att styra och st\u00e4lla med som de Gudar de \u00e4r. V\u00e4rlden skulle vara b\u00e4ttre utan dem. S\u00e5 tycker jag. Men f\u00f6r att skicka dem till koncentrationsl\u00e4ger och stora gaskammare redo f\u00f6r att utrota s\u00e5 m\u00e5ste man f\u00f6rs\u00f6ka hitta det d\u00e4r hatet inom sig sj\u00e4lv och det ligger inte f\u00f6r mig. Jag \u00e4r bara en del av allt. St\u00e5r inte \u00f6ver n\u00e5gon. V\u00e4ljer k\u00e4rlek och broderskap med allt f\u00f6re hatet. Inte b\u00e4ttre, f\u00f6r det finns inget som \u00e4r b\u00e4ttre. Det d\u00e4r \u00e4r bara ett simpelt p\u00e5hitt. Vi \u00e4r bara en del av allt det d\u00e4r som kallas v\u00e4rlden och universum och det som \u00e4r st\u00f6rre \u00e4nd\u00e5. Alla. Japp hatarna med.<\/p>\n<p>Vi \u00e4r alla m\u00e4nniskor. Hatare och \u00e4lskare i en och samma. J\u00e4mvikten. Man f\u00e5r kontrollera det onda inom sig, det som egentligen bara \u00e4r. Man f\u00e5r undertrycka och h\u00e5lla i schack. Vi \u00e4r alla monster vi m\u00e4nniskor om vi sl\u00e4pper loss det d\u00e4r. Man skall aldrig tro annat. F\u00f6rh\u00e4va sig. Jag \u00e4r s\u00e4ker p\u00e5 att till och med en s\u00e5dan som Jesus hade b\u00e5de dj\u00e4vulen och gud inom sig, han ocks\u00e5 precis som vi andra. Vi beh\u00f6ver b\u00e5da men man kan v\u00e4lja sj\u00e4lv mellan hatet och k\u00e4rleken och priset och domen \u00e4r detsamma f\u00f6r b\u00e5da. Det f\u00e5r man acceptera.<\/p>\n","protected":false},"excerpt":{"rendered":"<p>Katterna stannar i s\u00e4ngen n\u00e4r jag kliver upp precis som jag stannade d\u00e4r under t\u00e4cket n\u00e4r frun &#8211; en tr\u00f6tt dito &#8211; steg upp en timme tidigare. Den l\u00e5tsasjobbandes r\u00e4tt att inte st\u00e4lla klockan &#8211; n\u00e4stan aldrig i alla fall &#8211; och vakna n\u00e4r det beh\u00f6vs. &#8220;N\u00e4r det beh\u00f6vs&#8221; brukar vara kring sju i min [&hellip;]<\/p>\n","protected":false},"author":24,"featured_media":0,"comment_status":"open","ping_status":"open","sticky":false,"template":"","format":"standard","meta":{"_crdt_document":"","jetpack_post_was_ever_published":false,"_jetpack_newsletter_access":"","_jetpack_dont_email_post_to_subs":false,"_jetpack_newsletter_tier_id":0,"_jetpack_memberships_contains_paywalled_content":false,"_jetpack_memberships_contains_paid_content":false,"footnotes":"","jetpack_publicize_message":"","jetpack_publicize_feature_enabled":true,"jetpack_social_post_already_shared":true,"jetpack_social_options":{"image_generator_settings":{"template":"highway","default_image_id":0,"font":"","enabled":false},"version":2}},"categories":[2],"tags":[],"class_list":["post-9890","post","type-post","status-publish","format-standard","hentry","category-swedish"],"jetpack_publicize_connections":[],"jetpack_featured_media_url":"","jetpack_sharing_enabled":true,"jetpack_likes_enabled":true,"jetpack-related-posts":[{"id":15048,"url":"https:\/\/www.akehedman.se\/wordpress\/?p=15048","url_meta":{"origin":9890,"position":0},"title":"Pigg som en m\u00f6rt","author":"\u00c5ke Hedman","date":"2014-10-07","format":false,"excerpt":"Karin \u00e4r tr\u00f6tt som en hel j\u00e4rnv\u00e4g n\u00e4r hon liksom luffsar iv\u00e4g till jobbet med \"tre dagar till, tre dagar till, tre dagar till...\" snurrande d\u00e4r i huvudet. Hon \u00e4r n\u00e4mligen ledig p\u00e5 fredag. Sj\u00e4lv vaknar jag pigg som en m\u00f6rt n\u00e4r yngste sonen tar trapporna ner i n\u00e5gra l\u00e5ngbenakliv,\u2026","rel":"","context":"In &quot;Betraktelser &amp; Ber\u00e4ttelse&quot;","block_context":{"text":"Betraktelser &amp; Ber\u00e4ttelse","link":"https:\/\/www.akehedman.se\/wordpress\/?cat=24"},"img":{"alt_text":"url4","src":"https:\/\/i0.wp.com\/www.eurosource.se\/akhe\/wordpress\/wp-content\/uploads\/2014\/10\/url4.jpeg?resize=350%2C200","width":350,"height":200},"classes":[]},{"id":16738,"url":"https:\/\/www.akehedman.se\/wordpress\/?p=16738","url_meta":{"origin":9890,"position":1},"title":"Hemkommen","author":"\u00c5ke Hedman","date":"2015-02-27","format":false,"excerpt":"Han\/hon\/det\/gud eller om det \u00e4r Tor och Oden och hela bunten st\u00e5r p\u00e5 min sida idag. En lampa. Sug p\u00e5 den. \"En lampa\". En sketen liten lampa som jag missade n\u00e4r jag kollade. Ett poitionsljus som inte lyser p\u00e5 h\u00f6ger sida. Den skall visas upp i lagad form men det\u2026","rel":"","context":"In &quot;Betraktelser &amp; Ber\u00e4ttelse&quot;","block_context":{"text":"Betraktelser &amp; Ber\u00e4ttelse","link":"https:\/\/www.akehedman.se\/wordpress\/?cat=24"},"img":{"alt_text":"besiktning","src":"https:\/\/i0.wp.com\/www.eurosource.se\/akhe\/wordpress\/wp-content\/uploads\/2015\/02\/besiktning-1024x683.jpg?resize=350%2C200","width":350,"height":200,"srcset":"https:\/\/i0.wp.com\/www.eurosource.se\/akhe\/wordpress\/wp-content\/uploads\/2015\/02\/besiktning-1024x683.jpg?resize=350%2C200 1x, https:\/\/i0.wp.com\/www.eurosource.se\/akhe\/wordpress\/wp-content\/uploads\/2015\/02\/besiktning-1024x683.jpg?resize=525%2C300 1.5x"},"classes":[]},{"id":12318,"url":"https:\/\/www.akehedman.se\/wordpress\/?p=12318","url_meta":{"origin":9890,"position":2},"title":"Att bli uppeldad i en oljeeldad br\u00e4nnkammare borde f\u00e5 vem som helst att klarna tankarna.","author":"\u00c5ke Hedman","date":"2014-03-04","format":false,"excerpt":"Jod\u00e5, jag h\u00f6rde klockorna ringa i morse. Jag \u00e4r helt s\u00e4ker, h\u00f6rde dom helt tydligt fr\u00e5n andra sidan sj\u00f6n. Dinggggg..., donggggg..., dinggggg..., donggggg... n\u00e5got s\u00e5n\u00e4r i takt, lite ost\u00e4mda, kanske lite slackande, som om klockaren var nyvaken eller kanske full. S\u00f6ndag \u00e4r det ju inte s\u00e5 jag gissade p\u00e5 begravning.\u2026","rel":"","context":"In &quot;Betraktelser &amp; Ber\u00e4ttelse&quot;","block_context":{"text":"Betraktelser &amp; Ber\u00e4ttelse","link":"https:\/\/www.akehedman.se\/wordpress\/?cat=24"},"img":{"alt_text":"klocka","src":"https:\/\/i0.wp.com\/www.akehedman.se\/wordpress\/wp-content\/uploads\/2014\/03\/klocka.jpg?resize=350%2C200","width":350,"height":200},"classes":[]},{"id":14888,"url":"https:\/\/www.akehedman.se\/wordpress\/?p=14888","url_meta":{"origin":9890,"position":3},"title":"Nattligt bes\u00f6k","author":"\u00c5ke Hedman","date":"2014-09-18","format":false,"excerpt":"Ytterd\u00f6rren flyger upp med ett brak precis n\u00e4r jag skall bomma igen och l\u00e5sa f\u00f6r natten. Klockan \u00e4r halv ett. Nu st\u00e5r han d\u00e4r i hallen, gr\u00f6nkl\u00e4dd, med nyvaket rufsigt h\u00e5r, vilda \u00f6gon, och en andedr\u00e4kt som varit l\u00e4ngst ner till helvetet och v\u00e4nt upp till oss d\u00f6dliga igen och\u2026","rel":"","context":"In &quot;Betraktelser &amp; Ber\u00e4ttelse&quot;","block_context":{"text":"Betraktelser &amp; Ber\u00e4ttelse","link":"https:\/\/www.akehedman.se\/wordpress\/?cat=24"},"img":{"alt_text":"husqvarna","src":"https:\/\/i0.wp.com\/www.akehedman.se\/wordpress\/wp-content\/uploads\/2014\/09\/husqvarna.jpg?resize=350%2C200","width":350,"height":200,"srcset":"https:\/\/i0.wp.com\/www.akehedman.se\/wordpress\/wp-content\/uploads\/2014\/09\/husqvarna.jpg?resize=350%2C200 1x, https:\/\/i0.wp.com\/www.akehedman.se\/wordpress\/wp-content\/uploads\/2014\/09\/husqvarna.jpg?resize=525%2C300 1.5x, https:\/\/i0.wp.com\/www.akehedman.se\/wordpress\/wp-content\/uploads\/2014\/09\/husqvarna.jpg?resize=700%2C400 2x"},"classes":[]},{"id":17765,"url":"https:\/\/www.akehedman.se\/wordpress\/?p=17765","url_meta":{"origin":9890,"position":4},"title":"En djup suck under djupbl\u00e5 morgon","author":"\u00c5ke Hedman","date":"2015-05-05","format":false,"excerpt":"Det \u00e4r n\u00e5got med Facebook och mig. Jag klarar helt enkelt inte av det. Jag m\u00e5r fysiskt och psykiskt d\u00e5ligt av att finnas d\u00e4r. Inte helt s\u00e4ker p\u00e5 varf\u00f6r. Men jag tror det \u00e4r det d\u00e4r \"gilla\" systemet. Det blir s\u00e5 j\u00e4vla korkat. Ett s\u00e4tt att st\u00e4lla sig in. Ja\u2026","rel":"","context":"In &quot;Betraktelser &amp; Ber\u00e4ttelse&quot;","block_context":{"text":"Betraktelser &amp; Ber\u00e4ttelse","link":"https:\/\/www.akehedman.se\/wordpress\/?cat=24"},"img":{"alt_text":"ake","src":"https:\/\/i0.wp.com\/www.akehedman.se\/wordpress\/wp-content\/uploads\/2015\/05\/ake.png?resize=350%2C200","width":350,"height":200},"classes":[]},{"id":13083,"url":"https:\/\/www.akehedman.se\/wordpress\/?p=13083","url_meta":{"origin":9890,"position":5},"title":"Kassarnas mysterie uppdagas","author":"\u00c5ke Hedman","date":"2014-05-08","format":false,"excerpt":"Jag far ner till Ljusdal idag. Beh\u00f6ver n\u00e5gon skoj whisky och n\u00e5gra skojiga \u00f6l. Allts\u00e5 det handlar inte om s\u00e5na som man blir skojig av eller har skoj med eller har skojigt av efter att de inmundigats. Bara s\u00e5nt som kan vara kul att prova. Sen m\u00e5 det d\u00e4r andra\u2026","rel":"","context":"In &quot;Betraktelser &amp; Ber\u00e4ttelse&quot;","block_context":{"text":"Betraktelser &amp; Ber\u00e4ttelse","link":"https:\/\/www.akehedman.se\/wordpress\/?cat=24"},"img":{"alt_text":"LBK-vann-mot-KVBS-pa-Backavallen","src":"https:\/\/i0.wp.com\/www.eurosource.se\/akhe\/wordpress\/wp-content\/uploads\/2014\/05\/LBK-vann-mot-KVBS-pa-Backavallen.jpg?resize=350%2C200","width":350,"height":200},"classes":[]}],"jetpack_shortlink":"https:\/\/wp.me\/p68PL2-2zw","_links":{"self":[{"href":"https:\/\/www.akehedman.se\/wordpress\/index.php?rest_route=\/wp\/v2\/posts\/9890","targetHints":{"allow":["GET"]}}],"collection":[{"href":"https:\/\/www.akehedman.se\/wordpress\/index.php?rest_route=\/wp\/v2\/posts"}],"about":[{"href":"https:\/\/www.akehedman.se\/wordpress\/index.php?rest_route=\/wp\/v2\/types\/post"}],"author":[{"embeddable":true,"href":"https:\/\/www.akehedman.se\/wordpress\/index.php?rest_route=\/wp\/v2\/users\/24"}],"replies":[{"embeddable":true,"href":"https:\/\/www.akehedman.se\/wordpress\/index.php?rest_route=%2Fwp%2Fv2%2Fcomments&post=9890"}],"version-history":[{"count":2,"href":"https:\/\/www.akehedman.se\/wordpress\/index.php?rest_route=\/wp\/v2\/posts\/9890\/revisions"}],"predecessor-version":[{"id":9897,"href":"https:\/\/www.akehedman.se\/wordpress\/index.php?rest_route=\/wp\/v2\/posts\/9890\/revisions\/9897"}],"wp:attachment":[{"href":"https:\/\/www.akehedman.se\/wordpress\/index.php?rest_route=%2Fwp%2Fv2%2Fmedia&parent=9890"}],"wp:term":[{"taxonomy":"category","embeddable":true,"href":"https:\/\/www.akehedman.se\/wordpress\/index.php?rest_route=%2Fwp%2Fv2%2Fcategories&post=9890"},{"taxonomy":"post_tag","embeddable":true,"href":"https:\/\/www.akehedman.se\/wordpress\/index.php?rest_route=%2Fwp%2Fv2%2Ftags&post=9890"}],"curies":[{"name":"wp","href":"https:\/\/api.w.org\/{rel}","templated":true}]}}