{"id":9203,"date":"2013-09-03T11:59:58","date_gmt":"2013-09-03T10:59:58","guid":{"rendered":"http:\/\/www.eurosource.se\/akhe\/wordpress\/?p=9203"},"modified":"2013-09-03T15:34:10","modified_gmt":"2013-09-03T14:34:10","slug":"det-svenska-skuldberget-fy-fan","status":"publish","type":"post","link":"https:\/\/www.akehedman.se\/wordpress\/?p=9203","title":{"rendered":"Det Svenska skuldberget &#8211; fy fan!"},"content":{"rendered":"<p><a href=\"https:\/\/i0.wp.com\/www.eurosource.se\/akhe\/wordpress\/wp-content\/uploads\/2013\/09\/berg_av_pengar_237115w_12912822.jpg\"><img data-recalc-dims=\"1\" loading=\"lazy\" decoding=\"async\" src=\"https:\/\/i0.wp.com\/www.eurosource.se\/akhe\/wordpress\/wp-content\/uploads\/2013\/09\/berg_av_pengar_237115w_12912822.jpg?resize=430%2C323\" alt=\"berg_av_pengar_237115w_12912822\" width=\"430\" height=\"323\" class=\"alignnone size-full wp-image-9204\" \/><\/a><\/p>\n<p><a href=\"http:\/\/blog.svd.se\/cervenkaspengar\/2013\/09\/02\/den-svenska-tillvaxtmyten\/\">http:\/\/blog.svd.se\/cervenkaspengar\/2013\/09\/02\/den-svenska-tillvaxtmyten\/<\/a><\/p>\n<p><strong><em>N\u00e4r finanskrisen slog till slutet av 2008 uppgick de samlade skulderna i USA, det vill s\u00e4ga i hush\u00e5llen, f\u00f6retagen (inklusive finanssektorn) och offentlig sektor till 296 procent av BNP enligt konsultf\u00f6retaget McKinsey. I mitten av 2011 hade siffran sjunkit till 279 procent.<\/p>\n<p>Motsvarande summering f\u00f6r 2012 av de samlade skulderna i Sverige landar enligt siffror som SCB tagit fram \u00e5t SvD N\u00e4ringsliv p\u00e5 490 procent. Jo, ni l\u00e4ste r\u00e4tt. <\/em><\/strong><\/p>\n<p>Mig skr\u00e4mmer det h\u00e4r s\u00e5 f\u00f6rbannat. Inte f\u00f6r att jag deltar i den d\u00e4r vansinniga l\u00e5nefesten som p\u00e5g\u00e5r. Det \u00e4r andra som g\u00f6r det. Det \u00e4r ocks\u00e5 andra som tj\u00e4nar pengar p\u00e5 den. Men n\u00e4r det d\u00e4r korthuset brakar s\u00e5 \u00e4r det s\u00e5dana som jag som skall vara med och betala, f\u00f6r g\u00f6r man som alla andra s\u00e5 \u00e4r man fri, inte om man saknar skulder. &#8220;Det \u00e4r borgarnas fel&#8221; h\u00f6r jag det ropas bland v\u00e4nsterkamraterna. &#8220;I helvete heller!&#8221; \u00e4r mitt svar. Det \u00e4r de girigas fel, och de giriga finns i alla samh\u00e4llsklasser och inom alla politiska \u00e5sk\u00e5dningar.    <\/p>\n","protected":false},"excerpt":{"rendered":"<p>http:\/\/blog.svd.se\/cervenkaspengar\/2013\/09\/02\/den-svenska-tillvaxtmyten\/ N\u00e4r finanskrisen slog till slutet av 2008 uppgick de samlade skulderna i USA, det vill s\u00e4ga i hush\u00e5llen, f\u00f6retagen (inklusive finanssektorn) och offentlig sektor till 296 procent av BNP enligt konsultf\u00f6retaget McKinsey. I mitten av 2011 hade siffran sjunkit till 279 procent. Motsvarande summering f\u00f6r 2012 av de samlade skulderna i Sverige landar enligt [&hellip;]<\/p>\n","protected":false},"author":24,"featured_media":0,"comment_status":"open","ping_status":"open","sticky":false,"template":"","format":"standard","meta":{"_crdt_document":"","jetpack_post_was_ever_published":false,"_jetpack_newsletter_access":"","_jetpack_dont_email_post_to_subs":false,"_jetpack_newsletter_tier_id":0,"_jetpack_memberships_contains_paywalled_content":false,"_jetpack_memberships_contains_paid_content":false,"footnotes":"","jetpack_publicize_message":"","jetpack_publicize_feature_enabled":true,"jetpack_social_post_already_shared":true,"jetpack_social_options":{"image_generator_settings":{"template":"highway","default_image_id":0,"font":"","enabled":false},"version":2}},"categories":[40],"tags":[],"class_list":["post-9203","post","type-post","status-publish","format-standard","hentry","category-ekonomi"],"jetpack_publicize_connections":[],"jetpack_featured_media_url":"","jetpack_sharing_enabled":true,"jetpack_likes_enabled":true,"jetpack-related-posts":[{"id":3020,"url":"https:\/\/www.akehedman.se\/wordpress\/?p=3020","url_meta":{"origin":9203,"position":0},"title":"V\u00e5r galax vintergatan","author":"\u00c5ke Hedman","date":"2013-02-07","format":false,"excerpt":"Enligt forskarna finns cirka 75 miljarder r\u00f6da dv\u00e4rgar i v\u00e5r galax. Sex procent av dem tros ha en jordlik planet kretsande runt sig - och den n\u00e4rmaste av dem finns s\u00e5 n\u00e4ra som 13 ljus\u00e5r h\u00e4rifr\u00e5n. Det tar 200-250 miljoner \u00e5r f\u00f6r v\u00e5rt solsystem att rotera kring galaxens centrum. Ett\u2026","rel":"","context":"In &quot;Betraktelser &amp; Ber\u00e4ttelse&quot;","block_context":{"text":"Betraktelser &amp; Ber\u00e4ttelse","link":"https:\/\/www.akehedman.se\/wordpress\/?cat=24"},"img":{"alt_text":"vintergatan","src":"https:\/\/i0.wp.com\/www.eurosource.se\/akhe\/wordpress\/wp-content\/uploads\/2013\/02\/vintergatan.gif?resize=350%2C200","width":350,"height":200},"classes":[]},{"id":37641,"url":"https:\/\/www.akehedman.se\/wordpress\/?p=37641","url_meta":{"origin":9203,"position":1},"title":"Rekordh\u00f6g andel fattiga svenskar &#8211; Aftonbladet live: Supernytt","author":"\u00c5ke Hedman","date":"2021-01-27","format":false,"excerpt":"Andelen svenskar med l\u00e5g ekonomisk standard forts\u00e4tter att \u00f6ka och n\u00e5dde 2019 den h\u00f6gsta niv\u00e5n hittills, \u00f6ver 15 procent av befolkningen, enligt siffror fr\u00e5n Statistiska centralbyr\u00e5n (SCB). Source: Rekordh\u00f6g andel fattiga svenskar - Aftonbladet live: Supernytt Sverige har tidigare lyckats g\u00e5 en v\u00e4ldigt lyckad balansg\u00e5ng p\u00e5 knivseggen mellan kapitalism och\u2026","rel":"","context":"In &quot;Swedish&quot;","block_context":{"text":"Swedish","link":"https:\/\/www.akehedman.se\/wordpress\/?cat=2"},"img":{"alt_text":"","src":"","width":0,"height":0},"classes":[]},{"id":31927,"url":"https:\/\/www.akehedman.se\/wordpress\/?p=31927","url_meta":{"origin":9203,"position":2},"title":"11%","author":"\u00c5ke Hedman","date":"2019-04-08","format":false,"excerpt":"Elva procent av elenergin kommer f\u00e5n vindkraft just nu. Ja ig\u00e5r. Fyrtio procent i Portugal, 18% i Danmark, 16% i Sverige. T\u00e4nk om n\u00e5gon sl\u00e4ngt fram den profetian under k\u00e4rnkraftsdebatten, d\u00e5 n\u00e4r den begav sig. Jag vet att jag s\u00e5 sent som i slutet av 80-talet diskuterade m\u00f6jligheterna till vindkraft\u2026","rel":"","context":"In &quot;Swedish&quot;","block_context":{"text":"Swedish","link":"https:\/\/www.akehedman.se\/wordpress\/?cat=2"},"img":{"alt_text":"","src":"","width":0,"height":0},"classes":[]},{"id":36182,"url":"https:\/\/www.akehedman.se\/wordpress\/?p=36182","url_meta":{"origin":9203,"position":3},"title":"Tr\u00f6gheten","author":"\u00c5ke Hedman","date":"2020-09-17","format":false,"excerpt":"Photo by Rakicevic Nenad on Pexels.com Som fysiker \u00e4r man s\u00e5klart v\u00e4l medveten om tr\u00f6ghetskraften. Idag dessutom i rent praktiskt form. Den d\u00e4r kraften h\u00e5ller mig stenh\u00e5rt fast i stolen p\u00e5 l\u00e5tsaskontoret just nu. Jag skall n\u00e4mligen st\u00e4da. D\u00e4ruppe. I l\u00e4genheten. Har viss m\u00f6da med att resa mig upp ur\u2026","rel":"","context":"In &quot;Betraktelser &amp; Ber\u00e4ttelse&quot;","block_context":{"text":"Betraktelser &amp; Ber\u00e4ttelse","link":"https:\/\/www.akehedman.se\/wordpress\/?cat=24"},"img":{"alt_text":"silhouette of person holding glass mason jar","src":"https:\/\/i0.wp.com\/www.akehedman.se\/wordpress\/wp-content\/uploads\/2020\/09\/pexels-photo-1274260.jpeg?resize=350%2C200&ssl=1","width":350,"height":200,"srcset":"https:\/\/i0.wp.com\/www.akehedman.se\/wordpress\/wp-content\/uploads\/2020\/09\/pexels-photo-1274260.jpeg?resize=350%2C200&ssl=1 1x, https:\/\/i0.wp.com\/www.akehedman.se\/wordpress\/wp-content\/uploads\/2020\/09\/pexels-photo-1274260.jpeg?resize=525%2C300&ssl=1 1.5x, https:\/\/i0.wp.com\/www.akehedman.se\/wordpress\/wp-content\/uploads\/2020\/09\/pexels-photo-1274260.jpeg?resize=700%2C400&ssl=1 2x"},"classes":[]},{"id":38160,"url":"https:\/\/www.akehedman.se\/wordpress\/?p=38160","url_meta":{"origin":9203,"position":4},"title":"Pandemieffekten \u2013 programmeringshajp bland unga kvinnor: \u201dVill ha en del av den h\u00e4r kakan\u201d","author":"\u00c5ke Hedman","date":"2021-03-17","format":false,"excerpt":"35 procent av kvinnor mellan 18\u201325 \u00e5r vill l\u00e4ra sig koda, j\u00e4mf\u00f6rt med 31 procent bland m\u00e4nnen. Det \u00e4r dock mer viktigt f\u00f6r kvinnorna, n\u00e4stan tre g\u00e5nger s\u00e5 mycket bland 18- till 25-\u00e5ringar, att ha en kompis eller partner som kodar f\u00f6r att b\u00f6rja sj\u00e4lv. Source: Pandemieffekten \u2013 programmeringshajp bland\u2026","rel":"","context":"In &quot;Swedish&quot;","block_context":{"text":"Swedish","link":"https:\/\/www.akehedman.se\/wordpress\/?cat=2"},"img":{"alt_text":"","src":"","width":0,"height":0},"classes":[]},{"id":51019,"url":"https:\/\/www.akehedman.se\/wordpress\/?p=51019","url_meta":{"origin":9203,"position":5},"title":"Gn\u00f6k","author":"\u00c5ke Hedman","date":"2026-01-27","format":false,"excerpt":"Photo by Cedric Fauntleroy on Pexels.com Bes\u00f6ker tandl\u00e4karen i Ljusdal ig\u00e5r. Det skall bli ordning i fattigmunnen. Otroligt sk\u00f6nt och efterl\u00e4ngtat. Mina t\u00e4nder har liksom alltid hamnat sist i k\u00f6n. Inte s\u00e5 l\u00e4ngre allts\u00e5. Lycka! G\u00e5r till en privat tandl\u00e4kare. Dellenborg & Nordin. Folktandv\u00e5rden har inte tid med s\u00e5dana som\u2026","rel":"","context":"In &quot;Betraktelser &amp; Ber\u00e4ttelse&quot;","block_context":{"text":"Betraktelser &amp; Ber\u00e4ttelse","link":"https:\/\/www.akehedman.se\/wordpress\/?cat=24"},"img":{"alt_text":"an open mouth of a person","src":"https:\/\/i0.wp.com\/www.akehedman.se\/wordpress\/wp-content\/uploads\/2026\/01\/pexels-photo-4269690.jpeg?resize=350%2C200&ssl=1","width":350,"height":200,"srcset":"https:\/\/i0.wp.com\/www.akehedman.se\/wordpress\/wp-content\/uploads\/2026\/01\/pexels-photo-4269690.jpeg?resize=350%2C200&ssl=1 1x, https:\/\/i0.wp.com\/www.akehedman.se\/wordpress\/wp-content\/uploads\/2026\/01\/pexels-photo-4269690.jpeg?resize=525%2C300&ssl=1 1.5x, https:\/\/i0.wp.com\/www.akehedman.se\/wordpress\/wp-content\/uploads\/2026\/01\/pexels-photo-4269690.jpeg?resize=700%2C400&ssl=1 2x, https:\/\/i0.wp.com\/www.akehedman.se\/wordpress\/wp-content\/uploads\/2026\/01\/pexels-photo-4269690.jpeg?resize=1050%2C600&ssl=1 3x, https:\/\/i0.wp.com\/www.akehedman.se\/wordpress\/wp-content\/uploads\/2026\/01\/pexels-photo-4269690.jpeg?resize=1400%2C800&ssl=1 4x"},"classes":[]}],"jetpack_shortlink":"https:\/\/wp.me\/p68PL2-2or","_links":{"self":[{"href":"https:\/\/www.akehedman.se\/wordpress\/index.php?rest_route=\/wp\/v2\/posts\/9203","targetHints":{"allow":["GET"]}}],"collection":[{"href":"https:\/\/www.akehedman.se\/wordpress\/index.php?rest_route=\/wp\/v2\/posts"}],"about":[{"href":"https:\/\/www.akehedman.se\/wordpress\/index.php?rest_route=\/wp\/v2\/types\/post"}],"author":[{"embeddable":true,"href":"https:\/\/www.akehedman.se\/wordpress\/index.php?rest_route=\/wp\/v2\/users\/24"}],"replies":[{"embeddable":true,"href":"https:\/\/www.akehedman.se\/wordpress\/index.php?rest_route=%2Fwp%2Fv2%2Fcomments&post=9203"}],"version-history":[{"count":2,"href":"https:\/\/www.akehedman.se\/wordpress\/index.php?rest_route=\/wp\/v2\/posts\/9203\/revisions"}],"predecessor-version":[{"id":9211,"href":"https:\/\/www.akehedman.se\/wordpress\/index.php?rest_route=\/wp\/v2\/posts\/9203\/revisions\/9211"}],"wp:attachment":[{"href":"https:\/\/www.akehedman.se\/wordpress\/index.php?rest_route=%2Fwp%2Fv2%2Fmedia&parent=9203"}],"wp:term":[{"taxonomy":"category","embeddable":true,"href":"https:\/\/www.akehedman.se\/wordpress\/index.php?rest_route=%2Fwp%2Fv2%2Fcategories&post=9203"},{"taxonomy":"post_tag","embeddable":true,"href":"https:\/\/www.akehedman.se\/wordpress\/index.php?rest_route=%2Fwp%2Fv2%2Ftags&post=9203"}],"curies":[{"name":"wp","href":"https:\/\/api.w.org\/{rel}","templated":true}]}}