{"id":9127,"date":"2013-08-30T06:42:42","date_gmt":"2013-08-30T05:42:42","guid":{"rendered":"http:\/\/www.eurosource.se\/akhe\/wordpress\/?p=9127"},"modified":"2013-08-30T06:42:42","modified_gmt":"2013-08-30T05:42:42","slug":"lararens-privilegie-och-makt","status":"publish","type":"post","link":"https:\/\/www.akehedman.se\/wordpress\/?p=9127","title":{"rendered":"L\u00e4rarens privilegie och makt."},"content":{"rendered":"<p><a href=\"https:\/\/i0.wp.com\/www.eurosource.se\/akhe\/wordpress\/wp-content\/uploads\/2013\/08\/penna.png\"><img data-recalc-dims=\"1\" loading=\"lazy\" decoding=\"async\" src=\"https:\/\/i0.wp.com\/www.eurosource.se\/akhe\/wordpress\/wp-content\/uploads\/2013\/08\/penna.png?resize=580%2C417\" alt=\"penna\" width=\"580\" height=\"417\" class=\"alignnone size-full wp-image-9128\" \/><\/a><\/p>\n<p>Jag har alltid gillat att skriva, \u00c4nd\u00e5 s\u00e5 har jag inte alltid gjort det, skolan tog n\u00e4stan d\u00f6d p\u00e5 all den d\u00e4r lusten. Men s\u00e5 efter det som tycktes vara en livstid p\u00e5 fabriken s\u00e5 b\u00f6rjade jag b\u00f6rjade plugga igen. Komvux, Katrineholm, ett slags tekniskt gymnasium d\u00e4r man kunde l\u00e4sa den tekniska linjen p\u00e5 halva tiden, h\u00f6gt tempo, en v\u00e4rld d\u00e4r det fanns m\u00e4nniskor som uppmuntrade och ville en v\u00e4l. Jag kan inte nog tacka litteraturfr\u00f6ken som serverade b\u00f6cker till mig i stigande sv\u00e5righetsgrad och som tog mig p\u00e5 allvar n\u00e4r jag tyckte till om dem. Det var helt ok att inte gilla Strindberg fast \u00e4n alla andra gjorde det. Det jag sa, lika naiv som idag s\u00e4kert, var p\u00e5 riktigt och togs p\u00e5 allvar. En viktig upplevelse i en f.d. fabriksarbetares liv.  Eller hur viktig var inte  Matte och fysikl\u00e4raren som \u00f6ppnade asken med skatterna s\u00e5 att jag s\u00e5g dem och fick r\u00f6ra vid dem. Fr\u00e4lste mig in i vetenskapen. Hur skall jag n\u00e5gonsin kunna tacka honom i tillr\u00e4cklig utstr\u00e4ckning. Han f\u00f6r\u00e4ndrade mitt liv. L\u00e4rarens privilegie och makt.<\/p>\n<p>Sen var det d\u00e5 den tunne lille flintskallige st\u00e5lb\u00e5gsglas\u00f6gonprydde Svenskl\u00e4raren. Korrekt kl\u00e4dd korrekt i hela sin person och s\u00e5 o\u00e4ndligt tr\u00e5kig. Vi var en teknisk skola. Alla skulle bli ingenj\u00f6rer och svenska l\u00e5g inte h\u00f6gst upp p\u00e5 intresseskalan. Eftersom jag var ambiti\u00f6s s\u00e5 f\u00f6rs\u00f6kte jag verkligen h\u00e4nga med men grammatik och jag  fungerar helt enkelt inte ihop. Jag tror det \u00e4r alla undantagen som g\u00f6r det. S\u00e5nt fungerar liksom inte ihop med mina taskiga hj\u00e4rna. Logiskt m\u00e5ste det vara, annars f\u00e5r det vara. Men s\u00e5 skulle vi l\u00e4mna in uppsatser i olika \u00e4mnen och det tyckte jag naturligtvis om. S\u00e5 jag skrev och skrev och han gillade och uppmuntrade mig att skriva mer. Det mesta skulle l\u00e4sas upp ocks\u00e5 av honom inf\u00f6r klassen. Pinsamt men naturligtvis ocks\u00e5 ett erk\u00e4nnande. En god man.<\/p>\n<p>Den f\u00f6rsta uppsatsen jag l\u00e4mnade in minns jag var fullst\u00e4ndigt nerklottrad med r\u00f6tt. Stavning och kommatering. Jag fick en privat kurs i kommatering men fattade v\u00e4l inte s\u00e5 mycket f\u00f6r n\u00e4sta inl\u00e4mnade uppsats inneh\u00f6ll lika mycket r\u00f6tt f\u00f6r stavning genom hela men bara ungef\u00e4r till h\u00e4lften f\u00f6r kommatering. Han hade helt enkelt gett upp p\u00e5 mig d\u00e4r mitt i uppsatsen. N\u00e4r han l\u00e4mnade tillbaks den s\u00e5 minns jag att han framf\u00f6rde \u00e5sikten att det var b\u00e4ttre att skippa kommatecknet helt och h\u00e5llet f\u00f6r min del ist\u00e4llet f\u00f6r att som jag s\u00e4tta dessa underliga krumelurer p\u00e5 slumpvis valda positioner som jag uppenbart gjorde. Jag fortsatte som vanligt, nej jag lyssnar inte alltid p\u00e5 andra,  men ocks\u00e5 han allts\u00e5 en viktig man f\u00f6r min utveckling och mitt liv.<\/p>\n<p>Som ni som l\u00e4ser min saker m\u00e4rker s\u00e5 l\u00e4rde jag mig heller aldrig det d\u00e4r och forts\u00e4tter att s\u00e4tta mina kommatecken p\u00e5 slumpvisa positioner. En del kan helt enkelt inte l\u00e4ra sig vissa saker \u00e4r liksom lite eljest d\u00e4r i huvudet. Man f\u00e5r leva med s\u00e5nt.<\/p>\n","protected":false},"excerpt":{"rendered":"<p>Jag har alltid gillat att skriva, \u00c4nd\u00e5 s\u00e5 har jag inte alltid gjort det, skolan tog n\u00e4stan d\u00f6d p\u00e5 all den d\u00e4r lusten. Men s\u00e5 efter det som tycktes vara en livstid p\u00e5 fabriken s\u00e5 b\u00f6rjade jag b\u00f6rjade plugga igen. Komvux, Katrineholm, ett slags tekniskt gymnasium d\u00e4r man kunde l\u00e4sa den tekniska linjen p\u00e5 halva [&hellip;]<\/p>\n","protected":false},"author":24,"featured_media":0,"comment_status":"open","ping_status":"open","sticky":false,"template":"","format":"standard","meta":{"_crdt_document":"","jetpack_post_was_ever_published":false,"_jetpack_newsletter_access":"","_jetpack_dont_email_post_to_subs":false,"_jetpack_newsletter_tier_id":0,"_jetpack_memberships_contains_paywalled_content":false,"_jetpack_memberships_contains_paid_content":false,"footnotes":"","jetpack_publicize_message":"","jetpack_publicize_feature_enabled":true,"jetpack_social_post_already_shared":true,"jetpack_social_options":{"image_generator_settings":{"template":"highway","default_image_id":0,"font":"","enabled":false},"version":2}},"categories":[24],"tags":[],"class_list":["post-9127","post","type-post","status-publish","format-standard","hentry","category-betraktelser"],"jetpack_publicize_connections":[],"jetpack_featured_media_url":"","jetpack_sharing_enabled":true,"jetpack_likes_enabled":true,"jetpack-related-posts":[{"id":14376,"url":"https:\/\/www.akehedman.se\/wordpress\/?p=14376","url_meta":{"origin":9127,"position":0},"title":"En l\u00e4rares underbara makt och FUCK YOU all","author":"\u00c5ke Hedman","date":"2014-08-13","format":false,"excerpt":"Det \u00e4r lite h\u00f6stk\u00e4nning i luften idag. Eller kanske snarare den d\u00e4r skolstartssommark\u00e4nslan. Egentligen har jag inte haft n\u00e5gon s\u00e5dan k\u00e4nsla f\u00f6rr\u00e4n n\u00e4r jag som tjugotv\u00e5\u00e5ring reste ner till en ny v\u00e4rld och ett tekniskt gymnasium f\u00f6r att ta igen allt det d\u00e4r jag sket i f\u00f6r att bli rockstj\u00e4rna.\u2026","rel":"","context":"In &quot;Betraktelser &amp; Ber\u00e4ttelse&quot;","block_context":{"text":"Betraktelser &amp; Ber\u00e4ttelse","link":"https:\/\/www.akehedman.se\/wordpress\/?cat=24"},"img":{"alt_text":"lrare11","src":"https:\/\/i0.wp.com\/www.eurosource.se\/akhe\/wordpress\/wp-content\/uploads\/2014\/08\/lrare11.jpg?resize=350%2C200","width":350,"height":200,"srcset":"https:\/\/i0.wp.com\/www.eurosource.se\/akhe\/wordpress\/wp-content\/uploads\/2014\/08\/lrare11.jpg?resize=350%2C200 1x, https:\/\/i0.wp.com\/www.eurosource.se\/akhe\/wordpress\/wp-content\/uploads\/2014\/08\/lrare11.jpg?resize=525%2C300 1.5x, https:\/\/i0.wp.com\/www.eurosource.se\/akhe\/wordpress\/wp-content\/uploads\/2014\/08\/lrare11.jpg?resize=700%2C400 2x"},"classes":[]},{"id":14458,"url":"https:\/\/www.akehedman.se\/wordpress\/?p=14458","url_meta":{"origin":9127,"position":1},"title":"En Conversesko och ett jeanskl\u00e4tt ben","author":"\u00c5ke Hedman","date":"2014-08-22","format":false,"excerpt":"\"Minns du Jenny?\" Han drog med spretande \u00a0fingrar p\u00e5 den stora handen genom det tunna h\u00e5r som nu var gr\u00e5tt och livl\u00f6st - dolt under en rockhatt normalt - men som n\u00e4r han var ung var en tjock kalufs som alla flickor i Edsbyn velat dra sina fingrar eller placera\u2026","rel":"","context":"In &quot;Betraktelser &amp; Ber\u00e4ttelse&quot;","block_context":{"text":"Betraktelser &amp; Ber\u00e4ttelse","link":"https:\/\/www.akehedman.se\/wordpress\/?cat=24"},"img":{"alt_text":"tzp17itbmfdi-37534-view-m","src":"https:\/\/i0.wp.com\/www.akehedman.se\/wordpress\/wp-content\/uploads\/2014\/08\/tzp17itbmfdi-37534-view-m.jpg?resize=350%2C200","width":350,"height":200},"classes":[]},{"id":15003,"url":"https:\/\/www.akehedman.se\/wordpress\/?p=15003","url_meta":{"origin":9127,"position":2},"title":"Hundarna sk\u00e4ller f\u00f6r att mota en kall natt","author":"\u00c5ke Hedman","date":"2014-09-30","format":false,"excerpt":"Hundarna sjunger att det skall bli kallt d\u00e4r ute inatt. Jag \u00e5 min sida fryser redan som en hund h\u00e4r inne p\u00e5 kontoret fast \u00e4n det egentligen \u00e4r lika varmt som i helvetet h\u00e4r inne. Det \u00e4r n\u00e4stan l\u00f6jligt, men \u00e4r som det \u00e4r. Kroppen och knoppen har tydligen kopplat\u2026","rel":"","context":"In &quot;Betraktelser &amp; Ber\u00e4ttelse&quot;","block_context":{"text":"Betraktelser &amp; Ber\u00e4ttelse","link":"https:\/\/www.akehedman.se\/wordpress\/?cat=24"},"img":{"alt_text":"DSC00529","src":"https:\/\/i0.wp.com\/www.eurosource.se\/akhe\/wordpress\/wp-content\/uploads\/2014\/09\/DSC00529.jpg?resize=350%2C200","width":350,"height":200,"srcset":"https:\/\/i0.wp.com\/www.eurosource.se\/akhe\/wordpress\/wp-content\/uploads\/2014\/09\/DSC00529.jpg?resize=350%2C200 1x, https:\/\/i0.wp.com\/www.eurosource.se\/akhe\/wordpress\/wp-content\/uploads\/2014\/09\/DSC00529.jpg?resize=525%2C300 1.5x"},"classes":[]},{"id":12253,"url":"https:\/\/www.akehedman.se\/wordpress\/?p=12253","url_meta":{"origin":9127,"position":3},"title":"Ungdomsg\u00e5rden S\u00f6dran och korset jag har att b\u00e4ra.","author":"\u00c5ke Hedman","date":"2014-02-27","format":false,"excerpt":"Jag hade en lycklig barndom, tror jag. Jag minns inte s\u00e5 mycket fr\u00e5n den. Mina minnen klarnar faktiskt v\u00e4ldigt sent. L\u00f6jligt sent. Men lycklig var den nog \u00e4nd\u00e5 den d\u00e4r barndomen. Annars har jag nog kommit ih\u00e5g mer. F\u00f6r vad jag vet s\u00e5 finns det ingen traumatisk upplevelse d\u00e4r borta\u2026","rel":"","context":"In &quot;Betraktelser &amp; Ber\u00e4ttelse&quot;","block_context":{"text":"Betraktelser &amp; Ber\u00e4ttelse","link":"https:\/\/www.akehedman.se\/wordpress\/?cat=24"},"img":{"alt_text":"sodran","src":"https:\/\/i0.wp.com\/www.akehedman.se\/wordpress\/wp-content\/uploads\/2014\/02\/sodran.jpg?resize=350%2C200","width":350,"height":200},"classes":[]},{"id":17347,"url":"https:\/\/www.akehedman.se\/wordpress\/?p=17347","url_meta":{"origin":9127,"position":4},"title":"Pavarotti och The Killing","author":"\u00c5ke Hedman","date":"2015-04-04","format":false,"excerpt":"Jag fyller f\u00e5gelmat. Det \u00e4r horder av f\u00e5glar\u00a0 h\u00e4r nu. Koltrasten d\u00e4r med de andra. Men vad ger man Pavarotti? Champagne, t\u00e5rtor, bakelser, chips och allt annat gott man kan t\u00e4nka sig borde ju the prins of summer kanske ha? Men det f\u00e5r bli solrosfr\u00f6n d\u00e4r med. Str\u00f6r ut extra\u2026","rel":"","context":"In &quot;Betraktelser &amp; Ber\u00e4ttelse&quot;","block_context":{"text":"Betraktelser &amp; Ber\u00e4ttelse","link":"https:\/\/www.akehedman.se\/wordpress\/?cat=24"},"img":{"alt_text":"utfodring","src":"https:\/\/i0.wp.com\/www.eurosource.se\/akhe\/wordpress\/wp-content\/uploads\/2015\/04\/utfodring-764x1024.png?resize=350%2C200","width":350,"height":200,"srcset":"https:\/\/i0.wp.com\/www.eurosource.se\/akhe\/wordpress\/wp-content\/uploads\/2015\/04\/utfodring-764x1024.png?resize=350%2C200 1x, https:\/\/i0.wp.com\/www.eurosource.se\/akhe\/wordpress\/wp-content\/uploads\/2015\/04\/utfodring-764x1024.png?resize=525%2C300 1.5x"},"classes":[]},{"id":23331,"url":"https:\/\/www.akehedman.se\/wordpress\/?p=23331","url_meta":{"origin":9127,"position":5},"title":"Kojan","author":"\u00c5ke Hedman","date":"2017-02-13","format":false,"excerpt":"Ungarnas koja. Det \u00e4r n\u00e4stan tv\u00e5 decennier sedan nu de h\u00f6ll p\u00e5. \u00d6verblivet virke, ett f\u00f6nster fr\u00e5n \u00e5tervinningen, spik, hammare och s\u00e5g. Det blev tv\u00e5 v\u00e5ningar. Sen gav de upp. Den har h\u00e4ngt d\u00e4r i de tre bj\u00f6rkarna sedan dess. Har klarat en avverkning. Har klarat regn, sn\u00f6, stormar och\u2026","rel":"","context":"In &quot;Betraktelser &amp; Ber\u00e4ttelse&quot;","block_context":{"text":"Betraktelser &amp; Ber\u00e4ttelse","link":"https:\/\/www.akehedman.se\/wordpress\/?cat=24"},"img":{"alt_text":"","src":"https:\/\/i0.wp.com\/www.akehedman.se\/wordpress\/wp-content\/uploads\/2017\/02\/kojan-1024x961.png?resize=350%2C200","width":350,"height":200,"srcset":"https:\/\/i0.wp.com\/www.akehedman.se\/wordpress\/wp-content\/uploads\/2017\/02\/kojan-1024x961.png?resize=350%2C200 1x, https:\/\/i0.wp.com\/www.akehedman.se\/wordpress\/wp-content\/uploads\/2017\/02\/kojan-1024x961.png?resize=525%2C300 1.5x"},"classes":[]}],"jetpack_shortlink":"https:\/\/wp.me\/p68PL2-2nd","_links":{"self":[{"href":"https:\/\/www.akehedman.se\/wordpress\/index.php?rest_route=\/wp\/v2\/posts\/9127","targetHints":{"allow":["GET"]}}],"collection":[{"href":"https:\/\/www.akehedman.se\/wordpress\/index.php?rest_route=\/wp\/v2\/posts"}],"about":[{"href":"https:\/\/www.akehedman.se\/wordpress\/index.php?rest_route=\/wp\/v2\/types\/post"}],"author":[{"embeddable":true,"href":"https:\/\/www.akehedman.se\/wordpress\/index.php?rest_route=\/wp\/v2\/users\/24"}],"replies":[{"embeddable":true,"href":"https:\/\/www.akehedman.se\/wordpress\/index.php?rest_route=%2Fwp%2Fv2%2Fcomments&post=9127"}],"version-history":[{"count":1,"href":"https:\/\/www.akehedman.se\/wordpress\/index.php?rest_route=\/wp\/v2\/posts\/9127\/revisions"}],"predecessor-version":[{"id":9129,"href":"https:\/\/www.akehedman.se\/wordpress\/index.php?rest_route=\/wp\/v2\/posts\/9127\/revisions\/9129"}],"wp:attachment":[{"href":"https:\/\/www.akehedman.se\/wordpress\/index.php?rest_route=%2Fwp%2Fv2%2Fmedia&parent=9127"}],"wp:term":[{"taxonomy":"category","embeddable":true,"href":"https:\/\/www.akehedman.se\/wordpress\/index.php?rest_route=%2Fwp%2Fv2%2Fcategories&post=9127"},{"taxonomy":"post_tag","embeddable":true,"href":"https:\/\/www.akehedman.se\/wordpress\/index.php?rest_route=%2Fwp%2Fv2%2Ftags&post=9127"}],"curies":[{"name":"wp","href":"https:\/\/api.w.org\/{rel}","templated":true}]}}