{"id":8732,"date":"2013-08-20T14:50:38","date_gmt":"2013-08-20T13:50:38","guid":{"rendered":"http:\/\/www.eurosource.se\/akhe\/wordpress\/?p=8732"},"modified":"2013-08-20T14:50:38","modified_gmt":"2013-08-20T13:50:38","slug":"bloggtips","status":"publish","type":"post","link":"https:\/\/www.akehedman.se\/wordpress\/?p=8732","title":{"rendered":"Bloggtips"},"content":{"rendered":"<p>Fick tips om den h\u00e4r bloggen av Jan Persson idag. Han var sn\u00e4ll och \u00e5kte hela v\u00e4gen fr\u00e5n J\u00e4rvs\u00f6 f\u00f6r att informera mig om den. \ud83d\ude09  Det tackar vi f\u00f6r Jan.<\/p>\n<p><a href=\"http:\/\/blogg.op.se\/nolervik\/\">http:\/\/blogg.op.se\/nolervik\/<\/a><\/p>\n","protected":false},"excerpt":{"rendered":"<p>Fick tips om den h\u00e4r bloggen av Jan Persson idag. Han var sn\u00e4ll och \u00e5kte hela v\u00e4gen fr\u00e5n J\u00e4rvs\u00f6 f\u00f6r att informera mig om den. \ud83d\ude09 Det tackar vi f\u00f6r Jan. http:\/\/blogg.op.se\/nolervik\/<\/p>\n","protected":false},"author":24,"featured_media":0,"comment_status":"open","ping_status":"open","sticky":false,"template":"","format":"standard","meta":{"_crdt_document":"","jetpack_post_was_ever_published":false,"_jetpack_newsletter_access":"","_jetpack_dont_email_post_to_subs":false,"_jetpack_newsletter_tier_id":0,"_jetpack_memberships_contains_paywalled_content":false,"_jetpack_memberships_contains_paid_content":false,"footnotes":"","jetpack_publicize_message":"","jetpack_publicize_feature_enabled":true,"jetpack_social_post_already_shared":true,"jetpack_social_options":{"image_generator_settings":{"template":"highway","default_image_id":0,"font":"","enabled":false},"version":2}},"categories":[2],"tags":[],"class_list":["post-8732","post","type-post","status-publish","format-standard","hentry","category-swedish"],"jetpack_publicize_connections":[],"jetpack_featured_media_url":"","jetpack_sharing_enabled":true,"jetpack_likes_enabled":true,"jetpack-related-posts":[{"id":14878,"url":"https:\/\/www.akehedman.se\/wordpress\/?p=14878","url_meta":{"origin":8732,"position":0},"title":"Senast l\u00e4sta bok","author":"\u00c5ke Hedman","date":"2014-09-16","format":false,"excerpt":"Att inte vilja se av Jan Guillou\u00a0Finns ocks\u00e5\u00a0p\u00e5\u00a0Litteraturmagasinet Det \u00e4r s\u00e4llan vi k\u00f6per de dyra inbundna b\u00f6ckerna h\u00e4r i huset, vi v\u00e4ntar p\u00e5 pocketutg\u00e5vorna, men den h\u00e4r g\u00e5ngen ligger en f\u00f6rbest\u00e4llning en l\u00e5ng tid f\u00f6re sl\u00e4ppet. Jag gillar den h\u00e4r serien om\u00a0br\u00f6derna Lauritzen s\u00e5 f\u00f6rbaskat mycket helt enkelt. Ber\u00e4ttelsen i\u2026","rel":"","context":"In &quot;B\u00f6cker&quot;","block_context":{"text":"B\u00f6cker","link":"https:\/\/www.akehedman.se\/wordpress\/?cat=13"},"img":{"alt_text":"9164204391","src":"https:\/\/i0.wp.com\/www.eurosource.se\/akhe\/wordpress\/wp-content\/uploads\/2014\/09\/9164204391.jpg?resize=350%2C200","width":350,"height":200},"classes":[]},{"id":37341,"url":"https:\/\/www.akehedman.se\/wordpress\/?p=37341","url_meta":{"origin":8732,"position":1},"title":"Den gode mannen fr\u00e5n J\u00e4rvs\u00f6","author":"\u00c5ke Hedman","date":"2020-12-30","format":false,"excerpt":"https:\/\/open.spotify.com\/track\/6KkwXE48qFZV18jfo8H759?si=vwfhb-PrRYSPWsGnMeArUA Det k\u00e4nns sv\u00e5rt att t\u00e4nka sig att Backa-Jan, den gode mannen, inte st\u00e5r d\u00e4r i kulisserna och v\u00e4ntar, sj\u00e4lvklart sm\u00e5fnissande, p\u00e5 att f\u00e5 ringa p\u00e5 h\u00e4r p\u00e5 kontoret med handen om den vita t\u00e5rtl\u00e5da som inneh\u00e5ller de f\u00f6rsta semlorna f\u00f6r \u00e5ret. Tv\u00e5 var och en till K. Den till\u2026","rel":"","context":"In &quot;Betraktelser &amp; Ber\u00e4ttelse&quot;","block_context":{"text":"Betraktelser &amp; Ber\u00e4ttelse","link":"https:\/\/www.akehedman.se\/wordpress\/?cat=24"},"img":{"alt_text":"","src":"","width":0,"height":0},"classes":[]},{"id":34999,"url":"https:\/\/www.akehedman.se\/wordpress\/?p=34999","url_meta":{"origin":8732,"position":2},"title":"Senast l\u00e4sta bok","author":"\u00c5ke Hedman","date":"2020-04-26","format":false,"excerpt":"Den andra d\u00f6dssynden av Jan Guillou Oj vad jag har gillat den h\u00e4r serien. Den h\u00e4r boken \u00e4r inget undantag. Gillar. Gl\u00e4djer mig eftersom de tv\u00e5 senaste har varit lite tradiga med sin 68 retorik. Den som inte fungerar riktigt p\u00e5 mig, antagligen eftersom jag inte var med. Men h\u00e4r\u2026","rel":"","context":"In &quot;B\u00f6cker&quot;","block_context":{"text":"B\u00f6cker","link":"https:\/\/www.akehedman.se\/wordpress\/?cat=13"},"img":{"alt_text":"","src":"https:\/\/i0.wp.com\/www.akehedman.se\/wordpress\/wp-content\/uploads\/2020\/04\/9789164234186_200x_den-andra-dodssynden.jpeg?resize=350%2C200&ssl=1","width":350,"height":200},"classes":[]},{"id":9643,"url":"https:\/\/www.akehedman.se\/wordpress\/?p=9643","url_meta":{"origin":8732,"position":3},"title":"&#8220;Mellan r\u00f6tt och svart&#8221; av Jan Guillou","author":"\u00c5ke Hedman","date":"2013-09-11","format":false,"excerpt":"Jag har \"Mellan r\u00f6tt och svart\" av Jan Guillou liggande bredvid s\u00e4ngen d\u00e4r uppe. Den senaste i hans nittonhundratalsskildring\/sl\u00e4ktkr\u00f6nika eller vad man nu skall kalla den. Vi k\u00f6per s\u00e4llan b\u00f6cker inbundna utan v\u00e4ntar oftast tills de ges ut som pocket, men just den h\u00e4r serien gillar jag mycket och har\u2026","rel":"","context":"In &quot;B\u00f6cker&quot;","block_context":{"text":"B\u00f6cker","link":"https:\/\/www.akehedman.se\/wordpress\/?cat=13"},"img":{"alt_text":"12s11-jan-167__mngl_20110912sp5x011,spo_1.indd_3190","src":"https:\/\/i0.wp.com\/www.eurosource.se\/akhe\/wordpress\/wp-content\/uploads\/2013\/09\/12s11-jan-167__mngl_20110912sp5x011spo_1.indd_3190.jpg?resize=350%2C200","width":350,"height":200,"srcset":"https:\/\/i0.wp.com\/www.eurosource.se\/akhe\/wordpress\/wp-content\/uploads\/2013\/09\/12s11-jan-167__mngl_20110912sp5x011spo_1.indd_3190.jpg?resize=350%2C200 1x, https:\/\/i0.wp.com\/www.eurosource.se\/akhe\/wordpress\/wp-content\/uploads\/2013\/09\/12s11-jan-167__mngl_20110912sp5x011spo_1.indd_3190.jpg?resize=525%2C300 1.5x, https:\/\/i0.wp.com\/www.eurosource.se\/akhe\/wordpress\/wp-content\/uploads\/2013\/09\/12s11-jan-167__mngl_20110912sp5x011spo_1.indd_3190.jpg?resize=700%2C400 2x"},"classes":[]},{"id":25154,"url":"https:\/\/www.akehedman.se\/wordpress\/?p=25154","url_meta":{"origin":8732,"position":4},"title":"Senast l\u00e4sta bok","author":"\u00c5ke Hedman","date":"2017-08-28","format":false,"excerpt":"1968 av Jan Guillou (Adlibris h\u00e4r) Ni som f\u00f6ljer min blogg vet att jag har verkligen gillat den h\u00e4r serien av Jan Guillou. VERKLIGEN GILLAR! Jan har ett s\u00e4tt att v\u00e4nda p\u00e5 perspektiven som f\u00e5r ens tankar att \u00e5ka med i en hissnande berg och dalbana d\u00e4r man l\u00e4r sig\u2026","rel":"","context":"In &quot;B\u00f6cker&quot;","block_context":{"text":"B\u00f6cker","link":"https:\/\/www.akehedman.se\/wordpress\/?cat=13"},"img":{"alt_text":"","src":"https:\/\/i0.wp.com\/www.akehedman.se\/wordpress\/wp-content\/uploads\/2017\/08\/9789164205155_200x_1968.jpeg?resize=350%2C200","width":350,"height":200},"classes":[]},{"id":48113,"url":"https:\/\/www.akehedman.se\/wordpress\/?p=48113","url_meta":{"origin":8732,"position":5},"title":"Senast l\u00e4sta bok (eventuellt upps\u00e5t)","author":"\u00c5ke Hedman","date":"2024-07-21","format":false,"excerpt":"Eventuellt upps\u00e5t : att d\u00f6da ortens gangsters av Jan Guillou Jag brukar \u00e4lska Jan Guillou's b\u00f6cker. Men h\u00e4r blir det pratigt, snobbigt och i h\u00f6gsta grad en gammal mans lite bittra perspektiv p\u00e5 tillvaron. En man som beskriver sig som en gentleman men som i n\u00e4sta mening g\u00f6r och uttrycker\u2026","rel":"","context":"In &quot;B\u00f6cker&quot;","block_context":{"text":"B\u00f6cker","link":"https:\/\/www.akehedman.se\/wordpress\/?cat=13"},"img":{"alt_text":"","src":"https:\/\/i0.wp.com\/www.akehedman.se\/wordpress\/wp-content\/uploads\/2024\/07\/9789164208606_200px_eventuellt-uppsat-att-doda-ortens-gangsters.jpeg?resize=350%2C200&ssl=1","width":350,"height":200},"classes":[]}],"jetpack_shortlink":"https:\/\/wp.me\/p68PL2-2gQ","_links":{"self":[{"href":"https:\/\/www.akehedman.se\/wordpress\/index.php?rest_route=\/wp\/v2\/posts\/8732","targetHints":{"allow":["GET"]}}],"collection":[{"href":"https:\/\/www.akehedman.se\/wordpress\/index.php?rest_route=\/wp\/v2\/posts"}],"about":[{"href":"https:\/\/www.akehedman.se\/wordpress\/index.php?rest_route=\/wp\/v2\/types\/post"}],"author":[{"embeddable":true,"href":"https:\/\/www.akehedman.se\/wordpress\/index.php?rest_route=\/wp\/v2\/users\/24"}],"replies":[{"embeddable":true,"href":"https:\/\/www.akehedman.se\/wordpress\/index.php?rest_route=%2Fwp%2Fv2%2Fcomments&post=8732"}],"version-history":[{"count":1,"href":"https:\/\/www.akehedman.se\/wordpress\/index.php?rest_route=\/wp\/v2\/posts\/8732\/revisions"}],"predecessor-version":[{"id":8733,"href":"https:\/\/www.akehedman.se\/wordpress\/index.php?rest_route=\/wp\/v2\/posts\/8732\/revisions\/8733"}],"wp:attachment":[{"href":"https:\/\/www.akehedman.se\/wordpress\/index.php?rest_route=%2Fwp%2Fv2%2Fmedia&parent=8732"}],"wp:term":[{"taxonomy":"category","embeddable":true,"href":"https:\/\/www.akehedman.se\/wordpress\/index.php?rest_route=%2Fwp%2Fv2%2Fcategories&post=8732"},{"taxonomy":"post_tag","embeddable":true,"href":"https:\/\/www.akehedman.se\/wordpress\/index.php?rest_route=%2Fwp%2Fv2%2Ftags&post=8732"}],"curies":[{"name":"wp","href":"https:\/\/api.w.org\/{rel}","templated":true}]}}