{"id":8223,"date":"2013-08-06T13:43:43","date_gmt":"2013-08-06T12:43:43","guid":{"rendered":"http:\/\/www.eurosource.se\/akhe\/wordpress\/?p=8223"},"modified":"2013-08-06T13:43:43","modified_gmt":"2013-08-06T12:43:43","slug":"sommar-i-p1","status":"publish","type":"post","link":"https:\/\/www.akehedman.se\/wordpress\/?p=8223","title":{"rendered":"&#8220;Sommar i P1&#8221;"},"content":{"rendered":"<p><a href=\"https:\/\/i0.wp.com\/www.eurosource.se\/akhe\/wordpress\/wp-content\/uploads\/2013\/08\/2037813_935_132.jpg\"><img data-recalc-dims=\"1\" loading=\"lazy\" decoding=\"async\" src=\"https:\/\/i0.wp.com\/www.eurosource.se\/akhe\/wordpress\/wp-content\/uploads\/2013\/08\/2037813_935_132.jpg?resize=580%2C82\" alt=\"2037813_935_132\" width=\"580\" height=\"82\" class=\"alignnone size-full wp-image-8224\" srcset=\"https:\/\/i0.wp.com\/www.akehedman.se\/wordpress\/wp-content\/uploads\/2013\/08\/2037813_935_132.jpg?w=935&amp;ssl=1 935w, https:\/\/i0.wp.com\/www.akehedman.se\/wordpress\/wp-content\/uploads\/2013\/08\/2037813_935_132.jpg?resize=300%2C42&amp;ssl=1 300w, https:\/\/i0.wp.com\/www.akehedman.se\/wordpress\/wp-content\/uploads\/2013\/08\/2037813_935_132.jpg?resize=500%2C70&amp;ssl=1 500w\" sizes=\"auto, (max-width: 580px) 100vw, 580px\" \/><\/a><\/p>\n<p>St\u00e4nger av P1 f\u00f6r idag. &#8220;Sommar&#8221; \u00e4r slut. Cecilia Edefalks program \u00e4r \u00e4nnu ett av en hel serie program som har lyft, fyllt, irriterat och puttat en ner i iskallt vatten i \u00e5r. Precis som det skall vara. Det enda jag saknar \u00e4r kanske de vanliga m\u00e4nniskorna. Alla de d\u00e4r som \u00e4r som Du och jag. Som har levt ett ganska vanligt liv &#8211; om det nu finns n\u00e5gra s\u00e5dana &#8211;  och borde f\u00e5 ber\u00e4tta om dem. D\u00e5 menar jag inte de som s\u00e5llas fram i &#8220;Lyssnarnas sommar&#8221;. D\u00e4r \u00e4r det bara de som upplevt el\u00e4nde och sjukdom och som inte kan frig\u00f6ra sig fr\u00e5n det de upplevt som f\u00e5r en chansen. Nej det \u00e4r det vanliga m\u00e4nniskornas historia jag \u00e4r nyfiken p\u00e5. Historien om henne som tagit en kille och tv\u00e5 flickor genom barndom upp till pubertet och skickat dem ut i livet som fungerande m\u00e4nniskor och samtidigt tagit sig tid att smekande tr\u00f6sta en ledsen \u00e5ldringar p\u00e5 ett \u00e4ldreboende. Men ocks\u00e5 mattel\u00e4rarens ber\u00e4ttelse vill jag h\u00f6ra, han som med gl\u00f6d under fyrtio \u00e5r f\u00f6rklarat Pytagoras sats f\u00f6r unga som i den delen av livet inte vet att just Pytagoras tillh\u00f6r ett av de ljuvligaste mysterierna i livet. I v\u00e4ntan p\u00e5 de vanliga m\u00e4nniskorna s\u00e5 f\u00e5r man s\u00e5klart h\u00e5lla till godo med den b\u00e4sta \u00e5rg\u00e5ngen hittills av Sommar i p1. Inte illa det heller i och f\u00f6r sig.<\/p>\n","protected":false},"excerpt":{"rendered":"<p>St\u00e4nger av P1 f\u00f6r idag. &#8220;Sommar&#8221; \u00e4r slut. Cecilia Edefalks program \u00e4r \u00e4nnu ett av en hel serie program som har lyft, fyllt, irriterat och puttat en ner i iskallt vatten i \u00e5r. Precis som det skall vara. Det enda jag saknar \u00e4r kanske de vanliga m\u00e4nniskorna. Alla de d\u00e4r som \u00e4r som Du och [&hellip;]<\/p>\n","protected":false},"author":24,"featured_media":0,"comment_status":"open","ping_status":"open","sticky":false,"template":"","format":"standard","meta":{"_crdt_document":"","jetpack_post_was_ever_published":false,"_jetpack_newsletter_access":"","_jetpack_dont_email_post_to_subs":false,"_jetpack_newsletter_tier_id":0,"_jetpack_memberships_contains_paywalled_content":false,"_jetpack_memberships_contains_paid_content":false,"footnotes":"","jetpack_publicize_message":"","jetpack_publicize_feature_enabled":true,"jetpack_social_post_already_shared":true,"jetpack_social_options":{"image_generator_settings":{"template":"highway","default_image_id":0,"font":"","enabled":false},"version":2}},"categories":[24],"tags":[],"class_list":["post-8223","post","type-post","status-publish","format-standard","hentry","category-betraktelser"],"jetpack_publicize_connections":[],"jetpack_featured_media_url":"","jetpack_sharing_enabled":true,"jetpack_likes_enabled":true,"jetpack-related-posts":[{"id":20675,"url":"https:\/\/www.akehedman.se\/wordpress\/?p=20675","url_meta":{"origin":8223,"position":0},"title":"Sommarlov","author":"\u00c5ke Hedman","date":"2016-06-13","format":false,"excerpt":"Ingen riktig fart h\u00e4r. Soffan mest i helgen. Bok, jag, t\u00e4cke och K i den andra delen.\u00a0 Men f\u00f6ljt av ett f\u00f6rs\u00f6k till ett pass i en kall studio. Ett som ges upp. F\u00f6r kallt. Att sitta still i det kalla g\u00f6r att m\u00e4rgen fryser. Det \u00e4r sv\u00e5rt att tina\u2026","rel":"","context":"In &quot;Betraktelser &amp; Ber\u00e4ttelse&quot;","block_context":{"text":"Betraktelser &amp; Ber\u00e4ttelse","link":"https:\/\/www.akehedman.se\/wordpress\/?cat=24"},"img":{"alt_text":"mg_3605","src":"https:\/\/i0.wp.com\/www.akehedman.se\/wordpress\/wp-content\/uploads\/2016\/06\/mg_3605.jpg?resize=350%2C200","width":350,"height":200,"srcset":"https:\/\/i0.wp.com\/www.akehedman.se\/wordpress\/wp-content\/uploads\/2016\/06\/mg_3605.jpg?resize=350%2C200 1x, https:\/\/i0.wp.com\/www.akehedman.se\/wordpress\/wp-content\/uploads\/2016\/06\/mg_3605.jpg?resize=525%2C300 1.5x, https:\/\/i0.wp.com\/www.akehedman.se\/wordpress\/wp-content\/uploads\/2016\/06\/mg_3605.jpg?resize=700%2C400 2x"},"classes":[]},{"id":35302,"url":"https:\/\/www.akehedman.se\/wordpress\/?p=35302","url_meta":{"origin":8223,"position":1},"title":"Schema","author":"\u00c5ke Hedman","date":"2020-06-22","format":false,"excerpt":"M\u00e5ndag. Men dagars namn spelar ingen roll egentligen. Inte l\u00e4ngre. Fast l\u00f6rdag, s\u00f6ndag. Aff\u00e4rstider och arbetstider. Man kan inte komma undan riktigt. S\u00e5klart. Det l\u00f6pande bandet kr\u00e4ver h\u00e5lltider. Sj\u00e4lva r\u00f6relsen sker i tiden. \u00c4ven om man hoppar av \u00e5terst\u00e5r beroendet. V\u00e4ntar p\u00e5 Ulf Lundell. Sommar i P1. Har lyssnat p\u00e5\u2026","rel":"","context":"In &quot;Betraktelser &amp; Ber\u00e4ttelse&quot;","block_context":{"text":"Betraktelser &amp; Ber\u00e4ttelse","link":"https:\/\/www.akehedman.se\/wordpress\/?cat=24"},"img":{"alt_text":"","src":"https:\/\/i0.wp.com\/www.akehedman.se\/wordpress\/wp-content\/uploads\/2020\/06\/Screenshot-from-2020-06-17-14-38-49.png?resize=350%2C200&ssl=1","width":350,"height":200},"classes":[]},{"id":15335,"url":"https:\/\/www.akehedman.se\/wordpress\/?p=15335","url_meta":{"origin":8223,"position":2},"title":"Gud hj\u00e4lpe oss svaga f\u00f6r \u00e4nnu en vinter.","author":"\u00c5ke Hedman","date":"2014-11-16","format":false,"excerpt":"Att vila \u00e4r sk\u00f6nt. I alla fall om man har en god bok. Och det \u00e4r helt klart en s\u00e5dan jag har. Man vaknar, \u00e4ter frukost, dricker te, plockar fram boken, \u00e5ker ner i soffan, l\u00e4ser tills man slumrar in. Vaknar, s\u00e4tter p\u00e5 kaffe, sjunker ner i soffan, l\u00e4ser tills\u2026","rel":"","context":"In &quot;Betraktelser &amp; Ber\u00e4ttelse&quot;","block_context":{"text":"Betraktelser &amp; Ber\u00e4ttelse","link":"https:\/\/www.akehedman.se\/wordpress\/?cat=24"},"img":{"alt_text":"i18476","src":"https:\/\/i0.wp.com\/www.eurosource.se\/akhe\/wordpress\/wp-content\/uploads\/2014\/11\/i18476.jpg?resize=350%2C200","width":350,"height":200,"srcset":"https:\/\/i0.wp.com\/www.eurosource.se\/akhe\/wordpress\/wp-content\/uploads\/2014\/11\/i18476.jpg?resize=350%2C200 1x, https:\/\/i0.wp.com\/www.eurosource.se\/akhe\/wordpress\/wp-content\/uploads\/2014\/11\/i18476.jpg?resize=525%2C300 1.5x"},"classes":[]},{"id":6334,"url":"https:\/\/www.akehedman.se\/wordpress\/?p=6334","url_meta":{"origin":8223,"position":3},"title":"Citrontr\u00e4det","author":"\u00c5ke Hedman","date":"2013-04-01","format":false,"excerpt":"Citrontr\u00e4det blev den naturliga symbolen f\u00f6r \"handladagen\". On\u00f6digt, men varmt, levande och h\u00e4rligt. Det kommer att f\u00e5 en given plats i biblioteket under vintern och f\u00e5 st\u00e5 ute p\u00e5 ett varmt h\u00e4rligt soligt st\u00e4lle under sommaren. D\u00e4r p\u00e5 en plats d\u00e4r det kan st\u00e5 lite ensamt och njuta och se\u2026","rel":"","context":"In &quot;Betraktelser &amp; Ber\u00e4ttelse&quot;","block_context":{"text":"Betraktelser &amp; Ber\u00e4ttelse","link":"https:\/\/www.akehedman.se\/wordpress\/?cat=24"},"img":{"alt_text":"Citrontr\u00e4d 5823","src":"https:\/\/i0.wp.com\/www.eurosource.se\/akhe\/wordpress\/wp-content\/uploads\/2013\/04\/Citrontr%C3%A4d-5823-1024x749.jpg?resize=350%2C200","width":350,"height":200,"srcset":"https:\/\/i0.wp.com\/www.eurosource.se\/akhe\/wordpress\/wp-content\/uploads\/2013\/04\/Citrontr%C3%A4d-5823-1024x749.jpg?resize=350%2C200 1x, https:\/\/i0.wp.com\/www.eurosource.se\/akhe\/wordpress\/wp-content\/uploads\/2013\/04\/Citrontr%C3%A4d-5823-1024x749.jpg?resize=525%2C300 1.5x"},"classes":[]},{"id":29534,"url":"https:\/\/www.akehedman.se\/wordpress\/?p=29534","url_meta":{"origin":8223,"position":4},"title":"S\u00e5 s\u00e5 s\u00e5&#8230;","author":"\u00c5ke Hedman","date":"2018-08-12","format":false,"excerpt":"Jomenvisst. Anglosaxisk l\u00e5tsasarbetsvecka rullar. K's semester \u00e4r slut. Nytt f\u00f6rs\u00f6k n\u00e4sta \u00e5r. Min... ???\u00a0 Ja min forts\u00e4tter v\u00e4l, men jag tenderar att \u00e5tminstone \u00e4gna mig \u00e5t l\u00e5tsasarbete. B\u00e4ttre kan jag inte. Sorry till er alla som lider av det.\u00a0\u00a0 Det finns alltid n\u00e5gon som lider har jag l\u00e4rt mig. G\u00e4rna\u2026","rel":"","context":"In &quot;Betraktelser &amp; Ber\u00e4ttelse&quot;","block_context":{"text":"Betraktelser &amp; Ber\u00e4ttelse","link":"https:\/\/www.akehedman.se\/wordpress\/?cat=24"},"img":{"alt_text":"","src":"https:\/\/i0.wp.com\/www.akehedman.se\/wordpress\/wp-content\/uploads\/2018\/07\/ake_20180727.jpg?resize=350%2C200&ssl=1","width":350,"height":200,"srcset":"https:\/\/i0.wp.com\/www.akehedman.se\/wordpress\/wp-content\/uploads\/2018\/07\/ake_20180727.jpg?resize=350%2C200&ssl=1 1x, https:\/\/i0.wp.com\/www.akehedman.se\/wordpress\/wp-content\/uploads\/2018\/07\/ake_20180727.jpg?resize=525%2C300&ssl=1 1.5x"},"classes":[]},{"id":20815,"url":"https:\/\/www.akehedman.se\/wordpress\/?p=20815","url_meta":{"origin":8223,"position":5},"title":"Svischens tid","author":"\u00c5ke Hedman","date":"2016-06-27","format":false,"excerpt":"Midsommaren svischar f\u00f6rbi. Underbar. Som s\u00e5 m\u00e5nga \u00e5r. Sen vet man ju hur det blir efter det. Svisch igen och s\u00e5 \u00e4r det h\u00f6ststormar. Men jag t\u00e4nker inte oroa mig \u00f6ver dem \u00e4nnu. De kommer n\u00e4r de kommer, precis som m\u00f6rka kv\u00e4llar, och jag ser det d\u00e4r komma och det\u2026","rel":"","context":"In &quot;Betraktelser &amp; Ber\u00e4ttelse&quot;","block_context":{"text":"Betraktelser &amp; Ber\u00e4ttelse","link":"https:\/\/www.akehedman.se\/wordpress\/?cat=24"},"img":{"alt_text":"20160626_131441_resized","src":"https:\/\/i0.wp.com\/www.akehedman.se\/wordpress\/wp-content\/uploads\/2016\/06\/20160626_131441_resized-576x1024.jpg?resize=350%2C200","width":350,"height":200,"srcset":"https:\/\/i0.wp.com\/www.akehedman.se\/wordpress\/wp-content\/uploads\/2016\/06\/20160626_131441_resized-576x1024.jpg?resize=350%2C200 1x, https:\/\/i0.wp.com\/www.akehedman.se\/wordpress\/wp-content\/uploads\/2016\/06\/20160626_131441_resized-576x1024.jpg?resize=525%2C300 1.5x"},"classes":[]}],"jetpack_shortlink":"https:\/\/wp.me\/p68PL2-28D","_links":{"self":[{"href":"https:\/\/www.akehedman.se\/wordpress\/index.php?rest_route=\/wp\/v2\/posts\/8223","targetHints":{"allow":["GET"]}}],"collection":[{"href":"https:\/\/www.akehedman.se\/wordpress\/index.php?rest_route=\/wp\/v2\/posts"}],"about":[{"href":"https:\/\/www.akehedman.se\/wordpress\/index.php?rest_route=\/wp\/v2\/types\/post"}],"author":[{"embeddable":true,"href":"https:\/\/www.akehedman.se\/wordpress\/index.php?rest_route=\/wp\/v2\/users\/24"}],"replies":[{"embeddable":true,"href":"https:\/\/www.akehedman.se\/wordpress\/index.php?rest_route=%2Fwp%2Fv2%2Fcomments&post=8223"}],"version-history":[{"count":1,"href":"https:\/\/www.akehedman.se\/wordpress\/index.php?rest_route=\/wp\/v2\/posts\/8223\/revisions"}],"predecessor-version":[{"id":8225,"href":"https:\/\/www.akehedman.se\/wordpress\/index.php?rest_route=\/wp\/v2\/posts\/8223\/revisions\/8225"}],"wp:attachment":[{"href":"https:\/\/www.akehedman.se\/wordpress\/index.php?rest_route=%2Fwp%2Fv2%2Fmedia&parent=8223"}],"wp:term":[{"taxonomy":"category","embeddable":true,"href":"https:\/\/www.akehedman.se\/wordpress\/index.php?rest_route=%2Fwp%2Fv2%2Fcategories&post=8223"},{"taxonomy":"post_tag","embeddable":true,"href":"https:\/\/www.akehedman.se\/wordpress\/index.php?rest_route=%2Fwp%2Fv2%2Ftags&post=8223"}],"curies":[{"name":"wp","href":"https:\/\/api.w.org\/{rel}","templated":true}]}}