{"id":7951,"date":"2013-07-15T22:39:38","date_gmt":"2013-07-15T21:39:38","guid":{"rendered":"http:\/\/www.eurosource.se\/akhe\/wordpress\/?p=7951"},"modified":"2013-07-16T06:20:16","modified_gmt":"2013-07-16T05:20:16","slug":"du-kan-aldrig-fly","status":"publish","type":"post","link":"https:\/\/www.akehedman.se\/wordpress\/?p=7951","title":{"rendered":"Du kan aldrig fly"},"content":{"rendered":"<p>Flyg, flyg, lyft p\u00e5 svaga darrande vingar upp bland l\u00e4tta molnen.<br \/>\nS\u00f6k f\u00f6rsiktigt uppvindar som skall f\u00f6ra dig till skogen, bergen, sj\u00f6arna.<br \/>\nL\u00e5t dina sista sk\u00e4lvande vingslag f\u00f6ra dig upp\u00e5t, bort\u00e5t, men hem,<br \/>\nfast bort fr\u00e5n l\u00e4ngtans sug i kroppen. <\/p>\n<p>Den tro du l\u00e4rde hj\u00e4lper f\u00f6ga, att frihet ocks\u00e5 gl\u00f6mskans lindring ger,<br \/>\nf\u00f6r ont i sj\u00e4l och ont i hj\u00e4rta d\u00e4r livskraft inte l\u00e4ngre finns n\u00e5tt mer.<br \/>\nDin flykt \u00e4r flykt fr\u00e5n dig ej andra f\u00f6r ingen n\u00e5nsin flyr fr\u00e5n eget jag,<br \/>\ndin demon och dina monster, dom f\u00e5r du k\u00e4mpa mot vart \u00e4n du far.<\/p>\n","protected":false},"excerpt":{"rendered":"<p>Flyg, flyg, lyft p\u00e5 svaga darrande vingar upp bland l\u00e4tta molnen. S\u00f6k f\u00f6rsiktigt uppvindar som skall f\u00f6ra dig till skogen, bergen, sj\u00f6arna. L\u00e5t dina sista sk\u00e4lvande vingslag f\u00f6ra dig upp\u00e5t, bort\u00e5t, men hem, fast bort fr\u00e5n l\u00e4ngtans sug i kroppen. Den tro du l\u00e4rde hj\u00e4lper f\u00f6ga, att frihet ocks\u00e5 gl\u00f6mskans lindring ger, f\u00f6r ont i [&hellip;]<\/p>\n","protected":false},"author":24,"featured_media":0,"comment_status":"open","ping_status":"open","sticky":false,"template":"","format":"standard","meta":{"_crdt_document":"","jetpack_post_was_ever_published":false,"_jetpack_newsletter_access":"","_jetpack_dont_email_post_to_subs":false,"_jetpack_newsletter_tier_id":0,"_jetpack_memberships_contains_paywalled_content":false,"_jetpack_memberships_contains_paid_content":false,"footnotes":"","jetpack_publicize_message":"","jetpack_publicize_feature_enabled":true,"jetpack_social_post_already_shared":true,"jetpack_social_options":{"image_generator_settings":{"template":"highway","default_image_id":0,"font":"","enabled":false},"version":2}},"categories":[26],"tags":[],"class_list":["post-7951","post","type-post","status-publish","format-standard","hentry","category-poesi-dikter"],"jetpack_publicize_connections":[],"jetpack_featured_media_url":"","jetpack_sharing_enabled":true,"jetpack_likes_enabled":true,"jetpack-related-posts":[{"id":8688,"url":"https:\/\/www.akehedman.se\/wordpress\/?p=8688","url_meta":{"origin":7951,"position":0},"title":"Alldeles f\u00f6r l\u00e4nge","author":"\u00c5ke Hedman","date":"2013-08-19","format":false,"excerpt":"K\u00e4ra \u00e4lskade, redan n\u00e4r jag passerade Alings\u00e5s gjorde det s\u00e5 in i helvete ont i hj\u00e4rtat f\u00f6r att jag saknade dig s\u00e5 mycket. Jag \u00e5kte faktiskt av och t\u00e4nkte v\u00e4nda vid en mack bara f\u00f6r att f\u00e5 k\u00e4nna din kind mot min en sista g\u00e5ng igen innan... ja du vet.\u2026","rel":"","context":"In &quot;Betraktelser &amp; Ber\u00e4ttelse&quot;","block_context":{"text":"Betraktelser &amp; Ber\u00e4ttelse","link":"https:\/\/www.akehedman.se\/wordpress\/?cat=24"},"img":{"alt_text":"M4011M-1402","src":"https:\/\/i0.wp.com\/www.eurosource.se\/akhe\/wordpress\/wp-content\/uploads\/2013\/08\/heart_leaf_49221592.jpg?resize=350%2C200","width":350,"height":200},"classes":[]},{"id":1679,"url":"https:\/\/www.akehedman.se\/wordpress\/?p=1679","url_meta":{"origin":7951,"position":1},"title":"K\u00e4rlek","author":"\u00c5ke Hedman","date":"2012-09-28","format":false,"excerpt":"Du l\u00e5ter hennes namn sakta r\u00f6ra sig runt i huvudet som ett mantra. Smidigt r\u00f6r det sig runt d\u00e4r som kristallklar ljummen gyllengul olja. Om och om igen kommer namnet till dig. N\u00e5r in i varje skrymsle. Du smakar p\u00e5 det. Gillar hur det smakar. L\u00e5ter namnet fylla hela ditt\u2026","rel":"","context":"In &quot;Betraktelser &amp; Ber\u00e4ttelse&quot;","block_context":{"text":"Betraktelser &amp; Ber\u00e4ttelse","link":"https:\/\/www.akehedman.se\/wordpress\/?cat=24"},"img":{"alt_text":"","src":"","width":0,"height":0},"classes":[]},{"id":1911,"url":"https:\/\/www.akehedman.se\/wordpress\/?p=1911","url_meta":{"origin":7951,"position":2},"title":"Farsdag","author":"\u00c5ke Hedman","date":"2012-11-11","format":false,"excerpt":"En d\u00f6d farsa har kan v\u00e4l ocks\u00e5 f\u00f6rtj\u00e4na en tanke p\u00e5 farsdag. Han som fanns p\u00e5 morgonen men inte p\u00e5 eftermiddagen den d\u00e4r f\u00f6rsta fina v\u00e5rdagen 2003. Dagen jag gr\u00e4t och gr\u00e4t och gr\u00e4t tills det inte fanns mer t\u00e5rar att gr\u00e5ta. En farsa som kanske inte alltid var n\u00e4rvarande\u2026","rel":"","context":"In &quot;Betraktelser &amp; Ber\u00e4ttelse&quot;","block_context":{"text":"Betraktelser &amp; Ber\u00e4ttelse","link":"https:\/\/www.akehedman.se\/wordpress\/?cat=24"},"img":{"alt_text":"","src":"","width":0,"height":0},"classes":[]},{"id":6554,"url":"https:\/\/www.akehedman.se\/wordpress\/?p=6554","url_meta":{"origin":7951,"position":3},"title":"Det \u00e4r tr\u00f6sten.","author":"\u00c5ke Hedman","date":"2013-04-10","format":false,"excerpt":"Berget ligger s\u00e5 n\u00e4ra. Det \u00e4r det som \u00e4r det \u00e4r b\u00e4sta med att bo h\u00e4r mitt i H\u00e4lsingeskogen. Sj\u00f6ar och berg finns p\u00e5 promenadavst\u00e5nd. Finns det ingen som vill ge dig den d\u00e4r tr\u00f6stande, k\u00e4rleksfulla kramen den d\u00e4r dagen n\u00e4r du k\u00e4nner dig liten och ensam, s\u00e5 kan du\u2026","rel":"","context":"In &quot;Betraktelser &amp; Ber\u00e4ttelse&quot;","block_context":{"text":"Betraktelser &amp; Ber\u00e4ttelse","link":"https:\/\/www.akehedman.se\/wordpress\/?cat=24"},"img":{"alt_text":"4882_Kopia-978","src":"https:\/\/i0.wp.com\/www.eurosource.se\/akhe\/wordpress\/wp-content\/uploads\/2013\/04\/4882_Kopia-978.jpg?resize=350%2C200","width":350,"height":200},"classes":[]},{"id":7383,"url":"https:\/\/www.akehedman.se\/wordpress\/?p=7383","url_meta":{"origin":7951,"position":4},"title":"Johan Sta\u00ebl von Holstein","author":"\u00c5ke Hedman","date":"2013-05-23","format":false,"excerpt":"Herr Holstein g\u00e4star Ljusdal idag. K\u00e4nns som n\u00e5got man borde avlyssna \u00e4ven som l\u00e5tsasarbetande. \u00a0S\u00e5 s\u00e5 f\u00e5r det bli. Vi har \"pratat\" med varandra p\u00e5 n\u00e5got forum en g\u00e5ng i tiden och jag kan inte s\u00e4ga att han gav ett speciellt sympatiskt och intelligent intryck d\u00e5. Men vad vet man.\u2026","rel":"","context":"In &quot;Betraktelser &amp; Ber\u00e4ttelse&quot;","block_context":{"text":"Betraktelser &amp; Ber\u00e4ttelse","link":"https:\/\/www.akehedman.se\/wordpress\/?cat=24"},"img":{"alt_text":"johan.staelvonholstein","src":"https:\/\/i0.wp.com\/www.eurosource.se\/akhe\/wordpress\/wp-content\/uploads\/2013\/05\/johan.staelvonholstein.jpg?resize=350%2C200","width":350,"height":200},"classes":[]},{"id":32779,"url":"https:\/\/www.akehedman.se\/wordpress\/?p=32779","url_meta":{"origin":7951,"position":5},"title":"Fullm\u00e5ne","author":"\u00c5ke Hedman","date":"2019-08-15","format":false,"excerpt":"Den som k\u00e4nner att vargen d\u00e4r inne oroligt r\u00f6ra p\u00e5 sig f\u00e5r ge sig ut i natten och yla f\u00f6r full hals p\u00e5 det h\u00f6gsta berget. G\u00e4ller s\u00e5klart ocks\u00e5 alla ensamvargar. Ylar man p\u00e5 ett berg svarar vargar p\u00e5 ett annat. Fullm\u00e5nenattens lag. Helt s\u00e4ker kan man inte vara p\u00e5\u2026","rel":"","context":"In &quot;Betraktelser &amp; Ber\u00e4ttelse&quot;","block_context":{"text":"Betraktelser &amp; Ber\u00e4ttelse","link":"https:\/\/www.akehedman.se\/wordpress\/?cat=24"},"img":{"alt_text":"","src":"","width":0,"height":0},"classes":[]}],"jetpack_shortlink":"https:\/\/wp.me\/p68PL2-24f","_links":{"self":[{"href":"https:\/\/www.akehedman.se\/wordpress\/index.php?rest_route=\/wp\/v2\/posts\/7951","targetHints":{"allow":["GET"]}}],"collection":[{"href":"https:\/\/www.akehedman.se\/wordpress\/index.php?rest_route=\/wp\/v2\/posts"}],"about":[{"href":"https:\/\/www.akehedman.se\/wordpress\/index.php?rest_route=\/wp\/v2\/types\/post"}],"author":[{"embeddable":true,"href":"https:\/\/www.akehedman.se\/wordpress\/index.php?rest_route=\/wp\/v2\/users\/24"}],"replies":[{"embeddable":true,"href":"https:\/\/www.akehedman.se\/wordpress\/index.php?rest_route=%2Fwp%2Fv2%2Fcomments&post=7951"}],"version-history":[{"count":3,"href":"https:\/\/www.akehedman.se\/wordpress\/index.php?rest_route=\/wp\/v2\/posts\/7951\/revisions"}],"predecessor-version":[{"id":7956,"href":"https:\/\/www.akehedman.se\/wordpress\/index.php?rest_route=\/wp\/v2\/posts\/7951\/revisions\/7956"}],"wp:attachment":[{"href":"https:\/\/www.akehedman.se\/wordpress\/index.php?rest_route=%2Fwp%2Fv2%2Fmedia&parent=7951"}],"wp:term":[{"taxonomy":"category","embeddable":true,"href":"https:\/\/www.akehedman.se\/wordpress\/index.php?rest_route=%2Fwp%2Fv2%2Fcategories&post=7951"},{"taxonomy":"post_tag","embeddable":true,"href":"https:\/\/www.akehedman.se\/wordpress\/index.php?rest_route=%2Fwp%2Fv2%2Ftags&post=7951"}],"curies":[{"name":"wp","href":"https:\/\/api.w.org\/{rel}","templated":true}]}}