{"id":6060,"date":"2013-03-21T08:55:27","date_gmt":"2013-03-21T07:55:27","guid":{"rendered":"http:\/\/www.eurosource.se\/akhe\/wordpress\/?p=6060"},"modified":"2013-03-21T08:55:27","modified_gmt":"2013-03-21T07:55:27","slug":"plucky-swede-glides-spaceplane-to-earth-from-edge-of-stratosphere-%e2%80%a2-the-register","status":"publish","type":"post","link":"https:\/\/www.akehedman.se\/wordpress\/?p=6060","title":{"rendered":"Plucky Swede glides spaceplane to Earth from edge of stratosphere \u2022 The Register"},"content":{"rendered":"<p style=\"text-align: center;\"><a href=\"http:\/\/www.theregister.co.uk\/2013\/03\/14\/swedish_glider\/\"><img data-recalc-dims=\"1\" src=\"https:\/\/i0.wp.com\/www.eurosource.se\/akhe\/wordpress\/wp-content\/uploads\/2013\/03\/space_glider.png?w=580\" alt='' \/><\/a><\/p>\n<p><a href='http:\/\/www.theregister.co.uk\/2013\/03\/14\/swedish_glider\/'>Plucky Swede glides spaceplane to Earth from edge of stratosphere \u2022 The Register<\/a>.<\/p>\n","protected":false},"excerpt":{"rendered":"<p>Plucky Swede glides spaceplane to Earth from edge of stratosphere \u2022 The Register.<\/p>\n","protected":false},"author":24,"featured_media":0,"comment_status":"open","ping_status":"open","sticky":false,"template":"","format":"standard","meta":{"_crdt_document":"","jetpack_post_was_ever_published":false,"_jetpack_newsletter_access":"","_jetpack_dont_email_post_to_subs":false,"_jetpack_newsletter_tier_id":0,"_jetpack_memberships_contains_paywalled_content":false,"_jetpack_memberships_contains_paid_content":false,"footnotes":"","jetpack_publicize_message":"","jetpack_publicize_feature_enabled":true,"jetpack_social_post_already_shared":true,"jetpack_social_options":{"image_generator_settings":{"template":"highway","default_image_id":0,"font":"","enabled":false},"version":2}},"categories":[2],"tags":[],"class_list":["post-6060","post","type-post","status-publish","format-standard","hentry","category-swedish"],"jetpack_publicize_connections":[],"jetpack_featured_media_url":"","jetpack_sharing_enabled":true,"jetpack_likes_enabled":true,"jetpack-related-posts":[{"id":44092,"url":"https:\/\/www.akehedman.se\/wordpress\/?p=44092","url_meta":{"origin":6060,"position":0},"title":"A strong Stratospheric Warming event is about to start, impacting the Polar Vortex as we head into the final month of the Winter Season \u00bb Severe Weather Europe","author":"\u00c5ke Hedman","date":"2023-01-23","format":false,"excerpt":"Winter Weather in the United States and Canada will be influenced by a strong Stratospheric warming event, impacting the Polar Vortex Source: A strong Stratospheric Warming event is about to start, impacting the Polar Vortex as we head into the final month of the Winter Season \u00bb Severe Weather Europe","rel":"","context":"In &quot;Swedish&quot;","block_context":{"text":"Swedish","link":"https:\/\/www.akehedman.se\/wordpress\/?cat=2"},"img":{"alt_text":"","src":"","width":0,"height":0},"classes":[]},{"id":40029,"url":"https:\/\/www.akehedman.se\/wordpress\/?p=40029","url_meta":{"origin":6060,"position":1},"title":"Unusually early Stratospheric Warming event is starting, with more to follow, having a yet unknown effect on the Polar Vortex this upcoming cold season \u00bb Severe Weather Europe","author":"\u00c5ke Hedman","date":"2021-10-11","format":false,"excerpt":"A stratospheric warming event is developing over the North Pole, affecting the polar vortex and the weather in United States and Europe Source: Unusually early Stratospheric Warming event is starting, with more to follow, having a yet unknown effect on the Polar Vortex this upcoming cold season \u00bb Severe Weather\u2026","rel":"","context":"In &quot;Meterologi&quot;","block_context":{"text":"Meterologi","link":"https:\/\/www.akehedman.se\/wordpress\/?cat=60"},"img":{"alt_text":"","src":"","width":0,"height":0},"classes":[]},{"id":29033,"url":"https:\/\/www.akehedman.se\/wordpress\/?p=29033","url_meta":{"origin":6060,"position":2},"title":"Guide: Midsummer Celebrations across the U.S. &#8211; Swedes in the States","author":"\u00c5ke Hedman","date":"2018-06-21","format":false,"excerpt":"Source: Guide: Midsummer Celebrations across the U.S. - Swedes in the States","rel":"","context":"In &quot;Swedish&quot;","block_context":{"text":"Swedish","link":"https:\/\/www.akehedman.se\/wordpress\/?cat=2"},"img":{"alt_text":"","src":"","width":0,"height":0},"classes":[]},{"id":8585,"url":"https:\/\/www.akehedman.se\/wordpress\/?p=8585","url_meta":{"origin":6060,"position":3},"title":"V\u00e4lkommen till Swede Hollow: en svensk slum &#8211; DN.SE","author":"\u00c5ke Hedman","date":"2013-08-15","format":false,"excerpt":"V\u00e4lkommen till Swede Hollow: en svensk slum - DN.SE.","rel":"","context":"In &quot;Swedish&quot;","block_context":{"text":"Swedish","link":"https:\/\/www.akehedman.se\/wordpress\/?cat=2"},"img":{"alt_text":"","src":"https:\/\/i0.wp.com\/www.akehedman.se\/wordpress\/wp-content\/uploads\/2013\/08\/Screenshot-from-2020-01-27-14-38-44.png?resize=350%2C200&ssl=1","width":350,"height":200,"srcset":"https:\/\/i0.wp.com\/www.akehedman.se\/wordpress\/wp-content\/uploads\/2013\/08\/Screenshot-from-2020-01-27-14-38-44.png?resize=350%2C200&ssl=1 1x, https:\/\/i0.wp.com\/www.akehedman.se\/wordpress\/wp-content\/uploads\/2013\/08\/Screenshot-from-2020-01-27-14-38-44.png?resize=525%2C300&ssl=1 1.5x, https:\/\/i0.wp.com\/www.akehedman.se\/wordpress\/wp-content\/uploads\/2013\/08\/Screenshot-from-2020-01-27-14-38-44.png?resize=700%2C400&ssl=1 2x"},"classes":[]},{"id":11927,"url":"https:\/\/www.akehedman.se\/wordpress\/?p=11927","url_meta":{"origin":6060,"position":4},"title":"Sochi Winter Olympics: Swedes sing Russian anthem in support of gay rights &#8211; video | Sport | theguardian.com","author":"\u00c5ke Hedman","date":"2014-02-04","format":false,"excerpt":"Sochi Winter Olympics: Swedes sing Russian anthem in support of gay rights - video | Sport | theguardian.com.","rel":"","context":"In &quot;Swedish&quot;","block_context":{"text":"Swedish","link":"https:\/\/www.akehedman.se\/wordpress\/?cat=2"},"img":{"alt_text":"","src":"","width":0,"height":0},"classes":[]},{"id":34233,"url":"https:\/\/www.akehedman.se\/wordpress\/?p=34233","url_meta":{"origin":6060,"position":5},"title":"(188) February 2020 Stratospheric warming event forecast &#8211; Severe Weather Europe &#8211; YouTube","author":"\u00c5ke Hedman","date":"2020-01-23","format":false,"excerpt":"","rel":"","context":"In &quot;Swedish&quot;","block_context":{"text":"Swedish","link":"https:\/\/www.akehedman.se\/wordpress\/?cat=2"},"img":{"alt_text":"","src":"","width":0,"height":0},"classes":[]}],"jetpack_shortlink":"https:\/\/wp.me\/p68PL2-1zK","_links":{"self":[{"href":"https:\/\/www.akehedman.se\/wordpress\/index.php?rest_route=\/wp\/v2\/posts\/6060","targetHints":{"allow":["GET"]}}],"collection":[{"href":"https:\/\/www.akehedman.se\/wordpress\/index.php?rest_route=\/wp\/v2\/posts"}],"about":[{"href":"https:\/\/www.akehedman.se\/wordpress\/index.php?rest_route=\/wp\/v2\/types\/post"}],"author":[{"embeddable":true,"href":"https:\/\/www.akehedman.se\/wordpress\/index.php?rest_route=\/wp\/v2\/users\/24"}],"replies":[{"embeddable":true,"href":"https:\/\/www.akehedman.se\/wordpress\/index.php?rest_route=%2Fwp%2Fv2%2Fcomments&post=6060"}],"version-history":[{"count":0,"href":"https:\/\/www.akehedman.se\/wordpress\/index.php?rest_route=\/wp\/v2\/posts\/6060\/revisions"}],"wp:attachment":[{"href":"https:\/\/www.akehedman.se\/wordpress\/index.php?rest_route=%2Fwp%2Fv2%2Fmedia&parent=6060"}],"wp:term":[{"taxonomy":"category","embeddable":true,"href":"https:\/\/www.akehedman.se\/wordpress\/index.php?rest_route=%2Fwp%2Fv2%2Fcategories&post=6060"},{"taxonomy":"post_tag","embeddable":true,"href":"https:\/\/www.akehedman.se\/wordpress\/index.php?rest_route=%2Fwp%2Fv2%2Ftags&post=6060"}],"curies":[{"name":"wp","href":"https:\/\/api.w.org\/{rel}","templated":true}]}}