{"id":50957,"date":"2026-01-14T22:43:10","date_gmt":"2026-01-14T21:43:10","guid":{"rendered":"https:\/\/www.akehedman.se\/wordpress\/?p=50957"},"modified":"2026-01-14T22:43:10","modified_gmt":"2026-01-14T21:43:10","slug":"klockan-ar-slagen-2","status":"publish","type":"post","link":"https:\/\/www.akehedman.se\/wordpress\/?p=50957","title":{"rendered":"Klockan \u00e4r slagen"},"content":{"rendered":"\n<figure class=\"wp-block-image size-full\"><img data-recalc-dims=\"1\" loading=\"lazy\" decoding=\"async\" width=\"580\" height=\"387\" src=\"https:\/\/i0.wp.com\/www.akehedman.se\/wordpress\/wp-content\/uploads\/2026\/01\/pexels-photo-1537268.jpeg?resize=580%2C387&#038;ssl=1\" alt=\"pexels-photo-1537268.jpeg\" class=\"wp-image-50958\" srcset=\"https:\/\/i0.wp.com\/www.akehedman.se\/wordpress\/wp-content\/uploads\/2026\/01\/pexels-photo-1537268.jpeg?w=1880&amp;ssl=1 1880w, https:\/\/i0.wp.com\/www.akehedman.se\/wordpress\/wp-content\/uploads\/2026\/01\/pexels-photo-1537268.jpeg?resize=300%2C200&amp;ssl=1 300w, https:\/\/i0.wp.com\/www.akehedman.se\/wordpress\/wp-content\/uploads\/2026\/01\/pexels-photo-1537268.jpeg?resize=1024%2C682&amp;ssl=1 1024w, https:\/\/i0.wp.com\/www.akehedman.se\/wordpress\/wp-content\/uploads\/2026\/01\/pexels-photo-1537268.jpeg?resize=768%2C512&amp;ssl=1 768w, https:\/\/i0.wp.com\/www.akehedman.se\/wordpress\/wp-content\/uploads\/2026\/01\/pexels-photo-1537268.jpeg?resize=1536%2C1024&amp;ssl=1 1536w, https:\/\/i0.wp.com\/www.akehedman.se\/wordpress\/wp-content\/uploads\/2026\/01\/pexels-photo-1537268.jpeg?resize=1200%2C800&amp;ssl=1 1200w, https:\/\/i0.wp.com\/www.akehedman.se\/wordpress\/wp-content\/uploads\/2026\/01\/pexels-photo-1537268.jpeg?w=1740&amp;ssl=1 1740w\" sizes=\"auto, (max-width: 580px) 100vw, 580px\" \/><figcaption class=\"wp-element-caption\">Photo by Stas Knop on <a href=\"https:\/\/www.pexels.com\/photo\/white-clock-reading-at-2-12-1537268\/\" rel=\"nofollow\">Pexels.com<\/a><\/figcaption><\/figure>\n\n\n\n<p class=\"wp-block-paragraph\">Fast egentligen inte. Kvart i elva \u00e4r ingen tid f\u00f6r en h\u00e4st. Men kanske f\u00f6r en gamling som jag (vill skiva mig (men f\u00e5r inte)). Men tror jag skall g\u00e5 upp och greppa min bok. \u00c5ka iv\u00e4g till 1700-tal, England, feodalsamh\u00e4lle. Vad skulle man g\u00f6ra utan det d\u00e4r iv\u00e4gfarandet i fantasin. Ja sova.<\/p>\n\n\n\n<p class=\"wp-block-paragraph\">Godnatt!<\/p>\n\n\n\n<p class=\"wp-block-paragraph\"> <\/p>\n","protected":false},"excerpt":{"rendered":"<p>Fast egentligen inte. Kvart i elva \u00e4r ingen tid f\u00f6r en h\u00e4st. Men kanske f\u00f6r en gamling som jag (vill skiva mig (men f\u00e5r inte)). Men tror jag skall g\u00e5 upp och greppa min bok. \u00c5ka iv\u00e4g till 1700-tal, England, feodalsamh\u00e4lle. Vad skulle man g\u00f6ra utan det d\u00e4r iv\u00e4gfarandet i fantasin. Ja sova. Godnatt!<\/p>\n","protected":false},"author":24,"featured_media":0,"comment_status":"open","ping_status":"open","sticky":false,"template":"","format":"standard","meta":{"_crdt_document":"","jetpack_post_was_ever_published":false,"_jetpack_newsletter_access":"","_jetpack_dont_email_post_to_subs":false,"_jetpack_newsletter_tier_id":0,"_jetpack_memberships_contains_paywalled_content":false,"_jetpack_memberships_contains_paid_content":false,"footnotes":"","jetpack_publicize_message":"","jetpack_publicize_feature_enabled":true,"jetpack_social_post_already_shared":true,"jetpack_social_options":{"image_generator_settings":{"template":"highway","default_image_id":0,"font":"","enabled":false},"version":2}},"categories":[24],"tags":[],"class_list":["post-50957","post","type-post","status-publish","format-standard","hentry","category-betraktelser"],"jetpack_publicize_connections":[],"jetpack_featured_media_url":"","jetpack_sharing_enabled":true,"jetpack_likes_enabled":true,"jetpack-related-posts":[{"id":18378,"url":"https:\/\/www.akehedman.se\/wordpress\/?p=18378","url_meta":{"origin":50957,"position":0},"title":"Fladder igen","author":"\u00c5ke Hedman","date":"2015-08-07","format":false,"excerpt":"Ny dag Fredag. Jag vaknar. Lillkatten far runt. En insekt i taket t\u00e4nker man. Som vanligt. Men n\u00e4r jag tittar efter \u00e4r det en fladdermus. En stor en. Vi har tv\u00e5 kolonier h\u00e4r i huset. En vid varje skorsten. Gillar det. Delar g\u00e4rna huset med dem. Men helst skall de\u2026","rel":"","context":"In &quot;Betraktelser &amp; Ber\u00e4ttelse&quot;","block_context":{"text":"Betraktelser &amp; Ber\u00e4ttelse","link":"https:\/\/www.akehedman.se\/wordpress\/?cat=24"},"img":{"alt_text":"IMG_1148","src":"https:\/\/i0.wp.com\/www.akehedman.se\/wordpress\/wp-content\/uploads\/2015\/08\/IMG_1148-1024x768.jpg?resize=350%2C200","width":350,"height":200,"srcset":"https:\/\/i0.wp.com\/www.akehedman.se\/wordpress\/wp-content\/uploads\/2015\/08\/IMG_1148-1024x768.jpg?resize=350%2C200 1x, https:\/\/i0.wp.com\/www.akehedman.se\/wordpress\/wp-content\/uploads\/2015\/08\/IMG_1148-1024x768.jpg?resize=525%2C300 1.5x"},"classes":[]},{"id":18195,"url":"https:\/\/www.akehedman.se\/wordpress\/?p=18195","url_meta":{"origin":50957,"position":1},"title":"&#8220;Brandmannen&#8221; i Bolln\u00e4s och jag h\u00e4lsar i samf\u00f6rst\u00e5nd.","author":"\u00c5ke Hedman","date":"2015-06-29","format":false,"excerpt":"Guld faller fr\u00e5n himlen ner p\u00e5 mina axlar. Det hj\u00e4lper inte. Gr\u00e4smattan utanf\u00f6r f\u00f6nstret \u00e4r fylld med vita blomblad fr\u00e5n \u00e4ppeltr\u00e4d och k\u00f6rsb\u00e4rstr\u00e4d. Det hj\u00e4lper inte heller. Sommaren \u00e4r \u00e4ntligen h\u00e4r p\u00e5 riktigt. Inte ens det hj\u00e4lper. Det bl\u00e5 har f\u00e5ngat mig, jag vill h\u00f6ra musik i moll, sura lite\u2026","rel":"","context":"In &quot;Betraktelser &amp; Ber\u00e4ttelse&quot;","block_context":{"text":"Betraktelser &amp; Ber\u00e4ttelse","link":"https:\/\/www.akehedman.se\/wordpress\/?cat=24"},"img":{"alt_text":"katt_under_trad","src":"https:\/\/i0.wp.com\/www.akehedman.se\/wordpress\/wp-content\/uploads\/2014\/07\/katt_under_trad-490x1024.jpg?resize=350%2C200","width":350,"height":200},"classes":[]},{"id":40221,"url":"https:\/\/www.akehedman.se\/wordpress\/?p=40221","url_meta":{"origin":50957,"position":2},"title":"Helg som g\u00e5r","author":"\u00c5ke Hedman","date":"2021-11-07","format":false,"excerpt":"Photo by Andre Moura on Pexels.com Vi t\u00e4nder ett ljus p\u00e5 spiselkransen i \u00e5r. \u00c5ker inte iv\u00e4g till en kyrkog\u00e5rd och st\u00e5r d\u00e4r en stund och fryser tillsammans med de d\u00f6da. Stannar hemma och m\u00e5r skit. F\u00e5ngad i en soffa som en r\u00e5tta i en r\u00e5ttf\u00e4lla. Men visst r\u00e4cker v\u00e4l\u2026","rel":"","context":"In &quot;Betraktelser &amp; Ber\u00e4ttelse&quot;","block_context":{"text":"Betraktelser &amp; Ber\u00e4ttelse","link":"https:\/\/www.akehedman.se\/wordpress\/?cat=24"},"img":{"alt_text":"two lit candles","src":"https:\/\/i0.wp.com\/www.akehedman.se\/wordpress\/wp-content\/uploads\/2021\/11\/pexels-photo-2563040.jpeg?resize=350%2C200&ssl=1","width":350,"height":200,"srcset":"https:\/\/i0.wp.com\/www.akehedman.se\/wordpress\/wp-content\/uploads\/2021\/11\/pexels-photo-2563040.jpeg?resize=350%2C200&ssl=1 1x, https:\/\/i0.wp.com\/www.akehedman.se\/wordpress\/wp-content\/uploads\/2021\/11\/pexels-photo-2563040.jpeg?resize=525%2C300&ssl=1 1.5x, https:\/\/i0.wp.com\/www.akehedman.se\/wordpress\/wp-content\/uploads\/2021\/11\/pexels-photo-2563040.jpeg?resize=700%2C400&ssl=1 2x, https:\/\/i0.wp.com\/www.akehedman.se\/wordpress\/wp-content\/uploads\/2021\/11\/pexels-photo-2563040.jpeg?resize=1050%2C600&ssl=1 3x, https:\/\/i0.wp.com\/www.akehedman.se\/wordpress\/wp-content\/uploads\/2021\/11\/pexels-photo-2563040.jpeg?resize=1400%2C800&ssl=1 4x"},"classes":[]},{"id":17216,"url":"https:\/\/www.akehedman.se\/wordpress\/?p=17216","url_meta":{"origin":50957,"position":3},"title":"Tur som en tok","author":"\u00c5ke Hedman","date":"2015-03-26","format":false,"excerpt":"Vinden g\u00e5r rakt igenom mig n\u00e4r jag kommer ut d\u00e4r utanf\u00f6r d\u00f6rren. Som ett \u00f6verljudsplan som inte ens m\u00e4rker att jag st\u00e5r d\u00e4r forsar den igenom mig.\u00a0 Jag b\u00f6rjar omedelbart hacka t\u00e4nder. Ja jag \u00e4r redan nedfrusen. F\u00f6nstret jag sitter vid p\u00e5 kontoret \u00e4r inte det t\u00e4taste i v\u00e4rlden. Sjuttiotals,\u2026","rel":"","context":"In &quot;Betraktelser &amp; Ber\u00e4ttelse&quot;","block_context":{"text":"Betraktelser &amp; Ber\u00e4ttelse","link":"https:\/\/www.akehedman.se\/wordpress\/?cat=24"},"img":{"alt_text":"400b_210h_\u00e4lg","src":"https:\/\/i0.wp.com\/www.eurosource.se\/akhe\/wordpress\/wp-content\/uploads\/2014\/05\/400b_210h_%C3%A4lg.jpg?resize=350%2C200","width":350,"height":200},"classes":[]},{"id":14413,"url":"https:\/\/www.akehedman.se\/wordpress\/?p=14413","url_meta":{"origin":50957,"position":4},"title":"Visa att man \u00e4r en riktig man.","author":"\u00c5ke Hedman","date":"2014-08-17","format":false,"excerpt":"Riktigt vill det s\u00e4g nu inte ikv\u00e4ll d\u00e4r i studion. Elaka tungor m\u00e5 s\u00e4ga att det alltid \u00e4r s\u00e5 men vad bryr jag mig om s\u00e5dana. Jag \u00e4r van b\u00e5de tungotalande f\u00e5n \"de d\u00e4r\" - \u00a0jag inte Edsbybo - och att det inte vill sig. Det \u00e4r bara s\u00e5 det\u2026","rel":"","context":"In &quot;Betraktelser &amp; Ber\u00e4ttelse&quot;","block_context":{"text":"Betraktelser &amp; Ber\u00e4ttelse","link":"https:\/\/www.akehedman.se\/wordpress\/?cat=24"},"img":{"alt_text":"muskulos2","src":"https:\/\/i0.wp.com\/www.eurosource.se\/akhe\/wordpress\/wp-content\/uploads\/2014\/08\/muskulos2.jpg?resize=350%2C200","width":350,"height":200},"classes":[]},{"id":20957,"url":"https:\/\/www.akehedman.se\/wordpress\/?p=20957","url_meta":{"origin":50957,"position":5},"title":"Projiceringarna","author":"\u00c5ke Hedman","date":"2016-07-07","format":false,"excerpt":"Jag bokf\u00f6r, den d\u00e4r sista bokf\u00f6ringen innan semester, ja fast det \u00e4r tv\u00e5 veckor till den, men \u00e4nd\u00e5. Det g\u00e5r s\u00e5d\u00e4r. Bokf\u00f6ringen. Jag vaknade vid fyra i morse och kunde inte somna om. Visserligen en f\u00f6rb\u00e4ttring j\u00e4mf\u00f6rt med ig\u00e5r d\u00e5 jag vaknade vid tre och inte heller \u00a0kunde somna om.\u2026","rel":"","context":"In &quot;Betraktelser &amp; Ber\u00e4ttelse&quot;","block_context":{"text":"Betraktelser &amp; Ber\u00e4ttelse","link":"https:\/\/www.akehedman.se\/wordpress\/?cat=24"},"img":{"alt_text":"Gavel","src":"https:\/\/i0.wp.com\/www.akehedman.se\/wordpress\/wp-content\/uploads\/2016\/02\/2603098-1024x682.jpg?resize=350%2C200","width":350,"height":200,"srcset":"https:\/\/i0.wp.com\/www.akehedman.se\/wordpress\/wp-content\/uploads\/2016\/02\/2603098-1024x682.jpg?resize=350%2C200 1x, https:\/\/i0.wp.com\/www.akehedman.se\/wordpress\/wp-content\/uploads\/2016\/02\/2603098-1024x682.jpg?resize=525%2C300 1.5x"},"classes":[]}],"jetpack_shortlink":"https:\/\/wp.me\/p68PL2-dfT","_links":{"self":[{"href":"https:\/\/www.akehedman.se\/wordpress\/index.php?rest_route=\/wp\/v2\/posts\/50957","targetHints":{"allow":["GET"]}}],"collection":[{"href":"https:\/\/www.akehedman.se\/wordpress\/index.php?rest_route=\/wp\/v2\/posts"}],"about":[{"href":"https:\/\/www.akehedman.se\/wordpress\/index.php?rest_route=\/wp\/v2\/types\/post"}],"author":[{"embeddable":true,"href":"https:\/\/www.akehedman.se\/wordpress\/index.php?rest_route=\/wp\/v2\/users\/24"}],"replies":[{"embeddable":true,"href":"https:\/\/www.akehedman.se\/wordpress\/index.php?rest_route=%2Fwp%2Fv2%2Fcomments&post=50957"}],"version-history":[{"count":1,"href":"https:\/\/www.akehedman.se\/wordpress\/index.php?rest_route=\/wp\/v2\/posts\/50957\/revisions"}],"predecessor-version":[{"id":50959,"href":"https:\/\/www.akehedman.se\/wordpress\/index.php?rest_route=\/wp\/v2\/posts\/50957\/revisions\/50959"}],"wp:attachment":[{"href":"https:\/\/www.akehedman.se\/wordpress\/index.php?rest_route=%2Fwp%2Fv2%2Fmedia&parent=50957"}],"wp:term":[{"taxonomy":"category","embeddable":true,"href":"https:\/\/www.akehedman.se\/wordpress\/index.php?rest_route=%2Fwp%2Fv2%2Fcategories&post=50957"},{"taxonomy":"post_tag","embeddable":true,"href":"https:\/\/www.akehedman.se\/wordpress\/index.php?rest_route=%2Fwp%2Fv2%2Ftags&post=50957"}],"curies":[{"name":"wp","href":"https:\/\/api.w.org\/{rel}","templated":true}]}}