{"id":50950,"date":"2026-01-14T14:10:44","date_gmt":"2026-01-14T13:10:44","guid":{"rendered":"https:\/\/www.akehedman.se\/wordpress\/?p=50950"},"modified":"2026-01-14T14:11:21","modified_gmt":"2026-01-14T13:11:21","slug":"sno-12","status":"publish","type":"post","link":"https:\/\/www.akehedman.se\/wordpress\/?p=50950","title":{"rendered":"Sn\u00f6"},"content":{"rendered":"\n<figure class=\"wp-block-image size-large\"><img data-recalc-dims=\"1\" loading=\"lazy\" decoding=\"async\" width=\"580\" height=\"435\" src=\"https:\/\/i0.wp.com\/www.akehedman.se\/wordpress\/wp-content\/uploads\/2026\/01\/IMG_20260114_133655_192.jpg?resize=580%2C435&#038;ssl=1\" alt=\"\" class=\"wp-image-50951\" srcset=\"https:\/\/i0.wp.com\/www.akehedman.se\/wordpress\/wp-content\/uploads\/2026\/01\/IMG_20260114_133655_192-scaled.jpg?resize=1024%2C768&amp;ssl=1 1024w, https:\/\/i0.wp.com\/www.akehedman.se\/wordpress\/wp-content\/uploads\/2026\/01\/IMG_20260114_133655_192-scaled.jpg?resize=300%2C225&amp;ssl=1 300w, https:\/\/i0.wp.com\/www.akehedman.se\/wordpress\/wp-content\/uploads\/2026\/01\/IMG_20260114_133655_192-scaled.jpg?resize=768%2C576&amp;ssl=1 768w, https:\/\/i0.wp.com\/www.akehedman.se\/wordpress\/wp-content\/uploads\/2026\/01\/IMG_20260114_133655_192-scaled.jpg?resize=1536%2C1152&amp;ssl=1 1536w, https:\/\/i0.wp.com\/www.akehedman.se\/wordpress\/wp-content\/uploads\/2026\/01\/IMG_20260114_133655_192-scaled.jpg?resize=2048%2C1536&amp;ssl=1 2048w, https:\/\/i0.wp.com\/www.akehedman.se\/wordpress\/wp-content\/uploads\/2026\/01\/IMG_20260114_133655_192-scaled.jpg?resize=1200%2C900&amp;ssl=1 1200w, https:\/\/i0.wp.com\/www.akehedman.se\/wordpress\/wp-content\/uploads\/2026\/01\/IMG_20260114_133655_192-scaled.jpg?resize=1980%2C1485&amp;ssl=1 1980w, https:\/\/i0.wp.com\/www.akehedman.se\/wordpress\/wp-content\/uploads\/2026\/01\/IMG_20260114_133655_192-scaled.jpg?w=1740&amp;ssl=1 1740w\" sizes=\"auto, (max-width: 580px) 100vw, 580px\" \/><\/figure>\n\n\n\n<p class=\"wp-block-paragraph\">Det sn\u00f6ar (eller sn\u00f6gar som man s\u00e4ger h\u00e4r lokalt).  J\u00e4vlar vad man l\u00e4ngtar till sommar nu. N\u00e5ja vinterm\u00e4nniskorna m\u00e5ste ju f\u00e5 sitt de ocks\u00e5. Unnar dem det. Fast fick jag v\u00e4lja s\u00e5 fick de (skid\u00e5kare, skoter\u00e5kare och andra)  ha vintern mellan januari och april f\u00f6r sig sj\u00e4lva. Resten kunde vi d\u00e4remot dela p\u00e5 f\u00f6r j\u00e4mviktens skull.<\/p>\n\n\n\n<p class=\"wp-block-paragraph\">Inne \u00e4r det varmt d\u00e4remot. G\u00e5r liksom egentligen inte att klaga (bara l\u00e4ngta bort). Som synes av fotot s\u00e5 lyckas inte ens tomtarna under garaget h\u00e5lla v\u00e4rmen uppe p\u00e5 s\u00e5 h\u00f6g niv\u00e5 att det smiter upp p\u00e5 v\u00e4gen. <\/p>\n\n\n\n<p class=\"wp-block-paragraph\">K\u00f6r lite <a href=\"https:\/\/open.spotify.com\/track\/2bPGTMB5sFfFYQ2YvSmup0?si=407db803c68049c1\" data-type=\"link\" data-id=\"https:\/\/open.spotify.com\/track\/2bPGTMB5sFfFYQ2YvSmup0?si=407db803c68049c1\">Rammstein<\/a> (p\u00e5 h\u00f6gsta m\u00f6jliga volym) h\u00e4r p\u00e5 kontoret. Musik som ger energi, som f\u00e5r en att klara sig genom vinter och andra l\u00e5ga perioder av liv. Musik har en f\u00f6rm\u00e5ga att h\u00f6ja och s\u00e4nka. F\u00f6r mig \u00e4r det oftast bara att v\u00e4lja musik efter det tillst\u00e5nd jag f\u00f6r tillf\u00e4llet vill s\u00e4tta mig i.<\/p>\n\n\n\n<p class=\"wp-block-paragraph\">Fast s\u00e5 mycket sn\u00f6 \u00e4r det ju inte egentligen. Det har bara kommit v\u00e4ldigt mycket p\u00e5 kort tid. Den h\u00e4r fluffiga metern sn\u00f6 som ligger d\u00e4r ute nu \u00e4r ingenting mot vad det brukar vara ett normal\u00e5r. Vanliga \u00e5r \u00e4r dessutom sn\u00f6n ofta mer packad, tung och kompakt.<\/p>\n\n\n\n<p class=\"wp-block-paragraph\">Annars finns det inte mycket annat \u00e4n en envis f\u00f6rkylning att klaga p\u00e5 h\u00e4r. Knappt s\u00e5 att det \u00e4r v\u00e4rt att klaga p\u00e5 den heller f\u00f6rresten. Typisk, jobba som fan, vila, sjuk, l\u00e4ge. G\u00e4ller v\u00e4l alltid. <\/p>\n\n\n\n<p class=\"wp-block-paragraph\"><a href=\"https:\/\/open.spotify.com\/track\/2DKPyq5Fk64Vy6BwXn29lH?si=df7174e626bf49f0\" data-type=\"link\" data-id=\"https:\/\/open.spotify.com\/track\/2DKPyq5Fk64Vy6BwXn29lH?si=df7174e626bf49f0\">Bolln\u00e4s<\/a> kan dom ocks\u00e5 f\u00f6rresten. H\u00f6jer tempot och ger feeeeeeeling.<\/p>\n\n\n\n<p class=\"wp-block-paragraph\">Ja man f\u00e5r v\u00e4l g\u00e5 ut och skotta&#8230;<\/p>\n","protected":false},"excerpt":{"rendered":"<p>Det sn\u00f6ar (eller sn\u00f6gar som man s\u00e4ger h\u00e4r lokalt). J\u00e4vlar vad man l\u00e4ngtar till sommar nu. N\u00e5ja vinterm\u00e4nniskorna m\u00e5ste ju f\u00e5 sitt de ocks\u00e5. Unnar dem det. Fast fick jag v\u00e4lja s\u00e5 fick de (skid\u00e5kare, skoter\u00e5kare och andra) ha vintern mellan januari och april f\u00f6r sig sj\u00e4lva. Resten kunde vi d\u00e4remot dela p\u00e5 f\u00f6r j\u00e4mviktens [&hellip;]<\/p>\n","protected":false},"author":24,"featured_media":0,"comment_status":"open","ping_status":"open","sticky":false,"template":"","format":"standard","meta":{"_crdt_document":"","jetpack_post_was_ever_published":false,"_jetpack_newsletter_access":"","_jetpack_dont_email_post_to_subs":false,"_jetpack_newsletter_tier_id":0,"_jetpack_memberships_contains_paywalled_content":false,"_jetpack_memberships_contains_paid_content":false,"footnotes":"","jetpack_publicize_message":"","jetpack_publicize_feature_enabled":true,"jetpack_social_post_already_shared":true,"jetpack_social_options":{"image_generator_settings":{"template":"highway","default_image_id":0,"font":"","enabled":false},"version":2}},"categories":[24],"tags":[],"class_list":["post-50950","post","type-post","status-publish","format-standard","hentry","category-betraktelser"],"jetpack_publicize_connections":[],"jetpack_featured_media_url":"","jetpack_sharing_enabled":true,"jetpack_likes_enabled":true,"jetpack-related-posts":[{"id":22428,"url":"https:\/\/www.akehedman.se\/wordpress\/?p=22428","url_meta":{"origin":50950,"position":0},"title":"Jobblivet","author":"\u00c5ke Hedman","date":"2016-12-07","format":false,"excerpt":"Att bli lokf\u00f6rare var aldrig varit min dr\u00f6m. D\u00e4remot fotograf, rockstj\u00e4rna, fysiker och nu d\u00e5 det jag \u00e4r, uppfinnare, programmerare. Visst, det fanns en tid med den d\u00e4r Edsbyns ungdomsbrandk\u00e5r. Kanske ville man bli brandman d\u00e5. Jag vet inte. Minns inte. Men professionerna har varit fler s\u00e5klart. Fabriksarbetare, lagerarbetare, labbassistent,\u2026","rel":"","context":"In &quot;Betraktelser &amp; Ber\u00e4ttelse&quot;","block_context":{"text":"Betraktelser &amp; Ber\u00e4ttelse","link":"https:\/\/www.akehedman.se\/wordpress\/?cat=24"},"img":{"alt_text":"","src":"https:\/\/i0.wp.com\/www.akehedman.se\/wordpress\/wp-content\/uploads\/2016\/12\/locomotive-55383_640.jpg?resize=350%2C200","width":350,"height":200,"srcset":"https:\/\/i0.wp.com\/www.akehedman.se\/wordpress\/wp-content\/uploads\/2016\/12\/locomotive-55383_640.jpg?resize=350%2C200 1x, https:\/\/i0.wp.com\/www.akehedman.se\/wordpress\/wp-content\/uploads\/2016\/12\/locomotive-55383_640.jpg?resize=525%2C300 1.5x"},"classes":[]},{"id":17690,"url":"https:\/\/www.akehedman.se\/wordpress\/?p=17690","url_meta":{"origin":50950,"position":1},"title":"Sover","author":"\u00c5ke Hedman","date":"2015-04-26","format":false,"excerpt":"Jag somnar strax efter \u00e5tta. Fredagskv\u00e4ll. Missar filmen. N\u00e4r jag vaknar vid tio kan man lika g\u00e4rna g\u00e5 och l\u00e4gga sig. Ja l\u00e4sa. Sova kan man ju inte. Men till slut s\u00e5. Ungef\u00e4r samma sak L\u00f6rdag. Vaknar, \u00e4ter frukost, l\u00e4ser lite, somnar, vaknar, fikar, l\u00e4ser lite, somnar osv. S\u00e5 kan\u2026","rel":"","context":"In &quot;Betraktelser &amp; Ber\u00e4ttelse&quot;","block_context":{"text":"Betraktelser &amp; Ber\u00e4ttelse","link":"https:\/\/www.akehedman.se\/wordpress\/?cat=24"},"img":{"alt_text":"201541013434475701066758_sbig","src":"https:\/\/i0.wp.com\/www.eurosource.se\/akhe\/wordpress\/wp-content\/uploads\/2015\/04\/201541013434475701066758_sbig.jpg?resize=350%2C200","width":350,"height":200},"classes":[]},{"id":23264,"url":"https:\/\/www.akehedman.se\/wordpress\/?p=23264","url_meta":{"origin":50950,"position":2},"title":"Minnen och handling","author":"\u00c5ke Hedman","date":"2017-02-08","format":false,"excerpt":"Jag \u00e4r lite d\u00f6d idag. Oinspirerad. Eller i alla fall sv\u00e5rstartad. Men l\u00e4ser Nessers senare vid s\u00e4ngg\u00e5ende. En s\u00e5dan h\u00e4r dag skulle man v\u00e4l kunna forts\u00e4tta med det hela dagen. Gripa boken och bara l\u00e4sa p\u00e5. F\u00f6r att Nesser \u00e4r bra och f\u00f6r att man annars kaster bort en bra\u2026","rel":"","context":"In &quot;Betraktelser &amp; Ber\u00e4ttelse&quot;","block_context":{"text":"Betraktelser &amp; Ber\u00e4ttelse","link":"https:\/\/www.akehedman.se\/wordpress\/?cat=24"},"img":{"alt_text":"","src":"https:\/\/i0.wp.com\/www.akehedman.se\/wordpress\/wp-content\/uploads\/2017\/02\/index.jpeg?resize=350%2C200","width":350,"height":200},"classes":[]},{"id":16923,"url":"https:\/\/www.akehedman.se\/wordpress\/?p=16923","url_meta":{"origin":50950,"position":3},"title":"&#8220;\u00c4r skitig en m\u00e5nad men lycklig och fri.&#8221;","author":"\u00c5ke Hedman","date":"2015-03-09","format":false,"excerpt":"Det \u00e4r fanimej nio grader ute.NIO. Som dagen i m\u00e5naden. Fast det \u00e4r mars. Borde vara minustecken f\u00f6re. Men \u00e4r inte det. Trettiofem grader inne p\u00e5 kontoret. Ja. F\u00f6r att solen lyser p\u00e5 givaren genom stora s\u00f6derf\u00f6nster. Men tjugofyra p\u00e5 en annan termometer. N\u00e4rmare sanningen gissar jag. Varmt s\u00e5 det\u2026","rel":"","context":"In &quot;Betraktelser &amp; Ber\u00e4ttelse&quot;","block_context":{"text":"Betraktelser &amp; Ber\u00e4ttelse","link":"https:\/\/www.akehedman.se\/wordpress\/?cat=24"},"img":{"alt_text":"stovlarna","src":"https:\/\/i0.wp.com\/www.eurosource.se\/akhe\/wordpress\/wp-content\/uploads\/2015\/03\/stovlarna.jpg?resize=350%2C200","width":350,"height":200,"srcset":"https:\/\/i0.wp.com\/www.eurosource.se\/akhe\/wordpress\/wp-content\/uploads\/2015\/03\/stovlarna.jpg?resize=350%2C200 1x, https:\/\/i0.wp.com\/www.eurosource.se\/akhe\/wordpress\/wp-content\/uploads\/2015\/03\/stovlarna.jpg?resize=525%2C300 1.5x, https:\/\/i0.wp.com\/www.eurosource.se\/akhe\/wordpress\/wp-content\/uploads\/2015\/03\/stovlarna.jpg?resize=700%2C400 2x"},"classes":[]},{"id":30019,"url":"https:\/\/www.akehedman.se\/wordpress\/?p=30019","url_meta":{"origin":50950,"position":4},"title":"Ljuset","author":"\u00c5ke Hedman","date":"2018-09-27","format":false,"excerpt":"Jag \u00e4r inne i mitt idag. L\u00e5ngt d\u00e4r inne. Den ende m\u00e4nniskan jag pratar med \u00e4r K. Och det blir inte \u00f6verdrivet mycket det heller. Ja och s\u00e5 prat med katterna. Men de \u00e4r nu \u00e4nd\u00e5 bara n\u00e4stan m\u00e4nniskor. Deras fokus \u00e4r satt p\u00e5 mat, varmt och klappar. Varje n\u00e5got\u2026","rel":"","context":"In &quot;Betraktelser &amp; Ber\u00e4ttelse&quot;","block_context":{"text":"Betraktelser &amp; Ber\u00e4ttelse","link":"https:\/\/www.akehedman.se\/wordpress\/?cat=24"},"img":{"alt_text":"","src":"https:\/\/i0.wp.com\/www.akehedman.se\/wordpress\/wp-content\/uploads\/2018\/09\/IMG_20180907_153922064-575x1024.png?resize=350%2C200","width":350,"height":200,"srcset":"https:\/\/i0.wp.com\/www.akehedman.se\/wordpress\/wp-content\/uploads\/2018\/09\/IMG_20180907_153922064-575x1024.png?resize=350%2C200 1x, https:\/\/i0.wp.com\/www.akehedman.se\/wordpress\/wp-content\/uploads\/2018\/09\/IMG_20180907_153922064-575x1024.png?resize=525%2C300 1.5x"},"classes":[]},{"id":27522,"url":"https:\/\/www.akehedman.se\/wordpress\/?p=27522","url_meta":{"origin":50950,"position":5},"title":"D\u00f6ds\u00e4ngeln","author":"\u00c5ke Hedman","date":"2018-03-11","format":false,"excerpt":"Det pratas sn\u00f6, sn\u00f6 som skall dimpa ner, tynga, ligga d\u00e4r och skr\u00e4pa, vit och vacker visserligen, n\u00e5ja bl\u00e5 nu den h\u00e4r tiden p\u00e5 \u00e5ret. Allts\u00e5 den som skall komma i morgon. Ner fr\u00e5n himlarna. En decimeter till. Troligen mer. Sen skall den v\u00e4l skottas bort ocks\u00e5. Av mig och\u2026","rel":"","context":"In &quot;Betraktelser &amp; Ber\u00e4ttelse&quot;","block_context":{"text":"Betraktelser &amp; Ber\u00e4ttelse","link":"https:\/\/www.akehedman.se\/wordpress\/?cat=24"},"img":{"alt_text":"","src":"https:\/\/i0.wp.com\/www.akehedman.se\/wordpress\/wp-content\/uploads\/2018\/03\/IMG_20180309_081217079-1024x576.jpg?resize=350%2C200","width":350,"height":200,"srcset":"https:\/\/i0.wp.com\/www.akehedman.se\/wordpress\/wp-content\/uploads\/2018\/03\/IMG_20180309_081217079-1024x576.jpg?resize=350%2C200 1x, https:\/\/i0.wp.com\/www.akehedman.se\/wordpress\/wp-content\/uploads\/2018\/03\/IMG_20180309_081217079-1024x576.jpg?resize=525%2C300 1.5x"},"classes":[]}],"jetpack_shortlink":"https:\/\/wp.me\/p68PL2-dfM","_links":{"self":[{"href":"https:\/\/www.akehedman.se\/wordpress\/index.php?rest_route=\/wp\/v2\/posts\/50950","targetHints":{"allow":["GET"]}}],"collection":[{"href":"https:\/\/www.akehedman.se\/wordpress\/index.php?rest_route=\/wp\/v2\/posts"}],"about":[{"href":"https:\/\/www.akehedman.se\/wordpress\/index.php?rest_route=\/wp\/v2\/types\/post"}],"author":[{"embeddable":true,"href":"https:\/\/www.akehedman.se\/wordpress\/index.php?rest_route=\/wp\/v2\/users\/24"}],"replies":[{"embeddable":true,"href":"https:\/\/www.akehedman.se\/wordpress\/index.php?rest_route=%2Fwp%2Fv2%2Fcomments&post=50950"}],"version-history":[{"count":2,"href":"https:\/\/www.akehedman.se\/wordpress\/index.php?rest_route=\/wp\/v2\/posts\/50950\/revisions"}],"predecessor-version":[{"id":50955,"href":"https:\/\/www.akehedman.se\/wordpress\/index.php?rest_route=\/wp\/v2\/posts\/50950\/revisions\/50955"}],"wp:attachment":[{"href":"https:\/\/www.akehedman.se\/wordpress\/index.php?rest_route=%2Fwp%2Fv2%2Fmedia&parent=50950"}],"wp:term":[{"taxonomy":"category","embeddable":true,"href":"https:\/\/www.akehedman.se\/wordpress\/index.php?rest_route=%2Fwp%2Fv2%2Fcategories&post=50950"},{"taxonomy":"post_tag","embeddable":true,"href":"https:\/\/www.akehedman.se\/wordpress\/index.php?rest_route=%2Fwp%2Fv2%2Ftags&post=50950"}],"curies":[{"name":"wp","href":"https:\/\/api.w.org\/{rel}","templated":true}]}}