{"id":50871,"date":"2025-12-30T11:47:43","date_gmt":"2025-12-30T10:47:43","guid":{"rendered":"https:\/\/www.akehedman.se\/wordpress\/?p=50871"},"modified":"2025-12-30T11:47:43","modified_gmt":"2025-12-30T10:47:43","slug":"en-sista-flaska-julmust","status":"publish","type":"post","link":"https:\/\/www.akehedman.se\/wordpress\/?p=50871","title":{"rendered":"En sista flaska julmust"},"content":{"rendered":"\n<figure class=\"wp-block-image size-full\"><img data-recalc-dims=\"1\" decoding=\"async\" src=\"https:\/\/i0.wp.com\/www.akehedman.se\/wordpress\/wp-content\/uploads\/2025\/12\/pexels-photo-2121746.jpeg?w=580&#038;ssl=1\" alt=\"clear drinking glass on black table\" class=\"wp-image-50875\"\/><figcaption class=\"wp-element-caption\">Photo by Joey Nguy?n on <a href=\"https:\/\/www.pexels.com\/photo\/clear-drinking-glass-on-black-table-2121746\/\" rel=\"nofollow\">Pexels.com<\/a><\/figcaption><\/figure>\n\n\n\n<p class=\"wp-block-paragraph\">Inte \u00e4r det fullaste farten heller s\u00e5h\u00e4r p\u00e5 dagen f\u00f6re \u00e5rets sista dag. Trotts f\u00f6rs\u00f6k till doping med julmust, den sista flaskan, h\u00e4nder det inte mycket i synapserna. \u00c5tminstone blixtrar det liksom inte till som det borde. Vilans och sl\u00f6hetens seghet sitter i. Man f\u00e5r ta tag i s\u00e5dana d\u00e4r underh\u00e5llssysslor. Tack gode gud f\u00f6r att man har s\u00e5dan att ta till dagar n\u00e4r man inte riktigt hittar gisten.<\/p>\n\n\n\n<p class=\"wp-block-paragraph\">Det skall bli kallt. Ner mot tjugo. Atlas (aka bergv\u00e4rmepumpen Kurt) skall testas. Men kniper det s\u00e5 g\u00e5r det v\u00e4l alltid att stoppa i en pinne i n\u00e5gon spis. Sitta d\u00e4r med ett glas och v\u00e4rma sig. Fick tv\u00e5 flaskor fin whisky i julklapp av s\u00f6nerna. Synd att jag inte dricker alkohol l\u00e4ngre. F\u00e5r v\u00e4l ha kvar som bjudsprit. Eller ta sig en liten en ibland f\u00f6r sakens skull. Inte fan borde v\u00e4l bukspottsk\u00f6rtlar blir alltf\u00f6r uppr\u00f6rda \u00f6ver n\u00e5got sporadiskt glas f\u00f6rdelat \u00f6ver ett \u00e5r. Tycker man. Det d\u00e4r kan ta en \u00e4nd\u00e5. <\/p>\n\n\n\n<p class=\"wp-block-paragraph\">H\u00f6rde att en person i byn kallade mig &#8220;<em>byns poet<\/em>&#8220;.  Tror det var efter n\u00e5got inl\u00e4gg p\u00e5 sociala medier f\u00f6r ganska l\u00e5ng tid sedan. Bodde man i en annan by skulle det d\u00e4r v\u00e4l m\u00f6jligen kunnat vara en hedersbetydelse. Att man gjort bra ifr\u00e5n sig en g\u00e5ng eller (gud hj\u00e4lpe) tv\u00e5. Men h\u00e4r&#8230; Gissar att det d\u00e4r \u00e4r sagt lite nedl\u00e5tande s\u00e5d\u00e4r. Ni vet predikanter som predikar d\u00e4r de bor. Det blir s\u00e4llan s\u00e5 lyckat. Ja och sen vet man att man inte f\u00f6rtj\u00e4nar epitetet med alla m\u00f6jliga villkor medtagna i bed\u00f6mningen, s\u00e5 h\u00f6rs sarkasmen som orden uttalats med dubbelt s\u00e5 tydligt. Sen n\u00e4r man \u00e4r d\u00f6d och uppbr\u00e4nd \u00e4r allt s\u00e5dant d\u00e4r annorlunda. Men det vet man ju inget om d\u00e5 s\u00e5klart. <\/p>\n\n\n\n<p class=\"wp-block-paragraph\">Det d\u00e4r med att vara \u00e4lskad och omtyckt. Sv\u00e5ra saker. Jag har  aldrig i mitt liv kunnat ta till mig att det funnits n\u00e5gon som \u00e4lskat mig f\u00f6r att jag \u00e4r jag. En s\u00e5dan tanke g\u00e5r liksom inte att ta in i mitt huvud. Man skulle kanske ha blivit sk\u00e5despelare. F\u00f6r jag har inga problem nu heller med att n\u00e5gon uppskattar mig n\u00e4r jag befinner mig i n\u00e5gon av mina rollgestalter. Antar att Inger Nilsson ocks\u00e5 heller blir \u00e4lskad som &#8220;<em>Inger<\/em>&#8221; heller \u00e4n som &#8220;<em>Pippi<\/em>&#8220;. Ja ni (kanske) fattar.<\/p>\n\n\n\n<p class=\"wp-block-paragraph\">Ett nytt \u00e5r d\u00e5. Man kunde avge det d\u00e4r som l\u00f6fte. Hur det nu skulle g\u00e5 till. Ja man kunde ju b\u00f6rja med att sluta med &#8220;<em>\u00e4lska mig<\/em>&#8221; som motivation f\u00f6r sina g\u00e4rningar. Det skulle v\u00e4l fler \u00e4n jag m\u00e5 bra av. Fast \u00e5 andra sidan ger det d\u00e4r \u00e4nd\u00e5 en existentiell mening \u00e5t skapandet av sandkonst.<\/p>\n\n\n\n<p class=\"wp-block-paragraph\">Fast i min \u00e5lder. Inte mycket spelar n\u00e5gon roll l\u00e4ngre. Man lever med det som skett och sker. Ojjar sig inte s\u00e5 mycket. Har accepterat det mesta. Inser att ens f\u00f6r\u00e4ldrar ocks\u00e5 t\u00e4nkte samma tankar som man sj\u00e4lv t\u00e4nker n\u00e4r de var i samma \u00e5lder. T\u00e4nk om man insett det d\u00e5&#8230;<\/p>\n\n\n\n<p class=\"wp-block-paragraph\">Numera \u00e4r ett nytt \u00e5r bara ett nytt \u00e5r. Tidigare har jag k\u00e4nt stor tillf\u00f6rsikt inf\u00f6r varje nytt \u00e5r. &#8220;<em>Det \u00e4r i \u00e5r det h\u00e4nder<\/em>&#8220;.  Men \u00e4ven tjockskallar som jag l\u00e4r sig. Upprepar man den d\u00e4r tanken vid 65+ \u00e5rsskiften s\u00e5 b\u00f6rjar man till slut tvivla och kanske rent av fatta att det troligen inte h\u00e4nder i det nya \u00e5r som kommer heller.  Ge upp kallas det visst. Men i mitt fall k\u00e4nns i alla fall inte det d\u00e4r ge upp&#8217;et som en \u00f6nskan att l\u00e4gga sig p\u00e5 soffan och inte g\u00f6ra mer. K\u00e4nns det gott i magen s\u00e5 kan man v\u00e4l lika g\u00e4rna h\u00e5lla p\u00e5. Egentligen \u00e4r det ju ingen skillnad efter att man tagit till sig den insikten \u00e4n vad det var under alla \u00e5ren innan man tog till sig den.<\/p>\n\n\n\n<p class=\"wp-block-paragraph\">N\u00e5ja. F\u00e5r passa p\u00e5 att \u00f6nska er ett gott nytt \u00e5r om vi inte h\u00f6rs innan &#8220;ring klocka ring..&#8221;. <\/p>\n","protected":false},"excerpt":{"rendered":"<p>Inte \u00e4r det fullaste farten heller s\u00e5h\u00e4r p\u00e5 dagen f\u00f6re \u00e5rets sista dag. Trotts f\u00f6rs\u00f6k till doping med julmust, den sista flaskan, h\u00e4nder det inte mycket i synapserna. \u00c5tminstone blixtrar det liksom inte till som det borde. Vilans och sl\u00f6hetens seghet sitter i. Man f\u00e5r ta tag i s\u00e5dana d\u00e4r underh\u00e5llssysslor. Tack gode gud f\u00f6r [&hellip;]<\/p>\n","protected":false},"author":24,"featured_media":0,"comment_status":"open","ping_status":"open","sticky":false,"template":"","format":"standard","meta":{"_crdt_document":"","jetpack_post_was_ever_published":false,"_jetpack_newsletter_access":"","_jetpack_dont_email_post_to_subs":false,"_jetpack_newsletter_tier_id":0,"_jetpack_memberships_contains_paywalled_content":false,"_jetpack_memberships_contains_paid_content":false,"footnotes":"","jetpack_publicize_message":"","jetpack_publicize_feature_enabled":true,"jetpack_social_post_already_shared":true,"jetpack_social_options":{"image_generator_settings":{"template":"highway","default_image_id":0,"font":"","enabled":false},"version":2}},"categories":[24],"tags":[],"class_list":["post-50871","post","type-post","status-publish","format-standard","hentry","category-betraktelser"],"jetpack_publicize_connections":[],"jetpack_featured_media_url":"","jetpack_sharing_enabled":true,"jetpack_likes_enabled":true,"jetpack-related-posts":[{"id":43757,"url":"https:\/\/www.akehedman.se\/wordpress\/?p=43757","url_meta":{"origin":50871,"position":0},"title":"Julmust s\u00f6kes","author":"\u00c5ke Hedman","date":"2022-12-28","format":false,"excerpt":"Julslut. Men den r\u00f6da kulan f\u00e5r h\u00e4nga d\u00e4r n\u00e5gra dagar till. Ja b\u00e5da. De kul\u00f6rta lamporna f\u00e5r lysa dom med. Sista \u00e5ret med dom tror jag. Granen, den m\u00f6rdade systern, st\u00e5r d\u00e4r den st\u00e5r. D\u00f6r, ensam, sorgsen och stilla. Mitt samvete, grans\u00e5garens, \u00e4r sargat. Sj\u00e4lv lever man. Till stordelen. Tror\u2026","rel":"","context":"In &quot;Swedish&quot;","block_context":{"text":"Swedish","link":"https:\/\/www.akehedman.se\/wordpress\/?cat=2"},"img":{"alt_text":"","src":"https:\/\/i0.wp.com\/www.akehedman.se\/wordpress\/wp-content\/uploads\/2022\/12\/IMG_20221223_0934352-1-scaled.jpg?resize=350%2C200&ssl=1","width":350,"height":200,"srcset":"https:\/\/i0.wp.com\/www.akehedman.se\/wordpress\/wp-content\/uploads\/2022\/12\/IMG_20221223_0934352-1-scaled.jpg?resize=350%2C200&ssl=1 1x, https:\/\/i0.wp.com\/www.akehedman.se\/wordpress\/wp-content\/uploads\/2022\/12\/IMG_20221223_0934352-1-scaled.jpg?resize=525%2C300&ssl=1 1.5x, https:\/\/i0.wp.com\/www.akehedman.se\/wordpress\/wp-content\/uploads\/2022\/12\/IMG_20221223_0934352-1-scaled.jpg?resize=700%2C400&ssl=1 2x, https:\/\/i0.wp.com\/www.akehedman.se\/wordpress\/wp-content\/uploads\/2022\/12\/IMG_20221223_0934352-1-scaled.jpg?resize=1050%2C600&ssl=1 3x, https:\/\/i0.wp.com\/www.akehedman.se\/wordpress\/wp-content\/uploads\/2022\/12\/IMG_20221223_0934352-1-scaled.jpg?resize=1400%2C800&ssl=1 4x"},"classes":[]},{"id":11508,"url":"https:\/\/www.akehedman.se\/wordpress\/?p=11508","url_meta":{"origin":50871,"position":1},"title":"Skr\u00e4ckfrukost","author":"\u00c5ke Hedman","date":"2013-12-25","format":false,"excerpt":"Sover till tio. Bara det. \u00c4ter en skr\u00e4ckfrukost som skulle f\u00e5 den st\u00f6rsta kontinentala frukosten att blekna. Nedsk\u00f6ljd med ett glas julmust s\u00e5klart. Te sittande i soffan. Te k\u00e4nns lite v\u00e4l normalt och vettigt s\u00e5 jag stoppar i mig n\u00e5gra After eight liksom f\u00f6r att uppr\u00e4tth\u00e5lla det d\u00e4r vansinniga. Sitter\u2026","rel":"","context":"In &quot;Betraktelser &amp; Ber\u00e4ttelse&quot;","block_context":{"text":"Betraktelser &amp; Ber\u00e4ttelse","link":"https:\/\/www.akehedman.se\/wordpress\/?cat=24"},"img":{"alt_text":"julmust","src":"https:\/\/i0.wp.com\/www.akehedman.se\/wordpress\/wp-content\/uploads\/2013\/12\/julmust.jpg?resize=350%2C200","width":350,"height":200},"classes":[]},{"id":22681,"url":"https:\/\/www.akehedman.se\/wordpress\/?p=22681","url_meta":{"origin":50871,"position":2},"title":"Lunch &#8211; Jansons Frestelse med julmust","author":"\u00c5ke Hedman","date":"2016-12-29","format":false,"excerpt":"Lunch. Jansons Frestelse igen. En julmust till. Julresterna varar ett tag. Men K lagar den b\u00e4sta vegetariska JF'n i v\u00e4rlden. Den blir bara b\u00e4ttre n\u00e4r den f\u00e5r ligga till sig n\u00e5gra dagar. N\u00f6jd nu allts\u00e5. M\u00e4tt. Borde sova middag. Som farsan alltid gjorde. Men l\u00e5tsasjobbar. F\u00f6r sakens skull. Eller f\u00f6r\u2026","rel":"","context":"In &quot;Betraktelser &amp; Ber\u00e4ttelse&quot;","block_context":{"text":"Betraktelser &amp; Ber\u00e4ttelse","link":"https:\/\/www.akehedman.se\/wordpress\/?cat=24"},"img":{"alt_text":"","src":"https:\/\/i0.wp.com\/www.akehedman.se\/wordpress\/wp-content\/uploads\/2016\/12\/20161229_133008-1024x576.jpg?resize=350%2C200","width":350,"height":200},"classes":[]},{"id":22648,"url":"https:\/\/www.akehedman.se\/wordpress\/?p=22648","url_meta":{"origin":50871,"position":3},"title":"Sl\u00f6hetsprincipen","author":"\u00c5ke Hedman","date":"2016-12-26","format":false,"excerpt":"Jag har somnat tre g\u00e5nger i soffan i dag. Jod\u00e5 jag sov gott i natt ocks\u00e5. L\u00e4ste ut min bok iof. Och (\"b\u00f6rja aldrig en mening med och\") jag \u00e4r m\u00e4tt. Mer \u00e4n m\u00e4tt. Tr\u00f6tt p\u00e5 att vara \"stuffed\" hela tiden. Det h\u00e4r m\u00e5ste f\u00e5 ett slut. Men en dag\u2026","rel":"","context":"In &quot;Betraktelser &amp; Ber\u00e4ttelse&quot;","block_context":{"text":"Betraktelser &amp; Ber\u00e4ttelse","link":"https:\/\/www.akehedman.se\/wordpress\/?cat=24"},"img":{"alt_text":"","src":"https:\/\/i0.wp.com\/www.akehedman.se\/wordpress\/wp-content\/uploads\/2016\/11\/20161120_223943-e1479678335496-576x1024.jpg?resize=350%2C200","width":350,"height":200,"srcset":"https:\/\/i0.wp.com\/www.akehedman.se\/wordpress\/wp-content\/uploads\/2016\/11\/20161120_223943-e1479678335496-576x1024.jpg?resize=350%2C200 1x, https:\/\/i0.wp.com\/www.akehedman.se\/wordpress\/wp-content\/uploads\/2016\/11\/20161120_223943-e1479678335496-576x1024.jpg?resize=525%2C300 1.5x"},"classes":[]},{"id":6982,"url":"https:\/\/www.akehedman.se\/wordpress\/?p=6982","url_meta":{"origin":50871,"position":4},"title":"En sista sn\u00f6h\u00f6g","author":"\u00c5ke Hedman","date":"2013-04-24","format":false,"excerpt":"Det \u00e4r bara en sn\u00f6h\u00f6g kvar nu. Den som var j\u00e4ttestor i vintras. D\u00e4r hela Brattbergsbackens sn\u00f6 tornade upp sig. Men det \u00e4r inte mycket kvar nu allts\u00e5. Om sn\u00f6h\u00f6gar har d\u00f6dsryckningar s\u00e5 rycker det f\u00f6r fullt d\u00e4r ute nu. Man n\u00e4stan vill ta spaden och hj\u00e4lpa v\u00e5ren lite. Jag\u2026","rel":"","context":"In &quot;Betraktelser &amp; Ber\u00e4ttelse&quot;","block_context":{"text":"Betraktelser &amp; Ber\u00e4ttelse","link":"https:\/\/www.akehedman.se\/wordpress\/?cat=24"},"img":{"alt_text":"IMG_20130424_095659","src":"https:\/\/i0.wp.com\/www.eurosource.se\/akhe\/wordpress\/wp-content\/uploads\/2013\/04\/IMG_20130424_095659-1024x768.jpg?resize=350%2C200","width":350,"height":200,"srcset":"https:\/\/i0.wp.com\/www.eurosource.se\/akhe\/wordpress\/wp-content\/uploads\/2013\/04\/IMG_20130424_095659-1024x768.jpg?resize=350%2C200 1x, https:\/\/i0.wp.com\/www.eurosource.se\/akhe\/wordpress\/wp-content\/uploads\/2013\/04\/IMG_20130424_095659-1024x768.jpg?resize=525%2C300 1.5x"},"classes":[]},{"id":15891,"url":"https:\/\/www.akehedman.se\/wordpress\/?p=15891","url_meta":{"origin":50871,"position":5},"title":"Treenigheten","author":"\u00c5ke Hedman","date":"2014-12-29","format":false,"excerpt":"Vilket armod \u00e4r det som f\u00e5r n\u00e5gon att h\u00e4nga utanf\u00f6r Media Markts d\u00f6rrar klockan halv \u00e5tta en Juldagsmorgon? Kanske \u00e4r det den d\u00e4r avgrunden som finns inom mig som trycker p\u00e5 hos dem ocks\u00e5. Den dom fyller med en ny femtiofemtums tv till reapris, den jag fyller med jobb och\u2026","rel":"","context":"In &quot;Betraktelser &amp; Ber\u00e4ttelse&quot;","block_context":{"text":"Betraktelser &amp; Ber\u00e4ttelse","link":"https:\/\/www.akehedman.se\/wordpress\/?cat=24"},"img":{"alt_text":"009","src":"https:\/\/i0.wp.com\/www.eurosource.se\/akhe\/wordpress\/wp-content\/uploads\/2014\/12\/009-1024x768.jpg?resize=350%2C200","width":350,"height":200,"srcset":"https:\/\/i0.wp.com\/www.eurosource.se\/akhe\/wordpress\/wp-content\/uploads\/2014\/12\/009-1024x768.jpg?resize=350%2C200 1x, https:\/\/i0.wp.com\/www.eurosource.se\/akhe\/wordpress\/wp-content\/uploads\/2014\/12\/009-1024x768.jpg?resize=525%2C300 1.5x"},"classes":[]}],"jetpack_shortlink":"https:\/\/wp.me\/p68PL2-dev","_links":{"self":[{"href":"https:\/\/www.akehedman.se\/wordpress\/index.php?rest_route=\/wp\/v2\/posts\/50871","targetHints":{"allow":["GET"]}}],"collection":[{"href":"https:\/\/www.akehedman.se\/wordpress\/index.php?rest_route=\/wp\/v2\/posts"}],"about":[{"href":"https:\/\/www.akehedman.se\/wordpress\/index.php?rest_route=\/wp\/v2\/types\/post"}],"author":[{"embeddable":true,"href":"https:\/\/www.akehedman.se\/wordpress\/index.php?rest_route=\/wp\/v2\/users\/24"}],"replies":[{"embeddable":true,"href":"https:\/\/www.akehedman.se\/wordpress\/index.php?rest_route=%2Fwp%2Fv2%2Fcomments&post=50871"}],"version-history":[{"count":1,"href":"https:\/\/www.akehedman.se\/wordpress\/index.php?rest_route=\/wp\/v2\/posts\/50871\/revisions"}],"predecessor-version":[{"id":50876,"href":"https:\/\/www.akehedman.se\/wordpress\/index.php?rest_route=\/wp\/v2\/posts\/50871\/revisions\/50876"}],"wp:attachment":[{"href":"https:\/\/www.akehedman.se\/wordpress\/index.php?rest_route=%2Fwp%2Fv2%2Fmedia&parent=50871"}],"wp:term":[{"taxonomy":"category","embeddable":true,"href":"https:\/\/www.akehedman.se\/wordpress\/index.php?rest_route=%2Fwp%2Fv2%2Fcategories&post=50871"},{"taxonomy":"post_tag","embeddable":true,"href":"https:\/\/www.akehedman.se\/wordpress\/index.php?rest_route=%2Fwp%2Fv2%2Ftags&post=50871"}],"curies":[{"name":"wp","href":"https:\/\/api.w.org\/{rel}","templated":true}]}}