{"id":50207,"date":"2025-08-28T08:14:26","date_gmt":"2025-08-28T07:14:26","guid":{"rendered":"https:\/\/www.akehedman.se\/wordpress\/?p=50207"},"modified":"2025-08-28T08:14:26","modified_gmt":"2025-08-28T07:14:26","slug":"vscp-ett-kvarts-sekel","status":"publish","type":"post","link":"https:\/\/www.akehedman.se\/wordpress\/?p=50207","title":{"rendered":"VSCP &#8211; Ett kvarts sekel"},"content":{"rendered":"\n<figure class=\"wp-block-image size-full\"><img data-recalc-dims=\"1\" loading=\"lazy\" decoding=\"async\" width=\"580\" height=\"573\" src=\"https:\/\/i0.wp.com\/www.akehedman.se\/wordpress\/wp-content\/uploads\/2025\/08\/Screenshot-From-2025-08-28-07-46-12.png?resize=580%2C573&#038;ssl=1\" alt=\"\" class=\"wp-image-50208\" srcset=\"https:\/\/i0.wp.com\/www.akehedman.se\/wordpress\/wp-content\/uploads\/2025\/08\/Screenshot-From-2025-08-28-07-46-12.png?w=907&amp;ssl=1 907w, https:\/\/i0.wp.com\/www.akehedman.se\/wordpress\/wp-content\/uploads\/2025\/08\/Screenshot-From-2025-08-28-07-46-12.png?resize=300%2C296&amp;ssl=1 300w, https:\/\/i0.wp.com\/www.akehedman.se\/wordpress\/wp-content\/uploads\/2025\/08\/Screenshot-From-2025-08-28-07-46-12.png?resize=768%2C759&amp;ssl=1 768w\" sizes=\"auto, (max-width: 580px) 100vw, 580px\" \/><\/figure>\n\n\n\n<p class=\"wp-block-paragraph\">I b\u00f6rjan av det h\u00e4r seklet pendlade jag mellan Los och Alfta varje dag. Det d\u00e4r kommer till mig n\u00e4r vi \u00e5ker hem fr\u00e5n Bolln\u00e4s ig\u00e5r. Nitton mil \u00e5kte jag varje dag.  Nio mil p\u00e5 morgonen och nio mil p\u00e5 kv\u00e4llen. <\/p>\n\n\n\n<p class=\"wp-block-paragraph\">Ig\u00e5r k\u00e4nde jag mig tr\u00f6tt n\u00e4r jag kom hem. Orkade som mest g\u00e5 igenom mailen. Men d\u00e5, n\u00e4stan varje kv\u00e4ll, \u00e5tminstone om man inte jobbat \u00f6ver till tio, s\u00e5 satte jag ig\u00e5ng med n\u00e5gra timmars VSCP utveckling. I s\u00e4ng vid ett. Eller tv\u00e5. Eller halv tre.  Upp igen vid sex. Alltid lika p\u00e5 l\u00f6rdag och s\u00f6ndag. \u00c5ret runt. Detsamma under alla ledigheter. <\/p>\n\n\n\n<p class=\"wp-block-paragraph\">De d\u00e4r \u00e5ren var fantastiska. Charles Tewiah i London. H\u00e5rda diskussioner om teknikaliteter n\u00e4stan dygnet runt.  Vi var ofta oense om hur saker skulle g\u00f6ras. Det beh\u00f6vdes argument f\u00f6r att g\u00f6ra p\u00e5 det s\u00e4tt man ville. Vi kunde bolla saker i en vecka eller mer. Hundratals diskussionsinl\u00e4gg. H\u00e4rligt. Skotten Mark Marooth, Gediminas Simanskis fr\u00e5n Lithauen, Henk Hofstra fr\u00e5n Holland var andra sp\u00e4nnande m\u00e4nniskor som fanns med i de d\u00e4r diskussionerna under den h\u00e4r tiden.<\/p>\n\n\n\n<p class=\"wp-block-paragraph\">VSCP eller EDA (Event-Decision-Action) som det hette d\u00e5, hade f\u00f6tts i ett konferensrum i G\u00e4vle under Augusti 2000.  Behzad Ardakani, Marcus Rej\u00e5s och jag sp\u00e5nade fram grunderna under n\u00e5gra dagar..Till och med den (mycket)  galne chefen p\u00e5 f\u00f6retaget skall ha cred. f\u00f6r sitt bidrag. &#8220;<em>Decision Matrix<\/em>&#8221; som namn p\u00e5 en funktion var hans f\u00f6rslag (se <a href=\"https:\/\/grodansparadis.github.io\/vscp-doc-spec\/#\/\" data-type=\"link\" data-id=\"https:\/\/grodansparadis.github.io\/vscp-doc-spec\/#\/\">specifikationen<\/a> om du undrar mer \u00f6ver den).<\/p>\n\n\n\n<p class=\"wp-block-paragraph\">Grunden f\u00f6r mig var en dr\u00f6m jag hade under 80-talet n\u00e4r jag pluggade i Uppsala. Jag fyllde m\u00e5nga kollegieblock med tankar kring smarta moduler som kopplade ihop sig med varandra och skapade n\u00e5gon slags ny funktionalitet. Ett intelligent lego d\u00e4r det inte n\u00f6dv\u00e4ndigtvis beh\u00f6vdes en server. De d\u00e4r tankarna svalnade betydligt n\u00e4r jag gjorde kalkyler p\u00e5 vad modulerna skulle kosta att tillverka. Om jag minns r\u00e4tt handlade det om \u00f6ver tv\u00e5 tusen i tillverkningskostnad per modul.  Det blir drygt \u00e5ttatusen sp\u00e4nn per modul i dagens penningv\u00e4rde. Om\u00f6jligt allts\u00e5. Man skulle beh\u00f6va ta ett utpris p\u00e5 tjugo tusen eller mer per modul f\u00f6r att f\u00e5 ekonomi i det hela. D\u00f6f\u00f6tt. Vila. Malp\u00e5se. <\/p>\n\n\n\n<p class=\"wp-block-paragraph\">Fast d\u00e5, den 28\/8 2000 registrerade jag projektet p\u00e5 Sourceforge. S\u00e5 mycket mer utveckling blev det dock inte d\u00e4r p\u00e5 det f\u00f6retaget. Men under \u00e5ren efter desto mer. Mycket mer.<\/p>\n\n\n\n<p class=\"wp-block-paragraph\">Idag \u00e4r det d\u00e4r allts\u00e5 ett kvarts sekel sedan. Om\u00f6jligt att f\u00f6rst\u00e5. Det \u00e4r inte m\u00e5nga dagar under de tjugofem \u00e5ren som jag inte jobbat med VSCP. Svarat p\u00e5 fr\u00e5gor. Argumenterat. Funderat p\u00e5 l\u00f6sningar. Ja och utvecklat.  L\u00e4rt k\u00e4nna m\u00e4nniskor runt om i v\u00e4rlden varav m\u00e5nga blivit n\u00e4ra v\u00e4nner.<\/p>\n\n\n\n<p class=\"wp-block-paragraph\">Under \u00e5r som l\u00e4rare har jag r\u00e4ttat prov och planerat lektioner n\u00e4r jag kommit hem och sen suttit s\u00e5 l\u00e4nge jag orkat och utvecklat VSCP. Som konsult har jag jobbar med VSCP i mellantiderna. ALLA ledigheter. Varenda h\u00e5l d\u00e4r det funnits en tidslucka att hoppa in i den d\u00e4r v\u00e4rlden. Timme har adderats till timme, kodrad till kodrad, och dokumentationssida till dokumentationssida. <\/p>\n\n\n\n<p class=\"wp-block-paragraph\">Under alla de h\u00e4r \u00e5ren har det alltid funnits andra projekt som massorna samlats kring.  Jag har ofta f\u00f6rs\u00f6kt n\u00e4rma mig de d\u00e4r projekten, t\u00e4nkt att tillsammans kan man g\u00f6ra storverk, men oftast (l\u00e4s ALLTID) de har de varit de b\u00e4sta och de ultimata slutgiltiga projekten p\u00e5 omr\u00e5det och VCSP kunde g\u00e5 och g\u00f6mma sig och (v\u00e4lf\u00f6rtj\u00e4nt?) sk\u00e4mmas i ett h\u00f6rn. Ja om nu den lilla humlan ens observerades d\u00e4r hon fl\u00f6g omkring. Handens alla fingrar r\u00e4cker inte f\u00f6r att r\u00e4kna upp alla de projekt p\u00e5 v\u00e4rldsfr\u00e4lsarniv\u00e5 som passerat revy och f\u00f6rsvunnit ut i gl\u00f6mskan under de h\u00e4r \u00e5ren. VSCP vinner i alla fall i uth\u00e5llighet om inte annat.<\/p>\n\n\n\n<p class=\"wp-block-paragraph\">Nu sitter jag allts\u00e5 h\u00e4r p\u00e5 tjugofem\u00e5rsdagen av protokollets\/ramverkets f\u00f6delse. Det \u00e4r som vilken dag som helst s\u00e5klart. Jag kommer att jobba med VSCP idag ocks\u00e5, precis som jag gjorde ig\u00e5r. Det finns saker kvar att g\u00f6ra och det finns \u00e4nnu <strong>lite<\/strong> ork kvar i gubben. Ja och jag \u00e4lskar det h\u00e4r jobbet. Tror p\u00e5 det jag g\u00f6r fortfarande. Det finns ingen tvekan. Den d\u00e4r visionen fr\u00e5n 80-talet lever. <\/p>\n\n\n\n<p class=\"wp-block-paragraph\">Jag skall villigt erk\u00e4nna att det var roligare och mer stimulerande att utveckla VSCP f\u00f6rr n\u00e4r vi var ett g\u00e4ng aktiva som diskuterade och skapade saker. Idag \u00e4r jag i princip ensam. Som ide&#8217; handlar det om en ordentlig svacka eller kanske rent av en sista d\u00f6dskamp. Framtiden f\u00e5r utvisa. Hur det \u00e4n \u00e4r med det och hur det \u00e4n blir k\u00e4nner jag att det \u00e4r n\u00e5gra saker jag fortfarande vill f\u00e5 p\u00e5 plats. Att jag har n\u00e5gra releaser i mig fortfarande. <\/p>\n\n\n\n<p class=\"wp-block-paragraph\">Efter tjugofem \u00e5r handlar ocks\u00e5 mycket mer av mitt jobb mer om underh\u00e5ll \u00e4n om nyutveckling. Jag \u00e4r inte och har aldrig varit f\u00f6rvaltartypen. Kommer nog inte bli det heller.  Detta faktum m\u00e4rks ocks\u00e5 s\u00e5klart. Det tar emot att skiva om saker f\u00f6r \u00e5ttonde g\u00e5ngen efter att v\u00e4rlden f\u00f6r\u00e4ndras runt omkring en. De flesta k\u00e4nner v\u00e4l s\u00e5. Den d\u00e4r tiden det d\u00e4r tar som man ville anv\u00e4nda till roligare saker. <\/p>\n\n\n\n<p class=\"wp-block-paragraph\">Men nu \u00e4r vi h\u00e4r.  S\u00e5 jag inhandlar en t\u00e5rta ig\u00e5r f\u00f6r att fira den h\u00e4r dagen.  F\u00f6r \u00e4ven om VSCP inte gett mig \u00e4ra, pengar och ber\u00f6mmelse s\u00e5 \u00e4r allt det d\u00e4r som skapats och ligger i olika repositories och \u00e4r gratis f\u00f6r vem som helst att anv\u00e4nda som ett tredje barn i mitt liv. Ja och man \u00e4lskar ju sina barn utan f\u00f6rbeh\u00e5ll som bekant. <\/p>\n\n\n\n<p class=\"wp-block-paragraph\">Jod\u00e5, jag k\u00f6per en v\u00e4ldigt liten t\u00e5rta. F\u00f6r jag antar att det bara blir K och jag som tar oss en bit. Men har du v\u00e4garna f\u00f6rbi (<strong>!!! \ud83d\ude42<\/strong> ) s\u00e5 \u00e4r du v\u00e4lkommen in p\u00e5 kaffe och en t\u00e5rtbit s\u00e5klart. Nej, jag f\u00f6rv\u00e4ntar mig inte en k\u00f6, inte ens en virtuell.<\/p>\n\n\n\n<p class=\"wp-block-paragraph\">Sist m\u00e5ste jag s\u00e5klart tacka Karin som st\u00e5tt ut i alla \u00e5r.  Finns det en VSCP \u00e4nka s\u00e5 \u00e4r det hon. Men hon har aldrig klagat. <strong>Jag \u00e4lskar dig!<\/strong> Sen \u00e4r det barnen s\u00e5klart. De cellbaserade.  Jag har nog varit en d\u00e5lig pappa som alltid jobbat och ofta varit inne i min v\u00e4rld. Jag ber om urs\u00e4kt f\u00f6r det. Men f\u00f6r mig fanns ingen annan v\u00e4g. Jag \u00e4lskar s\u00e5klart er ocks\u00e5.  Ja och s\u00e5  v\u00e4nnerna&#8230; <\/p>\n\n\n\n<p class=\"wp-block-paragraph\">Det blir inte tjugofem \u00e5r till. Det vet jag. Men ge mig tv\u00e5 \u00e5r till&#8230;<\/p>\n\n\n\n<figure class=\"wp-block-image size-full\"><img data-recalc-dims=\"1\" loading=\"lazy\" decoding=\"async\" width=\"300\" height=\"270\" src=\"https:\/\/i0.wp.com\/www.akehedman.se\/wordpress\/wp-content\/uploads\/2025\/08\/vscp_logo_text_box_300.png?resize=300%2C270&#038;ssl=1\" alt=\"\" class=\"wp-image-50209\"\/><\/figure>\n\n\n\n<p class=\"wp-block-paragraph\"> <\/p>\n","protected":false},"excerpt":{"rendered":"<p>I b\u00f6rjan av det h\u00e4r seklet pendlade jag mellan Los och Alfta varje dag. Det d\u00e4r kommer till mig n\u00e4r vi \u00e5ker hem fr\u00e5n Bolln\u00e4s ig\u00e5r. Nitton mil \u00e5kte jag varje dag. Nio mil p\u00e5 morgonen och nio mil p\u00e5 kv\u00e4llen. Ig\u00e5r k\u00e4nde jag mig tr\u00f6tt n\u00e4r jag kom hem. Orkade som mest g\u00e5 igenom [&hellip;]<\/p>\n","protected":false},"author":24,"featured_media":0,"comment_status":"open","ping_status":"open","sticky":false,"template":"","format":"standard","meta":{"_crdt_document":"","jetpack_post_was_ever_published":false,"_jetpack_newsletter_access":"","_jetpack_dont_email_post_to_subs":false,"_jetpack_newsletter_tier_id":0,"_jetpack_memberships_contains_paywalled_content":false,"_jetpack_memberships_contains_paid_content":false,"footnotes":"","jetpack_publicize_message":"","jetpack_publicize_feature_enabled":true,"jetpack_social_post_already_shared":true,"jetpack_social_options":{"image_generator_settings":{"template":"highway","default_image_id":0,"font":"","enabled":false},"version":2}},"categories":[24,31,36,22,6],"tags":[],"class_list":["post-50207","post","type-post","status-publish","format-standard","hentry","category-betraktelser","category-home-automation","category-internet-of-things-iot-techstuff","category-techstuff","category-vscp"],"jetpack_publicize_connections":[],"jetpack_featured_media_url":"","jetpack_sharing_enabled":true,"jetpack_likes_enabled":true,"jetpack-related-posts":[{"id":48304,"url":"https:\/\/www.akehedman.se\/wordpress\/?p=48304","url_meta":{"origin":50207,"position":0},"title":"Grattis, liksom","author":"\u00c5ke Hedman","date":"2024-08-28","format":false,"excerpt":"Dashrath Manjhi, mannen som med hammare och huggj\u00e4rn skapade en passage genom berget p\u00e5 egen hand \u00e4r ett f\u00f6red\u00f6me f\u00f6r mig. Jag t\u00e4nker ofta p\u00e5 honom. Tror man p\u00e5 n\u00e5got s\u00e5 kan man skapa n\u00e5got, i alla fall om man jobbar p\u00e5 det ocks\u00e5.\u00a0 Och nej, man beh\u00f6ver inte alls\u2026","rel":"","context":"In &quot;programming&quot;","block_context":{"text":"programming","link":"https:\/\/www.akehedman.se\/wordpress\/?cat=5"},"img":{"alt_text":"","src":"https:\/\/i0.wp.com\/www.akehedman.se\/wordpress\/wp-content\/uploads\/2024\/08\/220px-Dashrath_Manjhi_2016_stamp_of_India.jpg?resize=350%2C200&ssl=1","width":350,"height":200},"classes":[]},{"id":22972,"url":"https:\/\/www.akehedman.se\/wordpress\/?p=22972","url_meta":{"origin":50207,"position":1},"title":"I v\u00e4ntans tider","author":"\u00c5ke Hedman","date":"2017-01-22","format":false,"excerpt":"Oj vad sl\u00f6tt. Helgen allts\u00e5. Kommer inte ner hit f\u00f6rr\u00e4n halv fyra eller n\u00e5got idag. Anglosaxisk vecka med sovmorgon. Men det \u00e4r som det \u00e4r. Man m\u00e5ste l\u00e5ta lite av tiden rinna av sig. Sl\u00e4ppa ut lite sp\u00e4nningar. \u00c4n \u00e4r det inte grejat och kirrat allt som man skulle vilja\u2026","rel":"","context":"In &quot;Betraktelser &amp; Ber\u00e4ttelse&quot;","block_context":{"text":"Betraktelser &amp; Ber\u00e4ttelse","link":"https:\/\/www.akehedman.se\/wordpress\/?cat=24"},"img":{"alt_text":"","src":"https:\/\/i0.wp.com\/www.akehedman.se\/wordpress\/wp-content\/uploads\/2017\/01\/20170120_183118-1024x576.png?resize=350%2C200","width":350,"height":200,"srcset":"https:\/\/i0.wp.com\/www.akehedman.se\/wordpress\/wp-content\/uploads\/2017\/01\/20170120_183118-1024x576.png?resize=350%2C200 1x, https:\/\/i0.wp.com\/www.akehedman.se\/wordpress\/wp-content\/uploads\/2017\/01\/20170120_183118-1024x576.png?resize=525%2C300 1.5x"},"classes":[]},{"id":24238,"url":"https:\/\/www.akehedman.se\/wordpress\/?p=24238","url_meta":{"origin":50207,"position":2},"title":"Oscaria  och s\u00f6mnen","author":"\u00c5ke Hedman","date":"2017-04-27","format":false,"excerpt":"M\u00e4tt. N\u00f6jd. \u00c5tminstone ganska n\u00f6jd. M\u00e5ste besluta mig f\u00f6r om jag skall s\u00e4tta p\u00e5 den d\u00e4r andra koppen kaffe eller inte. Sv\u00e5ra beslut h\u00e4r p\u00e5 kullen allts\u00e5. Jo, jag vet ju att jag aldrig m\u00e5r riktigt bra av den d\u00e4r andra koppen. Den suger liksom musten ur mig. T\u00f6mmer ist\u00e4llet\u2026","rel":"","context":"In &quot;Betraktelser &amp; Ber\u00e4ttelse&quot;","block_context":{"text":"Betraktelser &amp; Ber\u00e4ttelse","link":"https:\/\/www.akehedman.se\/wordpress\/?cat=24"},"img":{"alt_text":"","src":"https:\/\/i0.wp.com\/www.akehedman.se\/wordpress\/wp-content\/uploads\/2017\/03\/20160807_161850-1024x576.jpg?resize=350%2C200","width":350,"height":200,"srcset":"https:\/\/i0.wp.com\/www.akehedman.se\/wordpress\/wp-content\/uploads\/2017\/03\/20160807_161850-1024x576.jpg?resize=350%2C200 1x, https:\/\/i0.wp.com\/www.akehedman.se\/wordpress\/wp-content\/uploads\/2017\/03\/20160807_161850-1024x576.jpg?resize=525%2C300 1.5x"},"classes":[]},{"id":19300,"url":"https:\/\/www.akehedman.se\/wordpress\/?p=19300","url_meta":{"origin":50207,"position":3},"title":"Arne Weise","author":"\u00c5ke Hedman","date":"2015-12-18","format":false,"excerpt":"Jag k\u00e4nner mig som Arne Weise varje morgon n\u00e4r jag t\u00e4nder mitt ljus. Samma r\u00f6relse, samma utbl\u00e5sning av t\u00e4ndstickans eld. Dagarna h\u00e4r b\u00f6rjar precis som Arnes och Svenska folkets\u00a0 jul b\u00f6rjar. Det \u00e4r bra. Jag har f\u00f6rv\u00e4ntningar p\u00e5 mina dagar. T\u00e4nka sig. Kanske borde man inte ha det. Men jag\u2026","rel":"","context":"In &quot;Betraktelser &amp; Ber\u00e4ttelse&quot;","block_context":{"text":"Betraktelser &amp; Ber\u00e4ttelse","link":"https:\/\/www.akehedman.se\/wordpress\/?cat=24"},"img":{"alt_text":"arnew-julvard992-jpg","src":"https:\/\/i0.wp.com\/www.akehedman.se\/wordpress\/wp-content\/uploads\/2015\/12\/arnew-julvard992-jpg.jpg?resize=350%2C200","width":350,"height":200,"srcset":"https:\/\/i0.wp.com\/www.akehedman.se\/wordpress\/wp-content\/uploads\/2015\/12\/arnew-julvard992-jpg.jpg?resize=350%2C200 1x, https:\/\/i0.wp.com\/www.akehedman.se\/wordpress\/wp-content\/uploads\/2015\/12\/arnew-julvard992-jpg.jpg?resize=525%2C300 1.5x, https:\/\/i0.wp.com\/www.akehedman.se\/wordpress\/wp-content\/uploads\/2015\/12\/arnew-julvard992-jpg.jpg?resize=700%2C400 2x"},"classes":[]},{"id":51408,"url":"https:\/\/www.akehedman.se\/wordpress\/?p=51408","url_meta":{"origin":50207,"position":4},"title":"Saint Patrick\u2019s Day","author":"\u00c5ke Hedman","date":"2026-03-17","format":false,"excerpt":"Photo by Pressmaster on Pexels.com Kl\u00e4dd i gr\u00f6nt fr\u00e5n topp till t\u00e5? Nej, inte jag. Men man borde vara. Tydligen. F\u00f6r det \u00e4r Saint Patrick\u2019s Day. Varf\u00f6r associerar jag till potatis? Hyr som helst kan man bli nypt h\u00f6r jag om man inte \u00e4r gr\u00f6n denna dag. Fr\u00e5gan \u00e4r bara\u2026","rel":"","context":"In &quot;Betraktelser &amp; Ber\u00e4ttelse&quot;","block_context":{"text":"Betraktelser &amp; Ber\u00e4ttelse","link":"https:\/\/www.akehedman.se\/wordpress\/?cat=24"},"img":{"alt_text":"man in green shirt drinking green beer","src":"https:\/\/i0.wp.com\/www.akehedman.se\/wordpress\/wp-content\/uploads\/2026\/03\/pexels-photo-3851765.jpeg?resize=350%2C200&ssl=1","width":350,"height":200,"srcset":"https:\/\/i0.wp.com\/www.akehedman.se\/wordpress\/wp-content\/uploads\/2026\/03\/pexels-photo-3851765.jpeg?resize=350%2C200&ssl=1 1x, https:\/\/i0.wp.com\/www.akehedman.se\/wordpress\/wp-content\/uploads\/2026\/03\/pexels-photo-3851765.jpeg?resize=525%2C300&ssl=1 1.5x, https:\/\/i0.wp.com\/www.akehedman.se\/wordpress\/wp-content\/uploads\/2026\/03\/pexels-photo-3851765.jpeg?resize=700%2C400&ssl=1 2x, https:\/\/i0.wp.com\/www.akehedman.se\/wordpress\/wp-content\/uploads\/2026\/03\/pexels-photo-3851765.jpeg?resize=1050%2C600&ssl=1 3x, https:\/\/i0.wp.com\/www.akehedman.se\/wordpress\/wp-content\/uploads\/2026\/03\/pexels-photo-3851765.jpeg?resize=1400%2C800&ssl=1 4x"},"classes":[]},{"id":11549,"url":"https:\/\/www.akehedman.se\/wordpress\/?p=11549","url_meta":{"origin":50207,"position":5},"title":"Gott Nytt \u00c5r","author":"\u00c5ke Hedman","date":"2013-12-31","format":false,"excerpt":"Ny\u00e5r kan k\u00e4nnas speciellt. En dag att se fram\u00e5t p\u00e5 och summera det \u00e5r som varit. I mitt fall se tillbaks p\u00e5 ett \u00e5r som varit mycket bra, eller som varit som vanligt kanske. Jag har varken blivit ber\u00f6md eller rik eller ens en b\u00e4ttre m\u00e4nniska. Men man kan vara\u2026","rel":"","context":"In &quot;Betraktelser &amp; Ber\u00e4ttelse&quot;","block_context":{"text":"Betraktelser &amp; Ber\u00e4ttelse","link":"https:\/\/www.akehedman.se\/wordpress\/?cat=24"},"img":{"alt_text":"sh-lo","src":"https:\/\/i0.wp.com\/www.eurosource.se\/akhe\/wordpress\/wp-content\/uploads\/2013\/12\/sh-lo.jpg?resize=350%2C200","width":350,"height":200},"classes":[]}],"jetpack_shortlink":"https:\/\/wp.me\/p68PL2-d3N","_links":{"self":[{"href":"https:\/\/www.akehedman.se\/wordpress\/index.php?rest_route=\/wp\/v2\/posts\/50207","targetHints":{"allow":["GET"]}}],"collection":[{"href":"https:\/\/www.akehedman.se\/wordpress\/index.php?rest_route=\/wp\/v2\/posts"}],"about":[{"href":"https:\/\/www.akehedman.se\/wordpress\/index.php?rest_route=\/wp\/v2\/types\/post"}],"author":[{"embeddable":true,"href":"https:\/\/www.akehedman.se\/wordpress\/index.php?rest_route=\/wp\/v2\/users\/24"}],"replies":[{"embeddable":true,"href":"https:\/\/www.akehedman.se\/wordpress\/index.php?rest_route=%2Fwp%2Fv2%2Fcomments&post=50207"}],"version-history":[{"count":1,"href":"https:\/\/www.akehedman.se\/wordpress\/index.php?rest_route=\/wp\/v2\/posts\/50207\/revisions"}],"predecessor-version":[{"id":50210,"href":"https:\/\/www.akehedman.se\/wordpress\/index.php?rest_route=\/wp\/v2\/posts\/50207\/revisions\/50210"}],"wp:attachment":[{"href":"https:\/\/www.akehedman.se\/wordpress\/index.php?rest_route=%2Fwp%2Fv2%2Fmedia&parent=50207"}],"wp:term":[{"taxonomy":"category","embeddable":true,"href":"https:\/\/www.akehedman.se\/wordpress\/index.php?rest_route=%2Fwp%2Fv2%2Fcategories&post=50207"},{"taxonomy":"post_tag","embeddable":true,"href":"https:\/\/www.akehedman.se\/wordpress\/index.php?rest_route=%2Fwp%2Fv2%2Ftags&post=50207"}],"curies":[{"name":"wp","href":"https:\/\/api.w.org\/{rel}","templated":true}]}}