{"id":49844,"date":"2025-06-15T19:50:32","date_gmt":"2025-06-15T18:50:32","guid":{"rendered":"https:\/\/www.akehedman.se\/wordpress\/?p=49844"},"modified":"2025-06-15T19:50:32","modified_gmt":"2025-06-15T18:50:32","slug":"midsommarvecka","status":"publish","type":"post","link":"https:\/\/www.akehedman.se\/wordpress\/?p=49844","title":{"rendered":"Midsommarvecka"},"content":{"rendered":"\n<figure class=\"wp-block-image size-full\"><img data-recalc-dims=\"1\" loading=\"lazy\" decoding=\"async\" width=\"580\" height=\"432\" src=\"https:\/\/i0.wp.com\/www.akehedman.se\/wordpress\/wp-content\/uploads\/2025\/06\/pexels-photo-21598312.jpeg?resize=580%2C432&#038;ssl=1\" alt=\"fieldfare on the grass\" class=\"wp-image-49845\" srcset=\"https:\/\/i0.wp.com\/www.akehedman.se\/wordpress\/wp-content\/uploads\/2025\/06\/pexels-photo-21598312.jpeg?w=1747&amp;ssl=1 1747w, https:\/\/i0.wp.com\/www.akehedman.se\/wordpress\/wp-content\/uploads\/2025\/06\/pexels-photo-21598312.jpeg?resize=300%2C223&amp;ssl=1 300w, https:\/\/i0.wp.com\/www.akehedman.se\/wordpress\/wp-content\/uploads\/2025\/06\/pexels-photo-21598312.jpeg?resize=1024%2C762&amp;ssl=1 1024w, https:\/\/i0.wp.com\/www.akehedman.se\/wordpress\/wp-content\/uploads\/2025\/06\/pexels-photo-21598312.jpeg?resize=768%2C571&amp;ssl=1 768w, https:\/\/i0.wp.com\/www.akehedman.se\/wordpress\/wp-content\/uploads\/2025\/06\/pexels-photo-21598312.jpeg?resize=1536%2C1143&amp;ssl=1 1536w, https:\/\/i0.wp.com\/www.akehedman.se\/wordpress\/wp-content\/uploads\/2025\/06\/pexels-photo-21598312.jpeg?resize=1200%2C893&amp;ssl=1 1200w\" sizes=\"auto, (max-width: 580px) 100vw, 580px\" \/><figcaption class=\"wp-element-caption\">Photo by ArWeltAtty Attila on <a href=\"https:\/\/www.pexels.com\/photo\/fieldfare-on-the-grass-21598312\/\" rel=\"nofollow\">Pexels.com<\/a><\/figcaption><\/figure>\n\n\n\n<p class=\"wp-block-paragraph\">Allts\u00e5. Midsommarvecka f\u00f6r\u00f6ver. Ja och i \u00e5r ligger sommarsolst\u00e5ndet (b\u00e5tv\u00e4ndningen) alldeles perfekt d\u00e4r i midsommarnatten. S\u00e5 vi kan verkligen fira \u00e5rets ljusaste dygn precis som sig b\u00f6r och som man skall. Inga religi\u00f6sa idioter beh\u00f6ver g\u00f6ra sig det minsta besv\u00e4r att finna jesuskopplingar till helgen. Han, hon, det, gud finns i Koltrasts\u00e5ngen. Men svarth\u00e4ttans och andra flygande luringars s\u00e5ng g\u00e5r inte av f\u00f6r hackor de heller skall ni veta. Stanna upp, lyssna och njut. <\/p>\n\n\n\n<p class=\"wp-block-paragraph\">Aprop\u00e5 f\u00e5glar s\u00e5 sitter jag och tittar p\u00e5 trastarna i sitt bo i &#8220;<em>trebj\u00f6rken<\/em>&#8221; idag.  &#8220;<em>Trebj\u00f6rken<\/em>&#8221; f\u00f6r att solen st\u00e5r d\u00e4r n\u00e4r klockan \u00e4r tre om man sitter vid v\u00e5rt utebord. Bj\u00f6rktrast f\u00f6r att n\u00e5gon en dag best\u00e4mde sig f\u00f6r att Bj\u00f6rktrast skall den d\u00e4r heta. Passligt h\u00e4r d\u00e5 eftersom &#8220;<em>mitt<\/em>&#8221; par har bo i &#8220;<em>trebj\u00f6rken<\/em>&#8220;. Thrush \u00e4r trast p\u00e5 engelska.  Allt f\u00f6r n\u00e4ra &#8220;trash&#8221; f\u00f6r att g\u00f6ra den r\u00e4ttvis. Modigare f\u00e5gel f\u00e5r man leta efter. Dyker en kr\u00e5ka eller skata upp s\u00e5 hj\u00e4lps alla trastar \u00e5t med att jag iv\u00e4g den. Moderater har lite att l\u00e4ra d\u00e4r om den viktiga solidaritet.<\/p>\n\n\n\n<p class=\"wp-block-paragraph\">Trastparet st\u00e5r i s\u00e5 klart. Byts av. Matar varandra. Ger katten sig ut p\u00e5 gr\u00e4smattan s\u00e5 g\u00e5r den inte s\u00e4ker. Kan f\u00e5 sig ett tjuvnyp. Det har den l\u00e4rt sig. Springer mellan buskar som skydd. Kallar Bj\u00f6rktrastarna f\u00f6r &#8220;<em>tjattertanter<\/em>&#8221; egentligen efter som de g\u00e4rna resonerar lite h\u00f6gljutt just som tanter n\u00e4r de kommer ig\u00e5ng i sitt skvallrande och en fin mumsbit till skvaller har uppdagats. Men gillar b\u00e5de (skvaller)tanter och Trastar. N\u00e4r man kommer ut en tidig morgnar s\u00e5 \u00e4r det Bj\u00f6rktrastarna som har v\u00e4rlden i sin hand. Jod\u00e5, efter gr\u00e4sklippningen brukar de passa p\u00e5 att plocka det som gr\u00e4sklipparen letar fram. D\u00f6d har alltid varit liv f\u00f6r andra. Man b\u00f6r bet\u00e4nka och sm\u00e4lta detta faktum som m\u00e4nniska ocks\u00e5.<\/p>\n\n\n\n<p class=\"wp-block-paragraph\">Men vi har s\u00e5klart haft en fantastisk helg h\u00e4r p\u00e5 kullen. Grillen \u00e5kte fram ig\u00e5r. Grillat och att \u00e4ta ute \u00e4r ju alltid lika ljuvligt. Lite vila fr\u00e5n tr\u00e4dg\u00e5rdsjobb. De flesta v\u00e4xterna \u00e4r i jorden nu. Gurkorna skall visserligen ut. Men dom \u00e4r snabbv\u00e4xare s\u00e5 dom hinner nog ikapp tomater och annat vad det lider. Bara de f\u00e5r sol, n\u00e4ring och vatten vill de ta sig hela v\u00e4gen upp mot himlen.<\/p>\n\n\n\n<p class=\"wp-block-paragraph\">Runt runt <a href=\"https:\/\/open.spotify.com\/track\/6y20BV5L33R8YXM0YuI38N?si=e540a31ee9c24b06\" data-type=\"link\" data-id=\"https:\/\/open.spotify.com\/track\/6y20BV5L33R8YXM0YuI38N?si=e540a31ee9c24b06\">g\u00e5r denna<\/a> idag. Det har den gjort f\u00f6rut. G\u00e5r inte att f\u00e5 nog. S\u00e5 repeat. Tjejlyssning.<\/p>\n\n\n\n<p class=\"wp-block-paragraph\">Nu skall jag jobba lite.<\/p>\n","protected":false},"excerpt":{"rendered":"<p>Allts\u00e5. Midsommarvecka f\u00f6r\u00f6ver. Ja och i \u00e5r ligger sommarsolst\u00e5ndet (b\u00e5tv\u00e4ndningen) alldeles perfekt d\u00e4r i midsommarnatten. S\u00e5 vi kan verkligen fira \u00e5rets ljusaste dygn precis som sig b\u00f6r och som man skall. Inga religi\u00f6sa idioter beh\u00f6ver g\u00f6ra sig det minsta besv\u00e4r att finna jesuskopplingar till helgen. Han, hon, det, gud finns i Koltrasts\u00e5ngen. Men svarth\u00e4ttans och [&hellip;]<\/p>\n","protected":false},"author":24,"featured_media":0,"comment_status":"open","ping_status":"open","sticky":false,"template":"","format":"standard","meta":{"_crdt_document":"","jetpack_post_was_ever_published":false,"_jetpack_newsletter_access":"","_jetpack_dont_email_post_to_subs":false,"_jetpack_newsletter_tier_id":0,"_jetpack_memberships_contains_paywalled_content":false,"_jetpack_memberships_contains_paid_content":false,"footnotes":"","jetpack_publicize_message":"","jetpack_publicize_feature_enabled":true,"jetpack_social_post_already_shared":true,"jetpack_social_options":{"image_generator_settings":{"template":"highway","default_image_id":0,"font":"","enabled":false},"version":2}},"categories":[24],"tags":[],"class_list":["post-49844","post","type-post","status-publish","format-standard","hentry","category-betraktelser"],"jetpack_publicize_connections":[],"jetpack_featured_media_url":"","jetpack_sharing_enabled":true,"jetpack_likes_enabled":true,"jetpack-related-posts":[{"id":13076,"url":"https:\/\/www.akehedman.se\/wordpress\/?p=13076","url_meta":{"origin":49844,"position":0},"title":"Man f\u00e5r allt resa sig.","author":"\u00c5ke Hedman","date":"2014-05-07","format":false,"excerpt":"Jag \u00e4r s\u00e5 tr\u00f6tt s\u00e5 att den gr\u00f6na soffan d\u00e4r framf\u00f6r Rapport ter sig som en slags gyllene ark som man bara vill f\u00f6rsvinna ner i f\u00f6r aldrig igen l\u00e4mna. Men jobbet d\u00e5 t\u00e4nker man n\u00e4rt man sjunkit ner d\u00e4r, jobbet, det finns ingen som g\u00f6r det d\u00e4r jobbet om\u2026","rel":"","context":"In &quot;Betraktelser &amp; Ber\u00e4ttelse&quot;","block_context":{"text":"Betraktelser &amp; Ber\u00e4ttelse","link":"https:\/\/www.akehedman.se\/wordpress\/?cat=24"},"img":{"alt_text":"images","src":"https:\/\/i0.wp.com\/www.eurosource.se\/akhe\/wordpress\/wp-content\/uploads\/2014\/05\/images2.jpg?resize=350%2C200","width":350,"height":200},"classes":[]},{"id":41222,"url":"https:\/\/www.akehedman.se\/wordpress\/?p=41222","url_meta":{"origin":49844,"position":1},"title":"I de anglosaxiska imperialisternas tid","author":"\u00c5ke Hedman","date":"2022-02-07","format":false,"excerpt":"Morgonen den f\u00f6rsta dagen. N\u00e5ja, den andra, men h\u00e5ll med om att det l\u00e5ter b\u00e4ttre med \"morgonen den f\u00f6rsta dagen\" som inledning. Ibland f\u00e5r man anpassa sig. G\u00f6ra avkall. Skita i anglosaxisk veckodagsr\u00e4kning och h\u00e5lla sig till germansk. Det \u00e4r kanske \u00e4nd\u00e5 p\u00e5 tiden. De d\u00e4r imperiet \u00e4r nog \u00e4nd\u00e5\u2026","rel":"","context":"In &quot;Betraktelser &amp; Ber\u00e4ttelse&quot;","block_context":{"text":"Betraktelser &amp; Ber\u00e4ttelse","link":"https:\/\/www.akehedman.se\/wordpress\/?cat=24"},"img":{"alt_text":"","src":"https:\/\/i0.wp.com\/www.akehedman.se\/wordpress\/wp-content\/uploads\/2022\/02\/photo_editor_ds_1644180196204.jpg?resize=350%2C200&ssl=1","width":350,"height":200,"srcset":"https:\/\/i0.wp.com\/www.akehedman.se\/wordpress\/wp-content\/uploads\/2022\/02\/photo_editor_ds_1644180196204.jpg?resize=350%2C200&ssl=1 1x, https:\/\/i0.wp.com\/www.akehedman.se\/wordpress\/wp-content\/uploads\/2022\/02\/photo_editor_ds_1644180196204.jpg?resize=525%2C300&ssl=1 1.5x, https:\/\/i0.wp.com\/www.akehedman.se\/wordpress\/wp-content\/uploads\/2022\/02\/photo_editor_ds_1644180196204.jpg?resize=700%2C400&ssl=1 2x, https:\/\/i0.wp.com\/www.akehedman.se\/wordpress\/wp-content\/uploads\/2022\/02\/photo_editor_ds_1644180196204.jpg?resize=1050%2C600&ssl=1 3x"},"classes":[]},{"id":13608,"url":"https:\/\/www.akehedman.se\/wordpress\/?p=13608","url_meta":{"origin":49844,"position":2},"title":"Det pseudoh\u00e4nder saker bara hela tiden h\u00e4r i byn.","author":"\u00c5ke Hedman","date":"2014-06-17","format":false,"excerpt":"Jag skall st\u00e4da ur ett sk\u00e5p h\u00e4r p\u00e5 kontoret s\u00e5 jag skriver n\u00e5gra rader ist\u00e4llet.\u00a0 Ingen bryr sig i alla fall jag st\u00e4dar det d\u00e4r sk\u00e5pet och det \u00e4r \u00e4nd\u00e5 inte s\u00e5 m\u00e5nga som bryr sig om att l\u00e4sa det jag skriver heller.\u00a0 S\u00e5 sak samma kan man tycka. Nu\u2026","rel":"","context":"In &quot;Betraktelser &amp; Ber\u00e4ttelse&quot;","block_context":{"text":"Betraktelser &amp; Ber\u00e4ttelse","link":"https:\/\/www.akehedman.se\/wordpress\/?cat=24"},"img":{"alt_text":"2014-06-17_22-43-36","src":"https:\/\/i0.wp.com\/www.eurosource.se\/akhe\/wordpress\/wp-content\/uploads\/2014\/06\/2014-06-17_22-43-36.png?resize=350%2C200","width":350,"height":200,"srcset":"https:\/\/i0.wp.com\/www.eurosource.se\/akhe\/wordpress\/wp-content\/uploads\/2014\/06\/2014-06-17_22-43-36.png?resize=350%2C200 1x, https:\/\/i0.wp.com\/www.eurosource.se\/akhe\/wordpress\/wp-content\/uploads\/2014\/06\/2014-06-17_22-43-36.png?resize=525%2C300 1.5x, https:\/\/i0.wp.com\/www.eurosource.se\/akhe\/wordpress\/wp-content\/uploads\/2014\/06\/2014-06-17_22-43-36.png?resize=700%2C400 2x"},"classes":[]},{"id":26699,"url":"https:\/\/www.akehedman.se\/wordpress\/?p=26699","url_meta":{"origin":49844,"position":3},"title":"Darrande","author":"\u00c5ke Hedman","date":"2018-01-15","format":false,"excerpt":"Himlen \u00e4r sjukt gr\u00e5 d\u00e4r ute. Som om den beh\u00f6ver ambulans. Man borde ringa. Anm\u00e4la. Hj\u00e4lpa. Men inser v\u00e4l n\u00e5gonstans att de skulle skratta \u00e5t en p\u00e5 112 om man slog det d\u00e4r samtalet och f\u00f6rt\u00e4ljde om l\u00e4get. Men m\u00f6rkret vill liksom inte fly f\u00f6r dagen h\u00e4r idag.\u00a0 Dr\u00f6jer sig\u2026","rel":"","context":"In &quot;Betraktelser &amp; Ber\u00e4ttelse&quot;","block_context":{"text":"Betraktelser &amp; Ber\u00e4ttelse","link":"https:\/\/www.akehedman.se\/wordpress\/?cat=24"},"img":{"alt_text":"","src":"https:\/\/i0.wp.com\/www.akehedman.se\/wordpress\/wp-content\/uploads\/2018\/01\/Screenshot-from-2018-01-15-08-54-16.png?resize=350%2C200","width":350,"height":200},"classes":[]},{"id":27277,"url":"https:\/\/www.akehedman.se\/wordpress\/?p=27277","url_meta":{"origin":49844,"position":4},"title":"Vasaloppet","author":"\u00c5ke Hedman","date":"2018-02-25","format":false,"excerpt":"Det regnar inte. Nope. Det \u00e4r kallt ute. Inatt f\u00f6rs\u00f6ker prognosen sig p\u00e5 minus tjugofyra. Man hoppas de har fel. Eller \u00e5tminstone att kullens h\u00f6jd \u00f6ver dalg\u00e5ngarna besparar oss lite fr\u00e5n det d\u00e4r Nikkaluokta kalla. Men det \u00e4r som det \u00e4r. Det verkar dessutom som det blir s\u00e5h\u00e4r i tio\u2026","rel":"","context":"In &quot;Betraktelser &amp; Ber\u00e4ttelse&quot;","block_context":{"text":"Betraktelser &amp; Ber\u00e4ttelse","link":"https:\/\/www.akehedman.se\/wordpress\/?cat=24"},"img":{"alt_text":"","src":"https:\/\/i0.wp.com\/www.akehedman.se\/wordpress\/wp-content\/uploads\/2018\/02\/IMG_20180225_124944506-1024x576.jpg?resize=350%2C200","width":350,"height":200,"srcset":"https:\/\/i0.wp.com\/www.akehedman.se\/wordpress\/wp-content\/uploads\/2018\/02\/IMG_20180225_124944506-1024x576.jpg?resize=350%2C200 1x, https:\/\/i0.wp.com\/www.akehedman.se\/wordpress\/wp-content\/uploads\/2018\/02\/IMG_20180225_124944506-1024x576.jpg?resize=525%2C300 1.5x"},"classes":[]},{"id":45264,"url":"https:\/\/www.akehedman.se\/wordpress\/?p=45264","url_meta":{"origin":49844,"position":5},"title":"M\u00f6ter godheten","author":"\u00c5ke Hedman","date":"2023-06-11","format":false,"excerpt":"Vi sitter under l\u00f6nnen, den bortr\u00f6vade, och njuter en kvargl\u00f6md bit pizza fr\u00e5n fredagskv\u00e4llen, K och jag. Kaffe p\u00e5 det. Oslagbart s\u00e5klart. Inget \u00e4r s\u00e5 gott som en kopp kaffe ute under l\u00f6nnen. Det fungerar f.\u00f6. mycket bra med kaffe ute p\u00e5 andra st\u00e4llen ocks\u00e5. Kaffe + ute = Gott.\u2026","rel":"","context":"In &quot;Swedish&quot;","block_context":{"text":"Swedish","link":"https:\/\/www.akehedman.se\/wordpress\/?cat=2"},"img":{"alt_text":"","src":"https:\/\/i0.wp.com\/www.akehedman.se\/wordpress\/wp-content\/uploads\/2023\/06\/IMG_20230608_165822-scaled.jpg?resize=350%2C200&ssl=1","width":350,"height":200,"srcset":"https:\/\/i0.wp.com\/www.akehedman.se\/wordpress\/wp-content\/uploads\/2023\/06\/IMG_20230608_165822-scaled.jpg?resize=350%2C200&ssl=1 1x, https:\/\/i0.wp.com\/www.akehedman.se\/wordpress\/wp-content\/uploads\/2023\/06\/IMG_20230608_165822-scaled.jpg?resize=525%2C300&ssl=1 1.5x, https:\/\/i0.wp.com\/www.akehedman.se\/wordpress\/wp-content\/uploads\/2023\/06\/IMG_20230608_165822-scaled.jpg?resize=700%2C400&ssl=1 2x, https:\/\/i0.wp.com\/www.akehedman.se\/wordpress\/wp-content\/uploads\/2023\/06\/IMG_20230608_165822-scaled.jpg?resize=1050%2C600&ssl=1 3x, https:\/\/i0.wp.com\/www.akehedman.se\/wordpress\/wp-content\/uploads\/2023\/06\/IMG_20230608_165822-scaled.jpg?resize=1400%2C800&ssl=1 4x"},"classes":[]}],"jetpack_shortlink":"https:\/\/wp.me\/p68PL2-cXW","_links":{"self":[{"href":"https:\/\/www.akehedman.se\/wordpress\/index.php?rest_route=\/wp\/v2\/posts\/49844","targetHints":{"allow":["GET"]}}],"collection":[{"href":"https:\/\/www.akehedman.se\/wordpress\/index.php?rest_route=\/wp\/v2\/posts"}],"about":[{"href":"https:\/\/www.akehedman.se\/wordpress\/index.php?rest_route=\/wp\/v2\/types\/post"}],"author":[{"embeddable":true,"href":"https:\/\/www.akehedman.se\/wordpress\/index.php?rest_route=\/wp\/v2\/users\/24"}],"replies":[{"embeddable":true,"href":"https:\/\/www.akehedman.se\/wordpress\/index.php?rest_route=%2Fwp%2Fv2%2Fcomments&post=49844"}],"version-history":[{"count":1,"href":"https:\/\/www.akehedman.se\/wordpress\/index.php?rest_route=\/wp\/v2\/posts\/49844\/revisions"}],"predecessor-version":[{"id":49846,"href":"https:\/\/www.akehedman.se\/wordpress\/index.php?rest_route=\/wp\/v2\/posts\/49844\/revisions\/49846"}],"wp:attachment":[{"href":"https:\/\/www.akehedman.se\/wordpress\/index.php?rest_route=%2Fwp%2Fv2%2Fmedia&parent=49844"}],"wp:term":[{"taxonomy":"category","embeddable":true,"href":"https:\/\/www.akehedman.se\/wordpress\/index.php?rest_route=%2Fwp%2Fv2%2Fcategories&post=49844"},{"taxonomy":"post_tag","embeddable":true,"href":"https:\/\/www.akehedman.se\/wordpress\/index.php?rest_route=%2Fwp%2Fv2%2Ftags&post=49844"}],"curies":[{"name":"wp","href":"https:\/\/api.w.org\/{rel}","templated":true}]}}