{"id":49362,"date":"2025-03-31T12:38:59","date_gmt":"2025-03-31T11:38:59","guid":{"rendered":"https:\/\/www.akehedman.se\/wordpress\/?p=49362"},"modified":"2025-03-31T12:38:59","modified_gmt":"2025-03-31T11:38:59","slug":"3g-och-2g-fasas-ut-inom-kort-detta-ar-vad-som-hander-nu","status":"publish","type":"post","link":"https:\/\/www.akehedman.se\/wordpress\/?p=49362","title":{"rendered":"3G och 2G fasas ut inom kort -detta \u00e4r vad som h\u00e4nder nu"},"content":{"rendered":"<p><a href=\"https:\/\/www.induo.com\/b\/2g-och-3g-fasas-ut\/?goal=0_bc96c04e1a-974b80856c-461551650&amp;mc_cid=974b80856c&amp;mc_eid=6d6c265ccf\"><img data-recalc-dims=\"1\" decoding=\"async\" class=\"alignnone size-full\" src=\"https:\/\/i0.wp.com\/www.akehedman.se\/wordpress\/wp-content\/uploads\/2025\/03\/sim-stop.png?w=580&#038;ssl=1\" alt=\"\" \/><\/a><\/p>\n<blockquote><p>Innan slutet av 2025 fasas 2G och 3G ut f\u00f6r att ers\u00e4ttas med ny teknik, utom hos Telia d\u00e4r GSM h\u00e4nger kvar till 2027. Vi har sammanfattat allt du beh\u00f6ver veta om teknikskiftet.<\/p><\/blockquote>\n<p>Source: <em><a href=\"https:\/\/www.induo.com\/b\/2g-och-3g-fasas-ut\/\">3G och 2G fasas ut inom kort -detta \u00e4r vad som h\u00e4nder nu<\/a><\/em><\/p>\n","protected":false},"excerpt":{"rendered":"<p>Innan slutet av 2025 fasas 2G och 3G ut f\u00f6r att ers\u00e4ttas med ny teknik, utom hos Telia d\u00e4r GSM h\u00e4nger kvar till 2027. Vi har sammanfattat allt du beh\u00f6ver veta om teknikskiftet. Source: 3G och 2G fasas ut inom kort -detta \u00e4r vad som h\u00e4nder nu<\/p>\n","protected":false},"author":24,"featured_media":0,"comment_status":"open","ping_status":"open","sticky":false,"template":"","format":"standard","meta":{"_crdt_document":"","jetpack_post_was_ever_published":false,"_jetpack_newsletter_access":"","_jetpack_dont_email_post_to_subs":false,"_jetpack_newsletter_tier_id":0,"_jetpack_memberships_contains_paywalled_content":false,"_jetpack_memberships_contains_paid_content":false,"footnotes":"","jetpack_publicize_message":"","jetpack_publicize_feature_enabled":true,"jetpack_social_post_already_shared":true,"jetpack_social_options":{"image_generator_settings":{"template":"highway","default_image_id":0,"font":"","enabled":false},"version":2}},"categories":[2],"tags":[],"class_list":["post-49362","post","type-post","status-publish","format-standard","hentry","category-swedish"],"jetpack_publicize_connections":[],"jetpack_featured_media_url":"","jetpack_sharing_enabled":true,"jetpack_likes_enabled":true,"jetpack-related-posts":[{"id":45641,"url":"https:\/\/www.akehedman.se\/wordpress\/?p=45641","url_meta":{"origin":49362,"position":0},"title":"Lysr\u00f6r och dj\u00e4vlar","author":"\u00c5ke Hedman","date":"2023-08-02","format":false,"excerpt":"Smith & Tell och katten och jag. Vakna. Men tr\u00f6tta. Vi beh\u00f6ver glass. Men h\u00e5ller oss. \u00c4n s\u00e5 l\u00e4nge. Planen \u00e4r att h\u00e5lla sig fr\u00e5n det d\u00e4r till helgen. Men planer kan revideras f\u00f6rr och g\u00f6rs det ofta h\u00e4r. Lokalerna stinker av l\u00f6dr\u00f6k. S\u00e4kert d\u00f6dlig i sin elakhet. Men tyder\u2026","rel":"","context":"In &quot;Swedish&quot;","block_context":{"text":"Swedish","link":"https:\/\/www.akehedman.se\/wordpress\/?cat=2"},"img":{"alt_text":"","src":"https:\/\/i0.wp.com\/www.akehedman.se\/wordpress\/wp-content\/uploads\/2023\/08\/smith-thell-erik-sapir-1024x683-1.jpg?resize=350%2C200&ssl=1","width":350,"height":200,"srcset":"https:\/\/i0.wp.com\/www.akehedman.se\/wordpress\/wp-content\/uploads\/2023\/08\/smith-thell-erik-sapir-1024x683-1.jpg?resize=350%2C200&ssl=1 1x, https:\/\/i0.wp.com\/www.akehedman.se\/wordpress\/wp-content\/uploads\/2023\/08\/smith-thell-erik-sapir-1024x683-1.jpg?resize=525%2C300&ssl=1 1.5x, https:\/\/i0.wp.com\/www.akehedman.se\/wordpress\/wp-content\/uploads\/2023\/08\/smith-thell-erik-sapir-1024x683-1.jpg?resize=700%2C400&ssl=1 2x"},"classes":[]},{"id":41703,"url":"https:\/\/www.akehedman.se\/wordpress\/?p=41703","url_meta":{"origin":49362,"position":1},"title":"V\u00e4gen man g\u00e5r","author":"\u00c5ke Hedman","date":"2022-04-06","format":false,"excerpt":"Photo by cottonbro on Pexels.com Livet som pension\u00e4r? Jod\u00e5, det \u00f6vertr\u00e4ffar alla f\u00f6rv\u00e4ntningar. Fast egentligen \u00e4r v\u00e4l allt precis som f\u00f6re. F\u00f6rutom utbetalningarna man f\u00e5r utan krav p\u00e5 motprestation d\u00e5. Jag kan inte p\u00e5st\u00e5 att man lider. Tur att man inte \u00e4r konstn\u00e4r... Eller \u00e4r man det? Men ett liv\u2026","rel":"","context":"In &quot;Betraktelser &amp; Ber\u00e4ttelse&quot;","block_context":{"text":"Betraktelser &amp; Ber\u00e4ttelse","link":"https:\/\/www.akehedman.se\/wordpress\/?cat=24"},"img":{"alt_text":"black and white no war text","src":"https:\/\/i0.wp.com\/www.akehedman.se\/wordpress\/wp-content\/uploads\/2022\/04\/pexels-photo-3831760.jpeg?resize=350%2C200&ssl=1","width":350,"height":200,"srcset":"https:\/\/i0.wp.com\/www.akehedman.se\/wordpress\/wp-content\/uploads\/2022\/04\/pexels-photo-3831760.jpeg?resize=350%2C200&ssl=1 1x, https:\/\/i0.wp.com\/www.akehedman.se\/wordpress\/wp-content\/uploads\/2022\/04\/pexels-photo-3831760.jpeg?resize=525%2C300&ssl=1 1.5x, https:\/\/i0.wp.com\/www.akehedman.se\/wordpress\/wp-content\/uploads\/2022\/04\/pexels-photo-3831760.jpeg?resize=700%2C400&ssl=1 2x"},"classes":[]},{"id":31324,"url":"https:\/\/www.akehedman.se\/wordpress\/?p=31324","url_meta":{"origin":49362,"position":2},"title":"Ekorre","author":"\u00c5ke Hedman","date":"2019-01-11","format":false,"excerpt":"Ekorren, han som sitter och smaskar vid f\u00e5gelbordet, och jag tittar f\u00f6rv\u00e5nat p\u00e5 varandra. Det drar n\u00e4mligen till i tr\u00e4den ovanf\u00f6r oss. S\u00e5d\u00e4r riktigt shhhhhhhhhhwooooofffff. Men bara en kort stund. Han (som som mycket v\u00e4l kan vara en \"hon\") \u00e4r hungrig och jag v\u00e4nder och v\u00e4ntar med f\u00e5gelmatsfyllningen tills ekorrars\u2026","rel":"","context":"In &quot;Betraktelser &amp; Ber\u00e4ttelse&quot;","block_context":{"text":"Betraktelser &amp; Ber\u00e4ttelse","link":"https:\/\/www.akehedman.se\/wordpress\/?cat=24"},"img":{"alt_text":"","src":"","width":0,"height":0},"classes":[]},{"id":3524,"url":"https:\/\/www.akehedman.se\/wordpress\/?p=3524","url_meta":{"origin":49362,"position":3},"title":"V\u00e4rldsutst\u00e4llningen 1964","author":"\u00c5ke Hedman","date":"2013-03-06","format":false,"excerpt":"Jag var \u00e5tta \u00e5r. Farsan och Lars-Erik J\u00e4rvefelt kom hem fr\u00e5n V\u00e4rldsutst\u00e4llningen 1964 i New York. En packe bilder som kommer senare fanns s\u00e5klart med hem. Dom h\u00e4r tv\u00e5 och en bild p\u00e5 Empire State building gjorde st\u00f6rst intryck p\u00e5 mig. Det \u00e4r en framtidsvision om hur bilarna skulle se\u2026","rel":"","context":"In &quot;Betraktelser &amp; Ber\u00e4ttelse&quot;","block_context":{"text":"Betraktelser &amp; Ber\u00e4ttelse","link":"https:\/\/www.akehedman.se\/wordpress\/?cat=24"},"img":{"alt_text":"ScanImage1537","src":"https:\/\/i0.wp.com\/www.eurosource.se\/akhe\/wordpress\/wp-content\/uploads\/2013\/03\/ScanImage1537.jpg?resize=350%2C200","width":350,"height":200,"srcset":"https:\/\/i0.wp.com\/www.eurosource.se\/akhe\/wordpress\/wp-content\/uploads\/2013\/03\/ScanImage1537.jpg?resize=350%2C200 1x, https:\/\/i0.wp.com\/www.eurosource.se\/akhe\/wordpress\/wp-content\/uploads\/2013\/03\/ScanImage1537.jpg?resize=525%2C300 1.5x, https:\/\/i0.wp.com\/www.eurosource.se\/akhe\/wordpress\/wp-content\/uploads\/2013\/03\/ScanImage1537.jpg?resize=700%2C400 2x, https:\/\/i0.wp.com\/www.eurosource.se\/akhe\/wordpress\/wp-content\/uploads\/2013\/03\/ScanImage1537.jpg?resize=1050%2C600 3x, https:\/\/i0.wp.com\/www.eurosource.se\/akhe\/wordpress\/wp-content\/uploads\/2013\/03\/ScanImage1537.jpg?resize=1400%2C800 4x"},"classes":[]},{"id":35050,"url":"https:\/\/www.akehedman.se\/wordpress\/?p=35050","url_meta":{"origin":49362,"position":4},"title":"Inte stor nu inte","author":"\u00c5ke Hedman","date":"2020-05-04","format":false,"excerpt":"Fr\u00e5gan \u00e4r v\u00e4l om man kan kalla \"sn\u00f6h\u00f6gen\" f\u00f6r \"sn\u00f6h\u00f6g\" nu l\u00e4ngre. Det tar sig allts\u00e5. Detta och h\u00e4rligt st\u00e4ndigt f\u00e5gelkvitter och en och annan solstr\u00e5le som n\u00e5r fram ocks\u00e5 till en ogudaktig m\u00e4nniska som mig. Annars \u00e4r det mer hosta och snorande. Finns inget slut p\u00e5 detta tydligen. Men\u2026","rel":"","context":"In &quot;Betraktelser &amp; Ber\u00e4ttelse&quot;","block_context":{"text":"Betraktelser &amp; Ber\u00e4ttelse","link":"https:\/\/www.akehedman.se\/wordpress\/?cat=24"},"img":{"alt_text":"","src":"https:\/\/i0.wp.com\/www.akehedman.se\/wordpress\/wp-content\/uploads\/2020\/05\/IMG_20200503_141337712.jpg?resize=350%2C200&ssl=1","width":350,"height":200,"srcset":"https:\/\/i0.wp.com\/www.akehedman.se\/wordpress\/wp-content\/uploads\/2020\/05\/IMG_20200503_141337712.jpg?resize=350%2C200&ssl=1 1x, https:\/\/i0.wp.com\/www.akehedman.se\/wordpress\/wp-content\/uploads\/2020\/05\/IMG_20200503_141337712.jpg?resize=525%2C300&ssl=1 1.5x, https:\/\/i0.wp.com\/www.akehedman.se\/wordpress\/wp-content\/uploads\/2020\/05\/IMG_20200503_141337712.jpg?resize=700%2C400&ssl=1 2x, https:\/\/i0.wp.com\/www.akehedman.se\/wordpress\/wp-content\/uploads\/2020\/05\/IMG_20200503_141337712.jpg?resize=1050%2C600&ssl=1 3x, https:\/\/i0.wp.com\/www.akehedman.se\/wordpress\/wp-content\/uploads\/2020\/05\/IMG_20200503_141337712.jpg?resize=1400%2C800&ssl=1 4x"},"classes":[]},{"id":46955,"url":"https:\/\/www.akehedman.se\/wordpress\/?p=46955","url_meta":{"origin":49362,"position":5},"title":"Kallt","author":"\u00c5ke Hedman","date":"2024-01-15","format":false,"excerpt":"Photo by Ruvim Miksanskiy on Pexels.com Minus femton d\u00e4r ute. Hulken maxad. Sn\u00f6n gnistrar i gatljuset. Man vill inte g\u00e5 ut. Men pelletsleverans idag. Man m\u00e5ste nog ut. Om Hulken skall h\u00e5llas ig\u00e5ng. Skall kunna g\u00f6ra sitt viktiga jobb. Ja d\u00e5 m\u00e5ste pelletss\u00e4ckar b\u00e4ras in. Mitt jobb.?Som man blir varm\u2026","rel":"","context":"In &quot;Swedish&quot;","block_context":{"text":"Swedish","link":"https:\/\/www.akehedman.se\/wordpress\/?cat=2"},"img":{"alt_text":"aerial photography of snow covered trees","src":"https:\/\/i0.wp.com\/www.akehedman.se\/wordpress\/wp-content\/uploads\/2024\/01\/pexels-photo-1438761.jpeg?resize=350%2C200&ssl=1","width":350,"height":200,"srcset":"https:\/\/i0.wp.com\/www.akehedman.se\/wordpress\/wp-content\/uploads\/2024\/01\/pexels-photo-1438761.jpeg?resize=350%2C200&ssl=1 1x, https:\/\/i0.wp.com\/www.akehedman.se\/wordpress\/wp-content\/uploads\/2024\/01\/pexels-photo-1438761.jpeg?resize=525%2C300&ssl=1 1.5x, https:\/\/i0.wp.com\/www.akehedman.se\/wordpress\/wp-content\/uploads\/2024\/01\/pexels-photo-1438761.jpeg?resize=700%2C400&ssl=1 2x, https:\/\/i0.wp.com\/www.akehedman.se\/wordpress\/wp-content\/uploads\/2024\/01\/pexels-photo-1438761.jpeg?resize=1050%2C600&ssl=1 3x, https:\/\/i0.wp.com\/www.akehedman.se\/wordpress\/wp-content\/uploads\/2024\/01\/pexels-photo-1438761.jpeg?resize=1400%2C800&ssl=1 4x"},"classes":[]}],"jetpack_shortlink":"https:\/\/wp.me\/p68PL2-cQa","_links":{"self":[{"href":"https:\/\/www.akehedman.se\/wordpress\/index.php?rest_route=\/wp\/v2\/posts\/49362","targetHints":{"allow":["GET"]}}],"collection":[{"href":"https:\/\/www.akehedman.se\/wordpress\/index.php?rest_route=\/wp\/v2\/posts"}],"about":[{"href":"https:\/\/www.akehedman.se\/wordpress\/index.php?rest_route=\/wp\/v2\/types\/post"}],"author":[{"embeddable":true,"href":"https:\/\/www.akehedman.se\/wordpress\/index.php?rest_route=\/wp\/v2\/users\/24"}],"replies":[{"embeddable":true,"href":"https:\/\/www.akehedman.se\/wordpress\/index.php?rest_route=%2Fwp%2Fv2%2Fcomments&post=49362"}],"version-history":[{"count":1,"href":"https:\/\/www.akehedman.se\/wordpress\/index.php?rest_route=\/wp\/v2\/posts\/49362\/revisions"}],"predecessor-version":[{"id":49364,"href":"https:\/\/www.akehedman.se\/wordpress\/index.php?rest_route=\/wp\/v2\/posts\/49362\/revisions\/49364"}],"wp:attachment":[{"href":"https:\/\/www.akehedman.se\/wordpress\/index.php?rest_route=%2Fwp%2Fv2%2Fmedia&parent=49362"}],"wp:term":[{"taxonomy":"category","embeddable":true,"href":"https:\/\/www.akehedman.se\/wordpress\/index.php?rest_route=%2Fwp%2Fv2%2Fcategories&post=49362"},{"taxonomy":"post_tag","embeddable":true,"href":"https:\/\/www.akehedman.se\/wordpress\/index.php?rest_route=%2Fwp%2Fv2%2Ftags&post=49362"}],"curies":[{"name":"wp","href":"https:\/\/api.w.org\/{rel}","templated":true}]}}