{"id":49172,"date":"2025-02-21T13:24:26","date_gmt":"2025-02-21T12:24:26","guid":{"rendered":"https:\/\/www.akehedman.se\/wordpress\/?p=49172"},"modified":"2025-02-21T13:25:48","modified_gmt":"2025-02-21T12:25:48","slug":"jo-jo-5","status":"publish","type":"post","link":"https:\/\/www.akehedman.se\/wordpress\/?p=49172","title":{"rendered":"Jo Jo"},"content":{"rendered":"<div class=\"wp-block-image\">\n<figure class=\"aligncenter size-full\"><img data-recalc-dims=\"1\" loading=\"lazy\" decoding=\"async\" width=\"247\" height=\"538\" src=\"https:\/\/i0.wp.com\/www.akehedman.se\/wordpress\/wp-content\/uploads\/2025\/02\/air_logo_negative.jpg?resize=247%2C538&#038;ssl=1\" alt=\"\" class=\"wp-image-49173\" srcset=\"https:\/\/i0.wp.com\/www.akehedman.se\/wordpress\/wp-content\/uploads\/2025\/02\/air_logo_negative.jpg?w=247&amp;ssl=1 247w, https:\/\/i0.wp.com\/www.akehedman.se\/wordpress\/wp-content\/uploads\/2025\/02\/air_logo_negative.jpg?resize=138%2C300&amp;ssl=1 138w\" sizes=\"auto, (max-width: 247px) 100vw, 247px\" \/><\/figure>\n<\/div>\n\n\n<p class=\"wp-block-paragraph\">V\u00e5r gamle trummis f\u00e5r en fr\u00e5ga om vi vill spela. Platsen \u00e4r underbar. V\u00e5rt gamla hemmascen liksom.  Anledningen \u00e4r ocks\u00e5 lite kul. Arrang\u00f6rens pappa har h\u00f6rt oss n\u00e4r han var ung. S\u00e5 l\u00e5ngt har det allts\u00e5 g\u00e5tt. Det beh\u00f6vs flera led till den tid man r\u00e4knades i.  Mer ute kan man inte bli.<\/p>\n\n\n\n<p class=\"wp-block-paragraph\">Men <strong>nej<\/strong> s\u00e5klart. Det d\u00e4r \u00e4r \u00f6ver.  Verkligen s\u00e5.<\/p>\n\n\n\n<p class=\"wp-block-paragraph\">Jag har visserligen f\u00f6rs\u00f6kt f\u00e5 till n\u00e5got med den nya &#8220;<em>musiken<\/em>&#8221; jag g\u00f6r. Men gett upp det ocks\u00e5. Har inte kontakterna. Den sista spelen ligger bakom mig nu. S\u00e5 \u00e4r det bara. Men m\u00e5nga fina minne har man ju fr\u00e5n det d\u00e4r.<\/p>\n\n\n\n<p class=\"wp-block-paragraph\">V\u00e5rsol h\u00e4r annars idag. \u00c4kta v\u00e4rmande. Ljuset har en annan f\u00e4rg. Det \u00e4r inte det d\u00e4r bleka vintersolljuset. Det \u00e4r en gl\u00e4dje att f\u00e5 tillbringa lite tid ute med att b\u00e4ra in en pall pellets en s\u00e5dan h\u00e4r dag. Man k\u00e4nner sig och blir helt klart upplyft i sinnet.<\/p>\n\n\n\n<p class=\"wp-block-paragraph\">Men nu kodande. Inb\u00e4ddat. Trivs allts\u00e5 som en fisk i renat vatten. Dessutom har jag inhandlat lite godis. Har kokat kaffe. Letat upp en bulle. Livet \u00e4r liksom s\u00e5 bra det kan vara. H\u00e4r och nu. Nej, hinner liksom inte med minnen heller. Kanske finns det tid f\u00f6r s\u00e5dant ocks\u00e5 senare. <\/p>\n","protected":false},"excerpt":{"rendered":"<p>V\u00e5r gamle trummis f\u00e5r en fr\u00e5ga om vi vill spela. Platsen \u00e4r underbar. V\u00e5rt gamla hemmascen liksom. Anledningen \u00e4r ocks\u00e5 lite kul. Arrang\u00f6rens pappa har h\u00f6rt oss n\u00e4r han var ung. S\u00e5 l\u00e5ngt har det allts\u00e5 g\u00e5tt. Det beh\u00f6vs flera led till den tid man r\u00e4knades i. Mer ute kan man inte bli. Men nej [&hellip;]<\/p>\n","protected":false},"author":24,"featured_media":0,"comment_status":"open","ping_status":"open","sticky":false,"template":"","format":"standard","meta":{"_crdt_document":"","jetpack_post_was_ever_published":false,"_jetpack_newsletter_access":"","_jetpack_dont_email_post_to_subs":false,"_jetpack_newsletter_tier_id":0,"_jetpack_memberships_contains_paywalled_content":false,"_jetpack_memberships_contains_paid_content":false,"footnotes":"","jetpack_publicize_message":"","jetpack_publicize_feature_enabled":true,"jetpack_social_post_already_shared":true,"jetpack_social_options":{"image_generator_settings":{"template":"highway","default_image_id":0,"font":"","enabled":false},"version":2}},"categories":[24,9],"tags":[],"class_list":["post-49172","post","type-post","status-publish","format-standard","hentry","category-betraktelser","category-musik"],"jetpack_publicize_connections":[],"jetpack_featured_media_url":"","jetpack_sharing_enabled":true,"jetpack_likes_enabled":true,"jetpack-related-posts":[{"id":16020,"url":"https:\/\/www.akehedman.se\/wordpress\/?p=16020","url_meta":{"origin":49172,"position":0},"title":"Oxdragarveckor","author":"\u00c5ke Hedman","date":"2015-01-07","format":false,"excerpt":"Jag t\u00e4nder ljuset, har precis \u00e4ntrat kontoret. F\u00f6r tr\u00f6tt f\u00f6r ett leende n\u00e4r jag stiger in igenom d\u00f6rren, men magen ler \u00e4nd\u00e5 i den d\u00e4r gok\u00e4nslan, kurrar till, h\u00e4r vill den vara, och jag vet att hj\u00e4rnan och resten av kroppen \u00e4r med p\u00e5 det hela ocks\u00e5. Jag kliver upp\u2026","rel":"","context":"In &quot;Betraktelser &amp; Ber\u00e4ttelse&quot;","block_context":{"text":"Betraktelser &amp; Ber\u00e4ttelse","link":"https:\/\/www.akehedman.se\/wordpress\/?cat=24"},"img":{"alt_text":"002","src":"https:\/\/i0.wp.com\/www.akehedman.se\/wordpress\/wp-content\/uploads\/2015\/01\/002-768x1024.jpg?resize=350%2C200","width":350,"height":200,"srcset":"https:\/\/i0.wp.com\/www.akehedman.se\/wordpress\/wp-content\/uploads\/2015\/01\/002-768x1024.jpg?resize=350%2C200 1x, https:\/\/i0.wp.com\/www.akehedman.se\/wordpress\/wp-content\/uploads\/2015\/01\/002-768x1024.jpg?resize=525%2C300 1.5x"},"classes":[]},{"id":39148,"url":"https:\/\/www.akehedman.se\/wordpress\/?p=39148","url_meta":{"origin":49172,"position":1},"title":"En s\u00e5n h\u00e4r dag","author":"\u00c5ke Hedman","date":"2021-06-15","format":false,"excerpt":"Det var nog ganska s\u00e4kert exakt en s\u00e5dan h\u00e4r dag. En dag som redan n\u00e4r man vaknar s\u00e4ger att idag blir det riktig sommar, njut m\u00e4nniska, f\u00f6r du f\u00e5r inte m\u00e5nga s\u00e5dan h\u00e4r dagar i ditt liv. Kanske var det precis just den 15 juni ocks\u00e5. Som idag. Detaljer. Man\u2026","rel":"","context":"In &quot;Betraktelser &amp; Ber\u00e4ttelse&quot;","block_context":{"text":"Betraktelser &amp; Ber\u00e4ttelse","link":"https:\/\/www.akehedman.se\/wordpress\/?cat=24"},"img":{"alt_text":"","src":"https:\/\/i0.wp.com\/www.akehedman.se\/wordpress\/wp-content\/uploads\/2021\/06\/download.png?resize=350%2C200&ssl=1","width":350,"height":200,"srcset":"https:\/\/i0.wp.com\/www.akehedman.se\/wordpress\/wp-content\/uploads\/2021\/06\/download.png?resize=350%2C200&ssl=1 1x, https:\/\/i0.wp.com\/www.akehedman.se\/wordpress\/wp-content\/uploads\/2021\/06\/download.png?resize=525%2C300&ssl=1 1.5x, https:\/\/i0.wp.com\/www.akehedman.se\/wordpress\/wp-content\/uploads\/2021\/06\/download.png?resize=700%2C400&ssl=1 2x, https:\/\/i0.wp.com\/www.akehedman.se\/wordpress\/wp-content\/uploads\/2021\/06\/download.png?resize=1050%2C600&ssl=1 3x, https:\/\/i0.wp.com\/www.akehedman.se\/wordpress\/wp-content\/uploads\/2021\/06\/download.png?resize=1400%2C800&ssl=1 4x"},"classes":[]},{"id":25154,"url":"https:\/\/www.akehedman.se\/wordpress\/?p=25154","url_meta":{"origin":49172,"position":2},"title":"Senast l\u00e4sta bok","author":"\u00c5ke Hedman","date":"2017-08-28","format":false,"excerpt":"1968 av Jan Guillou (Adlibris h\u00e4r) Ni som f\u00f6ljer min blogg vet att jag har verkligen gillat den h\u00e4r serien av Jan Guillou. VERKLIGEN GILLAR! Jan har ett s\u00e4tt att v\u00e4nda p\u00e5 perspektiven som f\u00e5r ens tankar att \u00e5ka med i en hissnande berg och dalbana d\u00e4r man l\u00e4r sig\u2026","rel":"","context":"In &quot;B\u00f6cker&quot;","block_context":{"text":"B\u00f6cker","link":"https:\/\/www.akehedman.se\/wordpress\/?cat=13"},"img":{"alt_text":"","src":"https:\/\/i0.wp.com\/www.akehedman.se\/wordpress\/wp-content\/uploads\/2017\/08\/9789164205155_200x_1968.jpeg?resize=350%2C200","width":350,"height":200},"classes":[]},{"id":45111,"url":"https:\/\/www.akehedman.se\/wordpress\/?p=45111","url_meta":{"origin":49172,"position":3},"title":"!Vinter","author":"\u00c5ke Hedman","date":"2023-05-21","format":false,"excerpt":"Ingen himmel har fallit ner \u00f6ver i mitt huvud. Fast man n\u00e4stan kan f\u00f6rv\u00e4nta sig det n\u00e4r sommaren breder ut sig med full kraft s\u00e5h\u00e4r i maj. Men inte ens sm\u00e5fragment av himmel synes till n\u00e4r jag sitter d\u00e4r ute i tr\u00e4dg\u00e5rdsm\u00f6blerna och hoppas p\u00e5 koltrasts\u00e5ng. Klipper gr\u00e4smatta. Jo. Det\u2026","rel":"","context":"In &quot;Swedish&quot;","block_context":{"text":"Swedish","link":"https:\/\/www.akehedman.se\/wordpress\/?cat=2"},"img":{"alt_text":"","src":"https:\/\/i0.wp.com\/www.akehedman.se\/wordpress\/wp-content\/uploads\/2023\/05\/IMG_20210624_164057-ANIMATION.gif?resize=350%2C200&ssl=1","width":350,"height":200,"srcset":"https:\/\/i0.wp.com\/www.akehedman.se\/wordpress\/wp-content\/uploads\/2023\/05\/IMG_20210624_164057-ANIMATION.gif?resize=350%2C200&ssl=1 1x, https:\/\/i0.wp.com\/www.akehedman.se\/wordpress\/wp-content\/uploads\/2023\/05\/IMG_20210624_164057-ANIMATION.gif?resize=525%2C300&ssl=1 1.5x, https:\/\/i0.wp.com\/www.akehedman.se\/wordpress\/wp-content\/uploads\/2023\/05\/IMG_20210624_164057-ANIMATION.gif?resize=700%2C400&ssl=1 2x"},"classes":[]},{"id":48865,"url":"https:\/\/www.akehedman.se\/wordpress\/?p=48865","url_meta":{"origin":49172,"position":4},"title":"Dan efter sn\u00f6fall","author":"\u00c5ke Hedman","date":"2024-12-22","format":false,"excerpt":"\u00c4nda sedan vi flyttade upp hit s\u00e5 har jag \u00e4lskat de h\u00e4r dagarna efter sn\u00f6fallen. Numera tar den sn\u00e4lle mannen i den gula stora traktorn tar det mesta under tidigare morgontimmar. Men det finns kvar f\u00f6r en timmes skottande d\u00e4r ute f\u00f6r mig ocks\u00e5. Den d\u00e4r k\u00e4nslan avtar iof fram\u00e5t\u2026","rel":"","context":"In &quot;Betraktelser &amp; Ber\u00e4ttelse&quot;","block_context":{"text":"Betraktelser &amp; Ber\u00e4ttelse","link":"https:\/\/www.akehedman.se\/wordpress\/?cat=24"},"img":{"alt_text":"","src":"https:\/\/i0.wp.com\/www.akehedman.se\/wordpress\/wp-content\/uploads\/2024\/12\/IMG_20241222_154358-scaled.jpg?resize=350%2C200&ssl=1","width":350,"height":200,"srcset":"https:\/\/i0.wp.com\/www.akehedman.se\/wordpress\/wp-content\/uploads\/2024\/12\/IMG_20241222_154358-scaled.jpg?resize=350%2C200&ssl=1 1x, https:\/\/i0.wp.com\/www.akehedman.se\/wordpress\/wp-content\/uploads\/2024\/12\/IMG_20241222_154358-scaled.jpg?resize=525%2C300&ssl=1 1.5x, https:\/\/i0.wp.com\/www.akehedman.se\/wordpress\/wp-content\/uploads\/2024\/12\/IMG_20241222_154358-scaled.jpg?resize=700%2C400&ssl=1 2x, https:\/\/i0.wp.com\/www.akehedman.se\/wordpress\/wp-content\/uploads\/2024\/12\/IMG_20241222_154358-scaled.jpg?resize=1050%2C600&ssl=1 3x, https:\/\/i0.wp.com\/www.akehedman.se\/wordpress\/wp-content\/uploads\/2024\/12\/IMG_20241222_154358-scaled.jpg?resize=1400%2C800&ssl=1 4x"},"classes":[]},{"id":32590,"url":"https:\/\/www.akehedman.se\/wordpress\/?p=32590","url_meta":{"origin":49172,"position":5},"title":"Tiden","author":"\u00c5ke Hedman","date":"2019-07-24","format":false,"excerpt":"Att l\u00e5ta tiden g\u00e5, att bara l\u00e5ta klockan ticka p\u00e5 utan h\u00e5llpunkter \u00e4r egentligen inte jag. Men nu, just nu, h\u00e4r p\u00e5 en kulle i H\u00e4lsingland \u00e4r det just s\u00e5. Tiden bara g\u00e5r. Man f\u00f6ljer bara med. Det \u00e4r inte ens oangen\u00e4mt. I alla fall om man inte funderar p\u00e5\u2026","rel":"","context":"In &quot;Betraktelser &amp; Ber\u00e4ttelse&quot;","block_context":{"text":"Betraktelser &amp; Ber\u00e4ttelse","link":"https:\/\/www.akehedman.se\/wordpress\/?cat=24"},"img":{"alt_text":"","src":"https:\/\/i0.wp.com\/www.akehedman.se\/wordpress\/wp-content\/uploads\/2019\/07\/Screenshot-from-2019-07-24-17-12-06.png?resize=350%2C200&ssl=1","width":350,"height":200,"srcset":"https:\/\/i0.wp.com\/www.akehedman.se\/wordpress\/wp-content\/uploads\/2019\/07\/Screenshot-from-2019-07-24-17-12-06.png?resize=350%2C200&ssl=1 1x, https:\/\/i0.wp.com\/www.akehedman.se\/wordpress\/wp-content\/uploads\/2019\/07\/Screenshot-from-2019-07-24-17-12-06.png?resize=525%2C300&ssl=1 1.5x, https:\/\/i0.wp.com\/www.akehedman.se\/wordpress\/wp-content\/uploads\/2019\/07\/Screenshot-from-2019-07-24-17-12-06.png?resize=700%2C400&ssl=1 2x"},"classes":[]}],"jetpack_shortlink":"https:\/\/wp.me\/p68PL2-cN6","_links":{"self":[{"href":"https:\/\/www.akehedman.se\/wordpress\/index.php?rest_route=\/wp\/v2\/posts\/49172","targetHints":{"allow":["GET"]}}],"collection":[{"href":"https:\/\/www.akehedman.se\/wordpress\/index.php?rest_route=\/wp\/v2\/posts"}],"about":[{"href":"https:\/\/www.akehedman.se\/wordpress\/index.php?rest_route=\/wp\/v2\/types\/post"}],"author":[{"embeddable":true,"href":"https:\/\/www.akehedman.se\/wordpress\/index.php?rest_route=\/wp\/v2\/users\/24"}],"replies":[{"embeddable":true,"href":"https:\/\/www.akehedman.se\/wordpress\/index.php?rest_route=%2Fwp%2Fv2%2Fcomments&post=49172"}],"version-history":[{"count":3,"href":"https:\/\/www.akehedman.se\/wordpress\/index.php?rest_route=\/wp\/v2\/posts\/49172\/revisions"}],"predecessor-version":[{"id":49176,"href":"https:\/\/www.akehedman.se\/wordpress\/index.php?rest_route=\/wp\/v2\/posts\/49172\/revisions\/49176"}],"wp:attachment":[{"href":"https:\/\/www.akehedman.se\/wordpress\/index.php?rest_route=%2Fwp%2Fv2%2Fmedia&parent=49172"}],"wp:term":[{"taxonomy":"category","embeddable":true,"href":"https:\/\/www.akehedman.se\/wordpress\/index.php?rest_route=%2Fwp%2Fv2%2Fcategories&post=49172"},{"taxonomy":"post_tag","embeddable":true,"href":"https:\/\/www.akehedman.se\/wordpress\/index.php?rest_route=%2Fwp%2Fv2%2Ftags&post=49172"}],"curies":[{"name":"wp","href":"https:\/\/api.w.org\/{rel}","templated":true}]}}