{"id":49064,"date":"2025-01-29T09:22:24","date_gmt":"2025-01-29T08:22:24","guid":{"rendered":"https:\/\/www.akehedman.se\/wordpress\/?p=49064"},"modified":"2025-02-03T17:35:40","modified_gmt":"2025-02-03T16:35:40","slug":"insikt-2","status":"publish","type":"post","link":"https:\/\/www.akehedman.se\/wordpress\/?p=49064","title":{"rendered":"Insikt"},"content":{"rendered":"\n<figure class=\"wp-block-image size-full\"><img data-recalc-dims=\"1\" loading=\"lazy\" decoding=\"async\" width=\"580\" height=\"387\" src=\"https:\/\/i0.wp.com\/www.akehedman.se\/wordpress\/wp-content\/uploads\/2025\/01\/pexels-photo-4226264.jpeg?resize=580%2C387&#038;ssl=1\" alt=\"close up shot of mri results\" class=\"wp-image-49065\" srcset=\"https:\/\/i0.wp.com\/www.akehedman.se\/wordpress\/wp-content\/uploads\/2025\/01\/pexels-photo-4226264.jpeg?w=1880&amp;ssl=1 1880w, https:\/\/i0.wp.com\/www.akehedman.se\/wordpress\/wp-content\/uploads\/2025\/01\/pexels-photo-4226264.jpeg?resize=300%2C200&amp;ssl=1 300w, https:\/\/i0.wp.com\/www.akehedman.se\/wordpress\/wp-content\/uploads\/2025\/01\/pexels-photo-4226264.jpeg?resize=1024%2C682&amp;ssl=1 1024w, https:\/\/i0.wp.com\/www.akehedman.se\/wordpress\/wp-content\/uploads\/2025\/01\/pexels-photo-4226264.jpeg?resize=768%2C512&amp;ssl=1 768w, https:\/\/i0.wp.com\/www.akehedman.se\/wordpress\/wp-content\/uploads\/2025\/01\/pexels-photo-4226264.jpeg?resize=1536%2C1024&amp;ssl=1 1536w, https:\/\/i0.wp.com\/www.akehedman.se\/wordpress\/wp-content\/uploads\/2025\/01\/pexels-photo-4226264.jpeg?resize=1200%2C800&amp;ssl=1 1200w, https:\/\/i0.wp.com\/www.akehedman.se\/wordpress\/wp-content\/uploads\/2025\/01\/pexels-photo-4226264.jpeg?w=1740&amp;ssl=1 1740w\" sizes=\"auto, (max-width: 580px) 100vw, 580px\" \/><figcaption class=\"wp-element-caption\">Photo by Anna Shvets on <a href=\"https:\/\/www.pexels.com\/photo\/close-up-shot-of-mri-results-4226264\/\" rel=\"nofollow\">Pexels.com<\/a><\/figcaption><\/figure>\n\n\n\n<p class=\"wp-block-paragraph\">Kommer till insikt i natten&#8230; att ha en hj\u00e4rna \u00e4r ju ingen garanti.  Man b\u00f6r anv\u00e4nda den ocks\u00e5&#8230; Hmm&#8230;. Man \u00e4r allts\u00e5 inte helt off the hook.<\/p>\n\n\n\n<p class=\"wp-block-paragraph\">Trist.<\/p>\n\n\n\n<p class=\"wp-block-paragraph\">Men onsdag. Det \u00e4r v\u00e4l egentligen inget fel p\u00e5 onsdagar annat \u00e4n att veckan b\u00f6rjar ta slut. Men efter vad jag f\u00f6rst\u00e5r s\u00e5 kommer en helt obruten vecka n\u00e4sta vecka.  S\u00e5 trotts hastigt framskridande tid finns det allts\u00e5 hopp. Ja om man lever och allt de d\u00e4r.<\/p>\n\n\n\n<p class=\"wp-block-paragraph\">Jag jobbar allts\u00e5 med en release. Drygt tv\u00e5 \u00e5r tog det av varjedagsutveckling. L\u00e5nga dagar med kodande och lite t\u00e4nkande d\u00e4remellan. R\u00e4tt mycket svett.  Troligen kommer v\u00e4l grejerna anv\u00e4ndas. Ja av mig i alla fall. M\u00f6jligen av tre till.  Kan leva med det. Kanske&#8230;<\/p>\n\n\n\n<p class=\"wp-block-paragraph\">Men det skall skrivas en massa ord ocks\u00e5. Det skall g\u00f6ras en video. De d\u00e4r sista grejerna skall fixas. S\u00e5 det finns att g\u00f6ra. Som vanligt och som alltid. Vet inte varf\u00f6r jag \u00e4lskar det h\u00e4r. Men det k\u00e4nns \u00e4nd\u00e5 som jag n\u00e5gonstans blev programmerad f\u00f6r att g\u00e5 den h\u00e4r v\u00e4gen. Att det finns en mening \u00e5tminstone i det h\u00e4nseendet. Kan vara en hj\u00e4rnskada som inte syns p\u00e5 magnetr\u00f6ntgen<\/p>\n\n\n\n<p class=\"wp-block-paragraph\">I helgen har K evenemang i tv\u00e5 dar med v\u00e4nner.  Sj\u00e4lv har jag planerat f\u00f6r att s\u00e4tta mig i studion. G\u00f6ra &#8220;<em>musik<\/em>&#8220;. Finns ju gl\u00e4dje d\u00e4r ocks\u00e5. Ungef\u00e4r lika stor. Ja och de som \u00e4r mottagliga f\u00f6r mina prestationer som kommer d\u00e4rifr\u00e5n \u00e4r v\u00e4l ungef\u00e4r lika f\u00e5 som utfallet fr\u00e5n programmeringsjobbet. Men det g\u00e5r ocks\u00e5 att leva med.   Kanske&#8230;<\/p>\n\n\n\n<p class=\"wp-block-paragraph\">Men hur som haver s\u00e5 blir det allts\u00e5 onyttigt d\u00e5 i helgen. F\u00e5r v\u00e4l inhandla n\u00e5gra semlor p\u00e5 Wilmars (v\u00e5rt lokala bageri).  K\u00f6pa lite godis. Lite dricka. Whiskyn m\u00e5ste v\u00e4l st\u00e5 d\u00e4r den st\u00e5r. Det skall skjutsas och h\u00e4mtas lite ocks\u00e5. D\u00e5 b\u00f6r man ha s\u00e5 lite sprit i kroppen som m\u00f6jligt.  Men med en god upps\u00e4ttning andra gotter s\u00e5 skall det nog g\u00e5 att ta sig fram\u00e5t i det d\u00e4r ocks\u00e5. L\u00e4ngtar lite.<\/p>\n\n\n\n<p class=\"wp-block-paragraph\">Det sista benet. Skrivandet. Ja det \u00e4r ju det jag g\u00f6r h\u00e4r ocks\u00e5. Men det \u00e4r v\u00e4l samma sak d\u00e4r. Men kan inte l\u00e5ta bli det heller. I kortform. Ja skulle v\u00e4l vilja skriva mer. Men tid. Det finns bara ett visst antal timmar. De timmarna skall f\u00f6rdelas mellan det man <strong>VILL<\/strong> g\u00f6ra och det man <strong>M\u00c5STE<\/strong> g\u00f6ra. Jag brukar klara av &#8220;<em>m\u00e5sten<\/em>&#8221; och &#8220;<em>tr\u00e5kigt<\/em>&#8221; f\u00f6rst. Det hindrar mig fr\u00e5n att komma fram till &#8220;<em>kul<\/em>&#8221; m\u00e5nga g\u00e5nger. Ganska typiska l\u00e4get i de flestas liv gissar jag. S\u00e5 varf\u00f6r skulle ja vara annorlunda?<\/p>\n\n\n\n<p class=\"wp-block-paragraph\">Tittar jag tillbaks p\u00e5 livet s\u00e5 har v\u00e4l inte min r\u00f6st h\u00f6rts s\u00e5 tydligt. Jag vet att jag som ung ofta undrade varf\u00f6r det jag sa liksom bara diffunderade iv\u00e4g i luften d\u00e4r man stod eller satt och jiddrade med kamrater. Ingen liksom h\u00f6rde. Andra kunde d\u00e4remot viska och de h\u00f6rdes alldeles utm\u00e4rkt. Av alla.  Ja och det \u00e4r v\u00e4l r\u00e4tt lika idag ocks\u00e5. Trodde ett tag att skrivandet kunde vara min v\u00e4g. Och till viss del har det ju blivit s\u00e5 ocks\u00e5. Fast genomslaget \u00e4r v\u00e4l \u00e4nd\u00e5 r\u00e4tt begr\u00e4nsat i det fallet ocks\u00e5. Ja n\u00e4ra obefintligt. En s\u00e5dan d\u00e4r matematisk litenhet som man kan bortse ifr\u00e5n. Ja, det \u00e4r kanske s\u00e5 man skall definiera sig sj\u00e4lv. Som varandes marginell.<\/p>\n\n\n\n<p class=\"wp-block-paragraph\">Men jag g\u00f6r saker. Har alltid k\u00e4nt stolthet f\u00f6r det. Att ta tanke hela v\u00e4gen till &#8220;<em>klart<\/em>&#8220;. Att g\u00f6ra den d\u00e4r resan. Den ger en inre tillfredsst\u00e4llelse. Och f\u00f6rr hoppades jag v\u00e4l kanske p\u00e5 ovationer n\u00e4r jag n\u00e5dde &#8220;<em>klart<\/em>&#8220;. Fast idag&#8230; man har ju l\u00e4rt sig. Eller funderar inte s\u00e5 mycket p\u00e5 det d\u00e4r. Oftast m\u00f6ts man av att folk vill ha MER. JA och \u00e4nnu MER. Att samma m\u00e4nniskor skulle gjort det man gjort &#8220;<em>klart<\/em>&#8221; b\u00e4ttre och g\u00e4rna talar om det. Eller p\u00e5 ett annat s\u00e4tt. <strong>TACK<\/strong> h\u00f6r man i alla fall s\u00e4llan. Presenter f\u00e5r man n\u00e4r det gynnar givaren. Kamrater har man inga, i alla fall inga som lyfter. De flesta \u00f6nskar ist\u00e4llet att sj\u00e4lva bli lyfta. Och helvete vad jag lyft. Varit f\u00f6r sn\u00e4ll s\u00e5klart. \u00c5t helvete f\u00f6r sn\u00e4ll. Borde uttala &#8220;<em>dra \u00e5t helvete<\/em>&#8221; oftare. Fast egentligen \u00e4r det v\u00e4l det jag g\u00f6r n\u00e4r jag g\u00f6r <strong>MIN<\/strong> grej. Varenda release, varenda l\u00e5t, varenda text \u00e4r ett litet &#8220;<em><strong>dra \u00e5t helvete<\/strong><\/em>&#8221; till alla som aldrig orkade st\u00f6tta det allra minsta en enda g\u00e5ng.<\/p>\n\n\n\n<p class=\"wp-block-paragraph\">Elden som driver p\u00e5. Den kallar. Som varje dag. Gok\u00e4nslan finns i magen. T\u00e4nka sig. \u00c4nd\u00e5 och efter s\u00e5 m\u00e5nga \u00e5r.  <a href=\"https:\/\/open.spotify.com\/track\/6rHh8urosEFRI67xVa6fzU?si=5b1a36bf9bc24feb\" data-type=\"link\" data-id=\"https:\/\/open.spotify.com\/track\/6rHh8urosEFRI67xVa6fzU?si=5b1a36bf9bc24feb\">The fool on the hill<\/a>. Ja det \u00e4r jag det.<\/p>\n","protected":false},"excerpt":{"rendered":"<p>Kommer till insikt i natten&#8230; att ha en hj\u00e4rna \u00e4r ju ingen garanti. Man b\u00f6r anv\u00e4nda den ocks\u00e5&#8230; Hmm&#8230;. Man \u00e4r allts\u00e5 inte helt off the hook. Trist. Men onsdag. Det \u00e4r v\u00e4l egentligen inget fel p\u00e5 onsdagar annat \u00e4n att veckan b\u00f6rjar ta slut. Men efter vad jag f\u00f6rst\u00e5r s\u00e5 kommer en helt obruten [&hellip;]<\/p>\n","protected":false},"author":24,"featured_media":0,"comment_status":"open","ping_status":"open","sticky":false,"template":"","format":"standard","meta":{"_crdt_document":"","jetpack_post_was_ever_published":false,"_jetpack_newsletter_access":"","_jetpack_dont_email_post_to_subs":false,"_jetpack_newsletter_tier_id":0,"_jetpack_memberships_contains_paywalled_content":false,"_jetpack_memberships_contains_paid_content":false,"footnotes":"","jetpack_publicize_message":"","jetpack_publicize_feature_enabled":true,"jetpack_social_post_already_shared":true,"jetpack_social_options":{"image_generator_settings":{"template":"highway","default_image_id":0,"font":"","enabled":false},"version":2}},"categories":[24],"tags":[],"class_list":["post-49064","post","type-post","status-publish","format-standard","hentry","category-betraktelser"],"jetpack_publicize_connections":[],"jetpack_featured_media_url":"","jetpack_sharing_enabled":true,"jetpack_likes_enabled":true,"jetpack-related-posts":[{"id":38421,"url":"https:\/\/www.akehedman.se\/wordpress\/?p=38421","url_meta":{"origin":49064,"position":0},"title":"Sn\u00f6 i april","author":"\u00c5ke Hedman","date":"2021-04-12","format":false,"excerpt":"Nog kan det f\u00e5 sn\u00f6a lite i april ocks\u00e5 om det vill. Inte g\u00f6r det mig s\u00e5 mycket. Nope. Fr\u00f6s gjorde jag redan innan. \u00c4ven inne. Och beh\u00f6ver jag bra inte g\u00e5 ut s\u00e5 g\u00e5r det h\u00e4r hur bra som helst. Jag vet n\u00e4mligen att nysn\u00f6 \u00e4r det absolut b\u00e4sta\u2026","rel":"","context":"In &quot;Betraktelser &amp; Ber\u00e4ttelse&quot;","block_context":{"text":"Betraktelser &amp; Ber\u00e4ttelse","link":"https:\/\/www.akehedman.se\/wordpress\/?cat=24"},"img":{"alt_text":"","src":"https:\/\/i0.wp.com\/www.akehedman.se\/wordpress\/wp-content\/uploads\/2021\/04\/IMG_20210412_142530-01-scaled.jpeg?resize=350%2C200&ssl=1","width":350,"height":200,"srcset":"https:\/\/i0.wp.com\/www.akehedman.se\/wordpress\/wp-content\/uploads\/2021\/04\/IMG_20210412_142530-01-scaled.jpeg?resize=350%2C200&ssl=1 1x, https:\/\/i0.wp.com\/www.akehedman.se\/wordpress\/wp-content\/uploads\/2021\/04\/IMG_20210412_142530-01-scaled.jpeg?resize=525%2C300&ssl=1 1.5x, https:\/\/i0.wp.com\/www.akehedman.se\/wordpress\/wp-content\/uploads\/2021\/04\/IMG_20210412_142530-01-scaled.jpeg?resize=700%2C400&ssl=1 2x, https:\/\/i0.wp.com\/www.akehedman.se\/wordpress\/wp-content\/uploads\/2021\/04\/IMG_20210412_142530-01-scaled.jpeg?resize=1050%2C600&ssl=1 3x, https:\/\/i0.wp.com\/www.akehedman.se\/wordpress\/wp-content\/uploads\/2021\/04\/IMG_20210412_142530-01-scaled.jpeg?resize=1400%2C800&ssl=1 4x"},"classes":[]},{"id":45700,"url":"https:\/\/www.akehedman.se\/wordpress\/?p=45700","url_meta":{"origin":49064,"position":1},"title":"Om","author":"\u00c5ke Hedman","date":"2023-08-11","format":false,"excerpt":"Jack, the tired man, \u00e4r det jag det? Ja, i alla fall k\u00e4nns det s\u00e5. Har k\u00e4nts s\u00e5 hela veckan. Jag orkar knappt g\u00e5 upp f\u00f6r trappan. Upp kommer jag \u00e4nd\u00e5 s\u00e5klart. Fl\u00e5sande. Men utf\u00f6r g\u00e5r det med gubben den som \u00e4r jag. F\u00f6rhoppningsvis \u00e4r det tillf\u00e4lligt och n\u00e5got som\u2026","rel":"","context":"In &quot;Swedish&quot;","block_context":{"text":"Swedish","link":"https:\/\/www.akehedman.se\/wordpress\/?cat=2"},"img":{"alt_text":"","src":"https:\/\/i0.wp.com\/www.akehedman.se\/wordpress\/wp-content\/uploads\/2023\/08\/img014.jpg?resize=350%2C200&ssl=1","width":350,"height":200,"srcset":"https:\/\/i0.wp.com\/www.akehedman.se\/wordpress\/wp-content\/uploads\/2023\/08\/img014.jpg?resize=350%2C200&ssl=1 1x, https:\/\/i0.wp.com\/www.akehedman.se\/wordpress\/wp-content\/uploads\/2023\/08\/img014.jpg?resize=525%2C300&ssl=1 1.5x, https:\/\/i0.wp.com\/www.akehedman.se\/wordpress\/wp-content\/uploads\/2023\/08\/img014.jpg?resize=700%2C400&ssl=1 2x"},"classes":[]},{"id":28086,"url":"https:\/\/www.akehedman.se\/wordpress\/?p=28086","url_meta":{"origin":49064,"position":2},"title":"M\u00e5ndag","author":"\u00c5ke Hedman","date":"2018-04-23","format":false,"excerpt":"Jod\u00e5, b\u00f6rjar dan med att besiktiga bilen. Eller \u00e5terbesiktiga. Tre dagar f\u00f6re k\u00f6rf\u00f6rbud. Det g\u00e5r bra. Den k\u00e4nslan \u00e4r alltid god. Fattar dock fortfarande inte det d\u00e4r med fjortonm\u00e5naders besiktningsperiod. St\u00e5r fortfarande samma tidsspann p\u00e5 papperen jag f\u00e5r. Men sk\u00f6nt att det d\u00e4r \u00e4r klart. Bra start p\u00e5 veckan. 33700\u2026","rel":"","context":"In &quot;Betraktelser &amp; Ber\u00e4ttelse&quot;","block_context":{"text":"Betraktelser &amp; Ber\u00e4ttelse","link":"https:\/\/www.akehedman.se\/wordpress\/?cat=24"},"img":{"alt_text":"","src":"https:\/\/i0.wp.com\/www.akehedman.se\/wordpress\/wp-content\/uploads\/2018\/04\/tallar1-925x1024.png?resize=350%2C200","width":350,"height":200,"srcset":"https:\/\/i0.wp.com\/www.akehedman.se\/wordpress\/wp-content\/uploads\/2018\/04\/tallar1-925x1024.png?resize=350%2C200 1x, https:\/\/i0.wp.com\/www.akehedman.se\/wordpress\/wp-content\/uploads\/2018\/04\/tallar1-925x1024.png?resize=525%2C300 1.5x"},"classes":[]},{"id":46469,"url":"https:\/\/www.akehedman.se\/wordpress\/?p=46469","url_meta":{"origin":49064,"position":3},"title":"\u00c5lderdom","author":"\u00c5ke Hedman","date":"2023-11-13","format":false,"excerpt":"Photo by Craig Dennis on Pexels.com N\u00e4r jag sitter och knappar sent ig\u00e5r s\u00e5 inser jag att projektet jag h\u00e5ller p\u00e5 med \u00e4r nog det sista +1 \u00e5r's projektet jag kommer att g\u00f6ra i livet. Det \u00e4r helt enkelt f\u00f6r jobbigt. F\u00f6r mycket. F\u00f6r lite liv kvar. Det hindrar s\u00e5klart\u2026","rel":"","context":"In &quot;Betraktelser &amp; Ber\u00e4ttelse&quot;","block_context":{"text":"Betraktelser &amp; Ber\u00e4ttelse","link":"https:\/\/www.akehedman.se\/wordpress\/?cat=24"},"img":{"alt_text":"grayscale photo of man sitting on brown wooden bench reading news paper during day time","src":"https:\/\/i0.wp.com\/www.akehedman.se\/wordpress\/wp-content\/uploads\/2023\/11\/pexels-photo-128428.jpeg?resize=350%2C200&ssl=1","width":350,"height":200,"srcset":"https:\/\/i0.wp.com\/www.akehedman.se\/wordpress\/wp-content\/uploads\/2023\/11\/pexels-photo-128428.jpeg?resize=350%2C200&ssl=1 1x, https:\/\/i0.wp.com\/www.akehedman.se\/wordpress\/wp-content\/uploads\/2023\/11\/pexels-photo-128428.jpeg?resize=525%2C300&ssl=1 1.5x, https:\/\/i0.wp.com\/www.akehedman.se\/wordpress\/wp-content\/uploads\/2023\/11\/pexels-photo-128428.jpeg?resize=700%2C400&ssl=1 2x, https:\/\/i0.wp.com\/www.akehedman.se\/wordpress\/wp-content\/uploads\/2023\/11\/pexels-photo-128428.jpeg?resize=1050%2C600&ssl=1 3x, https:\/\/i0.wp.com\/www.akehedman.se\/wordpress\/wp-content\/uploads\/2023\/11\/pexels-photo-128428.jpeg?resize=1400%2C800&ssl=1 4x"},"classes":[]},{"id":29788,"url":"https:\/\/www.akehedman.se\/wordpress\/?p=29788","url_meta":{"origin":49064,"position":4},"title":"Kaffekok","author":"\u00c5ke Hedman","date":"2018-09-12","format":false,"excerpt":"Att s\u00e4tta p\u00e5 en kanna kaffe den h\u00e4r tiden \u00e4r ingen bra ide'. Det \u00e4r ett faktum. F\u00f6rr gick det bra. N\u00e4r nikotinniv\u00e5erna var s\u00e5 h\u00f6ga att en kanna till, varken gjorde till eller ifr\u00e5n. Numera, med ett moderat drickande av kaffe, f\u00f6r att inte s\u00e4ga f\u00f6rsiktigt, kommer det att\u2026","rel":"","context":"In &quot;Betraktelser &amp; Ber\u00e4ttelse&quot;","block_context":{"text":"Betraktelser &amp; Ber\u00e4ttelse","link":"https:\/\/www.akehedman.se\/wordpress\/?cat=24"},"img":{"alt_text":"","src":"https:\/\/i0.wp.com\/www.akehedman.se\/wordpress\/wp-content\/uploads\/2018\/09\/IMG_20180912_204424472.png?resize=350%2C200&ssl=1","width":350,"height":200,"srcset":"https:\/\/i0.wp.com\/www.akehedman.se\/wordpress\/wp-content\/uploads\/2018\/09\/IMG_20180912_204424472.png?resize=350%2C200&ssl=1 1x, https:\/\/i0.wp.com\/www.akehedman.se\/wordpress\/wp-content\/uploads\/2018\/09\/IMG_20180912_204424472.png?resize=525%2C300&ssl=1 1.5x, https:\/\/i0.wp.com\/www.akehedman.se\/wordpress\/wp-content\/uploads\/2018\/09\/IMG_20180912_204424472.png?resize=700%2C400&ssl=1 2x"},"classes":[]},{"id":27093,"url":"https:\/\/www.akehedman.se\/wordpress\/?p=27093","url_meta":{"origin":49064,"position":5},"title":"M\u00e5ndagsblues med v\u00e4nnerna","author":"\u00c5ke Hedman","date":"2018-02-12","format":false,"excerpt":"Det \u00e4r m\u00e5ndag hos mig. Gissar att det \u00e4r det hos er andra ocks\u00e5. Men helt s\u00e4ker kan jag inte vara eftersom jag antagligen inte kommer att prata med n\u00e5gon idag heller. Ja med mig sj\u00e4lv s\u00e5klart och kanske med han\/hon\/det\/gud. I b\u00e5da fallen \u00e4r det d\u00e4r r\u00e4tt meningsl\u00f6sa konversationer.\u2026","rel":"","context":"In &quot;Betraktelser &amp; Ber\u00e4ttelse&quot;","block_context":{"text":"Betraktelser &amp; Ber\u00e4ttelse","link":"https:\/\/www.akehedman.se\/wordpress\/?cat=24"},"img":{"alt_text":"","src":"https:\/\/i0.wp.com\/www.akehedman.se\/wordpress\/wp-content\/uploads\/2018\/02\/IMG_20180209_141319149-576x1024.jpg?resize=350%2C200","width":350,"height":200,"srcset":"https:\/\/i0.wp.com\/www.akehedman.se\/wordpress\/wp-content\/uploads\/2018\/02\/IMG_20180209_141319149-576x1024.jpg?resize=350%2C200 1x, https:\/\/i0.wp.com\/www.akehedman.se\/wordpress\/wp-content\/uploads\/2018\/02\/IMG_20180209_141319149-576x1024.jpg?resize=525%2C300 1.5x"},"classes":[]}],"jetpack_shortlink":"https:\/\/wp.me\/p68PL2-cLm","_links":{"self":[{"href":"https:\/\/www.akehedman.se\/wordpress\/index.php?rest_route=\/wp\/v2\/posts\/49064","targetHints":{"allow":["GET"]}}],"collection":[{"href":"https:\/\/www.akehedman.se\/wordpress\/index.php?rest_route=\/wp\/v2\/posts"}],"about":[{"href":"https:\/\/www.akehedman.se\/wordpress\/index.php?rest_route=\/wp\/v2\/types\/post"}],"author":[{"embeddable":true,"href":"https:\/\/www.akehedman.se\/wordpress\/index.php?rest_route=\/wp\/v2\/users\/24"}],"replies":[{"embeddable":true,"href":"https:\/\/www.akehedman.se\/wordpress\/index.php?rest_route=%2Fwp%2Fv2%2Fcomments&post=49064"}],"version-history":[{"count":2,"href":"https:\/\/www.akehedman.se\/wordpress\/index.php?rest_route=\/wp\/v2\/posts\/49064\/revisions"}],"predecessor-version":[{"id":49081,"href":"https:\/\/www.akehedman.se\/wordpress\/index.php?rest_route=\/wp\/v2\/posts\/49064\/revisions\/49081"}],"wp:attachment":[{"href":"https:\/\/www.akehedman.se\/wordpress\/index.php?rest_route=%2Fwp%2Fv2%2Fmedia&parent=49064"}],"wp:term":[{"taxonomy":"category","embeddable":true,"href":"https:\/\/www.akehedman.se\/wordpress\/index.php?rest_route=%2Fwp%2Fv2%2Fcategories&post=49064"},{"taxonomy":"post_tag","embeddable":true,"href":"https:\/\/www.akehedman.se\/wordpress\/index.php?rest_route=%2Fwp%2Fv2%2Ftags&post=49064"}],"curies":[{"name":"wp","href":"https:\/\/api.w.org\/{rel}","templated":true}]}}