{"id":48774,"date":"2024-12-02T10:47:24","date_gmt":"2024-12-02T09:47:24","guid":{"rendered":"https:\/\/www.akehedman.se\/wordpress\/?p=48774"},"modified":"2024-12-02T10:47:24","modified_gmt":"2024-12-02T09:47:24","slug":"forundran","status":"publish","type":"post","link":"https:\/\/www.akehedman.se\/wordpress\/?p=48774","title":{"rendered":"F\u00f6rundran"},"content":{"rendered":"\n<figure class=\"wp-block-image size-full\"><img data-recalc-dims=\"1\" loading=\"lazy\" decoding=\"async\" width=\"580\" height=\"870\" src=\"https:\/\/i0.wp.com\/www.akehedman.se\/wordpress\/wp-content\/uploads\/2024\/12\/pexels-photo-7012263.jpeg?resize=580%2C870&#038;ssl=1\" alt=\"close up photo of periodic table of elements\" class=\"wp-image-48775\" srcset=\"https:\/\/i0.wp.com\/www.akehedman.se\/wordpress\/wp-content\/uploads\/2024\/12\/pexels-photo-7012263.jpeg?w=867&amp;ssl=1 867w, https:\/\/i0.wp.com\/www.akehedman.se\/wordpress\/wp-content\/uploads\/2024\/12\/pexels-photo-7012263.jpeg?resize=200%2C300&amp;ssl=1 200w, https:\/\/i0.wp.com\/www.akehedman.se\/wordpress\/wp-content\/uploads\/2024\/12\/pexels-photo-7012263.jpeg?resize=683%2C1024&amp;ssl=1 683w, https:\/\/i0.wp.com\/www.akehedman.se\/wordpress\/wp-content\/uploads\/2024\/12\/pexels-photo-7012263.jpeg?resize=768%2C1152&amp;ssl=1 768w\" sizes=\"auto, (max-width: 580px) 100vw, 580px\" \/><figcaption class=\"wp-element-caption\">Photo by cottonbro studio on <a href=\"https:\/\/www.pexels.com\/photo\/close-up-photo-of-periodic-table-of-elements-7012263\/\" rel=\"nofollow\">Pexels.com<\/a><\/figcaption><\/figure>\n\n\n\n<p class=\"wp-block-paragraph\">Jag var v\u00e4l tolv eller tretton. Ja n\u00e5got s\u00e5dant. Ett ensamt barn har jag f\u00f6rst\u00e5tt. Fast det aldrig k\u00e4ndes s\u00e5 f\u00f6r mig.  L\u00e4ste n\u00e5gonstans att frekvens och massa \u00e4r ekvivalenter. Universella konstanter trollar mellan dem. Att man kunde se p\u00e5 v\u00e4rlden som vibrerande ickeobjekt eller se den p\u00e5 det mer traditionella s\u00e4ttet , det vi vant oss vid som m\u00e4nniskor,  som objekt vi kan ta p\u00e5.  Att tingen upptr\u00e4der s\u00e5d\u00e4r samtidigt. Den d\u00e4r tanken grep liksom tag i min barnhj\u00e4rna. Jag var helt enkelt tvungen att cykla ut i skogen, ut till n\u00e5gra flyttblock som var kvar sedan istiden, \u00e5ngb\u00e5tarna kallades de lokalt, sitta d\u00e4r ute uppe p\u00e5 en av dem ute i ingenstans och se p\u00e5 v\u00e4rlden p\u00e5 det d\u00e4r, f\u00f6r mig, nya s\u00e4ttet att se. Det d\u00e4r knockade huvudet av mig helt enkelt. Och jag satt d\u00e4r \u00e4nda till kv\u00e4llen n\u00e4r det var dags att cykla hem igen. Upplyft. <\/p>\n\n\n\n<p class=\"wp-block-paragraph\"> Jag kan fortfarande f\u00f6rundras \u00f6ver materien. Att man kan sl\u00e5 handen i v\u00e4ggen och att det tar emot, k\u00e4nns h\u00e5rt och fast,  trotts att det mest \u00e4r tomrum man sl\u00e5r handen emot. Eller att man kan se igenom en glasruta men inte genom en masonitskiva. Alla dessa lagar som universum \u00e4r uppbygt av och som vi l\u00e5ngsamt men metodiskt uppt\u00e4cker och f\u00f6rst\u00e5r bit f\u00f6r bit av. Sp\u00e5ren av Gud. Eller Gud sj\u00e4lv kanske. Matematiken \u00e4r \u00e4nd\u00e5 Gudarnas spr\u00e5k. Men tala inte om det f\u00f6r n\u00e4rmaste pr\u00e4st. Hen kommer aldrig f\u00f6rst\u00e5. <\/p>\n\n\n\n<p class=\"wp-block-paragraph\">Jag l\u00e4ste fysik senare. Naturligt kanske. Ljuvliga guld\u00e5r i Uppsala. Men aldrig sj\u00e4lvklart f\u00f6r en s\u00e5dan som jag. I Edsbyn fanns inget av det d\u00e4r. Jag k\u00e4nde ingen som var intresserad av de mer djupa mysterierna annat \u00e4n som tungom\u00e5ltalande i en kristen gruppering. Det fanns inga l\u00e4rare som uppmuntrade vetgirighet. Ingen som visade v\u00e4gen bort och upp mot n\u00e5got mer berikande som f\u00f6red\u00f6mmen och inspirat\u00f6rer. <br \/><br \/>Men biblioteket. Tanterna d\u00e4r. Man fick l\u00e5na hur mycket b\u00f6cker man ville. Oj vad jag \u00e4lskade det.   Jag sl\u00e4pade hem kassar.  Tanterna log. Jag nj\u00f6t. Och min f\u00f6rundran \u00f6ver v\u00e4rldens mysterier har aldrig l\u00e4mnat mig. Jag kan fortfarande st\u00e5 d\u00e4r med den d\u00e4r WOW-k\u00e4nslan i huvudet och se ut \u00f6ver platsen d\u00e4r jag st\u00e5r och ibland n\u00e4stan f\u00f6rst\u00e5. K\u00e4nna att d\u00e4r fick jag n\u00e4stan tag i &#8230;<\/p>\n\n\n\n<p class=\"wp-block-paragraph\"> <\/p>\n","protected":false},"excerpt":{"rendered":"<p>Jag var v\u00e4l tolv eller tretton. Ja n\u00e5got s\u00e5dant. Ett ensamt barn har jag f\u00f6rst\u00e5tt. Fast det aldrig k\u00e4ndes s\u00e5 f\u00f6r mig. L\u00e4ste n\u00e5gonstans att frekvens och massa \u00e4r ekvivalenter. Universella konstanter trollar mellan dem. Att man kunde se p\u00e5 v\u00e4rlden som vibrerande ickeobjekt eller se den p\u00e5 det mer traditionella s\u00e4ttet , det vi [&hellip;]<\/p>\n","protected":false},"author":24,"featured_media":0,"comment_status":"open","ping_status":"open","sticky":false,"template":"","format":"standard","meta":{"_crdt_document":"","jetpack_post_was_ever_published":false,"_jetpack_newsletter_access":"","_jetpack_dont_email_post_to_subs":false,"_jetpack_newsletter_tier_id":0,"_jetpack_memberships_contains_paywalled_content":false,"_jetpack_memberships_contains_paid_content":false,"footnotes":"","jetpack_publicize_message":"","jetpack_publicize_feature_enabled":true,"jetpack_social_post_already_shared":true,"jetpack_social_options":{"image_generator_settings":{"template":"highway","default_image_id":0,"font":"","enabled":false},"version":2}},"categories":[24,41],"tags":[],"class_list":["post-48774","post","type-post","status-publish","format-standard","hentry","category-betraktelser","category-vetenskap"],"jetpack_publicize_connections":[],"jetpack_featured_media_url":"","jetpack_sharing_enabled":true,"jetpack_likes_enabled":true,"jetpack-related-posts":[{"id":20269,"url":"https:\/\/www.akehedman.se\/wordpress\/?p=20269","url_meta":{"origin":48774,"position":0},"title":"Trettio \u00e5r, precis idag","author":"\u00c5ke Hedman","date":"2016-05-01","format":false,"excerpt":"Idag. Precis idag har vi d\u00e5 bott h\u00e4r i Los i trettio \u00e5r. Herregud! Jag har aldrig bott l\u00e4ngre sammanh\u00e5llen tid p\u00e5 n\u00e5gon annan plats. Nej inte ens i Edsbyn d\u00e4r jag \u00e4nd\u00e5 k\u00e4nner att jag kanske har en eller tv\u00e5 eller ibland till och med tre r\u00f6tter nedstuckna. Det\u2026","rel":"","context":"In &quot;Betraktelser &amp; Ber\u00e4ttelse&quot;","block_context":{"text":"Betraktelser &amp; Ber\u00e4ttelse","link":"https:\/\/www.akehedman.se\/wordpress\/?cat=24"},"img":{"alt_text":"250px-White-Wagtail","src":"https:\/\/i0.wp.com\/www.akehedman.se\/wordpress\/wp-content\/uploads\/2016\/05\/250px-White-Wagtail.jpg?resize=350%2C200","width":350,"height":200},"classes":[]},{"id":15266,"url":"https:\/\/www.akehedman.se\/wordpress\/?p=15266","url_meta":{"origin":48774,"position":1},"title":"Tror jag p\u00e5 han\/hon\/det\/gud?","author":"\u00c5ke Hedman","date":"2014-11-04","format":false,"excerpt":"Man kan tro p\u00e5 mycket. Tomten t.ex, eller p\u00e5 Gud, eller p\u00e5 Dj\u00e4vlar, eller p\u00e5 k\u00e4rleken eller p\u00e5 konton fyllda med st\u00e5lar. Ja en massa andra saker ocks\u00e5 s\u00e5klart. Sj\u00e4lv tror jag definitivt p\u00e5 tomten. Ja dj\u00e4vlar har man ju tr\u00e4ffat sin besk\u00e4rda del av under sina dagar ocks\u00e5. St\u00e5larna\u2026","rel":"","context":"In &quot;Betraktelser &amp; Ber\u00e4ttelse&quot;","block_context":{"text":"Betraktelser &amp; Ber\u00e4ttelse","link":"https:\/\/www.akehedman.se\/wordpress\/?cat=24"},"img":{"alt_text":"IMG_20141023_093642","src":"https:\/\/i0.wp.com\/www.eurosource.se\/akhe\/wordpress\/wp-content\/uploads\/2014\/10\/IMG_20141023_093642-1024x768.jpg?resize=350%2C200","width":350,"height":200,"srcset":"https:\/\/i0.wp.com\/www.eurosource.se\/akhe\/wordpress\/wp-content\/uploads\/2014\/10\/IMG_20141023_093642-1024x768.jpg?resize=350%2C200 1x, https:\/\/i0.wp.com\/www.eurosource.se\/akhe\/wordpress\/wp-content\/uploads\/2014\/10\/IMG_20141023_093642-1024x768.jpg?resize=525%2C300 1.5x"},"classes":[]},{"id":18341,"url":"https:\/\/www.akehedman.se\/wordpress\/?p=18341","url_meta":{"origin":48774,"position":2},"title":"Hela hj\u00e4rtat skall med","author":"\u00c5ke Hedman","date":"2015-08-01","format":false,"excerpt":"Min vecka av jobb har landat i helg men det som skulle vara den f\u00f6rsta jobbveckan blev S\u00f6rmland och landsbygd och en sv\u00e4rfar p\u00e5 intensiven. Livet hinner fatt en. Alltid \u00e4r det s\u00e5 och det \u00e4r s\u00e5klart s\u00e5 det skall vara ocks\u00e5. Men hemma nu. Skulle g\u00f6ra s\u00e5 mycket idag\u2026","rel":"","context":"In &quot;Betraktelser &amp; Ber\u00e4ttelse&quot;","block_context":{"text":"Betraktelser &amp; Ber\u00e4ttelse","link":"https:\/\/www.akehedman.se\/wordpress\/?cat=24"},"img":{"alt_text":"heartapple_119500478","src":"https:\/\/i0.wp.com\/www.akehedman.se\/wordpress\/wp-content\/uploads\/2013\/08\/heartapple_119500478.jpg?resize=350%2C200","width":350,"height":200},"classes":[]},{"id":15573,"url":"https:\/\/www.akehedman.se\/wordpress\/?p=15573","url_meta":{"origin":48774,"position":3},"title":"&#8220;Jompa&#8221;","author":"\u00c5ke Hedman","date":"2014-12-07","format":false,"excerpt":"Av en ren slump springer jag p\u00e5 en artikel i HelaH\u00e4lsingland och d\u00e4r st\u00e5r han - \"Jompa\". Jag \u00e4r inte s\u00e4ker f\u00f6rst, men hans bror bekr\u00e4ftar att John-Erik Olsson p\u00e5 bilden, tv\u00e5 fr\u00e5n v\u00e4nster, verkligen \u00e4r \"Jompa\". Ja Jon-Erik kallade han sig p\u00e5 den tiden. Kanske har artikelf\u00f6rfattaren f\u00e5tt till\u2026","rel":"","context":"In &quot;Betraktelser &amp; Ber\u00e4ttelse&quot;","block_context":{"text":"Betraktelser &amp; Ber\u00e4ttelse","link":"https:\/\/www.akehedman.se\/wordpress\/?cat=24"},"img":{"alt_text":"","src":"","width":0,"height":0},"classes":[]},{"id":48869,"url":"https:\/\/www.akehedman.se\/wordpress\/?p=48869","url_meta":{"origin":48774,"position":4},"title":"En julhistoria","author":"\u00c5ke Hedman","date":"2024-12-23","format":false,"excerpt":"Photo by Tim Mossholder on Pexels.com Jag g\u00e5r p\u00e5 mitt jobb p\u00e5 kv\u00e4llen f\u00f6re julafton. Dan f\u00f6re dan. Jag jobbar extra p\u00e5 ett hospice. Inte som sjukv\u00e5rdspersonal, utan som en hand att h\u00e5lla, eller ett \u00f6ra som lyssnar n\u00e4r det beh\u00f6vs. Ja och det g\u00f6r\u00a0 det ofta. Folk f\u00f6rtr\u00e4nger g\u00e4rna\u2026","rel":"","context":"In &quot;Betraktelser &amp; Ber\u00e4ttelse&quot;","block_context":{"text":"Betraktelser &amp; Ber\u00e4ttelse","link":"https:\/\/www.akehedman.se\/wordpress\/?cat=24"},"img":{"alt_text":"bokeh photography of lights","src":"https:\/\/i0.wp.com\/www.akehedman.se\/wordpress\/wp-content\/uploads\/2024\/12\/pexels-photo-383646.jpeg?resize=350%2C200&ssl=1","width":350,"height":200,"srcset":"https:\/\/i0.wp.com\/www.akehedman.se\/wordpress\/wp-content\/uploads\/2024\/12\/pexels-photo-383646.jpeg?resize=350%2C200&ssl=1 1x, https:\/\/i0.wp.com\/www.akehedman.se\/wordpress\/wp-content\/uploads\/2024\/12\/pexels-photo-383646.jpeg?resize=525%2C300&ssl=1 1.5x, https:\/\/i0.wp.com\/www.akehedman.se\/wordpress\/wp-content\/uploads\/2024\/12\/pexels-photo-383646.jpeg?resize=700%2C400&ssl=1 2x, https:\/\/i0.wp.com\/www.akehedman.se\/wordpress\/wp-content\/uploads\/2024\/12\/pexels-photo-383646.jpeg?resize=1050%2C600&ssl=1 3x, https:\/\/i0.wp.com\/www.akehedman.se\/wordpress\/wp-content\/uploads\/2024\/12\/pexels-photo-383646.jpeg?resize=1400%2C800&ssl=1 4x"},"classes":[]},{"id":19373,"url":"https:\/\/www.akehedman.se\/wordpress\/?p=19373","url_meta":{"origin":48774,"position":5},"title":"Julafton, snart.","author":"\u00c5ke Hedman","date":"2015-12-23","format":false,"excerpt":"Julmaten avsmakad. Julwhiskyn \u00f6ppnad. Allt tillfyllest. Det d\u00e4r m\u00e4tta som skall f\u00f6lja en hela v\u00e4gen fram till trettondagen \u00e4r redan d\u00e4r. Jag hatar k\u00e4nslan redan nu men kommer naturligtvis bara att underh\u00e5lla den hela v\u00e4gen dit. Galenskap. D\u00f6dsdans. Men jag gillar den h\u00e4r k\u00e4nslan av att nu r\u00e4cker det med\u2026","rel":"","context":"In &quot;Betraktelser &amp; Ber\u00e4ttelse&quot;","block_context":{"text":"Betraktelser &amp; Ber\u00e4ttelse","link":"https:\/\/www.akehedman.se\/wordpress\/?cat=24"},"img":{"alt_text":"gran18","src":"https:\/\/i0.wp.com\/www.akehedman.se\/wordpress\/wp-content\/uploads\/2015\/12\/gran18.gif?resize=350%2C200","width":350,"height":200},"classes":[]}],"jetpack_shortlink":"https:\/\/wp.me\/p68PL2-cGG","_links":{"self":[{"href":"https:\/\/www.akehedman.se\/wordpress\/index.php?rest_route=\/wp\/v2\/posts\/48774","targetHints":{"allow":["GET"]}}],"collection":[{"href":"https:\/\/www.akehedman.se\/wordpress\/index.php?rest_route=\/wp\/v2\/posts"}],"about":[{"href":"https:\/\/www.akehedman.se\/wordpress\/index.php?rest_route=\/wp\/v2\/types\/post"}],"author":[{"embeddable":true,"href":"https:\/\/www.akehedman.se\/wordpress\/index.php?rest_route=\/wp\/v2\/users\/24"}],"replies":[{"embeddable":true,"href":"https:\/\/www.akehedman.se\/wordpress\/index.php?rest_route=%2Fwp%2Fv2%2Fcomments&post=48774"}],"version-history":[{"count":1,"href":"https:\/\/www.akehedman.se\/wordpress\/index.php?rest_route=\/wp\/v2\/posts\/48774\/revisions"}],"predecessor-version":[{"id":48776,"href":"https:\/\/www.akehedman.se\/wordpress\/index.php?rest_route=\/wp\/v2\/posts\/48774\/revisions\/48776"}],"wp:attachment":[{"href":"https:\/\/www.akehedman.se\/wordpress\/index.php?rest_route=%2Fwp%2Fv2%2Fmedia&parent=48774"}],"wp:term":[{"taxonomy":"category","embeddable":true,"href":"https:\/\/www.akehedman.se\/wordpress\/index.php?rest_route=%2Fwp%2Fv2%2Fcategories&post=48774"},{"taxonomy":"post_tag","embeddable":true,"href":"https:\/\/www.akehedman.se\/wordpress\/index.php?rest_route=%2Fwp%2Fv2%2Ftags&post=48774"}],"curies":[{"name":"wp","href":"https:\/\/api.w.org\/{rel}","templated":true}]}}