{"id":48289,"date":"2024-08-23T14:15:44","date_gmt":"2024-08-23T13:15:44","guid":{"rendered":"https:\/\/www.akehedman.se\/wordpress\/?p=48289"},"modified":"2024-08-23T14:15:44","modified_gmt":"2024-08-23T13:15:44","slug":"familjedag-vid-vinstrommen-lansstyrelsen-gavleborg","status":"publish","type":"post","link":"https:\/\/www.akehedman.se\/wordpress\/?p=48289","title":{"rendered":"Familjedag vid Vinstr\u00f6mmen | L\u00e4nsstyrelsen G\u00e4vleborg"},"content":{"rendered":"<p><a href=\"https:\/\/www.lansstyrelsen.se\/gavleborg\/om-oss\/kalender\/kalenderhandelser---gavleborg\/2024-08-22-familjedag-vid-vinstrommen.html?fbclid=IwY2xjawE1aWlleHRuA2FlbQIxMQABHbOzKn7kyX8CJdtkMcIxJ9wo7DuQCSmEbS2-vFdY6sAPGXhXTcNFr5JgPg_aem_mp0w0VWecJ7yZQ9ErZ1Y6g\"><img data-recalc-dims=\"1\" decoding=\"async\" class=\"alignnone size-full\" src=\"https:\/\/i0.wp.com\/www.akehedman.se\/wordpress\/wp-content\/uploads\/2024\/08\/grC3A4vmaskin-240711-LstGC3A4vleborg.jpg?w=580&#038;ssl=1\" alt=\"\" \/><\/a><\/p>\n<blockquote><p>Kom och se restaureringen av Voxnan. Vi ber\u00e4ttar om flottningen och projektet. Du f\u00e5r se restaureringen med maskiner i vattnet och \u00e4ven n\u00e4r vi \u00f6ppnar vi den stora vallen och sl\u00e4pper p\u00e5 vatten mot sandnipan.<\/p><\/blockquote>\n<p>Source: <em><a href=\"https:\/\/www.lansstyrelsen.se\/gavleborg\/om-oss\/kalender\/kalenderhandelser---gavleborg\/2024-08-22-familjedag-vid-vinstrommen.html\">Familjedag vid Vinstr\u00f6mmen | L\u00e4nsstyrelsen G\u00e4vleborg<\/a><\/em><\/p>\n","protected":false},"excerpt":{"rendered":"<p>Kom och se restaureringen av Voxnan. Vi ber\u00e4ttar om flottningen och projektet. Du f\u00e5r se restaureringen med maskiner i vattnet och \u00e4ven n\u00e4r vi \u00f6ppnar vi den stora vallen och sl\u00e4pper p\u00e5 vatten mot sandnipan. Source: Familjedag vid Vinstr\u00f6mmen | L\u00e4nsstyrelsen G\u00e4vleborg<\/p>\n","protected":false},"author":24,"featured_media":0,"comment_status":"open","ping_status":"open","sticky":false,"template":"","format":"standard","meta":{"_crdt_document":"","jetpack_post_was_ever_published":false,"_jetpack_newsletter_access":"","_jetpack_dont_email_post_to_subs":false,"_jetpack_newsletter_tier_id":0,"_jetpack_memberships_contains_paywalled_content":false,"_jetpack_memberships_contains_paid_content":false,"footnotes":"","jetpack_publicize_message":"","jetpack_publicize_feature_enabled":true,"jetpack_social_post_already_shared":true,"jetpack_social_options":{"image_generator_settings":{"template":"highway","default_image_id":0,"font":"","enabled":false},"version":2}},"categories":[69],"tags":[],"class_list":["post-48289","post","type-post","status-publish","format-standard","hentry","category-voxnan"],"jetpack_publicize_connections":[],"jetpack_featured_media_url":"","jetpack_sharing_enabled":true,"jetpack_likes_enabled":true,"jetpack-related-posts":[{"id":32876,"url":"https:\/\/www.akehedman.se\/wordpress\/?p=32876","url_meta":{"origin":48289,"position":0},"title":"Voxnan och Hylstr\u00f6mmens naturreservat","author":"\u00c5ke Hedman","date":"2019-09-01","format":false,"excerpt":"https:\/\/www.lansstyrelsen.se\/gavleborg\/besok-och-upptack\/naturreservat\/voxnan-och-hylstrommen.html","rel":"","context":"In &quot;Betraktelser &amp; Ber\u00e4ttelse&quot;","block_context":{"text":"Betraktelser &amp; Ber\u00e4ttelse","link":"https:\/\/www.akehedman.se\/wordpress\/?cat=24"},"img":{"alt_text":"","src":"","width":0,"height":0},"classes":[]},{"id":3315,"url":"https:\/\/www.akehedman.se\/wordpress\/?p=3315","url_meta":{"origin":48289,"position":1},"title":"Voxnan","author":"\u00c5ke Hedman","date":"2013-02-23","format":false,"excerpt":"Foto: L\u00e4nstyrelsen \u00a0 Jag v\u00e4xte upp femtio meter fr\u00e5n Voxnan, i Edsbyn strax innan bron. \u00c4lven har format mycket av mitt liv. Vatten var och \u00e4r viktigt f\u00f6r mig. Jag saknar det varje dag. \u00c5n levde liksom och vi runt den formades och p\u00e5verkades av den. Isflaken som f\u00f6rsvann med\u2026","rel":"","context":"In &quot;Betraktelser &amp; Ber\u00e4ttelse&quot;","block_context":{"text":"Betraktelser &amp; Ber\u00e4ttelse","link":"https:\/\/www.akehedman.se\/wordpress\/?cat=24"},"img":{"alt_text":"","src":"https:\/\/i0.wp.com\/www.akehedman.se\/wordpress\/wp-content\/uploads\/2021\/04\/nybro_voxnan_770.jpg?resize=350%2C200&ssl=1","width":350,"height":200,"srcset":"https:\/\/i0.wp.com\/www.akehedman.se\/wordpress\/wp-content\/uploads\/2021\/04\/nybro_voxnan_770.jpg?resize=350%2C200&ssl=1 1x, https:\/\/i0.wp.com\/www.akehedman.se\/wordpress\/wp-content\/uploads\/2021\/04\/nybro_voxnan_770.jpg?resize=525%2C300&ssl=1 1.5x, https:\/\/i0.wp.com\/www.akehedman.se\/wordpress\/wp-content\/uploads\/2021\/04\/nybro_voxnan_770.jpg?resize=700%2C400&ssl=1 2x"},"classes":[]},{"id":43402,"url":"https:\/\/www.akehedman.se\/wordpress\/?p=43402","url_meta":{"origin":48289,"position":2},"title":"Orange day &#8211; Idag!","author":"\u00c5ke Hedman","date":"2022-11-25","format":false,"excerpt":"Varf\u00f6r en orange flagga utanf\u00f6r Kommunhuset? 25 november infaller Internationella dagen f\u00f6r avskaffande av v\u00e5ld mot kvinnor. Sedan 2008 \u00e4r 25 november ocks\u00e5 Orange Day, dagen d\u00e5 FN uppmanar hela v\u00e4rlden att uppm\u00e4rksamma och manifestera mot v\u00e5ld mot kvinnor. Den oragne flaggan utanf\u00f6r Kommunhuset st\u00e5r som symbol f\u00f6r en v\u00e4rld\u2026","rel":"","context":"In &quot;Swedish&quot;","block_context":{"text":"Swedish","link":"https:\/\/www.akehedman.se\/wordpress\/?cat=2"},"img":{"alt_text":"","src":"","width":0,"height":0},"classes":[]},{"id":29118,"url":"https:\/\/www.akehedman.se\/wordpress\/?p=29118","url_meta":{"origin":48289,"position":3},"title":"50 bj\u00f6rnar f\u00e5r skjutas under \u00e5rets licensjakt &#8211; P4 G\u00e4vleborg","author":"\u00c5ke Hedman","date":"2018-06-28","format":false,"excerpt":"L\u00e4nsstyrelsen G\u00e4vleborg meddelar att 50 bj\u00f6rnar f\u00e5r f\u00e4llas under 2018. Source: 50 bj\u00f6rnar f\u00e5r skjutas under \u00e5rets licensjakt - P4 G\u00e4vleborg","rel":"","context":"In &quot;Swedish&quot;","block_context":{"text":"Swedish","link":"https:\/\/www.akehedman.se\/wordpress\/?cat=2"},"img":{"alt_text":"","src":"","width":0,"height":0},"classes":[]},{"id":4044,"url":"https:\/\/www.akehedman.se\/wordpress\/?p=4044","url_meta":{"origin":48289,"position":4},"title":"Barbro Holmberg tillbakavisar Reforminstitutets kritik om G\u00e4vleborg &#8211; Nyheter P4 G\u00e4vleborg","author":"\u00c5ke Hedman","date":"2013-03-12","format":false,"excerpt":"Ingen skugga \u00f6ver landsh\u00f6vdingen. Vi har en b\u00e4ttre landsh\u00f6vding \u00e4n vi f\u00f6rtj\u00e4nar. Men titta p\u00e5 f\u00f6retagsutvecklingen h\u00e4r. Finns det h\u00f6jd? Jag brukade fr\u00e5ga mina elever om dom verkligen tror att \"Google\" skulle kunna utvecklats i G\u00e4vleborg. Vad hade dom sagt n\u00e4r grabbarna kom in p\u00e5 Nordeas kontor i G\u00e4vle och\u2026","rel":"","context":"In &quot;Swedish&quot;","block_context":{"text":"Swedish","link":"https:\/\/www.akehedman.se\/wordpress\/?cat=2"},"img":{"alt_text":"","src":"","width":0,"height":0},"classes":[]},{"id":12933,"url":"https:\/\/www.akehedman.se\/wordpress\/?p=12933","url_meta":{"origin":48289,"position":5},"title":"M\u00f6tte bj\u00f6rn i motionssp\u00e5ret | Nyheter | Aftonbladet","author":"\u00c5ke Hedman","date":"2014-04-23","format":false,"excerpt":"V\u00e4l hemma larmade hon polisen och l\u00e4nsstyrelsen. Japp, djur \u00e4r farliga. V\u00e4l hemma larmade hon polisen och l\u00e4nsstyrelsenvia M\u00f6tte bj\u00f6rn i motionssp\u00e5ret | Nyheter | Aftonbladet.","rel":"","context":"In &quot;Swedish&quot;","block_context":{"text":"Swedish","link":"https:\/\/www.akehedman.se\/wordpress\/?cat=2"},"img":{"alt_text":"","src":"","width":0,"height":0},"classes":[]}],"jetpack_shortlink":"https:\/\/wp.me\/p68PL2-cyR","_links":{"self":[{"href":"https:\/\/www.akehedman.se\/wordpress\/index.php?rest_route=\/wp\/v2\/posts\/48289","targetHints":{"allow":["GET"]}}],"collection":[{"href":"https:\/\/www.akehedman.se\/wordpress\/index.php?rest_route=\/wp\/v2\/posts"}],"about":[{"href":"https:\/\/www.akehedman.se\/wordpress\/index.php?rest_route=\/wp\/v2\/types\/post"}],"author":[{"embeddable":true,"href":"https:\/\/www.akehedman.se\/wordpress\/index.php?rest_route=\/wp\/v2\/users\/24"}],"replies":[{"embeddable":true,"href":"https:\/\/www.akehedman.se\/wordpress\/index.php?rest_route=%2Fwp%2Fv2%2Fcomments&post=48289"}],"version-history":[{"count":1,"href":"https:\/\/www.akehedman.se\/wordpress\/index.php?rest_route=\/wp\/v2\/posts\/48289\/revisions"}],"predecessor-version":[{"id":48291,"href":"https:\/\/www.akehedman.se\/wordpress\/index.php?rest_route=\/wp\/v2\/posts\/48289\/revisions\/48291"}],"wp:attachment":[{"href":"https:\/\/www.akehedman.se\/wordpress\/index.php?rest_route=%2Fwp%2Fv2%2Fmedia&parent=48289"}],"wp:term":[{"taxonomy":"category","embeddable":true,"href":"https:\/\/www.akehedman.se\/wordpress\/index.php?rest_route=%2Fwp%2Fv2%2Fcategories&post=48289"},{"taxonomy":"post_tag","embeddable":true,"href":"https:\/\/www.akehedman.se\/wordpress\/index.php?rest_route=%2Fwp%2Fv2%2Ftags&post=48289"}],"curies":[{"name":"wp","href":"https:\/\/api.w.org\/{rel}","templated":true}]}}