{"id":48085,"date":"2024-07-13T16:28:29","date_gmt":"2024-07-13T15:28:29","guid":{"rendered":"https:\/\/www.akehedman.se\/wordpress\/?p=48085"},"modified":"2024-07-13T16:28:29","modified_gmt":"2024-07-13T15:28:29","slug":"den-gamla-damen-3","status":"publish","type":"post","link":"https:\/\/www.akehedman.se\/wordpress\/?p=48085","title":{"rendered":"Den gamla damen"},"content":{"rendered":"\n<figure class=\"wp-block-image size-large\"><img data-recalc-dims=\"1\" loading=\"lazy\" decoding=\"async\" width=\"580\" height=\"435\" src=\"https:\/\/i0.wp.com\/www.akehedman.se\/wordpress\/wp-content\/uploads\/2024\/07\/IMG_20200804_151307.jpg?resize=580%2C435&#038;ssl=1\" alt=\"\" class=\"wp-image-48086\" srcset=\"https:\/\/i0.wp.com\/www.akehedman.se\/wordpress\/wp-content\/uploads\/2024\/07\/IMG_20200804_151307.jpg?resize=1024%2C768&amp;ssl=1 1024w, https:\/\/i0.wp.com\/www.akehedman.se\/wordpress\/wp-content\/uploads\/2024\/07\/IMG_20200804_151307.jpg?resize=300%2C225&amp;ssl=1 300w, https:\/\/i0.wp.com\/www.akehedman.se\/wordpress\/wp-content\/uploads\/2024\/07\/IMG_20200804_151307.jpg?resize=768%2C576&amp;ssl=1 768w, https:\/\/i0.wp.com\/www.akehedman.se\/wordpress\/wp-content\/uploads\/2024\/07\/IMG_20200804_151307.jpg?resize=1200%2C900&amp;ssl=1 1200w, https:\/\/i0.wp.com\/www.akehedman.se\/wordpress\/wp-content\/uploads\/2024\/07\/IMG_20200804_151307.jpg?w=1205&amp;ssl=1 1205w\" sizes=\"auto, (max-width: 580px) 100vw, 580px\" \/><\/figure>\n\n\n\n<p class=\"wp-block-paragraph\">Den gamla damen levererar i \u00e5r igen. Tidigt. M\u00e4ngder av de s\u00f6taste, godaste, somrigaste, h\u00e4rligaste k\u00f6rsb\u00e4r man kan \u00f6nska sig.  Hon \u00e4r, med \u00e5lderns r\u00e4tt, det skall s\u00e4gas, r\u00e4tt illa \u00e5tg\u00e5ngen. K\u00f6rsb\u00e4rstr\u00e4d \u00e4r som m\u00e4nniskor. Lever en mans\u00e5lder. Ja lite till om de har tur.  Jag en enkel gubbe p\u00e5 en kulle k\u00e4nner stor tacksamhet att f\u00e5 dela kullen med den gamla damen och f\u00e5 smaka hennes s\u00f6tma under n\u00e5gra decennier av ett liv. <\/p>\n\n\n\n<p class=\"wp-block-paragraph\">Jod\u00e5. Javisst. Vi delar sk\u00f6rden med f\u00e5glarna. B\u00e5de skator, bj\u00f6rktrastar och koltrastar gillar de s\u00f6ta r\u00f6da b\u00e4ren. Sj\u00e4lvklart m\u00e5ste alla f\u00e5 sin del av sk\u00f6rden. Egoisterna och &#8220;<em>jag skall ha allt<\/em>&#8221; personerna \u00e4r universums avskum. Det \u00e4r sorgligt att m\u00e4nskligheten har f\u00e5tt s\u00e5 mycket av den egenskapen i sin genupps\u00e4ttning.  Det enda jag kan t\u00e4nka \u00e4r en utvecklingsf\u00f6rdel med just den egenskapen gentemot andra \u00e4r att vi n\u00e4r vi blivit f\u00f6r giriga \u00e4r sj\u00e4lvf\u00f6rg\u00f6rande. Bort med dom. De har f\u00f6r stor belastning p\u00e5 ekosystemet f\u00f6r att f\u00e5 finnas liksom. <\/p>\n\n\n\n<p class=\"wp-block-paragraph\">Anv\u00e4nder allts\u00e5 lite av dagen till att stoppa in r\u00f6da, solmogna k\u00f6rsb\u00e4r i munnen. Men \u00e4ter lite glass och dricker kaffe ute i solen ocks\u00e5. Ja och fixar lite annat som beh\u00f6ver fixas. Det enkla livet fortg\u00e5r.<\/p>\n\n\n\n<p class=\"wp-block-paragraph\">Imorgon st\u00e5r det regn p\u00e5 alla skyltar.  Allts\u00e5 t\u00e4nker jag &#8220;<em>studio<\/em>&#8220;. Vi f\u00e5r v\u00e4l se hur det blir med det. Men K s\u00e4ger att hon t\u00e4nker &#8220;<em>sy<\/em>&#8221; s\u00e5 det \u00e4r en trolig utveckling under morgondagen.  L\u00e4mna mig i fred g\u00e4ller allts\u00e5. Som om nu det skulle beh\u00f6va upprepas numera h\u00e4r p\u00e5 kullen.<\/p>\n\n\n\n<p class=\"wp-block-paragraph\">Egentligen skulle man \u00e5kt till Leksand och lyssnat p\u00e5 Staffan Hellstrand &amp; Co ikv\u00e4ll. Men nu blev det inte s\u00e5. Ungnsbakad potatis var det som fick allt att tippa \u00f6ver mot att stanna hemma. Fast konceptet  i Leksan \u00e4r finfint. Lite extra gemenskap p\u00e5 scen med alla artister p\u00e5 plats och lite mer prat mellan och om l\u00e5tarna. Dessutom fri entr\u00e9 s\u00e5 tillvida att du betalar det du tycker det \u00e4r v\u00e4rt. Bra koncept tycker jag. Fler kan g\u00e5. Kr\u00e4ver naturligtvis sponsorer. Men d\u00e4r tycker jag lokala f\u00f6retag skulle kunna st\u00e4lla upp i h\u00f6gre utstr\u00e4ckning \u00e4ven h\u00e4r i krokarna. Som garanter mot f\u00f6rlust. D\u00e5 kanske vi slapp Carola, Carola, Carola  och Tommy K\u00f6rberg. De s\u00e4kra korten som &#8220;<em>folket<\/em>&#8221; aldrig f\u00e5r nog av. Problemet med &#8220;<em>folket<\/em>&#8221; \u00e4r ju att de aldrig vet vad de vill ha. De beh\u00f6ver l\u00e4ras upp. S\u00e5dant som Stefan Wermelin och de andra hj\u00e4ltarna \u00e4gnade  sig \u00e5t under radions glansdagar. <\/p>\n\n\n\n<p class=\"wp-block-paragraph\">Nu skall jag vila vidare. Det \u00e4r tv\u00e5 semesterveckor kvar. Inte ens en millisekund k\u00e4nner jag just nu n\u00e5gon b\u00e4van f\u00f6r att ha den tiden framf\u00f6r mig som overksam. Just det \u00e4r en f\u00f6r\u00e4ndring i mitt liv. Troligen till det b\u00e4ttre. Hur det blir med detta \u00e5terst\u00e5r att se. <\/p>\n\n\n\n<p class=\"wp-block-paragraph\">Loggar ut och st\u00e4nger ner.<\/p>\n\n\n\n<p class=\"wp-block-paragraph\">Knappa P\u00e5*<\/p>\n","protected":false},"excerpt":{"rendered":"<p>Den gamla damen levererar i \u00e5r igen. Tidigt. M\u00e4ngder av de s\u00f6taste, godaste, somrigaste, h\u00e4rligaste k\u00f6rsb\u00e4r man kan \u00f6nska sig. Hon \u00e4r, med \u00e5lderns r\u00e4tt, det skall s\u00e4gas, r\u00e4tt illa \u00e5tg\u00e5ngen. K\u00f6rsb\u00e4rstr\u00e4d \u00e4r som m\u00e4nniskor. Lever en mans\u00e5lder. Ja lite till om de har tur. Jag en enkel gubbe p\u00e5 en kulle k\u00e4nner stor tacksamhet [&hellip;]<\/p>\n","protected":false},"author":24,"featured_media":0,"comment_status":"open","ping_status":"open","sticky":false,"template":"","format":"standard","meta":{"_crdt_document":"","jetpack_post_was_ever_published":false,"_jetpack_newsletter_access":"","_jetpack_dont_email_post_to_subs":false,"_jetpack_newsletter_tier_id":0,"_jetpack_memberships_contains_paywalled_content":false,"_jetpack_memberships_contains_paid_content":false,"footnotes":"","jetpack_publicize_message":"","jetpack_publicize_feature_enabled":true,"jetpack_social_post_already_shared":true,"jetpack_social_options":{"image_generator_settings":{"template":"highway","default_image_id":0,"font":"","enabled":false},"version":2}},"categories":[24],"tags":[],"class_list":["post-48085","post","type-post","status-publish","format-standard","hentry","category-betraktelser"],"jetpack_publicize_connections":[],"jetpack_featured_media_url":"","jetpack_sharing_enabled":true,"jetpack_likes_enabled":true,"jetpack-related-posts":[{"id":45111,"url":"https:\/\/www.akehedman.se\/wordpress\/?p=45111","url_meta":{"origin":48085,"position":0},"title":"!Vinter","author":"\u00c5ke Hedman","date":"2023-05-21","format":false,"excerpt":"Ingen himmel har fallit ner \u00f6ver i mitt huvud. Fast man n\u00e4stan kan f\u00f6rv\u00e4nta sig det n\u00e4r sommaren breder ut sig med full kraft s\u00e5h\u00e4r i maj. Men inte ens sm\u00e5fragment av himmel synes till n\u00e4r jag sitter d\u00e4r ute i tr\u00e4dg\u00e5rdsm\u00f6blerna och hoppas p\u00e5 koltrasts\u00e5ng. Klipper gr\u00e4smatta. Jo. Det\u2026","rel":"","context":"In &quot;Swedish&quot;","block_context":{"text":"Swedish","link":"https:\/\/www.akehedman.se\/wordpress\/?cat=2"},"img":{"alt_text":"","src":"https:\/\/i0.wp.com\/www.akehedman.se\/wordpress\/wp-content\/uploads\/2023\/05\/IMG_20210624_164057-ANIMATION.gif?resize=350%2C200&ssl=1","width":350,"height":200,"srcset":"https:\/\/i0.wp.com\/www.akehedman.se\/wordpress\/wp-content\/uploads\/2023\/05\/IMG_20210624_164057-ANIMATION.gif?resize=350%2C200&ssl=1 1x, https:\/\/i0.wp.com\/www.akehedman.se\/wordpress\/wp-content\/uploads\/2023\/05\/IMG_20210624_164057-ANIMATION.gif?resize=525%2C300&ssl=1 1.5x, https:\/\/i0.wp.com\/www.akehedman.se\/wordpress\/wp-content\/uploads\/2023\/05\/IMG_20210624_164057-ANIMATION.gif?resize=700%2C400&ssl=1 2x"},"classes":[]},{"id":8055,"url":"https:\/\/www.akehedman.se\/wordpress\/?p=8055","url_meta":{"origin":48085,"position":1},"title":"Den gamla damens tid \u00e4r nu","author":"\u00c5ke Hedman","date":"2013-07-22","format":false,"excerpt":"Den gamla damen har inte s\u00e5 m\u00e5nga k\u00f6rsb\u00e4r i \u00e5r. Men s\u00e5 \u00e4r det v\u00e4l nu med alla gamla damer, att de i full utstr\u00e4ckning best\u00e4mmer sj\u00e4lva och ibland vissa perioder, just med \u00e5lderns r\u00e4tt, \u00e4r lite vr\u00e5ngare \u00e4n oss andra. Men det h\u00e4r tr\u00e4det har gett oss m\u00e4ngder av\u2026","rel":"","context":"In &quot;Betraktelser &amp; Ber\u00e4ttelse&quot;","block_context":{"text":"Betraktelser &amp; Ber\u00e4ttelse","link":"https:\/\/www.akehedman.se\/wordpress\/?cat=24"},"img":{"alt_text":"IMG_20130722_110658","src":"https:\/\/i0.wp.com\/www.eurosource.se\/akhe\/wordpress\/wp-content\/uploads\/2013\/07\/IMG_20130722_110658-1024x768.jpg?resize=350%2C200","width":350,"height":200,"srcset":"https:\/\/i0.wp.com\/www.eurosource.se\/akhe\/wordpress\/wp-content\/uploads\/2013\/07\/IMG_20130722_110658-1024x768.jpg?resize=350%2C200 1x, https:\/\/i0.wp.com\/www.eurosource.se\/akhe\/wordpress\/wp-content\/uploads\/2013\/07\/IMG_20130722_110658-1024x768.jpg?resize=525%2C300 1.5x"},"classes":[]},{"id":38949,"url":"https:\/\/www.akehedman.se\/wordpress\/?p=38949","url_meta":{"origin":48085,"position":2},"title":"B\u00e4st efter","author":"\u00c5ke Hedman","date":"2021-05-30","format":false,"excerpt":"Den gamla damen och jag. Vi har v\u00e4l b\u00e5da passerat b\u00e4st f\u00f6re datum. I mitt fall \u00e4r jag inte ens riktigt medveten om n\u00e4r det skedde. Men fullt medveten om att det har skett. Ja det \u00e4r jag Men jag kramar henne idag, Stammen \u00e4r alldeles varm. Sen s\u00e5gar jag\u2026","rel":"","context":"In &quot;Betraktelser &amp; Ber\u00e4ttelse&quot;","block_context":{"text":"Betraktelser &amp; Ber\u00e4ttelse","link":"https:\/\/www.akehedman.se\/wordpress\/?cat=24"},"img":{"alt_text":"","src":"https:\/\/i0.wp.com\/www.akehedman.se\/wordpress\/wp-content\/uploads\/2021\/05\/IMG_20210530_1807022-scaled.jpg?resize=350%2C200&ssl=1","width":350,"height":200,"srcset":"https:\/\/i0.wp.com\/www.akehedman.se\/wordpress\/wp-content\/uploads\/2021\/05\/IMG_20210530_1807022-scaled.jpg?resize=350%2C200&ssl=1 1x, https:\/\/i0.wp.com\/www.akehedman.se\/wordpress\/wp-content\/uploads\/2021\/05\/IMG_20210530_1807022-scaled.jpg?resize=525%2C300&ssl=1 1.5x, https:\/\/i0.wp.com\/www.akehedman.se\/wordpress\/wp-content\/uploads\/2021\/05\/IMG_20210530_1807022-scaled.jpg?resize=700%2C400&ssl=1 2x, https:\/\/i0.wp.com\/www.akehedman.se\/wordpress\/wp-content\/uploads\/2021\/05\/IMG_20210530_1807022-scaled.jpg?resize=1050%2C600&ssl=1 3x, https:\/\/i0.wp.com\/www.akehedman.se\/wordpress\/wp-content\/uploads\/2021\/05\/IMG_20210530_1807022-scaled.jpg?resize=1400%2C800&ssl=1 4x"},"classes":[]},{"id":50051,"url":"https:\/\/www.akehedman.se\/wordpress\/?p=50051","url_meta":{"origin":48085,"position":3},"title":"The wild west","author":"\u00c5ke Hedman","date":"2025-07-19","format":false,"excerpt":"Photo by Pixabay on Pexels.com Trettio grader. Man t\u00e4nker p\u00e5 Cowboys. Oklart varf\u00f6r. Men vi \u00e5ker mot Sveg. The wild west. Det g\u00e4ller att ha pistolerna laddade och redo att dras n\u00e4r man \u00e4r d\u00e4r. Men tar man sig (hukande) snabbt genom samh\u00e4llet och v\u00e4rldens st\u00f6rsta tr\u00e4bj\u00f6rn s\u00e5 n\u00e5r man\u2026","rel":"","context":"In &quot;Betraktelser &amp; Ber\u00e4ttelse&quot;","block_context":{"text":"Betraktelser &amp; Ber\u00e4ttelse","link":"https:\/\/www.akehedman.se\/wordpress\/?cat=24"},"img":{"alt_text":"white horse kicking while man on ground","src":"https:\/\/i0.wp.com\/www.akehedman.se\/wordpress\/wp-content\/uploads\/2025\/07\/rodeo-horse-white-horse-action-shot.jpg?resize=350%2C200&ssl=1","width":350,"height":200,"srcset":"https:\/\/i0.wp.com\/www.akehedman.se\/wordpress\/wp-content\/uploads\/2025\/07\/rodeo-horse-white-horse-action-shot.jpg?resize=350%2C200&ssl=1 1x, https:\/\/i0.wp.com\/www.akehedman.se\/wordpress\/wp-content\/uploads\/2025\/07\/rodeo-horse-white-horse-action-shot.jpg?resize=525%2C300&ssl=1 1.5x, https:\/\/i0.wp.com\/www.akehedman.se\/wordpress\/wp-content\/uploads\/2025\/07\/rodeo-horse-white-horse-action-shot.jpg?resize=700%2C400&ssl=1 2x, https:\/\/i0.wp.com\/www.akehedman.se\/wordpress\/wp-content\/uploads\/2025\/07\/rodeo-horse-white-horse-action-shot.jpg?resize=1050%2C600&ssl=1 3x, https:\/\/i0.wp.com\/www.akehedman.se\/wordpress\/wp-content\/uploads\/2025\/07\/rodeo-horse-white-horse-action-shot.jpg?resize=1400%2C800&ssl=1 4x"},"classes":[]},{"id":14209,"url":"https:\/\/www.akehedman.se\/wordpress\/?p=14209","url_meta":{"origin":48085,"position":4},"title":"Dystopiernas Norrland finns i hj\u00e4rnorna p\u00e5 de som \u00e4lskar dystopierna.","author":"\u00c5ke Hedman","date":"2014-07-30","format":false,"excerpt":"Pavarottis son, koltrasten, s\u00e4tter sig och sjunger i den gamla damen, k\u00f6rsb\u00e4rstr\u00e4det, utanf\u00f6r mitt kontorsf\u00f6nster. \u00a0Musiken f\u00e5r vara av och jag sitter d\u00e4r bara en stund och lyssnar. Lyssnar s\u00e5 l\u00e4nge som han behagar stanna kvar d\u00e4r strax utanf\u00f6r, bara n\u00e5gra meter ifr\u00e5n mig, sin beundrare. Det \u00e4r lite som\u2026","rel":"","context":"In &quot;Betraktelser &amp; Ber\u00e4ttelse&quot;","block_context":{"text":"Betraktelser &amp; Ber\u00e4ttelse","link":"https:\/\/www.akehedman.se\/wordpress\/?cat=24"},"img":{"alt_text":"3742057028","src":"https:\/\/i0.wp.com\/www.eurosource.se\/akhe\/wordpress\/wp-content\/uploads\/2014\/07\/3742057028.jpg?resize=350%2C200","width":350,"height":200,"srcset":"https:\/\/i0.wp.com\/www.eurosource.se\/akhe\/wordpress\/wp-content\/uploads\/2014\/07\/3742057028.jpg?resize=350%2C200 1x, https:\/\/i0.wp.com\/www.eurosource.se\/akhe\/wordpress\/wp-content\/uploads\/2014\/07\/3742057028.jpg?resize=525%2C300 1.5x"},"classes":[]},{"id":28995,"url":"https:\/\/www.akehedman.se\/wordpress\/?p=28995","url_meta":{"origin":48085,"position":5},"title":"Bl\u00e5sten","author":"\u00c5ke Hedman","date":"2018-06-19","format":false,"excerpt":"Underbar sommardag. H\u00e4r. P\u00e5 kullen. Ute. Jag borde ut och g\u00e5. Men stannar inne. Skall ta upp det d\u00e4r med mig sj\u00e4lv p\u00e5 eftermiddagen igen. Ge mig ut och h\u00e4lsa p\u00e5 kr\u00e5kan d\u00e4r uppe p\u00e5 berget p\u00e5 hygget eller inte. Den som vaktar. V\u00e5rt. Sitt. Allt. Japp, det bl\u00e5ser. Vindbyar\u2026","rel":"","context":"In &quot;Betraktelser &amp; Ber\u00e4ttelse&quot;","block_context":{"text":"Betraktelser &amp; Ber\u00e4ttelse","link":"https:\/\/www.akehedman.se\/wordpress\/?cat=24"},"img":{"alt_text":"","src":"https:\/\/i0.wp.com\/www.akehedman.se\/wordpress\/wp-content\/uploads\/2018\/05\/IMG_20180522_181104352-1024x576.jpg?resize=350%2C200","width":350,"height":200,"srcset":"https:\/\/i0.wp.com\/www.akehedman.se\/wordpress\/wp-content\/uploads\/2018\/05\/IMG_20180522_181104352-1024x576.jpg?resize=350%2C200 1x, https:\/\/i0.wp.com\/www.akehedman.se\/wordpress\/wp-content\/uploads\/2018\/05\/IMG_20180522_181104352-1024x576.jpg?resize=525%2C300 1.5x"},"classes":[]}],"jetpack_shortlink":"https:\/\/wp.me\/p68PL2-cvz","_links":{"self":[{"href":"https:\/\/www.akehedman.se\/wordpress\/index.php?rest_route=\/wp\/v2\/posts\/48085","targetHints":{"allow":["GET"]}}],"collection":[{"href":"https:\/\/www.akehedman.se\/wordpress\/index.php?rest_route=\/wp\/v2\/posts"}],"about":[{"href":"https:\/\/www.akehedman.se\/wordpress\/index.php?rest_route=\/wp\/v2\/types\/post"}],"author":[{"embeddable":true,"href":"https:\/\/www.akehedman.se\/wordpress\/index.php?rest_route=\/wp\/v2\/users\/24"}],"replies":[{"embeddable":true,"href":"https:\/\/www.akehedman.se\/wordpress\/index.php?rest_route=%2Fwp%2Fv2%2Fcomments&post=48085"}],"version-history":[{"count":1,"href":"https:\/\/www.akehedman.se\/wordpress\/index.php?rest_route=\/wp\/v2\/posts\/48085\/revisions"}],"predecessor-version":[{"id":48087,"href":"https:\/\/www.akehedman.se\/wordpress\/index.php?rest_route=\/wp\/v2\/posts\/48085\/revisions\/48087"}],"wp:attachment":[{"href":"https:\/\/www.akehedman.se\/wordpress\/index.php?rest_route=%2Fwp%2Fv2%2Fmedia&parent=48085"}],"wp:term":[{"taxonomy":"category","embeddable":true,"href":"https:\/\/www.akehedman.se\/wordpress\/index.php?rest_route=%2Fwp%2Fv2%2Fcategories&post=48085"},{"taxonomy":"post_tag","embeddable":true,"href":"https:\/\/www.akehedman.se\/wordpress\/index.php?rest_route=%2Fwp%2Fv2%2Ftags&post=48085"}],"curies":[{"name":"wp","href":"https:\/\/api.w.org\/{rel}","templated":true}]}}