{"id":47802,"date":"2024-05-28T14:50:29","date_gmt":"2024-05-28T13:50:29","guid":{"rendered":"https:\/\/www.akehedman.se\/wordpress\/?p=47802"},"modified":"2024-05-28T14:50:29","modified_gmt":"2024-05-28T13:50:29","slug":"ornar-stoppar-vindkraft-i-orsa-ingen-folkomrostning-p4-dalarna-sveriges-radio","status":"publish","type":"post","link":"https:\/\/www.akehedman.se\/wordpress\/?p=47802","title":{"rendered":"\u00d6rnar stoppar vindkraft i Orsa \u2013 ingen folkomr\u00f6stning &#8211; P4 Dalarna | Sveriges Radio"},"content":{"rendered":"<p>Det h\u00e4r \u00c4R bra!  Just Orsa finnmark b\u00f6r f\u00e5 vara or\u00f6rd.<\/p>\n<p><a href=\"https:\/\/sverigesradio.se\/artikel\/just-nu-dalavind-drar-tillbaka-ansokan-om-vindkraft-i-orsa?fbclid=iwzxh0bgnhzw0cmteaar3mzjndeeq5t5okhz__xwofjehtyl3rhmkxzooxvm3wl9uj5qo9ftgu6dy_aem_arxqvpjiaqdh5oii2sxnxqxlukmvodwjj0bzpixkxdeqs3xrc-mgpxngrriqzxfcqthnrlxaxnww_osocob7cju5\"><img data-recalc-dims=\"1\" decoding=\"async\" class=\"alignnone size-full\" src=\"https:\/\/i0.wp.com\/www.akehedman.se\/wordpress\/wp-content\/uploads\/2024\/05\/285c00fe-faab-49f6-9889-c7d8aa3a05d5.jpg?w=580&#038;ssl=1\" alt=\"\" \/><\/a><\/p>\n<p>Source: <em><a href=\"https:\/\/sverigesradio.se\/artikel\/just-nu-dalavind-drar-tillbaka-ansokan-om-vindkraft-i-orsa\">\u00d6rnar stoppar vindkraft i Orsa \u2013 ingen folkomr\u00f6stning &#8211; P4 Dalarna | Sveriges Radio<\/a><\/em><\/p>\n","protected":false},"excerpt":{"rendered":"<p>Det h\u00e4r \u00c4R bra! Just Orsa finnmark b\u00f6r f\u00e5 vara or\u00f6rd. Source: \u00d6rnar stoppar vindkraft i Orsa \u2013 ingen folkomr\u00f6stning &#8211; P4 Dalarna | Sveriges Radio<\/p>\n","protected":false},"author":24,"featured_media":0,"comment_status":"open","ping_status":"open","sticky":false,"template":"","format":"standard","meta":{"_crdt_document":"","jetpack_post_was_ever_published":false,"_jetpack_newsletter_access":"","_jetpack_dont_email_post_to_subs":false,"_jetpack_newsletter_tier_id":0,"_jetpack_memberships_contains_paywalled_content":false,"_jetpack_memberships_contains_paid_content":false,"footnotes":"","jetpack_publicize_message":"","jetpack_publicize_feature_enabled":true,"jetpack_social_post_already_shared":true,"jetpack_social_options":{"image_generator_settings":{"template":"highway","default_image_id":0,"font":"","enabled":false},"version":2}},"categories":[2],"tags":[],"class_list":["post-47802","post","type-post","status-publish","format-standard","hentry","category-swedish"],"jetpack_publicize_connections":[],"jetpack_featured_media_url":"","jetpack_sharing_enabled":true,"jetpack_likes_enabled":true,"jetpack-related-posts":[{"id":11646,"url":"https:\/\/www.akehedman.se\/wordpress\/?p=11646","url_meta":{"origin":47802,"position":0},"title":"Orsa \u00f6ppnar f\u00f6r f\u00f6rf\u00f6ljda l\u00e5tskrivare &#8211; Kulturnytt | Sveriges Radio","author":"\u00c5ke Hedman","date":"2014-01-13","format":false,"excerpt":"Orsa \u00f6ppnar f\u00f6r f\u00f6rf\u00f6ljda l\u00e5tskrivare - Kulturnytt | Sveriges Radio.","rel":"","context":"In &quot;Swedish&quot;","block_context":{"text":"Swedish","link":"https:\/\/www.akehedman.se\/wordpress\/?cat=2"},"img":{"alt_text":"","src":"","width":0,"height":0},"classes":[]},{"id":38086,"url":"https:\/\/www.akehedman.se\/wordpress\/?p=38086","url_meta":{"origin":47802,"position":1},"title":"Fortum bygger vindraft i Orsa","author":"\u00c5ke Hedman","date":"2021-03-10","format":false,"excerpt":"Platsen \u00e4r synnerligen l\u00e4mplig f\u00f6r vindkraftsproduktion. Dels \u00e4r vind- och naturf\u00f6rh\u00e5llandena n\u00e4rmast ideala, Source: Fortum bygger vindraft i Orsa N\u00e4r vi flyttade hit sa \"experterna\" att vindkraft i skogsl\u00e4nen skulle aldrig bli m\u00f6jlig. Vindf\u00f6rh\u00e5llandena var f\u00f6r d\u00e5liga.\u00a0 Om jag minns r\u00e4tt s\u00e5 var det en r\u00e4tt samst\u00e4mmig och namnkunnig expertk\u00e5r\u2026","rel":"","context":"In &quot;Swedish&quot;","block_context":{"text":"Swedish","link":"https:\/\/www.akehedman.se\/wordpress\/?cat=2"},"img":{"alt_text":"","src":"","width":0,"height":0},"classes":[]},{"id":36294,"url":"https:\/\/www.akehedman.se\/wordpress\/?p=36294","url_meta":{"origin":47802,"position":2},"title":"Sveriges f\u00f6rsta brandtorn \u00e4r \u00f6ppet f\u00f6r bes\u00f6kare \u2013 V\u00e4lkommen till Los &#038; Orsa Finnmark","author":"\u00c5ke Hedman","date":"2020-10-01","format":false,"excerpt":"Pilkalampinoppi Source: Sveriges f\u00f6rsta brandtorn \u00e4r \u00f6ppet f\u00f6r bes\u00f6kare \u2013 V\u00e4lkommen till Los & Orsa Finnmark","rel":"","context":"In &quot;Swedish&quot;","block_context":{"text":"Swedish","link":"https:\/\/www.akehedman.se\/wordpress\/?cat=2"},"img":{"alt_text":"","src":"","width":0,"height":0},"classes":[]},{"id":28734,"url":"https:\/\/www.akehedman.se\/wordpress\/?p=28734","url_meta":{"origin":47802,"position":3},"title":"De har ingen mobilt\u00e4ckning och \u00e4r snart utan fast telefoni &#8211; P4 G\u00e4vleborg | Sveriges Radio","author":"\u00c5ke Hedman","date":"2018-05-31","format":false,"excerpt":"Visst \u00e4r v\u00e4l det skit! Speciellt n\u00e4r alla bara pratar 5G som v\u00e4rldens fr\u00e4lsare. Source: De har ingen mobilt\u00e4ckning och \u00e4r snart utan fast telefoni - P4 G\u00e4vleborg | Sveriges Radio","rel":"","context":"In &quot;Swedish&quot;","block_context":{"text":"Swedish","link":"https:\/\/www.akehedman.se\/wordpress\/?cat=2"},"img":{"alt_text":"","src":"","width":0,"height":0},"classes":[]},{"id":17416,"url":"https:\/\/www.akehedman.se\/wordpress\/?p=17416","url_meta":{"origin":47802,"position":4},"title":"Sveriges Radios m\u00e5ng\u00e5riga medarbetare Charlotta Cederl\u00f6f har avlidit &#8211; P4 G\u00e4vleborg | Sveriges Radio","author":"\u00c5ke Hedman","date":"2015-04-09","format":false,"excerpt":"Sveriges Radios m\u00e5ng\u00e5riga medarbetare Charlotta Cederl\u00f6f har avlidit - P4 G\u00e4vleborg | Sveriges Radio. S\u00e5 sorgligt!","rel":"","context":"In &quot;Betraktelser &amp; Ber\u00e4ttelse&quot;","block_context":{"text":"Betraktelser &amp; Ber\u00e4ttelse","link":"https:\/\/www.akehedman.se\/wordpress\/?cat=24"},"img":{"alt_text":"","src":"https:\/\/i0.wp.com\/www.akehedman.se\/wordpress\/wp-content\/uploads\/2015\/04\/3493886_1200_675.jpg?resize=350%2C200","width":350,"height":200,"srcset":"https:\/\/i0.wp.com\/www.akehedman.se\/wordpress\/wp-content\/uploads\/2015\/04\/3493886_1200_675.jpg?resize=350%2C200 1x, https:\/\/i0.wp.com\/www.akehedman.se\/wordpress\/wp-content\/uploads\/2015\/04\/3493886_1200_675.jpg?resize=525%2C300 1.5x, https:\/\/i0.wp.com\/www.akehedman.se\/wordpress\/wp-content\/uploads\/2015\/04\/3493886_1200_675.jpg?resize=700%2C400 2x"},"classes":[]},{"id":46156,"url":"https:\/\/www.akehedman.se\/wordpress\/?p=46156","url_meta":{"origin":47802,"position":5},"title":"Rekordmycket el fr\u00e5n vindkraft i september\u00a0\u2013 f\u00f6rsta g\u00e5ngen mer \u00e4n k\u00e4rnkraft","author":"\u00c5ke Hedman","date":"2023-10-03","format":false,"excerpt":"Vindkraften stod f\u00f6r 28 procent av elproduktionen i september \u2013 vilket \u00e4r den st\u00f6rsta andelen hittills i Sverige f\u00f6r en m\u00e5nad och mer \u00e4n k\u00e4rnkraften. Source: Rekordmycket el fr\u00e5n vindkraft i september\u00a0\u2013 f\u00f6rsta g\u00e5ngen mer \u00e4n k\u00e4rnkraft","rel":"","context":"In &quot;Swedish&quot;","block_context":{"text":"Swedish","link":"https:\/\/www.akehedman.se\/wordpress\/?cat=2"},"img":{"alt_text":"","src":"","width":0,"height":0},"classes":[]}],"jetpack_shortlink":"https:\/\/wp.me\/p68PL2-cr0","_links":{"self":[{"href":"https:\/\/www.akehedman.se\/wordpress\/index.php?rest_route=\/wp\/v2\/posts\/47802","targetHints":{"allow":["GET"]}}],"collection":[{"href":"https:\/\/www.akehedman.se\/wordpress\/index.php?rest_route=\/wp\/v2\/posts"}],"about":[{"href":"https:\/\/www.akehedman.se\/wordpress\/index.php?rest_route=\/wp\/v2\/types\/post"}],"author":[{"embeddable":true,"href":"https:\/\/www.akehedman.se\/wordpress\/index.php?rest_route=\/wp\/v2\/users\/24"}],"replies":[{"embeddable":true,"href":"https:\/\/www.akehedman.se\/wordpress\/index.php?rest_route=%2Fwp%2Fv2%2Fcomments&post=47802"}],"version-history":[{"count":1,"href":"https:\/\/www.akehedman.se\/wordpress\/index.php?rest_route=\/wp\/v2\/posts\/47802\/revisions"}],"predecessor-version":[{"id":47804,"href":"https:\/\/www.akehedman.se\/wordpress\/index.php?rest_route=\/wp\/v2\/posts\/47802\/revisions\/47804"}],"wp:attachment":[{"href":"https:\/\/www.akehedman.se\/wordpress\/index.php?rest_route=%2Fwp%2Fv2%2Fmedia&parent=47802"}],"wp:term":[{"taxonomy":"category","embeddable":true,"href":"https:\/\/www.akehedman.se\/wordpress\/index.php?rest_route=%2Fwp%2Fv2%2Fcategories&post=47802"},{"taxonomy":"post_tag","embeddable":true,"href":"https:\/\/www.akehedman.se\/wordpress\/index.php?rest_route=%2Fwp%2Fv2%2Ftags&post=47802"}],"curies":[{"name":"wp","href":"https:\/\/api.w.org\/{rel}","templated":true}]}}