{"id":47786,"date":"2024-05-24T14:47:40","date_gmt":"2024-05-24T13:47:40","guid":{"rendered":"https:\/\/www.akehedman.se\/wordpress\/?p=47786"},"modified":"2024-05-24T14:47:40","modified_gmt":"2024-05-24T13:47:40","slug":"utvecklingscentrum-oppnar-studierum-i-los-ljusdals-kommun","status":"publish","type":"post","link":"https:\/\/www.akehedman.se\/wordpress\/?p=47786","title":{"rendered":"Utvecklingscentrum \u00f6ppnar studierum i Los &#8211; Ljusdals kommun"},"content":{"rendered":"<p><a href=\"https:\/\/www.ljusdal.se\/startsidenyheter\/utvecklingscentrumoppnarstudierumilos.5.1e291f2a18f9c2319dc34850.html\"><img data-recalc-dims=\"1\" decoding=\"async\" class=\"alignnone size-full\" src=\"https:\/\/i0.wp.com\/www.akehedman.se\/wordpress\/wp-content\/uploads\/2024\/05\/ljkommun-logo-sm.png?w=580&#038;ssl=1\" alt=\"\" \/><\/a><\/p>\n<p>Source: <em><a href=\"https:\/\/www.ljusdal.se\/startsidenyheter\/utvecklingscentrumoppnarstudierumilos.5.1e291f2a18f9c2319dc34850.html\">Utvecklingscentrum \u00f6ppnar studierum i Los &#8211; Ljusdals kommun<\/a><\/em><\/p>\n","protected":false},"excerpt":{"rendered":"<p>Source: Utvecklingscentrum \u00f6ppnar studierum i Los &#8211; Ljusdals kommun<\/p>\n","protected":false},"author":24,"featured_media":0,"comment_status":"open","ping_status":"open","sticky":false,"template":"","format":"standard","meta":{"_crdt_document":"","jetpack_post_was_ever_published":false,"_jetpack_newsletter_access":"","_jetpack_dont_email_post_to_subs":false,"_jetpack_newsletter_tier_id":0,"_jetpack_memberships_contains_paywalled_content":false,"_jetpack_memberships_contains_paid_content":false,"footnotes":"","jetpack_publicize_message":"","jetpack_publicize_feature_enabled":true,"jetpack_social_post_already_shared":true,"jetpack_social_options":{"image_generator_settings":{"template":"highway","default_image_id":0,"font":"","enabled":false},"version":2}},"categories":[2],"tags":[],"class_list":["post-47786","post","type-post","status-publish","format-standard","hentry","category-swedish"],"jetpack_publicize_connections":[],"jetpack_featured_media_url":"","jetpack_sharing_enabled":true,"jetpack_likes_enabled":true,"jetpack-related-posts":[{"id":46565,"url":"https:\/\/www.akehedman.se\/wordpress\/?p=46565","url_meta":{"origin":47786,"position":0},"title":"Tv\u00e5 utm\u00e4rkelser f\u00f6r Los skola &#8211; Ljusdals kommun","author":"\u00c5ke Hedman","date":"2023-11-23","format":false,"excerpt":"Source: Tv\u00e5 utm\u00e4rkelser f\u00f6r Los skola - Ljusdals kommun","rel":"","context":"In &quot;Swedish&quot;","block_context":{"text":"Swedish","link":"https:\/\/www.akehedman.se\/wordpress\/?cat=2"},"img":{"alt_text":"","src":"","width":0,"height":0},"classes":[]},{"id":40279,"url":"https:\/\/www.akehedman.se\/wordpress\/?p=40279","url_meta":{"origin":47786,"position":1},"title":"Miljonvillor s\u00e4ljs enkelt i J\u00e4rvs\u00f6 medan hus i Los g\u00e5r f\u00f6r n\u00e5gra hundra tusen | SVT Nyheter","author":"\u00c5ke Hedman","date":"2021-11-12","format":false,"excerpt":"Bostadspriser s\u00e4ger inte allt om en kommun, men de s\u00e4ger en hel del om var m\u00e4nniskor vill bo och var m\u00e4nniskor inte vill bo. P\u00e4r Berglin, m\u00e4klare i Ljusdals kommun, s\u00e4ger att intresset \u00e4r st\u00f6rst f\u00f6r att bo i J\u00e4rvs\u00f6 och Ljusdal och minst f\u00f6r att bo i byarna l\u00e4ngst\u2026","rel":"","context":"In &quot;Swedish&quot;","block_context":{"text":"Swedish","link":"https:\/\/www.akehedman.se\/wordpress\/?cat=2"},"img":{"alt_text":"","src":"","width":0,"height":0},"classes":[]},{"id":46007,"url":"https:\/\/www.akehedman.se\/wordpress\/?p=46007","url_meta":{"origin":47786,"position":2},"title":"Boende f\u00f6r b\u00e4rplockare i Los st\u00e4ngdes \u2013 m\u00f6gel och fuktskador: \u201dV\u00e4rsta jag sett\u201d | SVT Nyheter","author":"\u00c5ke Hedman","date":"2023-09-14","format":false,"excerpt":"F\u00f6rbannad blir man. S\u00e5dana j\u00e4vla m\u00e4nniskoutnyttjare det finns. Och det h\u00e4nder igen och igen och igen och igen. L\u00e5s in skith\u00f6garna! Ett boende f\u00f6r b\u00e4rplockare i Los har st\u00e4ngts efter att Ljusdals kommun gjort en milj\u00f6tillsyn. 65 personer bodde i fyra l\u00e4genheter \u2013 enligt kommunens inspekt\u00f6rer s\u00e5 var det sv\u00e5rt\u2026","rel":"","context":"In &quot;Swedish&quot;","block_context":{"text":"Swedish","link":"https:\/\/www.akehedman.se\/wordpress\/?cat=2"},"img":{"alt_text":"","src":"","width":0,"height":0},"classes":[]},{"id":26276,"url":"https:\/\/www.akehedman.se\/wordpress\/?p=26276","url_meta":{"origin":47786,"position":3},"title":"G\u00e4rde\u00e5sskolan och Los skola f\u00e5r stipendier f\u00f6r 100\u00a0000 kronor \u2013 f\u00f6r kulturarv och fysisk aktivitet","author":"\u00c5ke Hedman","date":"2017-12-14","format":false,"excerpt":"Utbildningsn\u00e4mnden i Ljusdals kommun delade under torsdagen ut frirumsstipendier till Los skola och G\u00e4rde\u00e5sskolan i Ljusdal p\u00e5 totalt 100\u00a0000 kronor. Source: G\u00e4rde\u00e5sskolan och Los skola f\u00e5r stipendier f\u00f6r 100\u00a0000 kronor \u2013 f\u00f6r kulturarv och fysisk aktivitet","rel":"","context":"In &quot;Swedish&quot;","block_context":{"text":"Swedish","link":"https:\/\/www.akehedman.se\/wordpress\/?cat=2"},"img":{"alt_text":"","src":"","width":0,"height":0},"classes":[]},{"id":46364,"url":"https:\/\/www.akehedman.se\/wordpress\/?p=46364","url_meta":{"origin":47786,"position":4},"title":"Hybo byv\u00e4g 41 i Ljusdal, Hybo, Ljusdals kommun &#8211; Villa till salu &#8211; Hemnet","author":"\u00c5ke Hedman","date":"2023-11-01","format":false,"excerpt":"Source: Hybo byv\u00e4g 41 i Ljusdal, Hybo, Ljusdals kommun - Villa till salu - Hemnet","rel":"","context":"In &quot;Swedish&quot;","block_context":{"text":"Swedish","link":"https:\/\/www.akehedman.se\/wordpress\/?cat=2"},"img":{"alt_text":"","src":"","width":0,"height":0},"classes":[]},{"id":45936,"url":"https:\/\/www.akehedman.se\/wordpress\/?p=45936","url_meta":{"origin":47786,"position":5},"title":"Kvarnberg &#8211; Areal","author":"\u00c5ke Hedman","date":"2023-09-08","format":false,"excerpt":"Obebyggd skogsfastighet om 88 hektar bel\u00e4gen i Kvarnberg, s\u00f6der om Los i Ljusdals kommun. Source: Kvarnberg - Areal K\u00f6p dig en skog vettja!","rel":"","context":"In &quot;Swedish&quot;","block_context":{"text":"Swedish","link":"https:\/\/www.akehedman.se\/wordpress\/?cat=2"},"img":{"alt_text":"","src":"","width":0,"height":0},"classes":[]}],"jetpack_shortlink":"https:\/\/wp.me\/p68PL2-cqK","_links":{"self":[{"href":"https:\/\/www.akehedman.se\/wordpress\/index.php?rest_route=\/wp\/v2\/posts\/47786","targetHints":{"allow":["GET"]}}],"collection":[{"href":"https:\/\/www.akehedman.se\/wordpress\/index.php?rest_route=\/wp\/v2\/posts"}],"about":[{"href":"https:\/\/www.akehedman.se\/wordpress\/index.php?rest_route=\/wp\/v2\/types\/post"}],"author":[{"embeddable":true,"href":"https:\/\/www.akehedman.se\/wordpress\/index.php?rest_route=\/wp\/v2\/users\/24"}],"replies":[{"embeddable":true,"href":"https:\/\/www.akehedman.se\/wordpress\/index.php?rest_route=%2Fwp%2Fv2%2Fcomments&post=47786"}],"version-history":[{"count":1,"href":"https:\/\/www.akehedman.se\/wordpress\/index.php?rest_route=\/wp\/v2\/posts\/47786\/revisions"}],"predecessor-version":[{"id":47788,"href":"https:\/\/www.akehedman.se\/wordpress\/index.php?rest_route=\/wp\/v2\/posts\/47786\/revisions\/47788"}],"wp:attachment":[{"href":"https:\/\/www.akehedman.se\/wordpress\/index.php?rest_route=%2Fwp%2Fv2%2Fmedia&parent=47786"}],"wp:term":[{"taxonomy":"category","embeddable":true,"href":"https:\/\/www.akehedman.se\/wordpress\/index.php?rest_route=%2Fwp%2Fv2%2Fcategories&post=47786"},{"taxonomy":"post_tag","embeddable":true,"href":"https:\/\/www.akehedman.se\/wordpress\/index.php?rest_route=%2Fwp%2Fv2%2Ftags&post=47786"}],"curies":[{"name":"wp","href":"https:\/\/api.w.org\/{rel}","templated":true}]}}