{"id":47355,"date":"2024-03-21T09:44:59","date_gmt":"2024-03-21T08:44:59","guid":{"rendered":"https:\/\/www.akehedman.se\/wordpress\/?p=47355"},"modified":"2024-03-21T09:44:59","modified_gmt":"2024-03-21T08:44:59","slug":"nu-ska-bjornen-fran-halsingeskogarna-bjorn-lunden-erovra-europa-siktar-mot-miljarden-breakit","status":"publish","type":"post","link":"https:\/\/www.akehedman.se\/wordpress\/?p=47355","title":{"rendered":"Nu ska \u201cbj\u00f6rnen fr\u00e5n H\u00e4lsingeskogarna\u201d Bj\u00f6rn Lund\u00e9n er\u00f6vra Europa \u2013 siktar mot miljarden &#8211; Breakit"},"content":{"rendered":"<p><a href=\"https:\/\/www.breakit.se\/artikel\/39640?utm_medium=newsletter&amp;utm_source=Breakit_Premium&amp;utm_source=Breakit+Premium+Prospects&amp;utm_campaign=4c48fbc35d-EMAIL_CAMPAIGN_2024_03_21_08_05&amp;utm_medium=email&amp;utm_term=0_e1d098afb4-4c48fbc35d-%5BLIST_EMAIL_ID%5D\"><img data-recalc-dims=\"1\" decoding=\"async\" class=\"alignnone size-full\" src=\"https:\/\/i0.wp.com\/cdn.breakit.se\/assets\/article\/4f6949837bc1f91a93fca2665945339c.webp?w=580&#038;ssl=1\" alt=\"\" \/><\/a><\/p>\n<blockquote><p>M\u00e5let \u00e4r att p\u00e5 allvar utmana j\u00e4ttarna Fortnox och Visma spcs i det h\u00f6gl\u00f6nsamma bokf\u00f6ringssegmentet.F\u00f6rsta steget var att ta in det holl\u00e4ndska riskkapitalbolaget Main Capital och b\u00f6rja k\u00f6pa upp en rad konkurrenter.Nu tar vdn Ulf Bokelund Svensson n\u00e4sta steg p\u00e5 tillv\u00e4xtresan genom att byta namn p\u00e5 anrika Bj\u00f6rn Lund\u00e9n AB och lansera en ny, gemensam plattform.\u201cBj\u00f6rnen fr\u00e5n H\u00e4lsingeskogarna ska ut i Europa\u201d, sl\u00e5r Ulf Bokelund Svensson fast i en intervju d\u00e4r han ocks\u00e5 avsl\u00f6jar hur det egentligen g\u00e5r f\u00f6r den nya SaaS-koncernen.<\/p><\/blockquote>\n<p>Source: <em><a href=\"https:\/\/www.breakit.se\/artikel\/39640?utm_medium=newsletter&amp;utm_source=Breakit_Premium&amp;utm_source=Breakit+Premium+Prospects&amp;utm_campaign=4c48fbc35d-EMAIL_CAMPAIGN_2024_03_21_08_05&amp;utm_medium=email&amp;utm_term=0_e1d098afb4-4c48fbc35d-%5BLIST_EMAIL_ID%5D\">Nu ska \u201cbj\u00f6rnen fr\u00e5n H\u00e4lsingeskogarna\u201d Bj\u00f6rn Lund\u00e9n er\u00f6vra Europa \u2013 siktar mot miljarden &#8211; Breakit<\/a><\/em><\/p>\n","protected":false},"excerpt":{"rendered":"<p>M\u00e5let \u00e4r att p\u00e5 allvar utmana j\u00e4ttarna Fortnox och Visma spcs i det h\u00f6gl\u00f6nsamma bokf\u00f6ringssegmentet.F\u00f6rsta steget var att ta in det holl\u00e4ndska riskkapitalbolaget Main Capital och b\u00f6rja k\u00f6pa upp en rad konkurrenter.Nu tar vdn Ulf Bokelund Svensson n\u00e4sta steg p\u00e5 tillv\u00e4xtresan genom att byta namn p\u00e5 anrika Bj\u00f6rn Lund\u00e9n AB och lansera en ny, gemensam [&hellip;]<\/p>\n","protected":false},"author":24,"featured_media":0,"comment_status":"open","ping_status":"open","sticky":false,"template":"","format":"standard","meta":{"_crdt_document":"","jetpack_post_was_ever_published":false,"_jetpack_newsletter_access":"","_jetpack_dont_email_post_to_subs":false,"_jetpack_newsletter_tier_id":0,"_jetpack_memberships_contains_paywalled_content":false,"_jetpack_memberships_contains_paid_content":false,"footnotes":"","jetpack_publicize_message":"","jetpack_publicize_feature_enabled":true,"jetpack_social_post_already_shared":true,"jetpack_social_options":{"image_generator_settings":{"template":"highway","default_image_id":0,"font":"","enabled":false},"version":2}},"categories":[28],"tags":[],"class_list":["post-47355","post","type-post","status-publish","format-standard","hentry","category-foretagande"],"jetpack_publicize_connections":[],"jetpack_featured_media_url":"","jetpack_sharing_enabled":true,"jetpack_likes_enabled":true,"jetpack-related-posts":[{"id":30401,"url":"https:\/\/www.akehedman.se\/wordpress\/?p=30401","url_meta":{"origin":47355,"position":0},"title":"Drivaegetpodden","author":"\u00c5ke Hedman","date":"2018-10-23","format":false,"excerpt":"Bj\u00f6rn Lund\u00e9n \u2013 den ofrivillige f\u00f6retagaren M\u00e5nga s\u00e4ger sig vara m\u00e5linriktade och menar att det \u00e4r v\u00e4gen till framg\u00e5ng. Andra n\u00e4mner ledarskap som en avg\u00f6rande framg\u00e5ngsfaktor. Bj\u00f6rn Lund\u00e9n, k\u00e4nd som framg\u00e5ngsrik f\u00f6retagare i ekonomi- och f\u00f6retagarkretsar, menar att allt till stor del handlar om tillf\u00e4lligheter och en gnutta tur. Och\u2026","rel":"","context":"In &quot;F\u00f6retagande&quot;","block_context":{"text":"F\u00f6retagande","link":"https:\/\/www.akehedman.se\/wordpress\/?cat=28"},"img":{"alt_text":"","src":"","width":0,"height":0},"classes":[]},{"id":15138,"url":"https:\/\/www.akehedman.se\/wordpress\/?p=15138","url_meta":{"origin":47355,"position":1},"title":"Bj\u00f6rnm\u00f6te, h\u00f6stm\u00f6te, igen.","author":"\u00c5ke Hedman","date":"2014-10-21","format":false,"excerpt":"S\u00e5 pl\u00f6tsligt st\u00e5r den d\u00e4r bj\u00f6rnen och g\u00f6r det p\u00e5 min och bara min stig. Det \u00e4r bara tio meter mellan oss. Ingen har m\u00e4rkt den andre f\u00f6r backen jag g\u00e5r upp f\u00f6r har hindrat b\u00e5de ljud och doft och syn. Det \u00e4r en stor hanne. En grymhanne. Ett halvt\u2026","rel":"","context":"In &quot;Betraktelser &amp; Ber\u00e4ttelse&quot;","block_context":{"text":"Betraktelser &amp; Ber\u00e4ttelse","link":"https:\/\/www.akehedman.se\/wordpress\/?cat=24"},"img":{"alt_text":"Helspalt_bj\u00f6rn_SW","src":"https:\/\/i0.wp.com\/www.eurosource.se\/akhe\/wordpress\/wp-content\/uploads\/2014\/10\/Helspalt_bj%C3%B6rn_SW.jpg?resize=350%2C200","width":350,"height":200},"classes":[]},{"id":46029,"url":"https:\/\/www.akehedman.se\/wordpress\/?p=46029","url_meta":{"origin":47355,"position":2},"title":"Bokio","author":"\u00c5ke Hedman","date":"2023-09-15","format":false,"excerpt":"Bokio \u00e4r f\u00f6rvisso den mycket potent och f\u00f6rbannat bra app. f\u00f6r bokf\u00f6ring etc. Jag har varit med under en ganska l\u00e5ng tid (och barnsjukdommar) och man har verkligen levererat p\u00e5 funktionalitet. MEN... Nu h\u00f6ger man priserna i det absurda och inf\u00f6r kvartalsfakturering, det \u00e4r s\u00e5 j\u00e4vla tond\u00f6vt att man inte\u2026","rel":"","context":"In &quot;F\u00f6retagande&quot;","block_context":{"text":"F\u00f6retagande","link":"https:\/\/www.akehedman.se\/wordpress\/?cat=28"},"img":{"alt_text":"","src":"https:\/\/i0.wp.com\/www.akehedman.se\/wordpress\/wp-content\/uploads\/2023\/09\/Screenshot-from-2023-09-15-13-41-20.png?resize=350%2C200&ssl=1","width":350,"height":200,"srcset":"https:\/\/i0.wp.com\/www.akehedman.se\/wordpress\/wp-content\/uploads\/2023\/09\/Screenshot-from-2023-09-15-13-41-20.png?resize=350%2C200&ssl=1 1x, https:\/\/i0.wp.com\/www.akehedman.se\/wordpress\/wp-content\/uploads\/2023\/09\/Screenshot-from-2023-09-15-13-41-20.png?resize=525%2C300&ssl=1 1.5x, https:\/\/i0.wp.com\/www.akehedman.se\/wordpress\/wp-content\/uploads\/2023\/09\/Screenshot-from-2023-09-15-13-41-20.png?resize=700%2C400&ssl=1 2x, https:\/\/i0.wp.com\/www.akehedman.se\/wordpress\/wp-content\/uploads\/2023\/09\/Screenshot-from-2023-09-15-13-41-20.png?resize=1050%2C600&ssl=1 3x, https:\/\/i0.wp.com\/www.akehedman.se\/wordpress\/wp-content\/uploads\/2023\/09\/Screenshot-from-2023-09-15-13-41-20.png?resize=1400%2C800&ssl=1 4x"},"classes":[]},{"id":19860,"url":"https:\/\/www.akehedman.se\/wordpress\/?p=19860","url_meta":{"origin":47355,"position":3},"title":"Dagen","author":"\u00c5ke Hedman","date":"2016-03-08","format":false,"excerpt":"F\u00f6rst och fr\u00e4mst \u00e4r det Niklas, yngste sonens, f\u00f6delsedag idag. Han skall firas vederb\u00f6rligt ikv\u00e4ll. S\u00e5 grattis till honom. Sen \u00e4r det internationella kvinnodagen. En viktig dag. S\u00e5klart. Det \u00e4r galet om vi inte har samma m\u00f6jligheter och samma r\u00e4ttigheter bara f\u00f6r att vi har olika k\u00f6n. D\u00e4rf\u00f6r beh\u00f6vs dagen.\u2026","rel":"","context":"In &quot;Betraktelser &amp; Ber\u00e4ttelse&quot;","block_context":{"text":"Betraktelser &amp; Ber\u00e4ttelse","link":"https:\/\/www.akehedman.se\/wordpress\/?cat=24"},"img":{"alt_text":"IMG_1850","src":"https:\/\/i0.wp.com\/www.akehedman.se\/wordpress\/wp-content\/uploads\/2016\/03\/IMG_1850-1024x768.jpg?resize=350%2C200","width":350,"height":200,"srcset":"https:\/\/i0.wp.com\/www.akehedman.se\/wordpress\/wp-content\/uploads\/2016\/03\/IMG_1850-1024x768.jpg?resize=350%2C200 1x, https:\/\/i0.wp.com\/www.akehedman.se\/wordpress\/wp-content\/uploads\/2016\/03\/IMG_1850-1024x768.jpg?resize=525%2C300 1.5x"},"classes":[]},{"id":38633,"url":"https:\/\/www.akehedman.se\/wordpress\/?p=38633","url_meta":{"origin":47355,"position":4},"title":"Ett \u00e5r sedan","author":"\u00c5ke Hedman","date":"2021-04-29","format":false,"excerpt":"Det \u00e5r ett \u00e5r sedan idag. Sedan du f\u00f6rsvann. Janne. Jag k\u00e4nde dig som Janne. Fr\u00e5n J\u00e4rvs\u00f6. Visste s\u00e5klart att det fanns ett \"Persson\". Ett efternamn. Men alla andra verkar ha k\u00e4nt dig som \"Backa-Jan\". Det var Bj\u00f6rn Lunden, han fr\u00e5n N\u00e4sviken, fast Colombia d\u00e5, som f\u00f6rst upplyste mig om\u2026","rel":"","context":"In &quot;Swedish&quot;","block_context":{"text":"Swedish","link":"https:\/\/www.akehedman.se\/wordpress\/?cat=2"},"img":{"alt_text":"","src":"https:\/\/i0.wp.com\/www.akehedman.se\/wordpress\/wp-content\/uploads\/2021\/04\/janne3.jpg?resize=350%2C200&ssl=1","width":350,"height":200,"srcset":"https:\/\/i0.wp.com\/www.akehedman.se\/wordpress\/wp-content\/uploads\/2021\/04\/janne3.jpg?resize=350%2C200&ssl=1 1x, https:\/\/i0.wp.com\/www.akehedman.se\/wordpress\/wp-content\/uploads\/2021\/04\/janne3.jpg?resize=525%2C300&ssl=1 1.5x, https:\/\/i0.wp.com\/www.akehedman.se\/wordpress\/wp-content\/uploads\/2021\/04\/janne3.jpg?resize=700%2C400&ssl=1 2x"},"classes":[]},{"id":15035,"url":"https:\/\/www.akehedman.se\/wordpress\/?p=15035","url_meta":{"origin":47355,"position":5},"title":"Vr\u00e5landet","author":"\u00c5ke Hedman","date":"2014-10-05","format":false,"excerpt":"Det st\u00e5r en bj\u00f6rn och vr\u00e5lar ute p\u00e5 gr\u00e4smattan. Hade jag varit full skulle jag ha trott att det var en isbj\u00f6rn men jag \u00e4r spik nykter s\u00e5 brun \u00e4r den helt s\u00e4kert. Definitivt en raggig brunbj\u00f6rn. Jag \u00e4r ganska s\u00e4ker p\u00e5 att det \u00e4r bj\u00f6rnkramar som st\u00e5r d\u00e4r och\u2026","rel":"","context":"In &quot;Betraktelser &amp; Ber\u00e4ttelse&quot;","block_context":{"text":"Betraktelser &amp; Ber\u00e4ttelse","link":"https:\/\/www.akehedman.se\/wordpress\/?cat=24"},"img":{"alt_text":"Bild+15","src":"https:\/\/i0.wp.com\/www.eurosource.se\/akhe\/wordpress\/wp-content\/uploads\/2014\/10\/Bild-15.jpg?resize=350%2C200","width":350,"height":200},"classes":[]}],"jetpack_shortlink":"https:\/\/wp.me\/p68PL2-cjN","_links":{"self":[{"href":"https:\/\/www.akehedman.se\/wordpress\/index.php?rest_route=\/wp\/v2\/posts\/47355","targetHints":{"allow":["GET"]}}],"collection":[{"href":"https:\/\/www.akehedman.se\/wordpress\/index.php?rest_route=\/wp\/v2\/posts"}],"about":[{"href":"https:\/\/www.akehedman.se\/wordpress\/index.php?rest_route=\/wp\/v2\/types\/post"}],"author":[{"embeddable":true,"href":"https:\/\/www.akehedman.se\/wordpress\/index.php?rest_route=\/wp\/v2\/users\/24"}],"replies":[{"embeddable":true,"href":"https:\/\/www.akehedman.se\/wordpress\/index.php?rest_route=%2Fwp%2Fv2%2Fcomments&post=47355"}],"version-history":[{"count":1,"href":"https:\/\/www.akehedman.se\/wordpress\/index.php?rest_route=\/wp\/v2\/posts\/47355\/revisions"}],"predecessor-version":[{"id":47356,"href":"https:\/\/www.akehedman.se\/wordpress\/index.php?rest_route=\/wp\/v2\/posts\/47355\/revisions\/47356"}],"wp:attachment":[{"href":"https:\/\/www.akehedman.se\/wordpress\/index.php?rest_route=%2Fwp%2Fv2%2Fmedia&parent=47355"}],"wp:term":[{"taxonomy":"category","embeddable":true,"href":"https:\/\/www.akehedman.se\/wordpress\/index.php?rest_route=%2Fwp%2Fv2%2Fcategories&post=47355"},{"taxonomy":"post_tag","embeddable":true,"href":"https:\/\/www.akehedman.se\/wordpress\/index.php?rest_route=%2Fwp%2Fv2%2Ftags&post=47355"}],"curies":[{"name":"wp","href":"https:\/\/api.w.org\/{rel}","templated":true}]}}