{"id":47198,"date":"2024-02-26T08:42:17","date_gmt":"2024-02-26T07:42:17","guid":{"rendered":"https:\/\/www.akehedman.se\/wordpress\/?p=47198"},"modified":"2024-02-26T08:42:17","modified_gmt":"2024-02-26T07:42:17","slug":"nar-taget-lamnar-perrongen-i-kjell-hoglunds-spar-svt-play","status":"publish","type":"post","link":"https:\/\/www.akehedman.se\/wordpress\/?p=47198","title":{"rendered":"N\u00e4r t\u00e5get l\u00e4mnar perrongen \u2013 i Kjell H\u00f6glunds sp\u00e5r | SVT Play"},"content":{"rendered":"<p><a href=\"https:\/\/www.svtplay.se\/video\/j16gR5o\/nar-taget-lamnar-perrongen-i-kjell-hoglunds-spar\"><img decoding=\"async\" class=\"alignnone size-full\" src=\"https:\/\/www.svtstatic.se\/image\/custom\/800\/51281472\/1708692872?format=auto&amp;chromaSubSampling=false&amp;enableAvif=true&amp;quality=85\" alt=\"\" \/><\/a><\/p>\n<blockquote><p>Dokument\u00e4r om s\u00e5ngaren, l\u00e5tskrivaren och f\u00f6rfattaren Kjell H\u00f6glund. H\u00f6glund \u00e4r ett unikum i svenskt musikliv, men har knappt setts till sedan han kollapsade innan en spelning 2008. Nu ber\u00e4ttar ist\u00e4llet andra hans historia. Filmen unders\u00f6ker varf\u00f6r musikerna Ellinor Brolin och Ellen Sundberg, oberoende av varandra, v\u00e4ljer att f\u00f6ra det H\u00f6glundska arvet vidare. En film av Eva Aspling och Annika K\u00e4mpe.<\/p><\/blockquote>\n<p>Source: <em><a href=\"https:\/\/www.svtplay.se\/video\/j16gR5o\/nar-taget-lamnar-perrongen-i-kjell-hoglunds-spar\">N\u00e4r t\u00e5get l\u00e4mnar perrongen \u2013 i Kjell H\u00f6glunds sp\u00e5r | SVT Play<\/a><\/em><\/p>\n","protected":false},"excerpt":{"rendered":"<p>Dokument\u00e4r om s\u00e5ngaren, l\u00e5tskrivaren och f\u00f6rfattaren Kjell H\u00f6glund. H\u00f6glund \u00e4r ett unikum i svenskt musikliv, men har knappt setts till sedan han kollapsade innan en spelning 2008. Nu ber\u00e4ttar ist\u00e4llet andra hans historia. Filmen unders\u00f6ker varf\u00f6r musikerna Ellinor Brolin och Ellen Sundberg, oberoende av varandra, v\u00e4ljer att f\u00f6ra det H\u00f6glundska arvet vidare. En film av [&hellip;]<\/p>\n","protected":false},"author":24,"featured_media":0,"comment_status":"open","ping_status":"open","sticky":false,"template":"","format":"standard","meta":{"_crdt_document":"","jetpack_post_was_ever_published":false,"_jetpack_newsletter_access":"","_jetpack_dont_email_post_to_subs":false,"_jetpack_newsletter_tier_id":0,"_jetpack_memberships_contains_paywalled_content":false,"_jetpack_memberships_contains_paid_content":false,"footnotes":"","jetpack_publicize_message":"","jetpack_publicize_feature_enabled":true,"jetpack_social_post_already_shared":true,"jetpack_social_options":{"image_generator_settings":{"template":"highway","default_image_id":0,"font":"","enabled":false},"version":2}},"categories":[9],"tags":[],"class_list":["post-47198","post","type-post","status-publish","format-standard","hentry","category-musik"],"jetpack_publicize_connections":[],"jetpack_featured_media_url":"","jetpack_sharing_enabled":true,"jetpack_likes_enabled":true,"jetpack-related-posts":[{"id":48404,"url":"https:\/\/www.akehedman.se\/wordpress\/?p=48404","url_meta":{"origin":47198,"position":0},"title":"Kjell H\u00f6glunds \u201dGenesarets sj\u00f6\u201d invald bland v\u00e4rldens b\u00e4sta l\u00e5tar | SVT Nyheter","author":"\u00c5ke Hedman","date":"2024-09-16","format":false,"excerpt":"Sveriges radio P3 listar just nu v\u00e4rldens 300 b\u00e4sta l\u00e5tar sedan 1964, d\u00e5 radiokanalen startade. Kjell H\u00f6glunds l\u00e5t \u201dGenesarets sj\u00f6\u201d \u00e4r en av de utvalda l\u00e5tarna. Source: Kjell H\u00f6glunds \u201dGenesarets sj\u00f6\u201d invald bland v\u00e4rldens b\u00e4sta l\u00e5tar | SVT Nyheter","rel":"","context":"In &quot;Swedish&quot;","block_context":{"text":"Swedish","link":"https:\/\/www.akehedman.se\/wordpress\/?cat=2"},"img":{"alt_text":"","src":"","width":0,"height":0},"classes":[]},{"id":35851,"url":"https:\/\/www.akehedman.se\/wordpress\/?p=35851","url_meta":{"origin":47198,"position":1},"title":"Kjell H\u00f6glund \u00e5rets Cornelisstipendiat","author":"\u00c5ke Hedman","date":"2020-08-19","format":false,"excerpt":"S\u00e5ngaren, f\u00f6rfattaren och l\u00e5tskrivaren Kjell H\u00f6glund f\u00e5r \u00e5rets Cornelis Vreeswijk-stipendium p\u00e5 en halv miljon kronor. \u2013 Jag blev mycket glad och mycket f\u00f6rv\u00e5nad, s\u00e4ger han till TT. Source: Kjell H\u00f6glund \u00e5rets Cornelisstipendiat En v\u00e4rdig pristagare som alltid g\u00e5tt sin egen v\u00e4g utan att s\u00e4lja en endaste bit av sig sj\u00e4lv.\u2026","rel":"","context":"In &quot;Swedish&quot;","block_context":{"text":"Swedish","link":"https:\/\/www.akehedman.se\/wordpress\/?cat=2"},"img":{"alt_text":"","src":"","width":0,"height":0},"classes":[]},{"id":46427,"url":"https:\/\/www.akehedman.se\/wordpress\/?p=46427","url_meta":{"origin":47198,"position":2},"title":"Mycket har fallit i gl\u00f6mska \u2013 men de egna l\u00e5tarna minns Kjell H\u00f6glund \u00e4n","author":"\u00c5ke Hedman","date":"2023-11-07","format":false,"excerpt":"Source: Mycket har fallit i gl\u00f6mska \u2013 men de egna l\u00e5tarna minns Kjell H\u00f6glund \u00e4n","rel":"","context":"In &quot;Musik&quot;","block_context":{"text":"Musik","link":"https:\/\/www.akehedman.se\/wordpress\/?cat=9"},"img":{"alt_text":"","src":"","width":0,"height":0},"classes":[]},{"id":41302,"url":"https:\/\/www.akehedman.se\/wordpress\/?p=41302","url_meta":{"origin":47198,"position":3},"title":"Varannandagssjuka","author":"\u00c5ke Hedman","date":"2022-02-14","format":false,"excerpt":"Photo by Stas Knop on Pexels.com Flyttseg idag. Eller m\u00f6jligen har jag varannandags-Covid. Hostigt och segt \u00e4r det i alla fall. Men tack och lov s\u00e5 g\u00e5r det att jobba ungef\u00e4r som vanligt. D\u00e4r och i det gl\u00f6mmer jag oftast bort det v\u00e4rldsliga p\u00e5 gott och ont. Eller kanske \u00e4r\u2026","rel":"","context":"In &quot;Betraktelser &amp; Ber\u00e4ttelse&quot;","block_context":{"text":"Betraktelser &amp; Ber\u00e4ttelse","link":"https:\/\/www.akehedman.se\/wordpress\/?cat=24"},"img":{"alt_text":"orange vinyl record","src":"https:\/\/i0.wp.com\/www.akehedman.se\/wordpress\/wp-content\/uploads\/2022\/02\/pexels-photo-3328881.jpeg?resize=350%2C200&ssl=1","width":350,"height":200,"srcset":"https:\/\/i0.wp.com\/www.akehedman.se\/wordpress\/wp-content\/uploads\/2022\/02\/pexels-photo-3328881.jpeg?resize=350%2C200&ssl=1 1x, https:\/\/i0.wp.com\/www.akehedman.se\/wordpress\/wp-content\/uploads\/2022\/02\/pexels-photo-3328881.jpeg?resize=525%2C300&ssl=1 1.5x, https:\/\/i0.wp.com\/www.akehedman.se\/wordpress\/wp-content\/uploads\/2022\/02\/pexels-photo-3328881.jpeg?resize=700%2C400&ssl=1 2x, https:\/\/i0.wp.com\/www.akehedman.se\/wordpress\/wp-content\/uploads\/2022\/02\/pexels-photo-3328881.jpeg?resize=1050%2C600&ssl=1 3x, https:\/\/i0.wp.com\/www.akehedman.se\/wordpress\/wp-content\/uploads\/2022\/02\/pexels-photo-3328881.jpeg?resize=1400%2C800&ssl=1 4x"},"classes":[]},{"id":7160,"url":"https:\/\/www.akehedman.se\/wordpress\/?p=7160","url_meta":{"origin":47198,"position":4},"title":"\u00d6verdrivet klimathot tog d\u00f6d p\u00e5 debatten | Elisabet H\u00f6glund | Kolumnister | Nyheter | Aftonbladet","author":"\u00c5ke Hedman","date":"2013-05-06","format":false,"excerpt":"\u00d6verdrivet klimathot tog d\u00f6d p\u00e5 debatten | Elisabet H\u00f6glund | Kolumnister | Nyheter | Aftonbladet.","rel":"","context":"In &quot;Swedish&quot;","block_context":{"text":"Swedish","link":"https:\/\/www.akehedman.se\/wordpress\/?cat=2"},"img":{"alt_text":"","src":"","width":0,"height":0},"classes":[]},{"id":23013,"url":"https:\/\/www.akehedman.se\/wordpress\/?p=23013","url_meta":{"origin":47198,"position":5},"title":"Professor Kjell A Nordstr\u00f6ms dom \u00f6ver landsbygden: \u201dSnart en skr\u00e4pyta\u201d | Aftonbladet","author":"\u00c5ke Hedman","date":"2017-01-24","format":false,"excerpt":"\"Bara skog\". S\u00e5 dumt och s\u00e5 Iph\u00e5nigt! Stockholmsprofessorn Kjell A. Nordstr\u00f6m har lagt sin stenh\u00e5rda dom \u00f6ver glesbygdens framtid \u2013\u00a0samtidigt som han f\u00f6rutsp\u00e5r en enorm tillv\u00e4xt i huvudstaden. Source: Professor Kjell A Nordstr\u00f6ms dom \u00f6ver landsbygden: \u201dSnart en skr\u00e4pyta\u201d | Aftonbladet","rel":"","context":"In &quot;Swedish&quot;","block_context":{"text":"Swedish","link":"https:\/\/www.akehedman.se\/wordpress\/?cat=2"},"img":{"alt_text":"","src":"","width":0,"height":0},"classes":[]}],"jetpack_shortlink":"https:\/\/wp.me\/p68PL2-chg","_links":{"self":[{"href":"https:\/\/www.akehedman.se\/wordpress\/index.php?rest_route=\/wp\/v2\/posts\/47198","targetHints":{"allow":["GET"]}}],"collection":[{"href":"https:\/\/www.akehedman.se\/wordpress\/index.php?rest_route=\/wp\/v2\/posts"}],"about":[{"href":"https:\/\/www.akehedman.se\/wordpress\/index.php?rest_route=\/wp\/v2\/types\/post"}],"author":[{"embeddable":true,"href":"https:\/\/www.akehedman.se\/wordpress\/index.php?rest_route=\/wp\/v2\/users\/24"}],"replies":[{"embeddable":true,"href":"https:\/\/www.akehedman.se\/wordpress\/index.php?rest_route=%2Fwp%2Fv2%2Fcomments&post=47198"}],"version-history":[{"count":1,"href":"https:\/\/www.akehedman.se\/wordpress\/index.php?rest_route=\/wp\/v2\/posts\/47198\/revisions"}],"predecessor-version":[{"id":47199,"href":"https:\/\/www.akehedman.se\/wordpress\/index.php?rest_route=\/wp\/v2\/posts\/47198\/revisions\/47199"}],"wp:attachment":[{"href":"https:\/\/www.akehedman.se\/wordpress\/index.php?rest_route=%2Fwp%2Fv2%2Fmedia&parent=47198"}],"wp:term":[{"taxonomy":"category","embeddable":true,"href":"https:\/\/www.akehedman.se\/wordpress\/index.php?rest_route=%2Fwp%2Fv2%2Fcategories&post=47198"},{"taxonomy":"post_tag","embeddable":true,"href":"https:\/\/www.akehedman.se\/wordpress\/index.php?rest_route=%2Fwp%2Fv2%2Ftags&post=47198"}],"curies":[{"name":"wp","href":"https:\/\/api.w.org\/{rel}","templated":true}]}}