{"id":47130,"date":"2024-02-12T11:27:08","date_gmt":"2024-02-12T10:27:08","guid":{"rendered":"https:\/\/www.akehedman.se\/wordpress\/?p=47130"},"modified":"2024-02-12T11:27:08","modified_gmt":"2024-02-12T10:27:08","slug":"hopp-2","status":"publish","type":"post","link":"https:\/\/www.akehedman.se\/wordpress\/?p=47130","title":{"rendered":"Hopp"},"content":{"rendered":"\n<figure class=\"wp-block-image size-full\"><img data-recalc-dims=\"1\" loading=\"lazy\" decoding=\"async\" width=\"580\" height=\"384\" src=\"https:\/\/i0.wp.com\/www.akehedman.se\/wordpress\/wp-content\/uploads\/2024\/02\/pexels-photo-296282.jpeg?resize=580%2C384&#038;ssl=1\" alt=\"person hand reaching body of water\" class=\"wp-image-47131\" srcset=\"https:\/\/i0.wp.com\/www.akehedman.se\/wordpress\/wp-content\/uploads\/2024\/02\/pexels-photo-296282.jpeg?w=1880&amp;ssl=1 1880w, https:\/\/i0.wp.com\/www.akehedman.se\/wordpress\/wp-content\/uploads\/2024\/02\/pexels-photo-296282.jpeg?resize=300%2C199&amp;ssl=1 300w, https:\/\/i0.wp.com\/www.akehedman.se\/wordpress\/wp-content\/uploads\/2024\/02\/pexels-photo-296282.jpeg?resize=1024%2C678&amp;ssl=1 1024w, https:\/\/i0.wp.com\/www.akehedman.se\/wordpress\/wp-content\/uploads\/2024\/02\/pexels-photo-296282.jpeg?resize=768%2C509&amp;ssl=1 768w, https:\/\/i0.wp.com\/www.akehedman.se\/wordpress\/wp-content\/uploads\/2024\/02\/pexels-photo-296282.jpeg?resize=1536%2C1017&amp;ssl=1 1536w, https:\/\/i0.wp.com\/www.akehedman.se\/wordpress\/wp-content\/uploads\/2024\/02\/pexels-photo-296282.jpeg?resize=1200%2C795&amp;ssl=1 1200w, https:\/\/i0.wp.com\/www.akehedman.se\/wordpress\/wp-content\/uploads\/2024\/02\/pexels-photo-296282.jpeg?w=1740&amp;ssl=1 1740w\" sizes=\"auto, (max-width: 580px) 100vw, 580px\" \/><figcaption class=\"wp-element-caption\">Photo by Lukas on <a href=\"https:\/\/www.pexels.com\/photo\/person-hand-reaching-body-of-water-296282\/\" rel=\"nofollow\">Pexels.com<\/a><\/figcaption><\/figure>\n\n\n\n<p class=\"wp-block-paragraph\">Det enda hoppet om ljusning  just nu \u00e4r semeldagen imorgon. Fast nu n\u00e4r Backa-Jan inte \u00e4r med oss l\u00e4ngre s\u00e5 \u00e4r v\u00e4l det ocks\u00e5 ett f\u00e5f\u00e4ngt hopp. Annars kunde man vara s\u00e4ker p\u00e5 att han d\u00f6k upp med en p\u00e5se eller l\u00e5da som var fylld med l\u00e4ckerheter. &#8220;Karin skall ha en hon ocks\u00e5&#8230;&#8221;.  Fast \u00e5 andra sidan blev det semlor i plural i helgen s\u00e5 jag har inget alls att klaga p\u00e5. Ja utom p\u00e5 &#8220;<em>hoppet<\/em>&#8221; d\u00e5 som verkar ha f\u00f6rsvunnit all v\u00e4rldens v\u00e4g.<\/p>\n\n\n\n<p class=\"wp-block-paragraph\">Det k\u00e4nns som en resa l\u00e5ngt bort till en stad som man aldrig varit i skulle vara den enda m\u00f6jliga l\u00f6sningen f\u00f6r att \u00e5terfinna &#8220;<em>hoppet<\/em>&#8220;. Ibland \u00e4r det liksom det enda som hj\u00e4lper. Att ge sig iv\u00e4g. Se och upplever n\u00e5got annat. H\u00e4mta kraft ur det ok\u00e4nda.<\/p>\n\n\n\n<p class=\"wp-block-paragraph\">Fast m\u00e5ndag \u00e4r det ju. Den b\u00e4sta av dagar normalt. F\u00f6rs\u00f6ker intala mig det men just denna m\u00e5ndag hj\u00e4lper inte ens det.<\/p>\n\n\n\n<p class=\"wp-block-paragraph\">Noterade att flera personer lyfte och hejade p\u00e5 Engmans Kapell under l\u00f6rdagen utan att de ens hade h\u00f6rt l\u00e5ten.?En skitl\u00e5t som f\u00f6rtj\u00e4nade den d\u00e4r jumboplatsen f\u00f6r att det var och \u00e4r just en skitl\u00e5t. Nope det inneb\u00e4r inte att Engmans \u00e4r ett skitband. F\u00f6r det \u00e4r dom inte. Inte m\u00e4nniskorna det best\u00e5r av heller som \u00e4r mycket duktiga musiker. Men l\u00e5ten, om man nu ger sig tid att lyssna p\u00e5 den, \u00e4r en kalkon och inget annat. Nu h\u00f6r jag de sura spyorna &#8211; &#8220;<em>men dina l\u00e5tar d\u00e5, \u00e4r de b\u00e4ttre?<\/em>&#8220;. Nope,  s\u00e4kert inte. Men det har inget med saken att g\u00f6ra. <\/p>\n\n\n\n<p class=\"wp-block-paragraph\">Fast av det d\u00e4r tappar jag helt f\u00f6rtroendet f\u00f6r m\u00e4nskligheten. <strong><em>Fyfan f\u00f6r m\u00e4nsklig dumhet!<\/em><\/strong> Inte ens kommunens musiker v\u00e5gar s\u00e4ga sina innersta tankar om skitl\u00e5ten med n\u00e5gon slags missriktad kollegialitet. ALLA (utan undantag) jamsar med. Blir en del av en m\u00e4nsklighet man k\u00e4nner missmod \u00f6ver, eller kanske \u00e4r de bara fega kr\u00e4k som vanligt.<\/p>\n\n\n\n<p class=\"wp-block-paragraph\">Skit samma. Fast det g\u00e5r liksom inte riktigt att kasta av sig dumhetens gegga. Den liksom klibbar sig fast i hj\u00e4rnan p\u00e5 en s\u00e5dan som mig som nybl\u00f6dd kletig k\u00e5da. <\/p>\n\n\n\n<p class=\"wp-block-paragraph\">Kanske \u00e4r l\u00f6sningen att g\u00e5 upp f\u00f6r trapporna, l\u00e4gga sig i soffan, och somna in. Ligga d\u00e4r och hoppas att v\u00e4rlden \u00e4r b\u00e4ttre n\u00e4r man vaknar upp igen. Men sannolikheten&#8230; l\u00e5g p\u00e5 sin h\u00f6jd. \u00c4nnu mer troligt helt obefintlig. <\/p>\n\n\n\n<p class=\"wp-block-paragraph\">Fast s\u00f6kande efter &#8220;<em>hoppet<\/em>&#8221; d\u00e5. Men man skulle kunna st\u00e4da kontoret. <span style=\"text-decoration: underline;\">Det beh\u00f6vs<\/span>. Eller skruva ihop en dator.?Ja eller bara forts\u00e4tta att sitta h\u00e4r och stirra&#8230;<\/p>\n\n\n\n<p class=\"wp-block-paragraph\"> <\/p>\n","protected":false},"excerpt":{"rendered":"<p>Det enda hoppet om ljusning just nu \u00e4r semeldagen imorgon. Fast nu n\u00e4r Backa-Jan inte \u00e4r med oss l\u00e4ngre s\u00e5 \u00e4r v\u00e4l det ocks\u00e5 ett f\u00e5f\u00e4ngt hopp. Annars kunde man vara s\u00e4ker p\u00e5 att han d\u00f6k upp med en p\u00e5se eller l\u00e5da som var fylld med l\u00e4ckerheter. &#8220;Karin skall ha en hon ocks\u00e5&#8230;&#8221;. Fast \u00e5 [&hellip;]<\/p>\n","protected":false},"author":24,"featured_media":0,"comment_status":"open","ping_status":"open","sticky":false,"template":"","format":"standard","meta":{"_crdt_document":"","jetpack_post_was_ever_published":false,"_jetpack_newsletter_access":"","_jetpack_dont_email_post_to_subs":false,"_jetpack_newsletter_tier_id":0,"_jetpack_memberships_contains_paywalled_content":false,"_jetpack_memberships_contains_paid_content":false,"footnotes":"","jetpack_publicize_message":"","jetpack_publicize_feature_enabled":true,"jetpack_social_post_already_shared":true,"jetpack_social_options":{"image_generator_settings":{"template":"highway","default_image_id":0,"font":"","enabled":false},"version":2}},"categories":[24],"tags":[],"class_list":["post-47130","post","type-post","status-publish","format-standard","hentry","category-betraktelser"],"jetpack_publicize_connections":[],"jetpack_featured_media_url":"","jetpack_sharing_enabled":true,"jetpack_likes_enabled":true,"jetpack-related-posts":[{"id":51401,"url":"https:\/\/www.akehedman.se\/wordpress\/?p=51401","url_meta":{"origin":47130,"position":0},"title":"Sentimental","author":"\u00c5ke Hedman","date":"2026-03-15","format":false,"excerpt":"S\u00e5 g\u00e5r Edsbyn och blir m\u00e4stare igen i bandy och \"byn\" blir guldbyn igen. T\u00e4nka sig. Sicken l\u00f6rdag. Man blev alldeles svettig. I soffan... Jag f\u00f6rs\u00f6ker k\u00e4nna ingen supportrar man ser p\u00e5 tv. Siktar in sig p\u00e5 de gr\u00e5a. Men inte en kotte k\u00e4nner jag igen. Ljusnan har en bildserie\u2026","rel":"","context":"In &quot;Swedish&quot;","block_context":{"text":"Swedish","link":"https:\/\/www.akehedman.se\/wordpress\/?cat=2"},"img":{"alt_text":"","src":"https:\/\/www.akehedman.se\/wordpress\/wp-content\/uploads\/2026\/03\/ebbc7e34-5130-49b0-b332-4c28a6994c59.avif","width":350,"height":200,"srcset":"https:\/\/www.akehedman.se\/wordpress\/wp-content\/uploads\/2026\/03\/ebbc7e34-5130-49b0-b332-4c28a6994c59.avif 1x, https:\/\/www.akehedman.se\/wordpress\/wp-content\/uploads\/2026\/03\/ebbc7e34-5130-49b0-b332-4c28a6994c59.avif 1.5x, https:\/\/www.akehedman.se\/wordpress\/wp-content\/uploads\/2026\/03\/ebbc7e34-5130-49b0-b332-4c28a6994c59.avif 2x, https:\/\/www.akehedman.se\/wordpress\/wp-content\/uploads\/2026\/03\/ebbc7e34-5130-49b0-b332-4c28a6994c59.avif 3x, https:\/\/www.akehedman.se\/wordpress\/wp-content\/uploads\/2026\/03\/ebbc7e34-5130-49b0-b332-4c28a6994c59.avif 4x"},"classes":[]},{"id":37593,"url":"https:\/\/www.akehedman.se\/wordpress\/?p=37593","url_meta":{"origin":47130,"position":1},"title":"Kunde vara urk&#8230;","author":"\u00c5ke Hedman","date":"2021-01-25","format":false,"excerpt":"M\u00e5ndag. Kunde vara \"urk\" men \u00e4r inte \"urk\", f\u00f6r det s\u00e4ger varenda Turk. N\u00e5ja, i alla fall de som bor i Ankara. De gillar n\u00e4mligen m\u00e5ndagar d\u00e4r, det har jag l\u00e4rt mig av en s\u00e4ker k\u00e4lla. Ja och kanske har ocks\u00e5 jag d\u00e5 en liten Turk i blodet eftersom ocks\u00e5\u2026","rel":"","context":"In &quot;Betraktelser &amp; Ber\u00e4ttelse&quot;","block_context":{"text":"Betraktelser &amp; Ber\u00e4ttelse","link":"https:\/\/www.akehedman.se\/wordpress\/?cat=24"},"img":{"alt_text":"","src":"https:\/\/i0.wp.com\/www.akehedman.se\/wordpress\/wp-content\/uploads\/2021\/01\/IMG_20210111_095605-1.jpg?resize=350%2C200&ssl=1","width":350,"height":200},"classes":[]},{"id":41207,"url":"https:\/\/www.akehedman.se\/wordpress\/?p=41207","url_meta":{"origin":47130,"position":2},"title":"Strejkvarsel","author":"\u00c5ke Hedman","date":"2022-02-04","format":false,"excerpt":"Photo by Kaboompics .com on Pexels.com Som en eftergift \u00e5t det \"tr\u00f6tta\" s\u00e4tter jag p\u00e5 kaffe ist\u00e4llet f\u00f6r te h\u00e4r p\u00e5 morgonen. Alla kaffebryggare har gett upp h\u00e4r nu s\u00e5 det \u00e4r manuella metoder som g\u00e4ller. Men det g\u00e5r ju det ocks\u00e5. Men borde l\u00e4mpligen inhandla en kaffebryggare till kontoret.\u2026","rel":"","context":"In &quot;Betraktelser &amp; Ber\u00e4ttelse&quot;","block_context":{"text":"Betraktelser &amp; Ber\u00e4ttelse","link":"https:\/\/www.akehedman.se\/wordpress\/?cat=24"},"img":{"alt_text":"","src":"https:\/\/i0.wp.com\/www.akehedman.se\/wordpress\/wp-content\/uploads\/2022\/02\/IMG_20220203_173939-01-scaled.jpeg?resize=350%2C200&ssl=1","width":350,"height":200,"srcset":"https:\/\/i0.wp.com\/www.akehedman.se\/wordpress\/wp-content\/uploads\/2022\/02\/IMG_20220203_173939-01-scaled.jpeg?resize=350%2C200&ssl=1 1x, https:\/\/i0.wp.com\/www.akehedman.se\/wordpress\/wp-content\/uploads\/2022\/02\/IMG_20220203_173939-01-scaled.jpeg?resize=525%2C300&ssl=1 1.5x, https:\/\/i0.wp.com\/www.akehedman.se\/wordpress\/wp-content\/uploads\/2022\/02\/IMG_20220203_173939-01-scaled.jpeg?resize=700%2C400&ssl=1 2x, https:\/\/i0.wp.com\/www.akehedman.se\/wordpress\/wp-content\/uploads\/2022\/02\/IMG_20220203_173939-01-scaled.jpeg?resize=1050%2C600&ssl=1 3x, https:\/\/i0.wp.com\/www.akehedman.se\/wordpress\/wp-content\/uploads\/2022\/02\/IMG_20220203_173939-01-scaled.jpeg?resize=1400%2C800&ssl=1 4x"},"classes":[]},{"id":37801,"url":"https:\/\/www.akehedman.se\/wordpress\/?p=37801","url_meta":{"origin":47130,"position":3},"title":"Det nya","author":"\u00c5ke Hedman","date":"2021-02-09","format":false,"excerpt":"Det \u00e4r en synnerligen vacker vinterdag d\u00e4r ute. Femton minus. Klart som att titta in i en v\u00e4lputsat kristallkula som \u00e4r fylld med hela universum strax innan Big bang. Man vill fotografera v\u00e4rlden. Bevara. F\u00f6rs\u00f6ker. Blir besviken. Mobilkameror! Bah! Den nya tidens Instamatic skr\u00e4p. Ger upp. Yngste sonen har inhandlat\u2026","rel":"","context":"In &quot;Betraktelser &amp; Ber\u00e4ttelse&quot;","block_context":{"text":"Betraktelser &amp; Ber\u00e4ttelse","link":"https:\/\/www.akehedman.se\/wordpress\/?cat=24"},"img":{"alt_text":"","src":"https:\/\/i0.wp.com\/www.akehedman.se\/wordpress\/wp-content\/uploads\/2021\/02\/IMG_20210209_081939-scaled.jpg?resize=350%2C200&ssl=1","width":350,"height":200,"srcset":"https:\/\/i0.wp.com\/www.akehedman.se\/wordpress\/wp-content\/uploads\/2021\/02\/IMG_20210209_081939-scaled.jpg?resize=350%2C200&ssl=1 1x, https:\/\/i0.wp.com\/www.akehedman.se\/wordpress\/wp-content\/uploads\/2021\/02\/IMG_20210209_081939-scaled.jpg?resize=525%2C300&ssl=1 1.5x, https:\/\/i0.wp.com\/www.akehedman.se\/wordpress\/wp-content\/uploads\/2021\/02\/IMG_20210209_081939-scaled.jpg?resize=700%2C400&ssl=1 2x, https:\/\/i0.wp.com\/www.akehedman.se\/wordpress\/wp-content\/uploads\/2021\/02\/IMG_20210209_081939-scaled.jpg?resize=1050%2C600&ssl=1 3x, https:\/\/i0.wp.com\/www.akehedman.se\/wordpress\/wp-content\/uploads\/2021\/02\/IMG_20210209_081939-scaled.jpg?resize=1400%2C800&ssl=1 4x"},"classes":[]},{"id":25773,"url":"https:\/\/www.akehedman.se\/wordpress\/?p=25773","url_meta":{"origin":47130,"position":4},"title":"&#8220;Godricka&#8221; och godhet","author":"\u00c5ke Hedman","date":"2017-10-29","format":false,"excerpt":"Jag hinner knappt posta min senaste l\u00e4sta bok och g\u00e5 ut sen stannar en ok\u00e4nd bil och han vandrar ut. K och jag binder om v\u00e4xter som skydd inf\u00f6r vinterns r\u00e5djursattacker och \u00e4r d\u00e4rf\u00f6r ute. Jag ropar. Han viker av. Jag k\u00e4nner inte igen. Som vanligt. Jehovas vittne kanske? Men,\u2026","rel":"","context":"In &quot;Betraktelser &amp; Ber\u00e4ttelse&quot;","block_context":{"text":"Betraktelser &amp; Ber\u00e4ttelse","link":"https:\/\/www.akehedman.se\/wordpress\/?cat=24"},"img":{"alt_text":"","src":"https:\/\/i0.wp.com\/www.akehedman.se\/wordpress\/wp-content\/uploads\/2017\/10\/IMG_20171029_134403997-768x1024.jpg?resize=350%2C200","width":350,"height":200},"classes":[]},{"id":45758,"url":"https:\/\/www.akehedman.se\/wordpress\/?p=45758","url_meta":{"origin":47130,"position":5},"title":"Efter sol kommer regn","author":"\u00c5ke Hedman","date":"2023-08-19","format":false,"excerpt":"Photo by Pixabay on Pexels.com En hel dag ute. Med sol. Inte ens en skur. Det \u00e4r man inte van. I alla fall inte under de senaste tv\u00e5 m\u00e5naderna. Sk\u00f6\u00f6\u00f6nt... Kunde iof vara \u00e4nnu sk\u00f6nare om man inte varit tvingad (av sig sj\u00e4lv) att vandra efter gr\u00e4sklippare st\u00f6rre delen av\u2026","rel":"","context":"In &quot;Betraktelser &amp; Ber\u00e4ttelse&quot;","block_context":{"text":"Betraktelser &amp; Ber\u00e4ttelse","link":"https:\/\/www.akehedman.se\/wordpress\/?cat=24"},"img":{"alt_text":"sunflower during sunset","src":"https:\/\/i0.wp.com\/www.akehedman.se\/wordpress\/wp-content\/uploads\/2023\/08\/sunflower-sun-summer-yellow.jpg?resize=350%2C200&ssl=1","width":350,"height":200,"srcset":"https:\/\/i0.wp.com\/www.akehedman.se\/wordpress\/wp-content\/uploads\/2023\/08\/sunflower-sun-summer-yellow.jpg?resize=350%2C200&ssl=1 1x, https:\/\/i0.wp.com\/www.akehedman.se\/wordpress\/wp-content\/uploads\/2023\/08\/sunflower-sun-summer-yellow.jpg?resize=525%2C300&ssl=1 1.5x, https:\/\/i0.wp.com\/www.akehedman.se\/wordpress\/wp-content\/uploads\/2023\/08\/sunflower-sun-summer-yellow.jpg?resize=700%2C400&ssl=1 2x, https:\/\/i0.wp.com\/www.akehedman.se\/wordpress\/wp-content\/uploads\/2023\/08\/sunflower-sun-summer-yellow.jpg?resize=1050%2C600&ssl=1 3x, https:\/\/i0.wp.com\/www.akehedman.se\/wordpress\/wp-content\/uploads\/2023\/08\/sunflower-sun-summer-yellow.jpg?resize=1400%2C800&ssl=1 4x"},"classes":[]}],"jetpack_shortlink":"https:\/\/wp.me\/p68PL2-cga","_links":{"self":[{"href":"https:\/\/www.akehedman.se\/wordpress\/index.php?rest_route=\/wp\/v2\/posts\/47130","targetHints":{"allow":["GET"]}}],"collection":[{"href":"https:\/\/www.akehedman.se\/wordpress\/index.php?rest_route=\/wp\/v2\/posts"}],"about":[{"href":"https:\/\/www.akehedman.se\/wordpress\/index.php?rest_route=\/wp\/v2\/types\/post"}],"author":[{"embeddable":true,"href":"https:\/\/www.akehedman.se\/wordpress\/index.php?rest_route=\/wp\/v2\/users\/24"}],"replies":[{"embeddable":true,"href":"https:\/\/www.akehedman.se\/wordpress\/index.php?rest_route=%2Fwp%2Fv2%2Fcomments&post=47130"}],"version-history":[{"count":1,"href":"https:\/\/www.akehedman.se\/wordpress\/index.php?rest_route=\/wp\/v2\/posts\/47130\/revisions"}],"predecessor-version":[{"id":47132,"href":"https:\/\/www.akehedman.se\/wordpress\/index.php?rest_route=\/wp\/v2\/posts\/47130\/revisions\/47132"}],"wp:attachment":[{"href":"https:\/\/www.akehedman.se\/wordpress\/index.php?rest_route=%2Fwp%2Fv2%2Fmedia&parent=47130"}],"wp:term":[{"taxonomy":"category","embeddable":true,"href":"https:\/\/www.akehedman.se\/wordpress\/index.php?rest_route=%2Fwp%2Fv2%2Fcategories&post=47130"},{"taxonomy":"post_tag","embeddable":true,"href":"https:\/\/www.akehedman.se\/wordpress\/index.php?rest_route=%2Fwp%2Fv2%2Ftags&post=47130"}],"curies":[{"name":"wp","href":"https:\/\/api.w.org\/{rel}","templated":true}]}}