{"id":46786,"date":"2023-12-27T09:46:28","date_gmt":"2023-12-27T08:46:28","guid":{"rendered":"https:\/\/www.akehedman.se\/wordpress\/?p=46786"},"modified":"2023-12-27T09:46:28","modified_gmt":"2023-12-27T08:46:28","slug":"slut-5","status":"publish","type":"post","link":"https:\/\/www.akehedman.se\/wordpress\/?p=46786","title":{"rendered":"Slut"},"content":{"rendered":"<div class=\"wp-block-image\">\n<figure class=\"aligncenter size-full\"><img data-recalc-dims=\"1\" loading=\"lazy\" decoding=\"async\" width=\"580\" height=\"395\" src=\"https:\/\/i0.wp.com\/www.akehedman.se\/wordpress\/wp-content\/uploads\/2023\/12\/pexels-photo-3006228.jpeg?resize=580%2C395&#038;ssl=1\" alt=\"photo of end signage\" class=\"wp-image-46787\" srcset=\"https:\/\/i0.wp.com\/www.akehedman.se\/wordpress\/wp-content\/uploads\/2023\/12\/pexels-photo-3006228.jpeg?w=1880&amp;ssl=1 1880w, https:\/\/i0.wp.com\/www.akehedman.se\/wordpress\/wp-content\/uploads\/2023\/12\/pexels-photo-3006228.jpeg?resize=300%2C204&amp;ssl=1 300w, https:\/\/i0.wp.com\/www.akehedman.se\/wordpress\/wp-content\/uploads\/2023\/12\/pexels-photo-3006228.jpeg?resize=1024%2C697&amp;ssl=1 1024w, https:\/\/i0.wp.com\/www.akehedman.se\/wordpress\/wp-content\/uploads\/2023\/12\/pexels-photo-3006228.jpeg?resize=768%2C522&amp;ssl=1 768w, https:\/\/i0.wp.com\/www.akehedman.se\/wordpress\/wp-content\/uploads\/2023\/12\/pexels-photo-3006228.jpeg?resize=1536%2C1045&amp;ssl=1 1536w, https:\/\/i0.wp.com\/www.akehedman.se\/wordpress\/wp-content\/uploads\/2023\/12\/pexels-photo-3006228.jpeg?resize=1200%2C816&amp;ssl=1 1200w, https:\/\/i0.wp.com\/www.akehedman.se\/wordpress\/wp-content\/uploads\/2023\/12\/pexels-photo-3006228.jpeg?w=1740&amp;ssl=1 1740w\" sizes=\"auto, (max-width: 580px) 100vw, 580px\" \/><figcaption class=\"wp-element-caption\">Photo by Ana Arantes on <a href=\"https:\/\/www.pexels.com\/photo\/photo-of-end-signage-3006228\/\" rel=\"nofollow\">Pexels.com<\/a><\/figcaption><\/figure>\n<\/div>\n\n\n<p class=\"wp-block-paragraph\">Julen har passerat. Mat \u00e4tits. Berg av mat finns kvar. Det mesta faktiskt. Samma med godis. Berg kvar. Frukt som b\u00f6rjar ge sig. Ungarna \u00e4r avflugna och i sitt igen. Vi f\u00f6rs\u00f6ker ta oss an berget. Men kampen \u00e4r nog helt hoppl\u00f6s. Det kommer att beh\u00f6vas kastas mat mot helgen. Frukt med. Men anstr\u00e4nger jag mig kanske jag kan f\u00e5 i mig det mesta av godiset&#8230;<\/p>\n\n\n\n<p class=\"wp-block-paragraph\">Det \u00e4ts inte lika mycket till jul. Jag minns i Uppsala och T\u00e4by. Man var yngre.  Man kunde \u00e4ta tv\u00e5 tallrikar p\u00e5 kv\u00e4llen f\u00f6rutom det riktiga bordet. S\u00e5dant fungerar inte l\u00e4ngre. Man sitter d\u00e4r st\u00e4ndigt m\u00e4tt och n\u00e4ra illam\u00e5ende. \u00c5 andra sidan s\u00e5 r\u00e4ckte en twistp\u00e5se en hel kv\u00e4ll p\u00e5 den tiden. <\/p>\n\n\n\n<p class=\"wp-block-paragraph\">Fast julen var l\u00e4ngre f\u00f6rr.?O\u00e4ndlig i sin l\u00e4ngd. Tog n\u00e4stan aldrig slut. Nu s\u00e4ger det poff dan f\u00f6re och s\u00e5 vips s\u00e5 \u00e4r det annandag. Man h\u00e4nger inte riktigt med.<\/p>\n\n\n\n<p class=\"wp-block-paragraph\">Presenter har ocks\u00e5 ramlat in. Man f\u00e5r en plats i k\u00e4rlekshierarkierna. Beh\u00f6ver ingenting s\u00e5klart. Men hur f\u00f6rklarar man det. Ett noll till traditionerna.<\/p>\n\n\n\n<p class=\"wp-block-paragraph\">Jag g\u00e5r och l\u00e4gger mig klockan nio i g\u00e5r. En s\u00e5dan d\u00e4r tid man bara l\u00e4gger sig vid om man har feber och \u00e4r sjuk. Men \u00e4r genuint tr\u00f6tt. Tanken \u00e4r att l\u00e4sa. Men somnar v\u00e4l vid tio. Sover till midnatt. Uts\u00f6vd d\u00e4r. Men tvingar mig att sova igen och lyckas. Vaknar vid tre och f\u00e5r ligga d\u00e4r och fundera under timmarna fram till morgonen och godk\u00e4nd tid f\u00f6r uppstigning.<\/p>\n\n\n\n<p class=\"wp-block-paragraph\">L\u00e4ser om &#8220;Blirr&#8221;, &#8220;J\u00e4rnhandlarsonen&#8221;, &#8220;Zona&#8221; och &#8220;Follan&#8221; i julklappsboken. Peter Stormares liv har en h\u00e5llplats p\u00e5 Folkets Hems scen i Edsbyn. Kan f\u00f6r mitt liv inte komma p\u00e5 vad Zonas &#8220;riktiga&#8221; namn \u00e4r&#8230; Demensk\u00e4nningar&#8230;?Men f\u00e5r svar &#8211;  &#8220;<em>Lars Larsson<\/em>&#8220;. Hur kunde man gl\u00f6mma det? N\u00e5ja, l\u00e4nge sedan det d\u00e4r h\u00e4nde.<\/p>\n\n\n\n<p class=\"wp-block-paragraph\">Nu p\u00e5 kontoret d\u00e5. N\u00f6jd med det. +500 mail i inkorgen. Jo. Fast det varit sk\u00f6na dagar. TP turnering. Umg\u00e4nge. Gamla filmer. Mat. Godis. Glada katter. Ja allt det d\u00e4r. Fast n\u00e4sta \u00e5r f\u00e5r vi nog fira jul i London \u00e4nd\u00e5.<\/p>\n\n\n\n<p class=\"wp-block-paragraph\"><\/p>\n","protected":false},"excerpt":{"rendered":"<p>Julen har passerat. Mat \u00e4tits. Berg av mat finns kvar. Det mesta faktiskt. Samma med godis. Berg kvar. Frukt som b\u00f6rjar ge sig. Ungarna \u00e4r avflugna och i sitt igen. Vi f\u00f6rs\u00f6ker ta oss an berget. Men kampen \u00e4r nog helt hoppl\u00f6s. Det kommer att beh\u00f6vas kastas mat mot helgen. Frukt med. Men anstr\u00e4nger jag [&hellip;]<\/p>\n","protected":false},"author":24,"featured_media":0,"comment_status":"open","ping_status":"open","sticky":false,"template":"","format":"standard","meta":{"_crdt_document":"","jetpack_post_was_ever_published":false,"_jetpack_newsletter_access":"","_jetpack_dont_email_post_to_subs":false,"_jetpack_newsletter_tier_id":0,"_jetpack_memberships_contains_paywalled_content":false,"_jetpack_memberships_contains_paid_content":false,"footnotes":"","jetpack_publicize_message":"","jetpack_publicize_feature_enabled":true,"jetpack_social_post_already_shared":true,"jetpack_social_options":{"image_generator_settings":{"template":"highway","default_image_id":0,"font":"","enabled":false},"version":2}},"categories":[2],"tags":[],"class_list":["post-46786","post","type-post","status-publish","format-standard","hentry","category-swedish"],"jetpack_publicize_connections":[],"jetpack_featured_media_url":"","jetpack_sharing_enabled":true,"jetpack_likes_enabled":true,"jetpack-related-posts":[{"id":26430,"url":"https:\/\/www.akehedman.se\/wordpress\/?p=26430","url_meta":{"origin":46786,"position":0},"title":"Lekdag","author":"\u00c5ke Hedman","date":"2017-12-23","format":false,"excerpt":"Jag tar mig tid f\u00f6r att ge den d\u00e4r ropande lusten att sitta och leka med n\u00e5got, aka l\u00e4ra mig n\u00e5got nytt, en dag. On\u00f6dig, bortkastad tid, ja som det k\u00e4nns n\u00e4r man h\u00e5ller p\u00e5, men som betalar sig senare, eftersom man nu faktiskt l\u00e4r sig saker. Japp alla scheman\u2026","rel":"","context":"In &quot;Betraktelser &amp; Ber\u00e4ttelse&quot;","block_context":{"text":"Betraktelser &amp; Ber\u00e4ttelse","link":"https:\/\/www.akehedman.se\/wordpress\/?cat=24"},"img":{"alt_text":"","src":"https:\/\/i0.wp.com\/www.akehedman.se\/wordpress\/wp-content\/uploads\/2016\/12\/julbyn-cut-1024x465.png?resize=350%2C200","width":350,"height":200,"srcset":"https:\/\/i0.wp.com\/www.akehedman.se\/wordpress\/wp-content\/uploads\/2016\/12\/julbyn-cut-1024x465.png?resize=350%2C200 1x, https:\/\/i0.wp.com\/www.akehedman.se\/wordpress\/wp-content\/uploads\/2016\/12\/julbyn-cut-1024x465.png?resize=525%2C300 1.5x"},"classes":[]},{"id":19406,"url":"https:\/\/www.akehedman.se\/wordpress\/?p=19406","url_meta":{"origin":46786,"position":1},"title":"Liv efter jul","author":"\u00c5ke Hedman","date":"2016-01-08","format":false,"excerpt":"Det \u00e4r kallt h\u00e4r i Los. S\u00e5klart. Som \u00f6verallt annars. Det \u00e4r vinter. Men tack och lov bor vi d\u00e4r finnar bosatte sig. Japp allts\u00e5 \u00e4r det fem eller tio grader varmare h\u00e4r \u00e4n d\u00e4r nere d\u00e4r floderna fl\u00f6dar. Japp alltid p\u00e5 toppen av ett berg och p\u00e5 r\u00e4tt sida\u2026","rel":"","context":"In &quot;Betraktelser &amp; Ber\u00e4ttelse&quot;","block_context":{"text":"Betraktelser &amp; Ber\u00e4ttelse","link":"https:\/\/www.akehedman.se\/wordpress\/?cat=24"},"img":{"alt_text":"bondkakor","src":"https:\/\/i0.wp.com\/www.akehedman.se\/wordpress\/wp-content\/uploads\/2015\/12\/bondkakor.jpg?resize=350%2C200","width":350,"height":200},"classes":[]},{"id":24094,"url":"https:\/\/www.akehedman.se\/wordpress\/?p=24094","url_meta":{"origin":46786,"position":2},"title":"P\u00e5skbl\u00e5sten","author":"\u00c5ke Hedman","date":"2017-04-11","format":false,"excerpt":"Tydligen \u00e4r man alpollenallergiker numera. Lite f\u00e5nig \u00e5komma s\u00e5d\u00e4r. Men tydligt nu om jag g\u00e5r ut. Man f\u00e5r st\u00e5 ut. Ja och jag st\u00e5r ut. Ett \u00e5r till. Hur-som-helst pollenallergiker \u00e4r andra klassens m\u00e4nniskor, ja, jag har tagit mig upp\u00e5t allts\u00e5. Bl\u00e5sigt. Kallare. Men bl\u00e5 himmel. S\u00e5 kan kan v\u00e4l\u2026","rel":"","context":"In &quot;Betraktelser &amp; Ber\u00e4ttelse&quot;","block_context":{"text":"Betraktelser &amp; Ber\u00e4ttelse","link":"https:\/\/www.akehedman.se\/wordpress\/?cat=24"},"img":{"alt_text":"","src":"https:\/\/i0.wp.com\/www.akehedman.se\/wordpress\/wp-content\/uploads\/2017\/04\/20170411_181840-e1491927891762-576x1024.png?resize=350%2C200","width":350,"height":200},"classes":[]},{"id":29007,"url":"https:\/\/www.akehedman.se\/wordpress\/?p=29007","url_meta":{"origin":46786,"position":3},"title":"Icke dansk","author":"\u00c5ke Hedman","date":"2018-06-20","format":false,"excerpt":"\u00a0 Ett kontor. Sol, ute. Sommar. Det k\u00e4nns som \"Macken\", \"Hej kontoret\" Men det \u00e4r p\u00e5 l\u00e5tas s\u00e5klart. Det var iof \"Macken\" ocks\u00e5. Lika f\u00f6r lika. Jag njuter av k\u00e4nslan. Njuter av sommaren. S\u00e4tter p\u00e5 kaffe. T\u00e4nker att kanske skulle man vara ledig. Sitta p\u00e5 altanen vid sin stuga d\u00e4r\u2026","rel":"","context":"In &quot;Betraktelser &amp; Ber\u00e4ttelse&quot;","block_context":{"text":"Betraktelser &amp; Ber\u00e4ttelse","link":"https:\/\/www.akehedman.se\/wordpress\/?cat=24"},"img":{"alt_text":"","src":"https:\/\/i0.wp.com\/www.akehedman.se\/wordpress\/wp-content\/uploads\/2018\/05\/IMG_20180522_180838737-576x1024.jpg?resize=350%2C200","width":350,"height":200,"srcset":"https:\/\/i0.wp.com\/www.akehedman.se\/wordpress\/wp-content\/uploads\/2018\/05\/IMG_20180522_180838737-576x1024.jpg?resize=350%2C200 1x, https:\/\/i0.wp.com\/www.akehedman.se\/wordpress\/wp-content\/uploads\/2018\/05\/IMG_20180522_180838737-576x1024.jpg?resize=525%2C300 1.5x"},"classes":[]},{"id":21680,"url":"https:\/\/www.akehedman.se\/wordpress\/?p=21680","url_meta":{"origin":46786,"position":4},"title":"Lingon och gravgr\u00e4vare","author":"\u00c5ke Hedman","date":"2016-10-02","format":false,"excerpt":"Jag gr\u00e4ver. K rensar g\u00e5rdagens hemforslade hinkar med lingon. Det \u00e4r fint v\u00e4der. H\u00f6stfint. Sk\u00f6nt ute i solen. Kallt i skuggan. Man vill vara ute. Njuter av det. Passar p\u00e5.\u00a0 Gr\u00e4va \u00e4r OK. Men en programmerarkropp skriker s\u00e5klart. Underligt vore det annars. Men en bit blir det i alla fall.\u2026","rel":"","context":"In &quot;Betraktelser &amp; Ber\u00e4ttelse&quot;","block_context":{"text":"Betraktelser &amp; Ber\u00e4ttelse","link":"https:\/\/www.akehedman.se\/wordpress\/?cat=24"},"img":{"alt_text":"lingon2","src":"https:\/\/i0.wp.com\/www.akehedman.se\/wordpress\/wp-content\/uploads\/2016\/10\/lingon2-1024x768.jpg?resize=350%2C200","width":350,"height":200,"srcset":"https:\/\/i0.wp.com\/www.akehedman.se\/wordpress\/wp-content\/uploads\/2016\/10\/lingon2-1024x768.jpg?resize=350%2C200 1x, https:\/\/i0.wp.com\/www.akehedman.se\/wordpress\/wp-content\/uploads\/2016\/10\/lingon2-1024x768.jpg?resize=525%2C300 1.5x"},"classes":[]},{"id":47295,"url":"https:\/\/www.akehedman.se\/wordpress\/?p=47295","url_meta":{"origin":46786,"position":5},"title":"Toppen","author":"\u00c5ke Hedman","date":"2024-03-12","format":false,"excerpt":"Photo by Tyler Lastovich on Pexels.com L\u00e5g idag. Det blir inte s\u00e5 mycket. Ingen som helst \u00f6nskan att kl\u00e4ttra upp p\u00e5 den d\u00e4r bergstoppen. Skulle v\u00e4l helst l\u00e4ggs mig i soffan med god bok. Men n\u00e5gon ordning f\u00e5r det nu \u00e4nd\u00e5 vara. Ocks\u00e5 jag har \u00e4nd\u00e5 lite stolthet kvar. Borde\u2026","rel":"","context":"In &quot;Betraktelser &amp; Ber\u00e4ttelse&quot;","block_context":{"text":"Betraktelser &amp; Ber\u00e4ttelse","link":"https:\/\/www.akehedman.se\/wordpress\/?cat=24"},"img":{"alt_text":"brown and white mountain","src":"https:\/\/i0.wp.com\/www.akehedman.se\/wordpress\/wp-content\/uploads\/2024\/03\/pexels-photo-633198.jpeg?resize=350%2C200&ssl=1","width":350,"height":200,"srcset":"https:\/\/i0.wp.com\/www.akehedman.se\/wordpress\/wp-content\/uploads\/2024\/03\/pexels-photo-633198.jpeg?resize=350%2C200&ssl=1 1x, https:\/\/i0.wp.com\/www.akehedman.se\/wordpress\/wp-content\/uploads\/2024\/03\/pexels-photo-633198.jpeg?resize=525%2C300&ssl=1 1.5x, https:\/\/i0.wp.com\/www.akehedman.se\/wordpress\/wp-content\/uploads\/2024\/03\/pexels-photo-633198.jpeg?resize=700%2C400&ssl=1 2x, https:\/\/i0.wp.com\/www.akehedman.se\/wordpress\/wp-content\/uploads\/2024\/03\/pexels-photo-633198.jpeg?resize=1050%2C600&ssl=1 3x, https:\/\/i0.wp.com\/www.akehedman.se\/wordpress\/wp-content\/uploads\/2024\/03\/pexels-photo-633198.jpeg?resize=1400%2C800&ssl=1 4x"},"classes":[]}],"jetpack_shortlink":"https:\/\/wp.me\/p68PL2-caC","_links":{"self":[{"href":"https:\/\/www.akehedman.se\/wordpress\/index.php?rest_route=\/wp\/v2\/posts\/46786","targetHints":{"allow":["GET"]}}],"collection":[{"href":"https:\/\/www.akehedman.se\/wordpress\/index.php?rest_route=\/wp\/v2\/posts"}],"about":[{"href":"https:\/\/www.akehedman.se\/wordpress\/index.php?rest_route=\/wp\/v2\/types\/post"}],"author":[{"embeddable":true,"href":"https:\/\/www.akehedman.se\/wordpress\/index.php?rest_route=\/wp\/v2\/users\/24"}],"replies":[{"embeddable":true,"href":"https:\/\/www.akehedman.se\/wordpress\/index.php?rest_route=%2Fwp%2Fv2%2Fcomments&post=46786"}],"version-history":[{"count":1,"href":"https:\/\/www.akehedman.se\/wordpress\/index.php?rest_route=\/wp\/v2\/posts\/46786\/revisions"}],"predecessor-version":[{"id":46788,"href":"https:\/\/www.akehedman.se\/wordpress\/index.php?rest_route=\/wp\/v2\/posts\/46786\/revisions\/46788"}],"wp:attachment":[{"href":"https:\/\/www.akehedman.se\/wordpress\/index.php?rest_route=%2Fwp%2Fv2%2Fmedia&parent=46786"}],"wp:term":[{"taxonomy":"category","embeddable":true,"href":"https:\/\/www.akehedman.se\/wordpress\/index.php?rest_route=%2Fwp%2Fv2%2Fcategories&post=46786"},{"taxonomy":"post_tag","embeddable":true,"href":"https:\/\/www.akehedman.se\/wordpress\/index.php?rest_route=%2Fwp%2Fv2%2Ftags&post=46786"}],"curies":[{"name":"wp","href":"https:\/\/api.w.org\/{rel}","templated":true}]}}