{"id":45413,"date":"2023-06-26T20:48:30","date_gmt":"2023-06-26T19:48:30","guid":{"rendered":"https:\/\/www.akehedman.se\/wordpress\/?p=45413"},"modified":"2023-06-26T20:48:30","modified_gmt":"2023-06-26T19:48:30","slug":"vatten-3","status":"publish","type":"post","link":"https:\/\/www.akehedman.se\/wordpress\/?p=45413","title":{"rendered":"Vatten"},"content":{"rendered":"<div class=\"wp-block-image\">\n<figure class=\"aligncenter size-full\"><img data-recalc-dims=\"1\" loading=\"lazy\" decoding=\"async\" width=\"580\" height=\"725\" src=\"https:\/\/i0.wp.com\/www.akehedman.se\/wordpress\/wp-content\/uploads\/2023\/06\/pexels-photo-3124674.jpeg?resize=580%2C725&#038;ssl=1\" alt=\"woman drinking water from glass bottle\" class=\"wp-image-45414\" srcset=\"https:\/\/i0.wp.com\/www.akehedman.se\/wordpress\/wp-content\/uploads\/2023\/06\/pexels-photo-3124674.jpeg?w=1040&amp;ssl=1 1040w, https:\/\/i0.wp.com\/www.akehedman.se\/wordpress\/wp-content\/uploads\/2023\/06\/pexels-photo-3124674.jpeg?resize=240%2C300&amp;ssl=1 240w, https:\/\/i0.wp.com\/www.akehedman.se\/wordpress\/wp-content\/uploads\/2023\/06\/pexels-photo-3124674.jpeg?resize=819%2C1024&amp;ssl=1 819w, https:\/\/i0.wp.com\/www.akehedman.se\/wordpress\/wp-content\/uploads\/2023\/06\/pexels-photo-3124674.jpeg?resize=768%2C960&amp;ssl=1 768w\" sizes=\"auto, (max-width: 580px) 100vw, 580px\" \/><figcaption class=\"wp-element-caption\">Photo by Arnie Watkins on <a href=\"https:\/\/www.pexels.com\/photo\/woman-drinking-water-from-glass-bottle-3124674\/\" rel=\"nofollow\">Pexels.com<\/a><\/figcaption><\/figure>\n<\/div>\n\n\n<p class=\"wp-block-paragraph\">Jag har vattnat v\u00e4xterna i tr\u00e4dg\u00e5rden. Meditation. Men f\u00f6rutom det bara jobbat. Fast m\u00e5ngen m\u00e4nniska h\u00e4r i de h\u00e4r trakterna skulle v\u00e4l knappast st\u00e4mpla mitt sittande framf\u00f6r en sk\u00e4rm som arbete.  Men f\u00f6r mig sj\u00e4lv t\u00e4nker jag det \u00e4nd\u00e5. Att det h\u00e4r jag g\u00f6r \u00e4r p\u00e5 riktigt. Fast ingen annan tycker det.<\/p>\n\n\n\n<p class=\"wp-block-paragraph\">Men vattna. Ja vatten. Dipolen. Allt som har med vatten \u00e4r tillfredsst\u00e4llande. Magiskt. Ren magi. En g\u00e5ng var jag n\u00e4ra att \u00e4gna mitt liv \u00e5t att studera och f\u00f6rst\u00e5 den d\u00e4r magin. Jag \u00e4r fortfarande helt s\u00e4ker p\u00e5 att det \u00e4r n\u00e5got som vi inte \u00e4nnu f\u00f6rst\u00e5tt n\u00e4r det g\u00e4ller vattenmolekylen. Intuitionen skriker det \u00e5t mig med full kraft och har gjort det under ett helt liv. Jag valde en annan v\u00e4g f\u00f6r att jag inte klarade av den akademiska teatern. Lika fr\u00e4mmande som politik \u00e4r den scen de b\u00e5da framf\u00f6rs p\u00e5, den som  i m\u00e5ngt och mycket \u00e4r gycklarens arena. <\/p>\n\n\n\n<p class=\"wp-block-paragraph\">Fast att v\u00e4lja en annan v\u00e4g kan ju ocks\u00e5 vara en omskrivning f\u00f6r att fegt smita iv\u00e4g med svansen mellan benen&#8230;  <\/p>\n\n\n\n<p class=\"wp-block-paragraph\">Fast vetenskap. Det finns inget annat att h\u00e5lla sig fast i s\u00e5klart n\u00e4r det skakar. Fast s\u00e5 l\u00e5ngt som att <strong>tro<\/strong> p\u00e5 vetenskapen kommer i alla fall aldrig jag g\u00e5. <strong>Lyssna<\/strong> japp. Men acceptera inte alla slutsatser f\u00f6r inbyggt i det vetenskapliga tankes\u00e4ttet \u00e4r vikten av ifr\u00e5gas\u00e4ttande och kritik.<\/p>\n\n\n\n<p class=\"wp-block-paragraph\">Serru!<\/p>\n\n\n\n<p class=\"wp-block-paragraph\">L\u00e4ser n\u00e5gonstans att 0.1% slutf\u00f6r det de har b\u00f6rjat med io v\u00e4stv\u00e4rlden. Vet inte om siffran \u00e4r korrekt eller bara plockad ur luften. Men av erfarenhet l\u00e5ter den inte helt orimlig.  En tredjedel av alla svenskar dr\u00f6mmer t.ex. tydligen om att bli f\u00f6rfattare (vet inte om den h\u00e4r siffran \u00e4r plockad ur luften heller). Det bli ren j\u00e4vla massa m\u00e4nniskor om vi r\u00e4knar bort de riktigt unga och de riktigt gamla. En tredjedel skulle vara drygt tre miljoner s\u00e5 h\u00e4lften av den vuxna befolkningen n\u00e4r tanken om att skriva en bok. Ja det l\u00e5ter s\u00e5klart helt orimligt. Vi f\u00e5r nog n\u00f6ja oss med &#8220;<em>m\u00e5nga<\/em>&#8220;. Men 0.1% av &#8220;<em>m\u00e5nga<\/em>&#8221; blir s\u00e5klart inte &#8220;<em>S\u00c5 m\u00e5nga<\/em>&#8220;. St\u00e4mmer kanske med egenutgivning och publicerade skrifter.<\/p>\n\n\n\n<p class=\"wp-block-paragraph\">Fast det \u00e4r konstigt det d\u00e4r med att skriva bok. Jag har r\u00e4tt ofta f\u00e5tt h\u00f6ra &#8220;<em>du borde skriva en bok<\/em>&#8220;.  Ja antagligen inte om vattenmolekyler d\u00e5, eller om open source eller memoarer eller om teknik, rymdresor, pelletseldning eller tomatodling. N\u00e4 det skall v\u00e4l vara en bok som g\u00e5r att l\u00e4sa. En deckare eller en feelgood allts\u00e5. Fast efter ett antal s\u00e5dan n\u00e4r &#8220;<em>du borde skriva en bok<\/em>&#8221; s\u00e5 har jag fattat att det d\u00e4r \u00e4r n\u00e5got slags ber\u00f6m. S\u00e5dant som man skall vara tacksam f\u00f6r. Ingen f\u00f6rv\u00e4ntar sig en bok. Tur \u00e4r v\u00e4l det eftersom i alla all jag inte har n\u00e5gra planer p\u00e5 att skriva en bok. <span style=\"text-decoration: underline;\">F\u00f6r jobbigt<\/span>! Vilket s\u00e5klart \u00e4r anledningen til att s\u00e5 f\u00e5 slutf\u00f6r sina projekt i allt. 98% jobb. 1.8% administration. 0.2% ren sk\u00e4r gl\u00e4dje och eufori.<\/p>\n\n\n\n<p class=\"wp-block-paragraph\">Fast m\u00f6ter jag &#8220;<em>vem som helst<\/em>&#8221; som har en dr\u00f6m s\u00e5 s\u00e4ger jag &#8220;<em>go for it<\/em>&#8220;. F\u00f6r \u00e4ven om du inte n\u00e5r hela v\u00e4gen s\u00e5 \u00e4r det d\u00e4r du hittar b\u00e5de gl\u00e4djen och lyckan. Ja jag tycker faktiskt att man inte skulle f\u00e5 l\u00e4mna grundskolan innan man hittat &#8220;<em>sin grej<\/em>&#8220;. Allt blir b\u00e4ttre med lite passion f\u00f6r n\u00e5got. Vad &#8211; spelar mindre roll.<\/p>\n\n\n\n<p class=\"wp-block-paragraph\">Serru.<\/p>\n\n\n\n<p class=\"wp-block-paragraph\">Nu skall jag ta ett dopp i polen (nej inte Polen). Sen skall jag jobba n\u00e5gra timmar. D\u00e4 du! Sk\u00f6nt vettu.<\/p>\n","protected":false},"excerpt":{"rendered":"<p>Jag har vattnat v\u00e4xterna i tr\u00e4dg\u00e5rden. Meditation. Men f\u00f6rutom det bara jobbat. Fast m\u00e5ngen m\u00e4nniska h\u00e4r i de h\u00e4r trakterna skulle v\u00e4l knappast st\u00e4mpla mitt sittande framf\u00f6r en sk\u00e4rm som arbete. Men f\u00f6r mig sj\u00e4lv t\u00e4nker jag det \u00e4nd\u00e5. Att det h\u00e4r jag g\u00f6r \u00e4r p\u00e5 riktigt. Fast ingen annan tycker det. Men vattna. Ja [&hellip;]<\/p>\n","protected":false},"author":24,"featured_media":0,"comment_status":"open","ping_status":"open","sticky":false,"template":"","format":"standard","meta":{"_crdt_document":"","jetpack_post_was_ever_published":false,"_jetpack_newsletter_access":"","_jetpack_dont_email_post_to_subs":false,"_jetpack_newsletter_tier_id":0,"_jetpack_memberships_contains_paywalled_content":false,"_jetpack_memberships_contains_paid_content":false,"footnotes":"","jetpack_publicize_message":"","jetpack_publicize_feature_enabled":true,"jetpack_social_post_already_shared":true,"jetpack_social_options":{"image_generator_settings":{"template":"highway","default_image_id":0,"font":"","enabled":false},"version":2}},"categories":[2],"tags":[],"class_list":["post-45413","post","type-post","status-publish","format-standard","hentry","category-swedish"],"jetpack_publicize_connections":[],"jetpack_featured_media_url":"","jetpack_sharing_enabled":true,"jetpack_likes_enabled":true,"jetpack-related-posts":[{"id":13586,"url":"https:\/\/www.akehedman.se\/wordpress\/?p=13586","url_meta":{"origin":45413,"position":0},"title":"Abborrarna anfaller eller vad det nu \u00e4r de g\u00f6r","author":"\u00c5ke Hedman","date":"2014-06-16","format":false,"excerpt":"Egentligen skulle man v\u00e4l kunnat s\u00e4ga att det var den f\u00f6rsta dagen det h\u00e4nde. Det var d\u00e5 n\u00e4r jag skulle g\u00e5 ner till sj\u00f6n och tv\u00e4tta mina f\u00f6tter, de som luktade mer som en \u00f6vergiven m\u00f6glig ost \u00e4n en del av en m\u00e4nniska. Ja, det blir s\u00e5d\u00e4r om man har\u2026","rel":"","context":"In &quot;Betraktelser &amp; Ber\u00e4ttelse&quot;","block_context":{"text":"Betraktelser &amp; Ber\u00e4ttelse","link":"https:\/\/www.akehedman.se\/wordpress\/?cat=24"},"img":{"alt_text":"abborre","src":"https:\/\/i0.wp.com\/www.eurosource.se\/akhe\/wordpress\/wp-content\/uploads\/2014\/06\/abborre.jpg?resize=350%2C200","width":350,"height":200},"classes":[]},{"id":28328,"url":"https:\/\/www.akehedman.se\/wordpress\/?p=28328","url_meta":{"origin":45413,"position":1},"title":"Ute","author":"\u00c5ke Hedman","date":"2018-05-09","format":false,"excerpt":"Jag \u00e4ter lunch ute. Det \u00e4r fantastiskt. Fil, en h\u00e5rdmacka och ett stort glas los-vatten. Jo och s\u00e5 har jag papperstidning i fem veckor f\u00f6r femtio sp\u00e4nn. Svenskan. Det \u00e4r h\u00e4rligt att sitta d\u00e4r i solen och l\u00e4sa en stund.\u00a0 N\u00e4r jag blir 104 skall jag med darrande st\u00e4mma ber\u00e4tta\u2026","rel":"","context":"In &quot;Betraktelser &amp; Ber\u00e4ttelse&quot;","block_context":{"text":"Betraktelser &amp; Ber\u00e4ttelse","link":"https:\/\/www.akehedman.se\/wordpress\/?cat=24"},"img":{"alt_text":"","src":"https:\/\/i0.wp.com\/www.akehedman.se\/wordpress\/wp-content\/uploads\/2018\/05\/IMG_20180509_130611905-576x1024.jpg?resize=350%2C200","width":350,"height":200,"srcset":"https:\/\/i0.wp.com\/www.akehedman.se\/wordpress\/wp-content\/uploads\/2018\/05\/IMG_20180509_130611905-576x1024.jpg?resize=350%2C200 1x, https:\/\/i0.wp.com\/www.akehedman.se\/wordpress\/wp-content\/uploads\/2018\/05\/IMG_20180509_130611905-576x1024.jpg?resize=525%2C300 1.5x"},"classes":[]},{"id":24886,"url":"https:\/\/www.akehedman.se\/wordpress\/?p=24886","url_meta":{"origin":45413,"position":2},"title":"Det positiva rinner av som vatten p\u00e5 en g\u00e5s","author":"\u00c5ke Hedman","date":"2017-07-10","format":false,"excerpt":"Det \u00e4r m\u00e5ndag. Nej, det \u00e4r inte h\u00f6gsommar. Men det borde vara h\u00f6gsommar. Fast egentligen \u00e4r det v\u00e4l h\u00f6gsommar. Det m\u00e4rks bara inte. S\u00e5... ja.... jag vet inte. Jag \u00e4r och har aldrig varit en s\u00e5dan d\u00e4r m\u00e4nniska som f\u00e5r hurrarop fr\u00e5n omgivningen. Ja, jo n\u00e5gra priser har jag f\u00e5tt,\u2026","rel":"","context":"In &quot;Betraktelser &amp; Ber\u00e4ttelse&quot;","block_context":{"text":"Betraktelser &amp; Ber\u00e4ttelse","link":"https:\/\/www.akehedman.se\/wordpress\/?cat=24"},"img":{"alt_text":"","src":"https:\/\/i0.wp.com\/www.akehedman.se\/wordpress\/wp-content\/uploads\/2017\/07\/IMG_0624-COLLAGE.jpg?resize=350%2C200","width":350,"height":200},"classes":[]},{"id":26391,"url":"https:\/\/www.akehedman.se\/wordpress\/?p=26391","url_meta":{"origin":45413,"position":3},"title":"Avslaget","author":"\u00c5ke Hedman","date":"2017-12-19","format":false,"excerpt":"Lite, eller snarare, ganska mycket, avslaget h\u00e4r idag. Det \u00e4r v\u00e4l julen. Som pockar p\u00e5. Som vill ha uppm\u00e4rksamhet. All uppm\u00e4rksamhet. Det irriterar mig lite. Eller ganska mycket. Jag \u00e4r inte d\u00e4r f\u00f6rr\u00e4n p\u00e5 fredag. Om jag f\u00e5r best\u00e4mma. Men det f\u00e5r man ju\u00a0 inte.Tydligen. Det skall t\u00e4nkas jul redan\u2026","rel":"","context":"In &quot;Betraktelser &amp; Ber\u00e4ttelse&quot;","block_context":{"text":"Betraktelser &amp; Ber\u00e4ttelse","link":"https:\/\/www.akehedman.se\/wordpress\/?cat=24"},"img":{"alt_text":"","src":"https:\/\/i0.wp.com\/www.akehedman.se\/wordpress\/wp-content\/uploads\/2017\/12\/brorericbild_liten.png?resize=350%2C200","width":350,"height":200},"classes":[]},{"id":6334,"url":"https:\/\/www.akehedman.se\/wordpress\/?p=6334","url_meta":{"origin":45413,"position":4},"title":"Citrontr\u00e4det","author":"\u00c5ke Hedman","date":"2013-04-01","format":false,"excerpt":"Citrontr\u00e4det blev den naturliga symbolen f\u00f6r \"handladagen\". On\u00f6digt, men varmt, levande och h\u00e4rligt. Det kommer att f\u00e5 en given plats i biblioteket under vintern och f\u00e5 st\u00e5 ute p\u00e5 ett varmt h\u00e4rligt soligt st\u00e4lle under sommaren. D\u00e4r p\u00e5 en plats d\u00e4r det kan st\u00e5 lite ensamt och njuta och se\u2026","rel":"","context":"In &quot;Betraktelser &amp; Ber\u00e4ttelse&quot;","block_context":{"text":"Betraktelser &amp; Ber\u00e4ttelse","link":"https:\/\/www.akehedman.se\/wordpress\/?cat=24"},"img":{"alt_text":"Citrontr\u00e4d 5823","src":"https:\/\/i0.wp.com\/www.eurosource.se\/akhe\/wordpress\/wp-content\/uploads\/2013\/04\/Citrontr%C3%A4d-5823-1024x749.jpg?resize=350%2C200","width":350,"height":200,"srcset":"https:\/\/i0.wp.com\/www.eurosource.se\/akhe\/wordpress\/wp-content\/uploads\/2013\/04\/Citrontr%C3%A4d-5823-1024x749.jpg?resize=350%2C200 1x, https:\/\/i0.wp.com\/www.eurosource.se\/akhe\/wordpress\/wp-content\/uploads\/2013\/04\/Citrontr%C3%A4d-5823-1024x749.jpg?resize=525%2C300 1.5x"},"classes":[]},{"id":28153,"url":"https:\/\/www.akehedman.se\/wordpress\/?p=28153","url_meta":{"origin":45413,"position":5},"title":"Vatten eller snarare icke vatten","author":"\u00c5ke Hedman","date":"2018-04-27","format":false,"excerpt":"Jag skjutsar iv\u00e4g r\u00e4kningarna det f\u00f6rsta jag g\u00f6r. Det \u00e4r sk\u00f6nt att f\u00e5 gjort. Det \u00e4r enkelt. Ett klick, sen \u00e4r de mesta av pengarna p\u00e5 kontot borta. Det blir en riktigt k\u00e4rv m\u00e5nad. Men det \u00e4r den sista m\u00e5naden den h\u00e4r eldningss\u00e4songen med pelletsfaktura. Nu \u00e4r det n\u00e5gra m\u00e5naders\u2026","rel":"","context":"In &quot;Betraktelser &amp; Ber\u00e4ttelse&quot;","block_context":{"text":"Betraktelser &amp; Ber\u00e4ttelse","link":"https:\/\/www.akehedman.se\/wordpress\/?cat=24"},"img":{"alt_text":"","src":"https:\/\/i0.wp.com\/www.akehedman.se\/wordpress\/wp-content\/uploads\/2018\/03\/250px-SinusRhythmLabels.svg_.png?resize=350%2C200","width":350,"height":200},"classes":[]}],"jetpack_shortlink":"https:\/\/wp.me\/p68PL2-bOt","_links":{"self":[{"href":"https:\/\/www.akehedman.se\/wordpress\/index.php?rest_route=\/wp\/v2\/posts\/45413","targetHints":{"allow":["GET"]}}],"collection":[{"href":"https:\/\/www.akehedman.se\/wordpress\/index.php?rest_route=\/wp\/v2\/posts"}],"about":[{"href":"https:\/\/www.akehedman.se\/wordpress\/index.php?rest_route=\/wp\/v2\/types\/post"}],"author":[{"embeddable":true,"href":"https:\/\/www.akehedman.se\/wordpress\/index.php?rest_route=\/wp\/v2\/users\/24"}],"replies":[{"embeddable":true,"href":"https:\/\/www.akehedman.se\/wordpress\/index.php?rest_route=%2Fwp%2Fv2%2Fcomments&post=45413"}],"version-history":[{"count":1,"href":"https:\/\/www.akehedman.se\/wordpress\/index.php?rest_route=\/wp\/v2\/posts\/45413\/revisions"}],"predecessor-version":[{"id":45415,"href":"https:\/\/www.akehedman.se\/wordpress\/index.php?rest_route=\/wp\/v2\/posts\/45413\/revisions\/45415"}],"wp:attachment":[{"href":"https:\/\/www.akehedman.se\/wordpress\/index.php?rest_route=%2Fwp%2Fv2%2Fmedia&parent=45413"}],"wp:term":[{"taxonomy":"category","embeddable":true,"href":"https:\/\/www.akehedman.se\/wordpress\/index.php?rest_route=%2Fwp%2Fv2%2Fcategories&post=45413"},{"taxonomy":"post_tag","embeddable":true,"href":"https:\/\/www.akehedman.se\/wordpress\/index.php?rest_route=%2Fwp%2Fv2%2Ftags&post=45413"}],"curies":[{"name":"wp","href":"https:\/\/api.w.org\/{rel}","templated":true}]}}