{"id":45383,"date":"2023-06-22T08:43:49","date_gmt":"2023-06-22T07:43:49","guid":{"rendered":"https:\/\/www.akehedman.se\/wordpress\/?p=45383"},"modified":"2023-06-22T08:43:49","modified_gmt":"2023-06-22T07:43:49","slug":"bypolitik-och-karlek","status":"publish","type":"post","link":"https:\/\/www.akehedman.se\/wordpress\/?p=45383","title":{"rendered":"Bypolitik och k\u00e4rlek"},"content":{"rendered":"<div class=\"wp-block-image\">\n<figure class=\"aligncenter size-full\"><img data-recalc-dims=\"1\" loading=\"lazy\" decoding=\"async\" width=\"580\" height=\"435\" src=\"https:\/\/i0.wp.com\/www.akehedman.se\/wordpress\/wp-content\/uploads\/2023\/06\/pexels-photo-2519390.jpeg?resize=580%2C435&#038;ssl=1\" alt=\"aerial photography of a boat on a waterway in the middle of forest\" class=\"wp-image-45384\" srcset=\"https:\/\/i0.wp.com\/www.akehedman.se\/wordpress\/wp-content\/uploads\/2023\/06\/pexels-photo-2519390.jpeg?w=1733&amp;ssl=1 1733w, https:\/\/i0.wp.com\/www.akehedman.se\/wordpress\/wp-content\/uploads\/2023\/06\/pexels-photo-2519390.jpeg?resize=300%2C225&amp;ssl=1 300w, https:\/\/i0.wp.com\/www.akehedman.se\/wordpress\/wp-content\/uploads\/2023\/06\/pexels-photo-2519390.jpeg?resize=1024%2C768&amp;ssl=1 1024w, https:\/\/i0.wp.com\/www.akehedman.se\/wordpress\/wp-content\/uploads\/2023\/06\/pexels-photo-2519390.jpeg?resize=768%2C576&amp;ssl=1 768w, https:\/\/i0.wp.com\/www.akehedman.se\/wordpress\/wp-content\/uploads\/2023\/06\/pexels-photo-2519390.jpeg?resize=1536%2C1152&amp;ssl=1 1536w, https:\/\/i0.wp.com\/www.akehedman.se\/wordpress\/wp-content\/uploads\/2023\/06\/pexels-photo-2519390.jpeg?resize=1200%2C900&amp;ssl=1 1200w\" sizes=\"auto, (max-width: 580px) 100vw, 580px\" \/><figcaption class=\"wp-element-caption\">Photo by Kelly on <a href=\"https:\/\/www.pexels.com\/photo\/aerial-photography-of-a-boat-on-a-waterway-in-the-middle-of-forest-2519390\/\" rel=\"nofollow\">Pexels.com<\/a><\/figcaption><\/figure>\n<\/div>\n\n\n<p class=\"wp-block-paragraph\">En del lever livet p\u00e5 en pinne, sj\u00e4lv lever jag allts\u00e5 livet p\u00e5 en kulle. Ja stordelen av det ljuva livet d\u00e5. Dalg\u00e5ngarnas tjusning har v\u00e4l inte undg\u00e5tt mig heller, inte sl\u00e4tterna i Uppsala heller, ja kuperat S\u00f6rml\u00e4ndsk har det v\u00e4l ocks\u00e5 varit. Alla st\u00e4llen jag lagt min hatt p\u00e5 har \u00e4nd\u00e5 varit hemma. Fast ocks\u00e5 borta. Som Dan Andersson s\u00e5 h\u00f6r jag nog inte riktigt till den h\u00e4r v\u00e4rlden. Den d\u00e4r k\u00e4nslan i bl\u00e5tt som \u00e4r en st\u00e4ndig f\u00f6ljeslagare.<\/p>\n\n\n\n<p class=\"wp-block-paragraph\">Men bo p\u00e5 kulle &#8211; det \u00e4r den f\u00f6rsta g\u00e5ngen. Trettioett \u00e5r nu. Trettiosju i Los. R\u00e4tt l\u00e4nge. I alla fall l\u00e4nge om man t\u00e4nkte att detta skulle ha varit en plats man bara skulle vistas p\u00e5 under n\u00e5gra korta sommarveckor. S\u00e5 var tanken n\u00e4r vi k\u00f6pte hus h\u00e4r. Men det d\u00e4r \u00e4r K&#8217;s fel. <\/p>\n\n\n\n<p class=\"wp-block-paragraph\">Trakten har jag alltid \u00e4lskat. Det vilda. Folket kan man inte l\u00e5ta bli att \u00e4lska. \u00c4lvarna och sj\u00f6arna. \u00c5tminstone n\u00e4r de inte gn\u00e4ller om att J\u00e4rvs\u00f6 f\u00e5r mer och Los ocks\u00e5 b\u00f6r f\u00e5. Det d\u00e4r \u00e4r mer s\u00e4llan \u00e4n ofta trotts allt. Och de d\u00e4r m\u00e4nniskorna \u00e4r ocks\u00e5 f\u00e5. Tyv\u00e4rr har det h\u00f6ga r\u00f6ster. R\u00f6ster som sk\u00e4r sig, gnisslar och ost\u00e4mt ljuder falskt. Men bortsett fr\u00e5n dem och n\u00e5gra som \u00e4r lika dumma i huvudet som jag s\u00e5 \u00e4r v\u00e4l de h\u00e4r trettiosju \u00e5ren ungef\u00e4r som ett lyckligt \u00e4ktenskap. Upp och ner och vardag och eufori. D\u00e5 har jag \u00e4nd\u00e5 varit ner i helvetet och vistats d\u00e4r i ganska m\u00e5nga \u00e5r av de d\u00e4r trettiosju. Det b\u00f6r bet\u00e4nkas.<\/p>\n\n\n\n<p class=\"wp-block-paragraph\">Fast Los. Finns det hopp? Ja jag tror (faktiskt) det. Man brukar prata om stadsdelar i st\u00e4der d\u00e4r de fattiga och utslagna bor. Sen flyttar unga kreativa m\u00e4nniskor dit f\u00f6r att det \u00e4r billigt att bo d\u00e4r. F\u00f6retagare, konstn\u00e4rer, musiker och annat skr\u00e4p allts\u00e5. Det startas saker. Eftersom det beh\u00f6vs st\u00e4llen att roa sig p\u00e5 s\u00e5 dyker det upp s\u00e5dana. S\u00e5klatr beh\u00f6vs sen st\u00e4llen att \u00e4ta p\u00e5, s\u00e5 dyker det upp matst\u00e4llen. Osv. osv, ja ni fattar. Pl\u00f6tsligt \u00e4r de h\u00e4r st\u00e4llena man m\u00e5ste finnas p\u00e5 och vips s\u00e5 har inte de som ursprungligen  bodde d\u00e4r r\u00e5d att bo kvar. Det blir en hip stadsdel. Det d\u00e4r h\u00e4nder utanf\u00f6r st\u00e4derna ocks\u00e5. Man t\u00e4nker \u00c5re. Man t\u00e4nker J\u00e4rvs\u00f6. Jag tror Los \u00e4r p\u00e5 v\u00e4g dit.<\/p>\n\n\n\n<p class=\"wp-block-paragraph\">Men skall det bli s\u00e5 m\u00e5ste man s\u00e5klart sluta gn\u00e4lla. Ist\u00e4llet, prata positivt, utnyttja, \u00e4lska m\u00f6jligheterna d\u00e4r man bor, tro. Sluta &#8220;<em>st\u00e4lla upp<\/em>&#8221; och ist\u00e4llet g\u00f6ra saker f\u00f6r att man \u00e4lskar dem passionerat. Ja och s\u00e5klart se en framtid. Se att det b\u00e4sta \u00e4r kvar. Inte leva med f\u00f6rest\u00e4llningen att den har passerat och toppat f\u00f6r trehundra odd \u00e5r sedan.<\/p>\n\n\n\n<p class=\"wp-block-paragraph\">Annars en perfekt sommarmorgon h\u00e4r p\u00e5 kullen. Dagen vaknar fuktig efter en sm\u00e5regnig natt. Luften \u00e4r klar och l\u00e4tt att andas n\u00e4r man st\u00e4ller sig p\u00e5 bron och fyller lungorna hela v\u00e4gen ner i de sm\u00e5 lungspetsarna under magen. Det \u00e4r v\u00e4l kanske h\u00e4r som det d\u00e4r paradiset \u00e4r. S\u00e5 t\u00e4nker man n\u00e4r man st\u00e5r d\u00e4r.  Tillfreds. Lugn i sinnet. Hemma.<\/p>\n\n\n\n<p class=\"wp-block-paragraph\">Det v\u00e4xer. I potar och i v\u00e4xthus och p\u00e5 land. Bj\u00f6rkarna har redan tagit sig vidare fr\u00e5n det oskuldsfulla pastellgr\u00f6na. Annars brukar det vara n\u00e4stan detsamma som midsommar de d\u00e4r ljusa, gr\u00f6na, lite sk\u00f6ra. Men inte i \u00e5r allts\u00e5. Det djupgr\u00f6na har v\u00e4rlden i sitt grepp. Och p\u00e5passligt har v\u00e5ra \u00f6gon d\u00e5 sin st\u00f6rsta k\u00e4nslighet i det gr\u00f6na omr\u00e5det. Hela v\u00e4rlden blir gr\u00f6n. Sk\u00f6n. Endorfiner fl\u00f6dar. Gratis knark.<\/p>\n\n\n\n<p class=\"wp-block-paragraph\">Jag \u00e4r s\u00e4ker p\u00e5 att gr\u00f6nt l\u00e4ker. Trasiga sj\u00e4lar och trasiga organ. Ut <strong>NU<\/strong> med dem som beh\u00f6ver l\u00e4kning allts\u00e5. Rulla ut de d\u00f6ende ocks\u00e5. L\u00e5t m\u00e4nniskor d\u00f6 till f\u00e5gels\u00e5ng, ljumma vindar och en v\u00e4rld i gr\u00f6nt.<\/p>\n\n\n\n<p class=\"wp-block-paragraph\">Annars en jobbar dag (s\u00e4rskrivet f\u00f6r att pl\u00e5ga \u00f6mt\u00e5liga). Fast f\u00f6rst skall l\u00e4genheten midsommarst\u00e4das. Ja och min tekopp h\u00e4r bredvid drickas upp. Inga f\u00f6r tr\u00f6ttande uppgifter allts\u00e5. Efter det s\u00e5 skall jag arbeta i mitt anletes svett f\u00f6r att f\u00f6rs\u00f6ka n\u00e5 den d\u00e4r stabila punkten man kan st\u00e5 p\u00e5 under n\u00e5gra veckors semester. Den \u00e4r viktig att n\u00e5. F\u00f6r att kunna stilla tankar som g\u00e4rna vill vandra iv\u00e4g och hitta l\u00f6sningar och m\u00f6jligheter. Det d\u00e4r som \u00e4r jag men som s\u00e5dana som jag m\u00e5r bra och b\u00e4st av att slippa och ta sig ifr\u00e5n det stora ibland. Se det lilla. Studiebes\u00f6k ut i verkligheten kan v\u00e4l s\u00e5dant kallas. Lika nyttigt som att \u00e4ta en vitaminrik, r\u00f6d, solvarm, nyplockad jordgubbe. Ja det \u00e4r v\u00e4l ocks\u00e5 med den smaken i munnen man skulle kunna \u00e4gna sig att d\u00f6 till. Om det nu var det man skulle. Annars. D\u00e5 kan man ju njuta \u00e4nd\u00e5. S\u00e5klart kan man det. Om man vill. <\/p>\n\n\n\n<p class=\"wp-block-paragraph\">Det \u00e4r gott att leva. Visst \u00e4r det?<\/p>\n","protected":false},"excerpt":{"rendered":"<p>En del lever livet p\u00e5 en pinne, sj\u00e4lv lever jag allts\u00e5 livet p\u00e5 en kulle. Ja stordelen av det ljuva livet d\u00e5. Dalg\u00e5ngarnas tjusning har v\u00e4l inte undg\u00e5tt mig heller, inte sl\u00e4tterna i Uppsala heller, ja kuperat S\u00f6rml\u00e4ndsk har det v\u00e4l ocks\u00e5 varit. Alla st\u00e4llen jag lagt min hatt p\u00e5 har \u00e4nd\u00e5 varit hemma. Fast [&hellip;]<\/p>\n","protected":false},"author":24,"featured_media":0,"comment_status":"open","ping_status":"open","sticky":false,"template":"","format":"standard","meta":{"_crdt_document":"","jetpack_post_was_ever_published":false,"_jetpack_newsletter_access":"","_jetpack_dont_email_post_to_subs":false,"_jetpack_newsletter_tier_id":0,"_jetpack_memberships_contains_paywalled_content":false,"_jetpack_memberships_contains_paid_content":false,"footnotes":"","jetpack_publicize_message":"","jetpack_publicize_feature_enabled":true,"jetpack_social_post_already_shared":true,"jetpack_social_options":{"image_generator_settings":{"template":"highway","default_image_id":0,"font":"","enabled":false},"version":2}},"categories":[2],"tags":[],"class_list":["post-45383","post","type-post","status-publish","format-standard","hentry","category-swedish"],"jetpack_publicize_connections":[],"jetpack_featured_media_url":"","jetpack_sharing_enabled":true,"jetpack_likes_enabled":true,"jetpack-related-posts":[{"id":41877,"url":"https:\/\/www.akehedman.se\/wordpress\/?p=41877","url_meta":{"origin":45383,"position":0},"title":"I helvetet","author":"\u00c5ke Hedman","date":"2022-05-12","format":false,"excerpt":"Photo by Enrique on Pexels.com St\u00e4dning och bokf\u00f6ring p\u00e5 samma dag. F\u00f6r m\u00e5nga ett bes\u00f6k i helvetet. Kanske inte det roligaste jag vet heller. Men normaldag. \u00d6verlevnadsbart. Har varit med om v\u00e4rre dagar. Mycket v\u00e4rre. Vissa saker \u00e4r det bara att g\u00f6ra. G\u00e4rna h\u00e5lla k\u00e4ften medans man g\u00f6r dom ocks\u00e5.\u2026","rel":"","context":"In &quot;Betraktelser &amp; Ber\u00e4ttelse&quot;","block_context":{"text":"Betraktelser &amp; Ber\u00e4ttelse","link":"https:\/\/www.akehedman.se\/wordpress\/?cat=24"},"img":{"alt_text":"river flowing in between trees and rocks","src":"https:\/\/i0.wp.com\/www.akehedman.se\/wordpress\/wp-content\/uploads\/2022\/05\/pexels-photo-6495455.jpeg?resize=350%2C200&ssl=1","width":350,"height":200,"srcset":"https:\/\/i0.wp.com\/www.akehedman.se\/wordpress\/wp-content\/uploads\/2022\/05\/pexels-photo-6495455.jpeg?resize=350%2C200&ssl=1 1x, https:\/\/i0.wp.com\/www.akehedman.se\/wordpress\/wp-content\/uploads\/2022\/05\/pexels-photo-6495455.jpeg?resize=525%2C300&ssl=1 1.5x, https:\/\/i0.wp.com\/www.akehedman.se\/wordpress\/wp-content\/uploads\/2022\/05\/pexels-photo-6495455.jpeg?resize=700%2C400&ssl=1 2x"},"classes":[]},{"id":15141,"url":"https:\/\/www.akehedman.se\/wordpress\/?p=15141","url_meta":{"origin":45383,"position":1},"title":"Tr\u00e4ffas IRL","author":"\u00c5ke Hedman","date":"2014-10-22","format":false,"excerpt":"Kanske har det alltid varit s\u00e5. Att det bara \u00e4r jag som \u00e4r tr\u00f6gt\u00e4nkt och f\u00f6rst nu har uppt\u00e4ckt det. Just det h\u00e4nder titt som t\u00e4tt. Att jag \u00e4r sist med att uppt\u00e4cka grejer som alla sett i dagar, m\u00e5nader och \u00e5r. Det \u00e4r media d\u00e5 s\u00e5klart. Annonser. Alla dessa\u2026","rel":"","context":"In &quot;Betraktelser &amp; Ber\u00e4ttelse&quot;","block_context":{"text":"Betraktelser &amp; Ber\u00e4ttelse","link":"https:\/\/www.akehedman.se\/wordpress\/?cat=24"},"img":{"alt_text":"smoking-pot","src":"https:\/\/i0.wp.com\/www.eurosource.se\/akhe\/wordpress\/wp-content\/uploads\/2014\/09\/smoking-pot.jpg?resize=350%2C200","width":350,"height":200},"classes":[]},{"id":17042,"url":"https:\/\/www.akehedman.se\/wordpress\/?p=17042","url_meta":{"origin":45383,"position":2},"title":"Fetform","author":"\u00c5ke Hedman","date":"2015-03-14","format":false,"excerpt":"The Team. Jo jag h\u00e5ller mig vaken hela v\u00e4gen dit med hj\u00e4lp av House of cards. Ja om man bortser fr\u00e5n n\u00e5gra minuter Skavlan som jag inte klarar av. Sv\u00e4var p\u00e5 gr\u00e4nsen, \u00e4r n\u00e4stan vid bj\u00f6rken, men rycks upp till levandes igen av K. Europak\u00e4nsla p\u00e5 The Team. Det gillar\u2026","rel":"","context":"In &quot;Betraktelser &amp; Ber\u00e4ttelse&quot;","block_context":{"text":"Betraktelser &amp; Ber\u00e4ttelse","link":"https:\/\/www.akehedman.se\/wordpress\/?cat=24"},"img":{"alt_text":"secondColumn","src":"https:\/\/i0.wp.com\/www.eurosource.se\/akhe\/wordpress\/wp-content\/uploads\/2015\/03\/secondColumn.jpg?resize=350%2C200","width":350,"height":200,"srcset":"https:\/\/i0.wp.com\/www.eurosource.se\/akhe\/wordpress\/wp-content\/uploads\/2015\/03\/secondColumn.jpg?resize=350%2C200 1x, https:\/\/i0.wp.com\/www.eurosource.se\/akhe\/wordpress\/wp-content\/uploads\/2015\/03\/secondColumn.jpg?resize=525%2C300 1.5x"},"classes":[]},{"id":11897,"url":"https:\/\/www.akehedman.se\/wordpress\/?p=11897","url_meta":{"origin":45383,"position":3},"title":"T\u00e4nkarpannan tilltar i samma takt som magen.","author":"\u00c5ke Hedman","date":"2014-02-03","format":false,"excerpt":"Hur m\u00e5nga g\u00e5nger har man tittat p\u00e5 sig sj\u00e4lv i spegeln genom \u00e5ren, nu detta \u00e5r, 2014? Det har blivit n\u00e5gra g\u00e5nger. Fanns det en tid n\u00e4r man tyckte om det man s\u00e5g? N\u00e4r man trodde att n\u00e5gon annan gjorde det? Om det nu var s\u00e5, s\u00e5 var det l\u00e4nge\u2026","rel":"","context":"In &quot;Betraktelser &amp; Ber\u00e4ttelse&quot;","block_context":{"text":"Betraktelser &amp; Ber\u00e4ttelse","link":"https:\/\/www.akehedman.se\/wordpress\/?cat=24"},"img":{"alt_text":"groda","src":"https:\/\/i0.wp.com\/www.eurosource.se\/akhe\/wordpress\/wp-content\/uploads\/2014\/02\/groda.gif?resize=350%2C200","width":350,"height":200},"classes":[]},{"id":33423,"url":"https:\/\/www.akehedman.se\/wordpress\/?p=33423","url_meta":{"origin":45383,"position":4},"title":"Somnar","author":"\u00c5ke Hedman","date":"2019-11-01","format":false,"excerpt":"Hulkstopp. Man f\u00e5r mecka lite, sen v\u00e4nta p\u00e5 att allt kommer ig\u00e5ng igen. En del av livet. Jag suckar inte l\u00e4ngre ens. H\u00f6r uppv\u00e4rmningss\u00e4songen till. Somnar s\u00e5klart. Till nyheterna. Det visste jag definitivt att s\u00e5 skulle det bli redan vid lunchtid idag. Det tr\u00f6tta har satt sig h\u00e5rt fast inom\u2026","rel":"","context":"In &quot;Betraktelser &amp; Ber\u00e4ttelse&quot;","block_context":{"text":"Betraktelser &amp; Ber\u00e4ttelse","link":"https:\/\/www.akehedman.se\/wordpress\/?cat=24"},"img":{"alt_text":"","src":"https:\/\/i0.wp.com\/www.akehedman.se\/wordpress\/wp-content\/uploads\/2013\/03\/blommor.jpg?resize=350%2C200&ssl=1","width":350,"height":200,"srcset":"https:\/\/i0.wp.com\/www.akehedman.se\/wordpress\/wp-content\/uploads\/2013\/03\/blommor.jpg?resize=350%2C200&ssl=1 1x, https:\/\/i0.wp.com\/www.akehedman.se\/wordpress\/wp-content\/uploads\/2013\/03\/blommor.jpg?resize=525%2C300&ssl=1 1.5x, https:\/\/i0.wp.com\/www.akehedman.se\/wordpress\/wp-content\/uploads\/2013\/03\/blommor.jpg?resize=700%2C400&ssl=1 2x"},"classes":[]},{"id":37587,"url":"https:\/\/www.akehedman.se\/wordpress\/?p=37587","url_meta":{"origin":45383,"position":5},"title":"Livet","author":"\u00c5ke Hedman","date":"2021-01-24","format":false,"excerpt":"Det h\u00e4nder inte s\u00e5 mycket. Ingen ovanlighet h\u00e4r p\u00e5 den h\u00e4r gamla kullen s\u00e5klart. Kanske \u00e4r det just de h\u00e4r dagarna n\u00e4r det inte h\u00e4nder s\u00e5 mycket som \u00e4r storheten med tiden d\u00e5 man befinner sig i ett liv. Man m\u00e4rker det inte bara. Vi lever i en pandemi. En\u2026","rel":"","context":"In &quot;Betraktelser &amp; Ber\u00e4ttelse&quot;","block_context":{"text":"Betraktelser &amp; Ber\u00e4ttelse","link":"https:\/\/www.akehedman.se\/wordpress\/?cat=24"},"img":{"alt_text":"","src":"https:\/\/i0.wp.com\/www.akehedman.se\/wordpress\/wp-content\/uploads\/2021\/01\/IMG_20210114_012134-02-scaled.jpeg?resize=350%2C200&ssl=1","width":350,"height":200,"srcset":"https:\/\/i0.wp.com\/www.akehedman.se\/wordpress\/wp-content\/uploads\/2021\/01\/IMG_20210114_012134-02-scaled.jpeg?resize=350%2C200&ssl=1 1x, https:\/\/i0.wp.com\/www.akehedman.se\/wordpress\/wp-content\/uploads\/2021\/01\/IMG_20210114_012134-02-scaled.jpeg?resize=525%2C300&ssl=1 1.5x, https:\/\/i0.wp.com\/www.akehedman.se\/wordpress\/wp-content\/uploads\/2021\/01\/IMG_20210114_012134-02-scaled.jpeg?resize=700%2C400&ssl=1 2x, https:\/\/i0.wp.com\/www.akehedman.se\/wordpress\/wp-content\/uploads\/2021\/01\/IMG_20210114_012134-02-scaled.jpeg?resize=1050%2C600&ssl=1 3x, https:\/\/i0.wp.com\/www.akehedman.se\/wordpress\/wp-content\/uploads\/2021\/01\/IMG_20210114_012134-02-scaled.jpeg?resize=1400%2C800&ssl=1 4x"},"classes":[]}],"jetpack_shortlink":"https:\/\/wp.me\/p68PL2-bNZ","_links":{"self":[{"href":"https:\/\/www.akehedman.se\/wordpress\/index.php?rest_route=\/wp\/v2\/posts\/45383","targetHints":{"allow":["GET"]}}],"collection":[{"href":"https:\/\/www.akehedman.se\/wordpress\/index.php?rest_route=\/wp\/v2\/posts"}],"about":[{"href":"https:\/\/www.akehedman.se\/wordpress\/index.php?rest_route=\/wp\/v2\/types\/post"}],"author":[{"embeddable":true,"href":"https:\/\/www.akehedman.se\/wordpress\/index.php?rest_route=\/wp\/v2\/users\/24"}],"replies":[{"embeddable":true,"href":"https:\/\/www.akehedman.se\/wordpress\/index.php?rest_route=%2Fwp%2Fv2%2Fcomments&post=45383"}],"version-history":[{"count":1,"href":"https:\/\/www.akehedman.se\/wordpress\/index.php?rest_route=\/wp\/v2\/posts\/45383\/revisions"}],"predecessor-version":[{"id":45385,"href":"https:\/\/www.akehedman.se\/wordpress\/index.php?rest_route=\/wp\/v2\/posts\/45383\/revisions\/45385"}],"wp:attachment":[{"href":"https:\/\/www.akehedman.se\/wordpress\/index.php?rest_route=%2Fwp%2Fv2%2Fmedia&parent=45383"}],"wp:term":[{"taxonomy":"category","embeddable":true,"href":"https:\/\/www.akehedman.se\/wordpress\/index.php?rest_route=%2Fwp%2Fv2%2Fcategories&post=45383"},{"taxonomy":"post_tag","embeddable":true,"href":"https:\/\/www.akehedman.se\/wordpress\/index.php?rest_route=%2Fwp%2Fv2%2Ftags&post=45383"}],"curies":[{"name":"wp","href":"https:\/\/api.w.org\/{rel}","templated":true}]}}