{"id":45283,"date":"2023-06-13T12:33:46","date_gmt":"2023-06-13T11:33:46","guid":{"rendered":"https:\/\/www.akehedman.se\/wordpress\/?p=45283"},"modified":"2023-06-13T12:33:46","modified_gmt":"2023-06-13T11:33:46","slug":"valkommen-lokatten-wardshus","status":"publish","type":"post","link":"https:\/\/www.akehedman.se\/wordpress\/?p=45283","title":{"rendered":"V\u00e4lkommen &#8211; Lokatten W\u00e4rdshus"},"content":{"rendered":"<p><a href=\"https:\/\/lokattenwardshus.se\/\"><img data-recalc-dims=\"1\" decoding=\"async\" class=\"size-full aligncenter\" src=\"https:\/\/i0.wp.com\/www.akehedman.se\/wordpress\/wp-content\/uploads\/2023\/06\/SLIDE-vardshus-sommar.jpg?w=580&#038;ssl=1\" alt=\"\" \/><\/a><\/p>\n<blockquote><p>Lokatten W\u00e4rdshus i Los har anor fr\u00e5n 1800-talet. W\u00e4rdshuset har renoverats f\u00f6r att skapa en historisk upplevelse f\u00f6r v\u00e5ra g\u00e4ster med 2000-talets bekv\u00e4mligheter.<\/p><\/blockquote>\n<p>Source: <em><a href=\"https:\/\/lokattenwardshus.se\/\">V\u00e4lkommen &#8211; Lokatten W\u00e4rdshus<\/a><\/em><\/p>\n","protected":false},"excerpt":{"rendered":"<p>Lokatten W\u00e4rdshus i Los har anor fr\u00e5n 1800-talet. W\u00e4rdshuset har renoverats f\u00f6r att skapa en historisk upplevelse f\u00f6r v\u00e5ra g\u00e4ster med 2000-talets bekv\u00e4mligheter. Source: V\u00e4lkommen &#8211; Lokatten W\u00e4rdshus<\/p>\n","protected":false},"author":24,"featured_media":0,"comment_status":"open","ping_status":"open","sticky":false,"template":"","format":"standard","meta":{"_crdt_document":"","jetpack_post_was_ever_published":false,"_jetpack_newsletter_access":"","_jetpack_dont_email_post_to_subs":false,"_jetpack_newsletter_tier_id":0,"_jetpack_memberships_contains_paywalled_content":false,"_jetpack_memberships_contains_paid_content":false,"footnotes":"","jetpack_publicize_message":"","jetpack_publicize_feature_enabled":true,"jetpack_social_post_already_shared":true,"jetpack_social_options":{"image_generator_settings":{"template":"highway","default_image_id":0,"font":"","enabled":false},"version":2}},"categories":[2],"tags":[],"class_list":["post-45283","post","type-post","status-publish","format-standard","hentry","category-swedish"],"jetpack_publicize_connections":[],"jetpack_featured_media_url":"","jetpack_sharing_enabled":true,"jetpack_likes_enabled":true,"jetpack-related-posts":[{"id":44525,"url":"https:\/\/www.akehedman.se\/wordpress\/?p=44525","url_meta":{"origin":45283,"position":0},"title":"De ska driva Lokatten \u2013 Ljusdals-Posten","author":"\u00c5ke Hedman","date":"2023-03-07","format":false,"excerpt":"?Flyttade fr\u00e5n Huddinge ?\"Jag blev helt f\u00f6r\u00e4lskad i st\u00e4llet\" Source: De ska driva Lokatten \u2013 Ljusdals-Posten","rel":"","context":"In &quot;Swedish&quot;","block_context":{"text":"Swedish","link":"https:\/\/www.akehedman.se\/wordpress\/?cat=2"},"img":{"alt_text":"","src":"","width":0,"height":0},"classes":[]},{"id":36918,"url":"https:\/\/www.akehedman.se\/wordpress\/?p=36918","url_meta":{"origin":45283,"position":1},"title":"Corona: Set, 64, fick corona \u2013 l\u00e5g p\u00e5 sjukhus i sex m\u00e5nader","author":"\u00c5ke Hedman","date":"2020-11-24","format":false,"excerpt":"Set Melander, 64, hade god fysik och tillh\u00f6rde ingen riskgrupp. \u00c4nd\u00e5 drabbades han sv\u00e5rt av covid-19, och har tillbringat de senaste sex m\u00e5naderna p\u00e5 sjukhus. \u2013 Jag har ingen ork kvar, den finns bara inte, s\u00e4ger Set bara dagar efter hemkomsten. Source: Corona: Set, 64, fick corona \u2013 l\u00e5g p\u00e5\u2026","rel":"","context":"In &quot;Swedish&quot;","block_context":{"text":"Swedish","link":"https:\/\/www.akehedman.se\/wordpress\/?cat=2"},"img":{"alt_text":"","src":"","width":0,"height":0},"classes":[]},{"id":12554,"url":"https:\/\/www.akehedman.se\/wordpress\/?p=12554","url_meta":{"origin":45283,"position":2},"title":"4 miljoner satsas p\u00e5 Harsag\u00e5rden &#8211; J\u00e4rvs\u00f6 &#8211; www.helahalsingland.se","author":"\u00c5ke Hedman","date":"2014-03-20","format":false,"excerpt":"Anders Snar har i det sammanhanget skrivit till Ljusdals kommun och bett f\u00e5 k\u00f6pa till mark. Anledningen \u00e4r att Harsaf\u00f6retaget anser att den kommun\u00e4gda marken med slalombacken och de n\u00e4rmaste skidsp\u00e5ren och marken runt stugbyn borde tillh\u00f6ra friluftsanl\u00e4ggningen i byn. Jag hoppas kommunen \u00e4r v\u00e4lvilliga till detta. I Lo(o)s f\u00f6r\u2026","rel":"","context":"In &quot;Swedish&quot;","block_context":{"text":"Swedish","link":"https:\/\/www.akehedman.se\/wordpress\/?cat=2"},"img":{"alt_text":"","src":"","width":0,"height":0},"classes":[]},{"id":36954,"url":"https:\/\/www.akehedman.se\/wordpress\/?p=36954","url_meta":{"origin":45283,"position":3},"title":"Vinter i paradiset","author":"\u00c5ke Hedman","date":"2020-12-01","format":false,"excerpt":"En riktig kamera \u00e5ker h\u00f6gre och h\u00f6gre upp p\u00e5 \u00f6nskelistan... Vinter i paradiset skrev han, den d\u00e4r Lundell, d\u00e4r nere i \u00d6sterlen. Den h\u00e4r morgonen \u00e4r det verkligen s\u00e5 d\u00e4r ute. Vackert. Ingen, inte ens jag kan hata vinter en s\u00e5dan h\u00e4r morgon. Jag m\u00e5ste st\u00e5 d\u00e4r en stund i\u2026","rel":"","context":"In &quot;Betraktelser &amp; Ber\u00e4ttelse&quot;","block_context":{"text":"Betraktelser &amp; Ber\u00e4ttelse","link":"https:\/\/www.akehedman.se\/wordpress\/?cat=24"},"img":{"alt_text":"","src":"https:\/\/i0.wp.com\/www.akehedman.se\/wordpress\/wp-content\/uploads\/2020\/12\/IMG_20201201_082642.jpg?resize=350%2C200&ssl=1","width":350,"height":200,"srcset":"https:\/\/i0.wp.com\/www.akehedman.se\/wordpress\/wp-content\/uploads\/2020\/12\/IMG_20201201_082642.jpg?resize=350%2C200&ssl=1 1x, https:\/\/i0.wp.com\/www.akehedman.se\/wordpress\/wp-content\/uploads\/2020\/12\/IMG_20201201_082642.jpg?resize=525%2C300&ssl=1 1.5x, https:\/\/i0.wp.com\/www.akehedman.se\/wordpress\/wp-content\/uploads\/2020\/12\/IMG_20201201_082642.jpg?resize=700%2C400&ssl=1 2x, https:\/\/i0.wp.com\/www.akehedman.se\/wordpress\/wp-content\/uploads\/2020\/12\/IMG_20201201_082642.jpg?resize=1050%2C600&ssl=1 3x, https:\/\/i0.wp.com\/www.akehedman.se\/wordpress\/wp-content\/uploads\/2020\/12\/IMG_20201201_082642.jpg?resize=1400%2C800&ssl=1 4x"},"classes":[]},{"id":32826,"url":"https:\/\/www.akehedman.se\/wordpress\/?p=32826","url_meta":{"origin":45283,"position":4},"title":"\u00c5ttiosex","author":"\u00c5ke Hedman","date":"2019-08-23","format":false,"excerpt":"\u00c5ttiosex. Smaka p\u00e5 den. Det \u00e4r min \u00e5lder just nu. Som det k\u00e4nns. Det \u00e4r tungt att resa sig. Tungt att g\u00e5. Tr\u00f6gt att \u00e5stadkomma saker. M\u00f6jligen \u00e4r det att gn\u00e4lla att ge utlopp f\u00f6r det d\u00e4r. Eller ocks\u00e5 \u00e4r det helt enkelt bara att tala om hur det k\u00e4nns.\u2026","rel":"","context":"In &quot;Betraktelser &amp; Ber\u00e4ttelse&quot;","block_context":{"text":"Betraktelser &amp; Ber\u00e4ttelse","link":"https:\/\/www.akehedman.se\/wordpress\/?cat=24"},"img":{"alt_text":"","src":"https:\/\/i0.wp.com\/www.akehedman.se\/wordpress\/wp-content\/uploads\/2019\/08\/IMG_20190822_232744391.jpg?resize=350%2C200&ssl=1","width":350,"height":200,"srcset":"https:\/\/i0.wp.com\/www.akehedman.se\/wordpress\/wp-content\/uploads\/2019\/08\/IMG_20190822_232744391.jpg?resize=350%2C200&ssl=1 1x, https:\/\/i0.wp.com\/www.akehedman.se\/wordpress\/wp-content\/uploads\/2019\/08\/IMG_20190822_232744391.jpg?resize=525%2C300&ssl=1 1.5x, https:\/\/i0.wp.com\/www.akehedman.se\/wordpress\/wp-content\/uploads\/2019\/08\/IMG_20190822_232744391.jpg?resize=700%2C400&ssl=1 2x, https:\/\/i0.wp.com\/www.akehedman.se\/wordpress\/wp-content\/uploads\/2019\/08\/IMG_20190822_232744391.jpg?resize=1050%2C600&ssl=1 3x, https:\/\/i0.wp.com\/www.akehedman.se\/wordpress\/wp-content\/uploads\/2019\/08\/IMG_20190822_232744391.jpg?resize=1400%2C800&ssl=1 4x"},"classes":[]},{"id":47204,"url":"https:\/\/www.akehedman.se\/wordpress\/?p=47204","url_meta":{"origin":45283,"position":5},"title":"Los kyrkbyv\u00e4g 31 A och B, Ljusdal &#8211; Fastighetsbyr\u00e5n","author":"\u00c5ke Hedman","date":"2024-02-27","format":false,"excerpt":"V\u00e4lkommen Los Kyrkbyv\u00e4g 31 och denna rymliga villa med en rik historia och en oslagbar charm. Villan som \u00e4r bygg \u00e5r 1929 erbjuder idag tv\u00e5 l\u00e4genheter och en tomt om 4557 kvm.Villan om 190 kvm boarea erbjuder utrymme f\u00f6r hela familjen med fina sociala ytor och sovrum p\u00e5 entr\u00e9planet samt\u2026","rel":"","context":"In &quot;Swedish&quot;","block_context":{"text":"Swedish","link":"https:\/\/www.akehedman.se\/wordpress\/?cat=2"},"img":{"alt_text":"","src":"","width":0,"height":0},"classes":[]}],"jetpack_shortlink":"https:\/\/wp.me\/p68PL2-bMn","_links":{"self":[{"href":"https:\/\/www.akehedman.se\/wordpress\/index.php?rest_route=\/wp\/v2\/posts\/45283","targetHints":{"allow":["GET"]}}],"collection":[{"href":"https:\/\/www.akehedman.se\/wordpress\/index.php?rest_route=\/wp\/v2\/posts"}],"about":[{"href":"https:\/\/www.akehedman.se\/wordpress\/index.php?rest_route=\/wp\/v2\/types\/post"}],"author":[{"embeddable":true,"href":"https:\/\/www.akehedman.se\/wordpress\/index.php?rest_route=\/wp\/v2\/users\/24"}],"replies":[{"embeddable":true,"href":"https:\/\/www.akehedman.se\/wordpress\/index.php?rest_route=%2Fwp%2Fv2%2Fcomments&post=45283"}],"version-history":[{"count":1,"href":"https:\/\/www.akehedman.se\/wordpress\/index.php?rest_route=\/wp\/v2\/posts\/45283\/revisions"}],"predecessor-version":[{"id":45285,"href":"https:\/\/www.akehedman.se\/wordpress\/index.php?rest_route=\/wp\/v2\/posts\/45283\/revisions\/45285"}],"wp:attachment":[{"href":"https:\/\/www.akehedman.se\/wordpress\/index.php?rest_route=%2Fwp%2Fv2%2Fmedia&parent=45283"}],"wp:term":[{"taxonomy":"category","embeddable":true,"href":"https:\/\/www.akehedman.se\/wordpress\/index.php?rest_route=%2Fwp%2Fv2%2Fcategories&post=45283"},{"taxonomy":"post_tag","embeddable":true,"href":"https:\/\/www.akehedman.se\/wordpress\/index.php?rest_route=%2Fwp%2Fv2%2Ftags&post=45283"}],"curies":[{"name":"wp","href":"https:\/\/api.w.org\/{rel}","templated":true}]}}