{"id":45278,"date":"2023-06-13T08:01:47","date_gmt":"2023-06-13T07:01:47","guid":{"rendered":"https:\/\/www.akehedman.se\/wordpress\/?p=45278"},"modified":"2023-06-13T08:01:47","modified_gmt":"2023-06-13T07:01:47","slug":"jordbavning-2","status":"publish","type":"post","link":"https:\/\/www.akehedman.se\/wordpress\/?p=45278","title":{"rendered":"Jordb\u00e4vning"},"content":{"rendered":"<div class=\"wp-block-image\">\n<figure class=\"aligncenter size-full\"><img data-recalc-dims=\"1\" loading=\"lazy\" decoding=\"async\" width=\"580\" height=\"387\" src=\"https:\/\/i0.wp.com\/www.akehedman.se\/wordpress\/wp-content\/uploads\/2023\/06\/pexels-photo-2114014.jpeg?resize=580%2C387&#038;ssl=1\" alt=\"white clouds\" class=\"wp-image-45279\" srcset=\"https:\/\/i0.wp.com\/www.akehedman.se\/wordpress\/wp-content\/uploads\/2023\/06\/pexels-photo-2114014.jpeg?w=1880&amp;ssl=1 1880w, https:\/\/i0.wp.com\/www.akehedman.se\/wordpress\/wp-content\/uploads\/2023\/06\/pexels-photo-2114014.jpeg?resize=300%2C200&amp;ssl=1 300w, https:\/\/i0.wp.com\/www.akehedman.se\/wordpress\/wp-content\/uploads\/2023\/06\/pexels-photo-2114014.jpeg?resize=1024%2C682&amp;ssl=1 1024w, https:\/\/i0.wp.com\/www.akehedman.se\/wordpress\/wp-content\/uploads\/2023\/06\/pexels-photo-2114014.jpeg?resize=768%2C512&amp;ssl=1 768w, https:\/\/i0.wp.com\/www.akehedman.se\/wordpress\/wp-content\/uploads\/2023\/06\/pexels-photo-2114014.jpeg?resize=1536%2C1024&amp;ssl=1 1536w, https:\/\/i0.wp.com\/www.akehedman.se\/wordpress\/wp-content\/uploads\/2023\/06\/pexels-photo-2114014.jpeg?resize=1200%2C800&amp;ssl=1 1200w, https:\/\/i0.wp.com\/www.akehedman.se\/wordpress\/wp-content\/uploads\/2023\/06\/pexels-photo-2114014.jpeg?w=1740&amp;ssl=1 1740w\" sizes=\"auto, (max-width: 580px) 100vw, 580px\" \/><figcaption class=\"wp-element-caption\">Photo by Magda Ehlers on <a href=\"https:\/\/www.pexels.com\/photo\/white-clouds-2114014\/\" rel=\"nofollow\">Pexels.com<\/a><\/figcaption><\/figure>\n<\/div>\n\n\n<p class=\"wp-block-paragraph\">Morgon igen och det \u00e4r lika tyst som n\u00e4r jag gick upp till Knausg\u00e5rd i natt. Ovanligt. Man brukar i alla fall h\u00f6ra bilarna nerifr\u00e5n v\u00e4gen. Men inte idag. Inte ens f\u00e5gels\u00e5ng h\u00f6rs. Kanske \u00e4r det bara jag kvar i v\u00e4rlden&#8230;<\/p>\n\n\n\n<p class=\"wp-block-paragraph\">Tisdag. N\u00e4stan lika bra dag som en m\u00e5ndag. Oftast \u00e4r man redan p\u00e5 sp\u00e5ret p\u00e5 en tisdag. Beh\u00f6ver bara k\u00f6ra vidare dit sp\u00e5ren leder en. Men g\u00e5rdagen var en sm\u00e5saksdag. Sm\u00e5kakor.  Det var inte l\u00f6nt att hoppa upp p\u00e5 sp\u00e5ret. Allts\u00e5 m\u00e5ste det g\u00f6ras idag. F\u00f6r framtida segrar. <\/p>\n\n\n\n<p class=\"wp-block-paragraph\">H\u00e4rligt melankolisk k\u00e4nner jag mig. Det b\u00e5dar gott. Min kreativitet stimuleras av det tillst\u00e5ndet. Och hur absurt det kan l\u00e5ta s\u00e5 \u00e4r det i det tillst\u00e5ndet jag m\u00e5r som b\u00e4st. \u00c4r v\u00e4l vad man kallar en &#8220;<em>surpuppa<\/em>&#8221; allts\u00e5. Fast, beh\u00f6ver s\u00e5klart bara k\u00f6ra lite Metallica f\u00f6r att b\u00f6rja le. Enkel p\u00e5 det viset. Ocks\u00e5.<\/p>\n\n\n\n<p class=\"wp-block-paragraph\">T, min v\u00e4n fr\u00e5n f\u00f6rr, blir farfar f\u00f6r andra g\u00e5ngen. D\u00e5 \u00e4r han v\u00e4l morfar n\u00e5gra g\u00e5nger om ocks\u00e5 tror jag. Stolt \u00e4r han. Skickar bild p\u00e5 underverket.  B\u00e4bis konstaterar jag. Dom ser \u00e4nd\u00e5 alla r\u00e4tt lika ut. Har mycket skit men ocks\u00e5 gl\u00e4dje att ta sig igenom. Blir liksom tr\u00f6tt bara av att t\u00e4nka p\u00e5 alla &#8220;<em>f\u00f6rsta g\u00e5ngen<\/em>&#8221; en nyf\u00f6dd (nerv\u00f6st) har att ta sig igenom. Fast liv. En g\u00e5va. Jag minns farsan n\u00e4r han h\u00f6ll v\u00e5r f\u00f6rste son n\u00e4r vi kom hem fr\u00e5n BB. Nog mjuknade han d\u00e4r allt. Klarade inte av att spela tuff l\u00e4ngre. Det eviga livet finns v\u00e4l d\u00e4r i barnbarnen. Far och morf\u00f6r\u00e4ldrar k\u00e4nner det eftersom de b\u00f6rjar ana sitt eget slut och \u00e4r dumma i huvudet s\u00e5klart om de inte har vett att omfamna den insikten. <\/p>\n\n\n\n<p class=\"wp-block-paragraph\">N\u00e5gon jordb\u00e4vning ser jag inte framf\u00f6r mig idag. \u00c4nd\u00e5 var det v\u00e4l just en s\u00e5dan h\u00e4r dag som jag fick vara med om en. En <a href=\"https:\/\/www.aftonbladet.se\/nyheter\/a\/5Vrrk6\/sa-kande-lasarna-av-jordskalvet\" data-type=\"URL\" data-id=\"https:\/\/www.aftonbladet.se\/nyheter\/a\/5Vrrk6\/sa-kande-lasarna-av-jordskalvet\">j\u00e4vla sm\u00e4ll var det<\/a>. \u00c4nd\u00e5 var det m\u00e5nga som inte m\u00e4rket ett skit. VA? stod de d\u00e4r med gapande munnar. Men vi var princip i epicentrum. V\u00e5gr\u00f6relserna kom l\u00e4ngre bort. G\u00e4vle osv.<\/p>\n\n\n\n<p class=\"wp-block-paragraph\">Men jag v\u00e4ntar mig ingen upprepning idag allts\u00e5. Med timmerstomme borde vi dessutom klara en hel del skakande. Eller inte. Man vet aldrig f\u00f6rr\u00e4n slutsats och faktum \u00e4r levererat. <\/p>\n\n\n\n<p class=\"wp-block-paragraph\">Med alla f\u00f6nster och d\u00f6rrar \u00f6ppna k\u00f6r jag ig\u00e5ng den h\u00e4r dagen. Ja det \u00e4r ju s\u00e5klart lite drygt en timme sedan det skedde. Men \u00e4nd\u00e5. H\u00e4r b\u00f6rjar det. Upp p\u00e5 sp\u00e5ret br\u00f6der och systrar. Solglas\u00f6gon och solhatt, med shorts p\u00e5 tork.<\/p>\n\n\n\n<p class=\"wp-block-paragraph\">Det \u00e4r gott att leva!<\/p>\n","protected":false},"excerpt":{"rendered":"<p>Morgon igen och det \u00e4r lika tyst som n\u00e4r jag gick upp till Knausg\u00e5rd i natt. Ovanligt. Man brukar i alla fall h\u00f6ra bilarna nerifr\u00e5n v\u00e4gen. Men inte idag. Inte ens f\u00e5gels\u00e5ng h\u00f6rs. Kanske \u00e4r det bara jag kvar i v\u00e4rlden&#8230; Tisdag. N\u00e4stan lika bra dag som en m\u00e5ndag. Oftast \u00e4r man redan p\u00e5 sp\u00e5ret [&hellip;]<\/p>\n","protected":false},"author":24,"featured_media":0,"comment_status":"open","ping_status":"open","sticky":false,"template":"","format":"standard","meta":{"_crdt_document":"","jetpack_post_was_ever_published":false,"_jetpack_newsletter_access":"","_jetpack_dont_email_post_to_subs":false,"_jetpack_newsletter_tier_id":0,"_jetpack_memberships_contains_paywalled_content":false,"_jetpack_memberships_contains_paid_content":false,"footnotes":"","jetpack_publicize_message":"","jetpack_publicize_feature_enabled":true,"jetpack_social_post_already_shared":true,"jetpack_social_options":{"image_generator_settings":{"template":"highway","default_image_id":0,"font":"","enabled":false},"version":2}},"categories":[2],"tags":[],"class_list":["post-45278","post","type-post","status-publish","format-standard","hentry","category-swedish"],"jetpack_publicize_connections":[],"jetpack_featured_media_url":"","jetpack_sharing_enabled":true,"jetpack_likes_enabled":true,"jetpack-related-posts":[{"id":51455,"url":"https:\/\/www.akehedman.se\/wordpress\/?p=51455","url_meta":{"origin":45278,"position":0},"title":"Inte som f\u00f6rr","author":"\u00c5ke Hedman","date":"2026-03-20","format":false,"excerpt":"Photo by Crisher P.H on Pexels.com Fredag, man b\u00f6rjar n\u00e4rma sig slutet. Tror det \u00e4r pizza idag. Hemgjord. Gott. Tv\u00e5 bitar f\u00e5r man i sig numera. F\u00f6rr kunde man l\u00e4tt \u00e4tit en hel pl\u00e5t. Om man f\u00e5tt och inte beh\u00f6vt dela med andra. Men ocks\u00e5 jag ut\/av-vecklas. Glupsk \u00e4r jag\u2026","rel":"","context":"In &quot;Betraktelser &amp; Ber\u00e4ttelse&quot;","block_context":{"text":"Betraktelser &amp; Ber\u00e4ttelse","link":"https:\/\/www.akehedman.se\/wordpress\/?cat=24"},"img":{"alt_text":"brown eyes peeking behind the yellow paper","src":"https:\/\/i0.wp.com\/www.akehedman.se\/wordpress\/wp-content\/uploads\/2026\/03\/pexels-photo-6891102.jpeg?resize=350%2C200&ssl=1","width":350,"height":200,"srcset":"https:\/\/i0.wp.com\/www.akehedman.se\/wordpress\/wp-content\/uploads\/2026\/03\/pexels-photo-6891102.jpeg?resize=350%2C200&ssl=1 1x, https:\/\/i0.wp.com\/www.akehedman.se\/wordpress\/wp-content\/uploads\/2026\/03\/pexels-photo-6891102.jpeg?resize=525%2C300&ssl=1 1.5x, https:\/\/i0.wp.com\/www.akehedman.se\/wordpress\/wp-content\/uploads\/2026\/03\/pexels-photo-6891102.jpeg?resize=700%2C400&ssl=1 2x, https:\/\/i0.wp.com\/www.akehedman.se\/wordpress\/wp-content\/uploads\/2026\/03\/pexels-photo-6891102.jpeg?resize=1050%2C600&ssl=1 3x, https:\/\/i0.wp.com\/www.akehedman.se\/wordpress\/wp-content\/uploads\/2026\/03\/pexels-photo-6891102.jpeg?resize=1400%2C800&ssl=1 4x"},"classes":[]},{"id":39520,"url":"https:\/\/www.akehedman.se\/wordpress\/?p=39520","url_meta":{"origin":45278,"position":1},"title":"Vadan","author":"\u00c5ke Hedman","date":"2021-08-03","format":false,"excerpt":"Vad g\u00f6r en tr\u00f6tt gammal ocool gubbe s\u00e5 h\u00e4r vid 23-tiden. Jo han g\u00e5r och l\u00e4gger sig. Orkar liksom inte mer den h\u00e4r dagen. Illa eftersom det finns l\u00e5tsassaker att g\u00f6ra. Som att rensa skrivbordet till exempel. Men det \u00e4r s\u00e5klart bara en reflektion av tillst\u00e5ndet inuti mitt huvud, s\u00e5\u2026","rel":"","context":"In &quot;Betraktelser &amp; Ber\u00e4ttelse&quot;","block_context":{"text":"Betraktelser &amp; Ber\u00e4ttelse","link":"https:\/\/www.akehedman.se\/wordpress\/?cat=24"},"img":{"alt_text":"","src":"https:\/\/i0.wp.com\/www.akehedman.se\/wordpress\/wp-content\/uploads\/2021\/08\/IMG_20210803_230235-scaled.jpg?resize=350%2C200&ssl=1","width":350,"height":200,"srcset":"https:\/\/i0.wp.com\/www.akehedman.se\/wordpress\/wp-content\/uploads\/2021\/08\/IMG_20210803_230235-scaled.jpg?resize=350%2C200&ssl=1 1x, https:\/\/i0.wp.com\/www.akehedman.se\/wordpress\/wp-content\/uploads\/2021\/08\/IMG_20210803_230235-scaled.jpg?resize=525%2C300&ssl=1 1.5x, https:\/\/i0.wp.com\/www.akehedman.se\/wordpress\/wp-content\/uploads\/2021\/08\/IMG_20210803_230235-scaled.jpg?resize=700%2C400&ssl=1 2x, https:\/\/i0.wp.com\/www.akehedman.se\/wordpress\/wp-content\/uploads\/2021\/08\/IMG_20210803_230235-scaled.jpg?resize=1050%2C600&ssl=1 3x, https:\/\/i0.wp.com\/www.akehedman.se\/wordpress\/wp-content\/uploads\/2021\/08\/IMG_20210803_230235-scaled.jpg?resize=1400%2C800&ssl=1 4x"},"classes":[]},{"id":7811,"url":"https:\/\/www.akehedman.se\/wordpress\/?p=7811","url_meta":{"origin":45278,"position":2},"title":"Tisdag p\u00e5 kullen i skogen","author":"\u00c5ke Hedman","date":"2013-07-02","format":false,"excerpt":"Det \u00e4r koltrastens tid. Jag vaknar varje morgon till den. Ligger en stund och lyssnar. L\u00e5ter musiken vara av under dan bara f\u00f6r att f\u00e5 h\u00f6ra den och njuta. Det finns inte vackrare. Bara lika vackert. Himlen \u00e4r bl\u00e5 n\u00e4r jag stiger upp. Sommarmorgon. En l\u00e4tt ljummen bris ruffsar om\u2026","rel":"","context":"In &quot;Betraktelser &amp; Ber\u00e4ttelse&quot;","block_context":{"text":"Betraktelser &amp; Ber\u00e4ttelse","link":"https:\/\/www.akehedman.se\/wordpress\/?cat=24"},"img":{"alt_text":"IMG_20130702_082122","src":"https:\/\/i0.wp.com\/www.eurosource.se\/akhe\/wordpress\/wp-content\/uploads\/2013\/07\/IMG_20130702_082122-1024x768.jpg?resize=350%2C200","width":350,"height":200,"srcset":"https:\/\/i0.wp.com\/www.eurosource.se\/akhe\/wordpress\/wp-content\/uploads\/2013\/07\/IMG_20130702_082122-1024x768.jpg?resize=350%2C200 1x, https:\/\/i0.wp.com\/www.eurosource.se\/akhe\/wordpress\/wp-content\/uploads\/2013\/07\/IMG_20130702_082122-1024x768.jpg?resize=525%2C300 1.5x"},"classes":[]},{"id":49624,"url":"https:\/\/www.akehedman.se\/wordpress\/?p=49624","url_meta":{"origin":45278,"position":3},"title":"Stj\u00e4rnorna","author":"\u00c5ke Hedman","date":"2025-05-11","format":false,"excerpt":"Photo by eberhard grossgasteiger on Pexels.com F\u00f6rkyld. R\u00e4tt \u00e5t mig. Tycker s\u00e4kert n\u00e5gon. Och kanske \u00e4r det s\u00e5. N\u00f6jd om jag \u00f6verlever. Gubbe med manflue. S\u00f6ndag. Inte mycket blir gjort fast tanken var att flytta ut tomaterna. Men... Funderar p\u00e5 att s\u00e4tta mig i studion en stund. Bara f\u00f6r att\u2026","rel":"","context":"In &quot;Betraktelser &amp; Ber\u00e4ttelse&quot;","block_context":{"text":"Betraktelser &amp; Ber\u00e4ttelse","link":"https:\/\/www.akehedman.se\/wordpress\/?cat=24"},"img":{"alt_text":"mountain range under beige sky","src":"https:\/\/i0.wp.com\/www.akehedman.se\/wordpress\/wp-content\/uploads\/2025\/05\/pexels-photo-1670187.jpeg?resize=350%2C200&ssl=1","width":350,"height":200,"srcset":"https:\/\/i0.wp.com\/www.akehedman.se\/wordpress\/wp-content\/uploads\/2025\/05\/pexels-photo-1670187.jpeg?resize=350%2C200&ssl=1 1x, https:\/\/i0.wp.com\/www.akehedman.se\/wordpress\/wp-content\/uploads\/2025\/05\/pexels-photo-1670187.jpeg?resize=525%2C300&ssl=1 1.5x, https:\/\/i0.wp.com\/www.akehedman.se\/wordpress\/wp-content\/uploads\/2025\/05\/pexels-photo-1670187.jpeg?resize=700%2C400&ssl=1 2x"},"classes":[]},{"id":18396,"url":"https:\/\/www.akehedman.se\/wordpress\/?p=18396","url_meta":{"origin":45278,"position":4},"title":"Att f\u00f6r\u00e4ndra v\u00e4rlden","author":"\u00c5ke Hedman","date":"2015-08-11","format":false,"excerpt":"Faxander p\u00e5 Sandvik f\u00e5r sparken. Det \u00e4r allts\u00e5 en bra dag. En st\u00f6rre f\u00f6rst\u00f6rare har Svensk industri aldrig sk\u00e5dat. Tyv\u00e4rr han han plocka ur sj\u00e4len ur Sandvik. De har en tuff resa f\u00f6r att \u00e5terta den, om det ens g\u00e5r. Flaggorna i topp idag allts\u00e5. Vi har blivit av med\u2026","rel":"","context":"In &quot;Betraktelser &amp; Ber\u00e4ttelse&quot;","block_context":{"text":"Betraktelser &amp; Ber\u00e4ttelse","link":"https:\/\/www.akehedman.se\/wordpress\/?cat=24"},"img":{"alt_text":"IMG_1169","src":"https:\/\/i0.wp.com\/www.akehedman.se\/wordpress\/wp-content\/uploads\/2015\/08\/IMG_1169-1024x768.jpg?resize=350%2C200","width":350,"height":200,"srcset":"https:\/\/i0.wp.com\/www.akehedman.se\/wordpress\/wp-content\/uploads\/2015\/08\/IMG_1169-1024x768.jpg?resize=350%2C200 1x, https:\/\/i0.wp.com\/www.akehedman.se\/wordpress\/wp-content\/uploads\/2015\/08\/IMG_1169-1024x768.jpg?resize=525%2C300 1.5x"},"classes":[]},{"id":28095,"url":"https:\/\/www.akehedman.se\/wordpress\/?p=28095","url_meta":{"origin":45278,"position":5},"title":"Kompisv\u00e4ldet","author":"\u00c5ke Hedman","date":"2018-04-24","format":false,"excerpt":"Idag s\u00e5... ja tisdag, en stor tugga har tagits av veckan. Jag skall till G\u00e4vle imorgon. Tid som g\u00e5r bort. F\u00f6rloras. Men. jag f\u00e5r se m\u00e4nniskor. \u00c4lskar att studera m\u00e4nniskor. Man undrar ibland varf\u00f6r jag valde programmerarens yrke. Just i det avseendet i alla fall. Avicii tillh\u00f6r ocks\u00e5 den d\u00e4r\u2026","rel":"","context":"In &quot;Betraktelser &amp; Ber\u00e4ttelse&quot;","block_context":{"text":"Betraktelser &amp; Ber\u00e4ttelse","link":"https:\/\/www.akehedman.se\/wordpress\/?cat=24"},"img":{"alt_text":"","src":"https:\/\/i0.wp.com\/www.akehedman.se\/wordpress\/wp-content\/uploads\/2018\/04\/IMG_20180420_140235763_HDR-1024x576.jpg?resize=350%2C200","width":350,"height":200,"srcset":"https:\/\/i0.wp.com\/www.akehedman.se\/wordpress\/wp-content\/uploads\/2018\/04\/IMG_20180420_140235763_HDR-1024x576.jpg?resize=350%2C200 1x, https:\/\/i0.wp.com\/www.akehedman.se\/wordpress\/wp-content\/uploads\/2018\/04\/IMG_20180420_140235763_HDR-1024x576.jpg?resize=525%2C300 1.5x"},"classes":[]}],"jetpack_shortlink":"https:\/\/wp.me\/p68PL2-bMi","_links":{"self":[{"href":"https:\/\/www.akehedman.se\/wordpress\/index.php?rest_route=\/wp\/v2\/posts\/45278","targetHints":{"allow":["GET"]}}],"collection":[{"href":"https:\/\/www.akehedman.se\/wordpress\/index.php?rest_route=\/wp\/v2\/posts"}],"about":[{"href":"https:\/\/www.akehedman.se\/wordpress\/index.php?rest_route=\/wp\/v2\/types\/post"}],"author":[{"embeddable":true,"href":"https:\/\/www.akehedman.se\/wordpress\/index.php?rest_route=\/wp\/v2\/users\/24"}],"replies":[{"embeddable":true,"href":"https:\/\/www.akehedman.se\/wordpress\/index.php?rest_route=%2Fwp%2Fv2%2Fcomments&post=45278"}],"version-history":[{"count":1,"href":"https:\/\/www.akehedman.se\/wordpress\/index.php?rest_route=\/wp\/v2\/posts\/45278\/revisions"}],"predecessor-version":[{"id":45280,"href":"https:\/\/www.akehedman.se\/wordpress\/index.php?rest_route=\/wp\/v2\/posts\/45278\/revisions\/45280"}],"wp:attachment":[{"href":"https:\/\/www.akehedman.se\/wordpress\/index.php?rest_route=%2Fwp%2Fv2%2Fmedia&parent=45278"}],"wp:term":[{"taxonomy":"category","embeddable":true,"href":"https:\/\/www.akehedman.se\/wordpress\/index.php?rest_route=%2Fwp%2Fv2%2Fcategories&post=45278"},{"taxonomy":"post_tag","embeddable":true,"href":"https:\/\/www.akehedman.se\/wordpress\/index.php?rest_route=%2Fwp%2Fv2%2Ftags&post=45278"}],"curies":[{"name":"wp","href":"https:\/\/api.w.org\/{rel}","templated":true}]}}