{"id":45275,"date":"2023-06-12T23:09:41","date_gmt":"2023-06-12T22:09:41","guid":{"rendered":"https:\/\/www.akehedman.se\/wordpress\/?p=45275"},"modified":"2023-06-12T23:09:41","modified_gmt":"2023-06-12T22:09:41","slug":"tystnaden-3","status":"publish","type":"post","link":"https:\/\/www.akehedman.se\/wordpress\/?p=45275","title":{"rendered":"Tystnaden"},"content":{"rendered":"<div class=\"wp-block-image\">\n<figure class=\"aligncenter size-full\"><img data-recalc-dims=\"1\" loading=\"lazy\" decoding=\"async\" width=\"580\" height=\"387\" src=\"https:\/\/i0.wp.com\/www.akehedman.se\/wordpress\/wp-content\/uploads\/2023\/06\/pexels-photo-262140.jpeg?resize=580%2C387&#038;ssl=1\" alt=\"trees surrounded by fogs\" class=\"wp-image-45276\" srcset=\"https:\/\/i0.wp.com\/www.akehedman.se\/wordpress\/wp-content\/uploads\/2023\/06\/pexels-photo-262140.jpeg?w=1880&amp;ssl=1 1880w, https:\/\/i0.wp.com\/www.akehedman.se\/wordpress\/wp-content\/uploads\/2023\/06\/pexels-photo-262140.jpeg?resize=300%2C200&amp;ssl=1 300w, https:\/\/i0.wp.com\/www.akehedman.se\/wordpress\/wp-content\/uploads\/2023\/06\/pexels-photo-262140.jpeg?resize=1024%2C682&amp;ssl=1 1024w, https:\/\/i0.wp.com\/www.akehedman.se\/wordpress\/wp-content\/uploads\/2023\/06\/pexels-photo-262140.jpeg?resize=768%2C512&amp;ssl=1 768w, https:\/\/i0.wp.com\/www.akehedman.se\/wordpress\/wp-content\/uploads\/2023\/06\/pexels-photo-262140.jpeg?resize=1536%2C1024&amp;ssl=1 1536w, https:\/\/i0.wp.com\/www.akehedman.se\/wordpress\/wp-content\/uploads\/2023\/06\/pexels-photo-262140.jpeg?resize=1200%2C800&amp;ssl=1 1200w, https:\/\/i0.wp.com\/www.akehedman.se\/wordpress\/wp-content\/uploads\/2023\/06\/pexels-photo-262140.jpeg?w=1740&amp;ssl=1 1740w\" sizes=\"auto, (max-width: 580px) 100vw, 580px\" \/><\/figure>\n<\/div>\n\n\n<p class=\"wp-block-paragraph\">Det \u00e4r n\u00e4stan natt h\u00e4r p\u00e5 kullen. Jag sitter i samma stol som jag satt i i morse. Inget te nu dock. Men g\u00f6r v\u00e4l samma saker. Ungef\u00e4r. Det d\u00e4r med natt f\u00f6rsten.  Blir det n\u00e5gon \u00f6ver huvud taget nu n\u00e4r \u00e5rets sommar v\u00e4xer upp och skall bli stor. H\u00e4r i Los m\u00e4rks ljuset (o-natten) speciellt mycket. Man f\u00f6rundrades de f\u00f6rsta \u00e5ren efter att man flyttat hit.  Men har vant sig nu och sorgligt gl\u00f6mmer och tar f\u00f6r givet. Jag v\u00e4xte ju upp i Edsbyn som inte ligger s\u00e5 l\u00e5ngt h\u00e4rifr\u00e5n. Men ljuset kring midsommar \u00e4r inte alls detsamma som h\u00e4r.  Kanske \u00e4r det h\u00f6jden. Vi \u00e4r halvv\u00e4gs till fj\u00e4llen p\u00e5 v\u00e5ra kullar och berg. Eller ocks\u00e5 \u00e4r det andra saker. Skogen, myrarna och sj\u00f6arna. Men ljusa n\u00e4tter har vi den h\u00e4r tiden och fram till n\u00e5gra dagar efter midsommar. Sen blir det svart igen p\u00e5 bara plus n\u00e5gra dagar till tycks det. Har aldrig lyckts klura ut hur det d\u00e4r g\u00e5r till.<\/p>\n\n\n\n<p class=\"wp-block-paragraph\">Man m\u00e5ste s\u00e5klart \u00e4lska den h\u00e4r tiden. Barfota. \u00d6ppna f\u00f6nster p\u00e5 kontoret. \u00d6ppet f\u00f6nster i s\u00e4ngkammaren. Liljekonvalj och syren som doftar nu n\u00e4r h\u00e4ggen riktat in sig p\u00e5 b\u00e4r och f\u00f6r\u00f6kning. Allt handlar om enkelt liv. En t-shirt och ett par brallor. Inget tjafs med handskar och m\u00f6ssa och annat jobbigt. S\u00e5 sk\u00f6nt. S\u00e5 enkelt. Bara underbart.<\/p>\n\n\n\n<p class=\"wp-block-paragraph\">Fast fryser g\u00f6r jag ju lite nu s\u00e5klart s\u00e5h\u00e4r p\u00e5 kv\u00e4llen. Det har mindre att g\u00f6ra med temperaturerna och mer att ha att g\u00f6ra med att jag \u00e4r en fryslort av v\u00e4rsta slag. Men under dagen fr\u00f6s inte ens jag. Och mot slutet av veckan b\u00f6rjar man v\u00e4l klaga \u00f6ver v\u00e4rmen. Fast&#8230; Nope. Aldrig!<\/p>\n\n\n\n<p class=\"wp-block-paragraph\">Huset och kullen vilar i tystnaden den h\u00e4r tiden. Inte ett ljud h\u00f6rs faktiskt. Jo en fl\u00e4kt p\u00e5 min dator f\u00f6rst\u00f6r den illusionen.  Jag m\u00e5ste s\u00e5klart koncentrera mig f\u00f6r att uppfatta den. Allt f\u00f6r m\u00e5nga \u00e5r i fl\u00e4ktljudens n\u00e4rhet har gjort mig d\u00f6v just f\u00f6r den ljudf\u00f6roreningen. Men annars \u00e4r det bara det gamla huset fr\u00e5n 1917 som knakar och str\u00e4cker lite lojt p\u00e5 sig. Gamla hus njuter troligen precis som vi andra av en enklare tid.<\/p>\n\n\n\n<p class=\"wp-block-paragraph\">N\u00e4r man k\u00f6rde olika projekt, som anst\u00e4lld eller som egen var det h\u00e4r ofta en mycket hektisk tid. Allt skulle vara klart till sommaren. Det var v\u00e4l samma sak i skolv\u00e4rden ocks\u00e5. Man han liksom inte med att uppleva maj och juni alls egentligen. Inte p\u00e5 riktigt. Massor av \u00f6vertidstimmar och helgjobb. N\u00e4r semestern kom var man alltid s\u00e5 slut att den f\u00f6rsta veckan alltid bara f\u00f6rsvann p\u00e5 ren \u00e5terh\u00e4mtning. Den andra p\u00e5 att fatta att allt det d\u00e4r lediga var sant. Ja och resten av veckorna fanns det alltid n\u00e5gon annan som jobbade och beh\u00f6vde support s\u00e5 man fick rycka in. Jag har helt enkelt jobbar f\u00f6r mycket i mitt liv. Men \u00e4lskat det ocks\u00e5. Flykt bara kanske. Men det \u00e4r som det \u00e4r. F\u00f6rsta sommarlovet n\u00e4r jag jobbade som l\u00e4rare s\u00e5 stod jag bara d\u00e4r och bara gapade de f\u00f6rsta dagarna. En massa veckor ledig och l\u00f6n skulle ramla in p\u00e5 kontor \u00e4nd\u00e5. WOW. Som egen var man inte bortsk\u00e4md med att kunna ta allt f\u00f6r m\u00e5nga dagar ledig under sommaren. <\/p>\n\n\n\n<p class=\"wp-block-paragraph\">Tittar jag p\u00e5 statistiken f\u00f6r bloggen har jag skrivit ganska n\u00e4ra 70000 ord sedan starten av det h\u00e4r \u00e5ret. Flera \u00e5r har det varit \u00f6ver 300000 ord nedtecknade. Statistiken str\u00e4cker sig till 2006 men egentligen skulle den v\u00e4l tagit sig \u00e4nnu n\u00e5gra \u00e5r till tillbaks. Men den f\u00f6rsta tiden gick visst h\u00e4dan n\u00e5gon g\u00e5ng i n\u00e5gon historisk krasch. Men m\u00e5nga inl\u00e4gg har det blivit. Och allts\u00e5 m\u00e5nga ord. Nu blir man s\u00e5klart inte f\u00f6rfattare p\u00e5 antalet ord. Antagligen \u00e4r det s\u00e5 i alla fall. En engelsk medelroman ligger tydligen p\u00e5 40000 ord. Man kan gissa att en svensk dito ligger r\u00e4tt n\u00e4ra. S\u00e5 n\u00e5gra s\u00e5dana d\u00e5 blir de totala orden nedtecknade som per \u00e5r. <\/p>\n\n\n\n<p class=\"wp-block-paragraph\">Undrar hur m\u00e5nga kodrader man skrivit under alla \u00e5r. M\u00e5ste vara fler \u00e4n ord i bloggen p\u00e5 ett \u00e5r helt klart. \u00c4nd\u00e5 kr\u00e4vs det v\u00e4l mer tanke och funderande d\u00e4r. M\u00e5ste undra varf\u00f6r jag g\u00f6r allt det h\u00e4r. F\u00f6r en viss m\u00f6da finns det ju ocks\u00e5. Man skulle kunna skria s\u00e5dant som folk vill ha ocks\u00e5. Ja och koda f\u00f6r mat. Men det vore s\u00e5klart inte jag. Vore alldeles f\u00f6r smart.<\/p>\n\n\n\n<p class=\"wp-block-paragraph\">Nu \u00e4r klockan en bit \u00f6ver tolv och jag skall g\u00e5 upp och fatta min Knausg\u00e5rd. Ett kapitel skall man v\u00e4l ta sig igenom i alla fall. Han kr\u00e4ver sin koncentration med sina texter den mannen. Har man tur f\u00e5r man en god dag imorgon ocks\u00e5. Hoppas kan man alltid. Dum vore man v\u00e4l annars.<\/p>\n\n\n\n<p class=\"wp-block-paragraph\"><strong>Liksom<\/strong><\/p>\n\n\n\n<p class=\"wp-block-paragraph\"> <\/p>\n","protected":false},"excerpt":{"rendered":"<p>Det \u00e4r n\u00e4stan natt h\u00e4r p\u00e5 kullen. Jag sitter i samma stol som jag satt i i morse. Inget te nu dock. Men g\u00f6r v\u00e4l samma saker. Ungef\u00e4r. Det d\u00e4r med natt f\u00f6rsten. Blir det n\u00e5gon \u00f6ver huvud taget nu n\u00e4r \u00e5rets sommar v\u00e4xer upp och skall bli stor. H\u00e4r i Los m\u00e4rks ljuset (o-natten) [&hellip;]<\/p>\n","protected":false},"author":24,"featured_media":0,"comment_status":"open","ping_status":"open","sticky":false,"template":"","format":"standard","meta":{"_crdt_document":"","jetpack_post_was_ever_published":false,"_jetpack_newsletter_access":"","_jetpack_dont_email_post_to_subs":false,"_jetpack_newsletter_tier_id":0,"_jetpack_memberships_contains_paywalled_content":false,"_jetpack_memberships_contains_paid_content":false,"footnotes":"","jetpack_publicize_message":"","jetpack_publicize_feature_enabled":true,"jetpack_social_post_already_shared":true,"jetpack_social_options":{"image_generator_settings":{"template":"highway","default_image_id":0,"font":"","enabled":false},"version":2}},"categories":[2],"tags":[],"class_list":["post-45275","post","type-post","status-publish","format-standard","hentry","category-swedish"],"jetpack_publicize_connections":[],"jetpack_featured_media_url":"","jetpack_sharing_enabled":true,"jetpack_likes_enabled":true,"jetpack-related-posts":[{"id":1684,"url":"https:\/\/www.akehedman.se\/wordpress\/?p=1684","url_meta":{"origin":45275,"position":0},"title":"S\u00f6ndagsmorgon","author":"\u00c5ke Hedman","date":"2012-09-30","format":false,"excerpt":"Vaknar min vana trogen halv fyra p\u00e5 s\u00f6ndagsmorgonen. Det finns lite Coca Cola kvar i kylen s\u00e5 jag h\u00e4ller upp ett glas och st\u00e4ller mig framf\u00f6r \"mitt f\u00f6nster\" och dricker. \"Mitt f\u00f6nster\" ligger i v\u00e5rt k\u00f6k och v\u00e4tter mot \u00f6ster d\u00e4r det bara finns djur den h\u00e4r tiden p\u00e5 dygnet,\u2026","rel":"","context":"In &quot;Betraktelser &amp; Ber\u00e4ttelse&quot;","block_context":{"text":"Betraktelser &amp; Ber\u00e4ttelse","link":"https:\/\/www.akehedman.se\/wordpress\/?cat=24"},"img":{"alt_text":"","src":"","width":0,"height":0},"classes":[]},{"id":39178,"url":"https:\/\/www.akehedman.se\/wordpress\/?p=39178","url_meta":{"origin":45275,"position":1},"title":"Att ta till sig","author":"\u00c5ke Hedman","date":"2021-06-17","format":false,"excerpt":"Photo by Cliford Mervil on Pexels.com M\u00f6rker som inte \u00e4r s\u00e5 mycket m\u00f6rker. Man blir lurad av lysr\u00f6ren p\u00e5 l\u00e5tsaskontoret. Tror att det \u00e4r m\u00f6rkt ute. Men sl\u00e4cker man dom s\u00e5 inser man att vi \u00e4r d\u00e4r nu. Natten lyckas aldrig riktigt ta \u00f6ver efter dagen. Ljuset dr\u00f6jer sig kvar.\u2026","rel":"","context":"In &quot;Betraktelser &amp; Ber\u00e4ttelse&quot;","block_context":{"text":"Betraktelser &amp; Ber\u00e4ttelse","link":"https:\/\/www.akehedman.se\/wordpress\/?cat=24"},"img":{"alt_text":"starry sky over mountains","src":"https:\/\/i0.wp.com\/www.akehedman.se\/wordpress\/wp-content\/uploads\/2021\/06\/pexels-photo-2469122.jpeg?resize=350%2C200&ssl=1","width":350,"height":200,"srcset":"https:\/\/i0.wp.com\/www.akehedman.se\/wordpress\/wp-content\/uploads\/2021\/06\/pexels-photo-2469122.jpeg?resize=350%2C200&ssl=1 1x, https:\/\/i0.wp.com\/www.akehedman.se\/wordpress\/wp-content\/uploads\/2021\/06\/pexels-photo-2469122.jpeg?resize=525%2C300&ssl=1 1.5x, https:\/\/i0.wp.com\/www.akehedman.se\/wordpress\/wp-content\/uploads\/2021\/06\/pexels-photo-2469122.jpeg?resize=700%2C400&ssl=1 2x"},"classes":[]},{"id":9290,"url":"https:\/\/www.akehedman.se\/wordpress\/?p=9290","url_meta":{"origin":45275,"position":2},"title":"Ig\u00e5r den f\u00f6rsta h\u00f6sthimlen.","author":"\u00c5ke Hedman","date":"2013-09-05","format":false,"excerpt":"Jag har varit m\u00e4rkligt tr\u00f6tt och oinspirerad hela veckan s\u00e5 det har blivit tidigt s\u00e4ngg\u00e5ende n\u00e4stan varje kv\u00e4ll. Innan s\u00e4ngen s\u00e5 brukar jag vandra runt lite i huset. Tittar p\u00e5 utetemperatur (lite tv\u00e5ngstanke d\u00e4r s\u00e5d\u00e4r) och brukar allt som oftast fastna en stund i f\u00f6nstret mot Ryssland, eller kanske \u00e4r\u2026","rel":"","context":"In &quot;Betraktelser &amp; Ber\u00e4ttelse&quot;","block_context":{"text":"Betraktelser &amp; Ber\u00e4ttelse","link":"https:\/\/www.akehedman.se\/wordpress\/?cat=24"},"img":{"alt_text":"384603main_ero_omega_centauri_4x3_1024-768","src":"https:\/\/i0.wp.com\/www.akehedman.se\/wordpress\/wp-content\/uploads\/2013\/09\/384603main_ero_omega_centauri_4x3_1024-768.jpg?resize=350%2C200","width":350,"height":200,"srcset":"https:\/\/i0.wp.com\/www.akehedman.se\/wordpress\/wp-content\/uploads\/2013\/09\/384603main_ero_omega_centauri_4x3_1024-768.jpg?resize=350%2C200 1x, https:\/\/i0.wp.com\/www.akehedman.se\/wordpress\/wp-content\/uploads\/2013\/09\/384603main_ero_omega_centauri_4x3_1024-768.jpg?resize=525%2C300 1.5x"},"classes":[]},{"id":43152,"url":"https:\/\/www.akehedman.se\/wordpress\/?p=43152","url_meta":{"origin":45275,"position":3},"title":"Upp p\u00e5 bananen","author":"\u00c5ke Hedman","date":"2022-10-23","format":false,"excerpt":"Photo by Andrey Grushnikov on Pexels.com H\u00f6st ute. De flesta tr\u00e4d utom Tyskl\u00f6nnen och Fl\u00e4dern har tappat sina blad. Tyskl\u00f6nnen skiter i vintern. St\u00e5r d\u00e4r ofta full\u00f6vad n\u00e4r f\u00f6rsta sn\u00f6n ligger och efter den andra och ofta tredje d\u00e4mpen med sn\u00f6 med f\u00f6r den delen. Men med Fl\u00e4dern \u00e4r det\u2026","rel":"","context":"In &quot;Betraktelser &amp; Ber\u00e4ttelse&quot;","block_context":{"text":"Betraktelser &amp; Ber\u00e4ttelse","link":"https:\/\/www.akehedman.se\/wordpress\/?cat=24"},"img":{"alt_text":"brown leaf in tilt shift photograph","src":"https:\/\/i0.wp.com\/www.akehedman.se\/wordpress\/wp-content\/uploads\/2022\/10\/pexels-photo-707668.jpeg?resize=350%2C200&ssl=1","width":350,"height":200,"srcset":"https:\/\/i0.wp.com\/www.akehedman.se\/wordpress\/wp-content\/uploads\/2022\/10\/pexels-photo-707668.jpeg?resize=350%2C200&ssl=1 1x, https:\/\/i0.wp.com\/www.akehedman.se\/wordpress\/wp-content\/uploads\/2022\/10\/pexels-photo-707668.jpeg?resize=525%2C300&ssl=1 1.5x, https:\/\/i0.wp.com\/www.akehedman.se\/wordpress\/wp-content\/uploads\/2022\/10\/pexels-photo-707668.jpeg?resize=700%2C400&ssl=1 2x"},"classes":[]},{"id":15846,"url":"https:\/\/www.akehedman.se\/wordpress\/?p=15846","url_meta":{"origin":45275,"position":4},"title":"Ales stenar och ljuset","author":"\u00c5ke Hedman","date":"2014-12-22","format":false,"excerpt":"Jag har en gammal v\u00e4n som bor n\u00e4ra Ales stenar. Han brukar \u00e5ka dit n\u00e4r det \u00e4r sommarsolst\u00e5nd och n\u00e4r det \u00e4r vintersolst\u00e5nd. Som idag allts\u00e5. Det \u00e4r lugnare d\u00e4r p\u00e5 vintern \u00e4n p\u00e5 sommaren. Mindre folk och mer tid f\u00f6r egna tankar. Jag \u00e4r s\u00e5klart avundsjuk som fan p\u00e5\u2026","rel":"","context":"In &quot;Betraktelser &amp; Ber\u00e4ttelse&quot;","block_context":{"text":"Betraktelser &amp; Ber\u00e4ttelse","link":"https:\/\/www.akehedman.se\/wordpress\/?cat=24"},"img":{"alt_text":"Ales_stenar_bred","src":"https:\/\/i0.wp.com\/www.eurosource.se\/akhe\/wordpress\/wp-content\/uploads\/2014\/12\/Ales_stenar_bred-1024x400.jpg?resize=350%2C200","width":350,"height":200,"srcset":"https:\/\/i0.wp.com\/www.eurosource.se\/akhe\/wordpress\/wp-content\/uploads\/2014\/12\/Ales_stenar_bred-1024x400.jpg?resize=350%2C200 1x, https:\/\/i0.wp.com\/www.eurosource.se\/akhe\/wordpress\/wp-content\/uploads\/2014\/12\/Ales_stenar_bred-1024x400.jpg?resize=525%2C300 1.5x"},"classes":[]},{"id":18030,"url":"https:\/\/www.akehedman.se\/wordpress\/?p=18030","url_meta":{"origin":45275,"position":5},"title":"Bj\u00f6rn och en natt som aldrig riktigt blir en natt","author":"\u00c5ke Hedman","date":"2015-06-02","format":false,"excerpt":"En bj\u00f6rn som lugnt betar i skogskanten p\u00e5 \u00e5kern h\u00e4r utanf\u00f6r. Det finns n\u00e5got snyggt i det. N\u00e5got som inte g\u00e5r att inte gilla. Jag tillh\u00f6r inte dom som m\u00e5ste ha bj\u00f6rnskinn p\u00e5 v\u00e4ggen och bj\u00f6rnk\u00f6tt i frysen lika lite som jag vill ha blommor p\u00e5 bordet som sakta d\u00f6r\u2026","rel":"","context":"In &quot;Betraktelser &amp; Ber\u00e4ttelse&quot;","block_context":{"text":"Betraktelser &amp; Ber\u00e4ttelse","link":"https:\/\/www.akehedman.se\/wordpress\/?cat=24"},"img":{"alt_text":"Helspalt_bj\u00f6rn_SW","src":"https:\/\/i0.wp.com\/www.akehedman.se\/wordpress\/wp-content\/uploads\/2014\/10\/Helspalt_bj%C3%B6rn_SW.jpg?resize=350%2C200","width":350,"height":200},"classes":[]}],"jetpack_shortlink":"https:\/\/wp.me\/p68PL2-bMf","_links":{"self":[{"href":"https:\/\/www.akehedman.se\/wordpress\/index.php?rest_route=\/wp\/v2\/posts\/45275","targetHints":{"allow":["GET"]}}],"collection":[{"href":"https:\/\/www.akehedman.se\/wordpress\/index.php?rest_route=\/wp\/v2\/posts"}],"about":[{"href":"https:\/\/www.akehedman.se\/wordpress\/index.php?rest_route=\/wp\/v2\/types\/post"}],"author":[{"embeddable":true,"href":"https:\/\/www.akehedman.se\/wordpress\/index.php?rest_route=\/wp\/v2\/users\/24"}],"replies":[{"embeddable":true,"href":"https:\/\/www.akehedman.se\/wordpress\/index.php?rest_route=%2Fwp%2Fv2%2Fcomments&post=45275"}],"version-history":[{"count":1,"href":"https:\/\/www.akehedman.se\/wordpress\/index.php?rest_route=\/wp\/v2\/posts\/45275\/revisions"}],"predecessor-version":[{"id":45277,"href":"https:\/\/www.akehedman.se\/wordpress\/index.php?rest_route=\/wp\/v2\/posts\/45275\/revisions\/45277"}],"wp:attachment":[{"href":"https:\/\/www.akehedman.se\/wordpress\/index.php?rest_route=%2Fwp%2Fv2%2Fmedia&parent=45275"}],"wp:term":[{"taxonomy":"category","embeddable":true,"href":"https:\/\/www.akehedman.se\/wordpress\/index.php?rest_route=%2Fwp%2Fv2%2Fcategories&post=45275"},{"taxonomy":"post_tag","embeddable":true,"href":"https:\/\/www.akehedman.se\/wordpress\/index.php?rest_route=%2Fwp%2Fv2%2Ftags&post=45275"}],"curies":[{"name":"wp","href":"https:\/\/api.w.org\/{rel}","templated":true}]}}