{"id":45264,"date":"2023-06-11T20:14:58","date_gmt":"2023-06-11T19:14:58","guid":{"rendered":"https:\/\/www.akehedman.se\/wordpress\/?p=45264"},"modified":"2023-06-11T20:14:58","modified_gmt":"2023-06-11T19:14:58","slug":"moter-godheten","status":"publish","type":"post","link":"https:\/\/www.akehedman.se\/wordpress\/?p=45264","title":{"rendered":"M\u00f6ter godheten"},"content":{"rendered":"<div class=\"wp-block-image\">\n<figure class=\"aligncenter size-full\"><img data-recalc-dims=\"1\" loading=\"lazy\" decoding=\"async\" width=\"580\" height=\"435\" src=\"https:\/\/i0.wp.com\/www.akehedman.se\/wordpress\/wp-content\/uploads\/2023\/06\/IMG_20230608_165822-scaled.jpg?resize=580%2C435&#038;ssl=1\" alt=\"\" class=\"wp-image-45269\" srcset=\"https:\/\/i0.wp.com\/www.akehedman.se\/wordpress\/wp-content\/uploads\/2023\/06\/IMG_20230608_165822-scaled.jpg?w=2560&amp;ssl=1 2560w, https:\/\/i0.wp.com\/www.akehedman.se\/wordpress\/wp-content\/uploads\/2023\/06\/IMG_20230608_165822-scaled.jpg?resize=300%2C225&amp;ssl=1 300w, https:\/\/i0.wp.com\/www.akehedman.se\/wordpress\/wp-content\/uploads\/2023\/06\/IMG_20230608_165822-scaled.jpg?resize=1024%2C768&amp;ssl=1 1024w, https:\/\/i0.wp.com\/www.akehedman.se\/wordpress\/wp-content\/uploads\/2023\/06\/IMG_20230608_165822-scaled.jpg?resize=768%2C576&amp;ssl=1 768w, https:\/\/i0.wp.com\/www.akehedman.se\/wordpress\/wp-content\/uploads\/2023\/06\/IMG_20230608_165822-scaled.jpg?resize=1536%2C1152&amp;ssl=1 1536w, https:\/\/i0.wp.com\/www.akehedman.se\/wordpress\/wp-content\/uploads\/2023\/06\/IMG_20230608_165822-scaled.jpg?resize=2048%2C1536&amp;ssl=1 2048w, https:\/\/i0.wp.com\/www.akehedman.se\/wordpress\/wp-content\/uploads\/2023\/06\/IMG_20230608_165822-scaled.jpg?resize=1200%2C900&amp;ssl=1 1200w, https:\/\/i0.wp.com\/www.akehedman.se\/wordpress\/wp-content\/uploads\/2023\/06\/IMG_20230608_165822-scaled.jpg?resize=1980%2C1485&amp;ssl=1 1980w, https:\/\/i0.wp.com\/www.akehedman.se\/wordpress\/wp-content\/uploads\/2023\/06\/IMG_20230608_165822-scaled.jpg?w=1740&amp;ssl=1 1740w\" sizes=\"auto, (max-width: 580px) 100vw, 580px\" \/><\/figure>\n<\/div>\n\n\n<p class=\"wp-block-paragraph\">Vi sitter under l\u00f6nnen, den bortr\u00f6vade, och njuter en kvargl\u00f6md bit pizza fr\u00e5n fredagskv\u00e4llen, K och jag. Kaffe p\u00e5 det. Oslagbart s\u00e5klart. Inget \u00e4r s\u00e5 gott som en kopp kaffe ute under l\u00f6nnen. Det fungerar f.\u00f6. mycket bra med kaffe ute p\u00e5 andra st\u00e4llen ocks\u00e5. Kaffe + ute = Gott. Enkelt.<\/p>\n\n\n\n<p class=\"wp-block-paragraph\">Det \u00e4r varmt. Men en nordanvind svirrar f\u00f6rbi som en iller p\u00e5 jakt och kyler ner och tar och f\u00f6rsvinner bakom ett h\u00f6rn. Man vill h\u00e5lla sig i solen. Och om man skall h\u00e5llas i skuggorna vill man r\u00f6ra p\u00e5 sig. Och det \u00e4r s\u00e5klart precis det vi g\u00f6r denna dag. Det \u00e4r planteringsdags.<\/p>\n\n\n\n<p class=\"wp-block-paragraph\">Ig\u00e5r var vi till staden och inhandlade v\u00e4xter. Yngsten h\u00e4nger med. Han skall inhandla skor. Och det blir d\u00e4rf\u00f6r den vanliga v\u00e4ndan. Ljusdal och h\u00e4mta son, v\u00e4gen \u00f6ver \u00d6jung till Edsbyn. Erikshj\u00e4lpen f\u00f6r att leta n\u00e5got som n\u00e5gon inte l\u00e4ngre har anv\u00e4ndning f\u00f6r men som n\u00e5gon av oss har anv\u00e4ndning f\u00f6r.  Hittar en variabel trafo f\u00e4r trettio sp\u00e4nn. S\u00e4llan numera jag kommer ut med n\u00e5got av v\u00e4rde. Kunde v\u00e4l klarat mig utan den d\u00e4r ocks\u00e5. Men en variabel trafo \u00e4r \u00e4nd\u00e5 en variabel trafo t\u00e4nker man och ser m\u00f6jligt framtida behov eller n\u00e5got som ungarna f\u00e5r st\u00e4da ut i sopcontainer en dag.<\/p>\n\n\n\n<p class=\"wp-block-paragraph\">Efter Edsbyn, som jag verkar vara allergisk mot denna dag, f\u00f6r det snoras mycket n\u00e4r vi \u00e4r d\u00e4r, dags f\u00f6r k\u00f6rg\u00e5rden. En blomma p\u00e5 morsans och farsans grav. Pelargon. R\u00f6d. Fast det kunde v\u00e4l vara vad som helst. B\u00e5da gillade blommor. Fast f\u00f6r mig finns de gamla s\u00e5klart inte d\u00e4r. Gravstenar \u00e4r f\u00f6r andra. Ja och morsan vill ha s\u00e5 hon fick. Fast jag har m\u00e5nga andra d\u00e4r p\u00e5 kyrkog\u00e5rden ocks\u00e5. Kamrater och sl\u00e4kt. Alldeles f\u00f6r m\u00e5nga.<\/p>\n\n\n\n<p class=\"wp-block-paragraph\">Bolln\u00e4s \u00e4r staden. Vi dras iv\u00e4g dit. Tr\u00e4ffar utflugna Losbor som gett sig in i den lukrativa i godisbranchen och h\u00e5ller till d\u00e4r i centrum. De b\u00e4sta av m\u00e4nniskor \u00e4r dom helt enkelt. Jag blir glad, jag tror vi alla blir glada, \u00f6ver att tr\u00e4ffas. Om en del m\u00e4nniskor tappar en p\u00e5 energi s\u00e5 \u00e4r det tv\u00e4rtom h\u00e4r. Energin fl\u00f6dar in i en. Och jag blir lycklig \u00f6ver att det faktiskt fortfarande existerar s\u00e5dana m\u00e4nniskor. \u00c4lskade m\u00e4nniskor.<\/p>\n\n\n\n<p class=\"wp-block-paragraph\">Men blommor allts\u00e5. I m\u00e4ngd. Till och med K tappar lite energi denna dag. Annars brukar det vara jag.  V\u00e4xthusvarm och bentr\u00f6tt blir man.  Dom som st\u00e4ller in utem\u00f6bler i ett v\u00e4xthus och sitter d\u00e4r \u00e4r inga jag har f\u00f6rst\u00e5else f\u00f6r. Nope. Fulla med v\u00e4xtlighet skall de vara. Det skall v\u00e4xa s\u00e5 det knakar. Det har jag gjort idag. Planterat i v\u00e4xthuset.  K har planterat blommor. H\u00e4rligheter. Om en m\u00e5nad kan man h\u00e4mta tomater och gurka d\u00e4r ute. Se sig blind n\u00e4r man h\u00e4mtat posten och skall in igen eftersom blommorna bl\u00e4ndar en med stor sk\u00f6nhet. Sommar h\u00f6rni. Ljuvligt.<\/p>\n\n\n\n<p class=\"wp-block-paragraph\">Nu sitter jag h\u00e4r och jobbar. Obruten vecka f\u00f6r\u00f6ver. En brandskyddskontroll \u00e4r det enda som ligger i v\u00e4gen och skvalpar f\u00f6r full fart fram\u00e5t. M\u00f6jligen ocks\u00e5 en Ljusdalsskjutsning\/h\u00e4mtning. Men h\u00e4r \u00e4r vi nu. D\u00e4r \u00e4r vi d\u00e5.<\/p>\n\n\n\n<p class=\"wp-block-paragraph\">Men allt som allt en helg som bara fnittrar iv\u00e4g som en glad lite flicka. Sj\u00e4lv hinner man inte riktigt med. Det \u00e4r fredagskv\u00e4ll och s\u00e5 \u00e4r det s\u00f6ndagskv\u00e4ll. Men s\u00e5 d\u00e4r \u00e4r det ju n\u00e4r man har det som b\u00e4st. Den d\u00e4r fnittrande flickan tar en genom livet med full hastighet. Det \u00e4r de d\u00e4r sega dagarna som b\u00e4r p\u00e5 det tr\u00e5kiga och sega. S\u00e5 glad f\u00e5r man vara s\u00e5klart. N\u00e4tter sovandes med \u00f6ppet f\u00f6nster b\u00f6rjar h\u00e4r och str\u00e4cker sig l\u00e5ngt in mot h\u00f6sten. Dagar med barfotaf\u00f6tter likas\u00e5. <\/p>\n\n\n\n<p class=\"wp-block-paragraph\">Inte \u00e4r det v\u00e4l \u00e4nd\u00e5 s\u00e5 d\u00e5ligt att leva som vissa tycks tycka?<\/p>\n","protected":false},"excerpt":{"rendered":"<p>Vi sitter under l\u00f6nnen, den bortr\u00f6vade, och njuter en kvargl\u00f6md bit pizza fr\u00e5n fredagskv\u00e4llen, K och jag. Kaffe p\u00e5 det. Oslagbart s\u00e5klart. Inget \u00e4r s\u00e5 gott som en kopp kaffe ute under l\u00f6nnen. Det fungerar f.\u00f6. mycket bra med kaffe ute p\u00e5 andra st\u00e4llen ocks\u00e5. Kaffe + ute = Gott. Enkelt. Det \u00e4r varmt. Men [&hellip;]<\/p>\n","protected":false},"author":24,"featured_media":0,"comment_status":"open","ping_status":"open","sticky":false,"template":"","format":"standard","meta":{"_crdt_document":"","jetpack_post_was_ever_published":false,"_jetpack_newsletter_access":"","_jetpack_dont_email_post_to_subs":false,"_jetpack_newsletter_tier_id":0,"_jetpack_memberships_contains_paywalled_content":false,"_jetpack_memberships_contains_paid_content":false,"footnotes":"","jetpack_publicize_message":"","jetpack_publicize_feature_enabled":true,"jetpack_social_post_already_shared":true,"jetpack_social_options":{"image_generator_settings":{"template":"highway","default_image_id":0,"font":"","enabled":false},"version":2}},"categories":[2],"tags":[],"class_list":["post-45264","post","type-post","status-publish","format-standard","hentry","category-swedish"],"jetpack_publicize_connections":[],"jetpack_featured_media_url":"","jetpack_sharing_enabled":true,"jetpack_likes_enabled":true,"jetpack-related-posts":[{"id":30104,"url":"https:\/\/www.akehedman.se\/wordpress\/?p=30104","url_meta":{"origin":45264,"position":0},"title":"Konsultljusen","author":"\u00c5ke Hedman","date":"2018-10-04","format":false,"excerpt":"Min b\u00e4ste v\u00e4n, v\u00e4rmefl\u00e4kten, och jag k\u00f6r kv\u00e4llspass. Nope, inga armh\u00e4vningar, inte heller n\u00e5gra akademiska funderingar. Bara standardl\u00e5tsasjobb utan bel\u00f6ningar eller framtid. Jag g\u00f6r det varje kv\u00e4ll (utom fredag och oftast utom l\u00f6rdag). V\u00e4rmefl\u00e4kten sk\u00f6ter sitt under oktober och maj. K\u00e4mpar vi lite finns det \u00e5tta tusen sparade uppv\u00e4rmingskronor i\u2026","rel":"","context":"In &quot;Betraktelser &amp; Ber\u00e4ttelse&quot;","block_context":{"text":"Betraktelser &amp; Ber\u00e4ttelse","link":"https:\/\/www.akehedman.se\/wordpress\/?cat=24"},"img":{"alt_text":"","src":"https:\/\/i0.wp.com\/www.akehedman.se\/wordpress\/wp-content\/uploads\/2018\/10\/IMG_20181004_201626585-767x1024.png?resize=350%2C200","width":350,"height":200,"srcset":"https:\/\/i0.wp.com\/www.akehedman.se\/wordpress\/wp-content\/uploads\/2018\/10\/IMG_20181004_201626585-767x1024.png?resize=350%2C200 1x, https:\/\/i0.wp.com\/www.akehedman.se\/wordpress\/wp-content\/uploads\/2018\/10\/IMG_20181004_201626585-767x1024.png?resize=525%2C300 1.5x"},"classes":[]},{"id":20926,"url":"https:\/\/www.akehedman.se\/wordpress\/?p=20926","url_meta":{"origin":45264,"position":1},"title":"Uppfinnarhj\u00e4rna","author":"\u00c5ke Hedman","date":"2016-07-06","format":false,"excerpt":"Jod\u00e5 jag vaknar klockan tre. Dvs huvudet vaknar. Kroppen har inte gjort det. Vill ligga kvar men vad g\u00f6r man om huvudet s\u00e4tter raketfart och funderar och t\u00e4nker, som kropp \u00e5ker man bara med. Och nej, det hj\u00e4lper inte att t\u00e4nka rationellt heller. Den d\u00e4r rationella t\u00e4nkande delen, som \u00e4r\u2026","rel":"","context":"In &quot;Betraktelser &amp; Ber\u00e4ttelse&quot;","block_context":{"text":"Betraktelser &amp; Ber\u00e4ttelse","link":"https:\/\/www.akehedman.se\/wordpress\/?cat=24"},"img":{"alt_text":"images","src":"https:\/\/i0.wp.com\/www.akehedman.se\/wordpress\/wp-content\/uploads\/2016\/07\/images.jpg?resize=350%2C200","width":350,"height":200},"classes":[]},{"id":34452,"url":"https:\/\/www.akehedman.se\/wordpress\/?p=34452","url_meta":{"origin":45264,"position":2},"title":"Gubbar","author":"\u00c5ke Hedman","date":"2020-02-12","format":false,"excerpt":"Det \u00e4r gubbarna och jag, d\u00e4r p\u00e5 gubbhyllan p\u00e5 Coop,.. n\u00e4\u00e4\u00e4\u00e4.... v\u00e4nta nu... Det \u00e4r VI gubbar p\u00e5 gubbhyllan p\u00e5 Coop i Ljusdal. Jag t\u00e4nker S E M L A n\u00e4r jag g\u00e5r f\u00f6r att best\u00e4lla min kaffe. Suget finns d\u00e4r. Men jag har bara trettio sp\u00e4nn och semla med\u2026","rel":"","context":"In &quot;Swedish&quot;","block_context":{"text":"Swedish","link":"https:\/\/www.akehedman.se\/wordpress\/?cat=2"},"img":{"alt_text":"","src":"https:\/\/i0.wp.com\/www.akehedman.se\/wordpress\/wp-content\/uploads\/2020\/02\/IMG_20200212_110643166_HDR.jpg?resize=350%2C200&ssl=1","width":350,"height":200,"srcset":"https:\/\/i0.wp.com\/www.akehedman.se\/wordpress\/wp-content\/uploads\/2020\/02\/IMG_20200212_110643166_HDR.jpg?resize=350%2C200&ssl=1 1x, https:\/\/i0.wp.com\/www.akehedman.se\/wordpress\/wp-content\/uploads\/2020\/02\/IMG_20200212_110643166_HDR.jpg?resize=525%2C300&ssl=1 1.5x, https:\/\/i0.wp.com\/www.akehedman.se\/wordpress\/wp-content\/uploads\/2020\/02\/IMG_20200212_110643166_HDR.jpg?resize=700%2C400&ssl=1 2x, https:\/\/i0.wp.com\/www.akehedman.se\/wordpress\/wp-content\/uploads\/2020\/02\/IMG_20200212_110643166_HDR.jpg?resize=1050%2C600&ssl=1 3x"},"classes":[]},{"id":45219,"url":"https:\/\/www.akehedman.se\/wordpress\/?p=45219","url_meta":{"origin":45264,"position":3},"title":"Liljekonvalj","author":"\u00c5ke Hedman","date":"2023-06-07","format":false,"excerpt":"Doften av liljekonvalj en sommarmorgon. Det finns tusentals, troligen miljoner h\u00e4r p\u00e5 kullen. Kanske fanns de h\u00e4r innan skolan st\u00e4lldes h\u00e4r. Kanske s\u00e5ddes de n\u00e4r de gamla l\u00e4rarna sl\u00e4ngde ut en uttj\u00e4nt bukett som n\u00e5got litet skolbarn kommit med en morgonen f\u00f6r att visa uppskattning. Utbredningen tyder p\u00e5 det senare.\u2026","rel":"","context":"In &quot;Swedish&quot;","block_context":{"text":"Swedish","link":"https:\/\/www.akehedman.se\/wordpress\/?cat=2"},"img":{"alt_text":"","src":"https:\/\/i0.wp.com\/www.akehedman.se\/wordpress\/wp-content\/uploads\/2023\/06\/liljekonvalj-vaxtguide.jpg?resize=350%2C200&ssl=1","width":350,"height":200,"srcset":"https:\/\/i0.wp.com\/www.akehedman.se\/wordpress\/wp-content\/uploads\/2023\/06\/liljekonvalj-vaxtguide.jpg?resize=350%2C200&ssl=1 1x, https:\/\/i0.wp.com\/www.akehedman.se\/wordpress\/wp-content\/uploads\/2023\/06\/liljekonvalj-vaxtguide.jpg?resize=525%2C300&ssl=1 1.5x, https:\/\/i0.wp.com\/www.akehedman.se\/wordpress\/wp-content\/uploads\/2023\/06\/liljekonvalj-vaxtguide.jpg?resize=700%2C400&ssl=1 2x"},"classes":[]},{"id":45950,"url":"https:\/\/www.akehedman.se\/wordpress\/?p=45950","url_meta":{"origin":45264,"position":4},"title":"P\u00e5 tur","author":"\u00c5ke Hedman","date":"2023-09-10","format":false,"excerpt":"Svamp s\u00e4ger K. Jag \u00e4r p\u00e5. S\u00e5 vi \u00e5ker iv\u00e4g. \u00c5t Edsbyh\u00e5llet. B\u00e5de \u00e4r \u00f6verens om att det inte \u00e4r svampf\u00e5ngsten som \u00e4r det viktiga. Vi beh\u00f6ver komma ut i skogen. Ja och det g\u00f6r vi. De gamla skogarna. De gamla v\u00e4garna. F\u00f6r mig \u00e4r det lite memory lane \u00f6ver\u2026","rel":"","context":"In &quot;Betraktelser &amp; Ber\u00e4ttelse&quot;","block_context":{"text":"Betraktelser &amp; Ber\u00e4ttelse","link":"https:\/\/www.akehedman.se\/wordpress\/?cat=24"},"img":{"alt_text":"","src":"https:\/\/i0.wp.com\/www.akehedman.se\/wordpress\/wp-content\/uploads\/2023\/09\/IMG_20230910_160723-scaled.jpg?resize=350%2C200&ssl=1","width":350,"height":200,"srcset":"https:\/\/i0.wp.com\/www.akehedman.se\/wordpress\/wp-content\/uploads\/2023\/09\/IMG_20230910_160723-scaled.jpg?resize=350%2C200&ssl=1 1x, https:\/\/i0.wp.com\/www.akehedman.se\/wordpress\/wp-content\/uploads\/2023\/09\/IMG_20230910_160723-scaled.jpg?resize=525%2C300&ssl=1 1.5x, https:\/\/i0.wp.com\/www.akehedman.se\/wordpress\/wp-content\/uploads\/2023\/09\/IMG_20230910_160723-scaled.jpg?resize=700%2C400&ssl=1 2x, https:\/\/i0.wp.com\/www.akehedman.se\/wordpress\/wp-content\/uploads\/2023\/09\/IMG_20230910_160723-scaled.jpg?resize=1050%2C600&ssl=1 3x, https:\/\/i0.wp.com\/www.akehedman.se\/wordpress\/wp-content\/uploads\/2023\/09\/IMG_20230910_160723-scaled.jpg?resize=1400%2C800&ssl=1 4x"},"classes":[]},{"id":25914,"url":"https:\/\/www.akehedman.se\/wordpress\/?p=25914","url_meta":{"origin":45264,"position":5},"title":"Hudiksvall, igen","author":"\u00c5ke Hedman","date":"2017-11-09","format":false,"excerpt":"Jod\u00e5, innan man vet ordet av s\u00e5 \u00e4r man i Hudiksvall igen. Ja och i Hudiksvall \u00e4r det sjukhus som g\u00e4ller. En vecka sen sists. Men det \u00e4r inte jag som har ett bes\u00f6k h\u00e4r idag heller. Det \u00e4r K. Jag \u00e4r bara chauff\u00f6r. Ser till att patient kommer dit\u2026","rel":"","context":"In &quot;Betraktelser &amp; Ber\u00e4ttelse&quot;","block_context":{"text":"Betraktelser &amp; Ber\u00e4ttelse","link":"https:\/\/www.akehedman.se\/wordpress\/?cat=24"},"img":{"alt_text":"","src":"https:\/\/i0.wp.com\/www.akehedman.se\/wordpress\/wp-content\/uploads\/2017\/11\/IMG_20171108_213238782-1024x768.jpg?resize=350%2C200","width":350,"height":200,"srcset":"https:\/\/i0.wp.com\/www.akehedman.se\/wordpress\/wp-content\/uploads\/2017\/11\/IMG_20171108_213238782-1024x768.jpg?resize=350%2C200 1x, https:\/\/i0.wp.com\/www.akehedman.se\/wordpress\/wp-content\/uploads\/2017\/11\/IMG_20171108_213238782-1024x768.jpg?resize=525%2C300 1.5x"},"classes":[]}],"jetpack_shortlink":"https:\/\/wp.me\/p68PL2-bM4","_links":{"self":[{"href":"https:\/\/www.akehedman.se\/wordpress\/index.php?rest_route=\/wp\/v2\/posts\/45264","targetHints":{"allow":["GET"]}}],"collection":[{"href":"https:\/\/www.akehedman.se\/wordpress\/index.php?rest_route=\/wp\/v2\/posts"}],"about":[{"href":"https:\/\/www.akehedman.se\/wordpress\/index.php?rest_route=\/wp\/v2\/types\/post"}],"author":[{"embeddable":true,"href":"https:\/\/www.akehedman.se\/wordpress\/index.php?rest_route=\/wp\/v2\/users\/24"}],"replies":[{"embeddable":true,"href":"https:\/\/www.akehedman.se\/wordpress\/index.php?rest_route=%2Fwp%2Fv2%2Fcomments&post=45264"}],"version-history":[{"count":1,"href":"https:\/\/www.akehedman.se\/wordpress\/index.php?rest_route=\/wp\/v2\/posts\/45264\/revisions"}],"predecessor-version":[{"id":45270,"href":"https:\/\/www.akehedman.se\/wordpress\/index.php?rest_route=\/wp\/v2\/posts\/45264\/revisions\/45270"}],"wp:attachment":[{"href":"https:\/\/www.akehedman.se\/wordpress\/index.php?rest_route=%2Fwp%2Fv2%2Fmedia&parent=45264"}],"wp:term":[{"taxonomy":"category","embeddable":true,"href":"https:\/\/www.akehedman.se\/wordpress\/index.php?rest_route=%2Fwp%2Fv2%2Fcategories&post=45264"},{"taxonomy":"post_tag","embeddable":true,"href":"https:\/\/www.akehedman.se\/wordpress\/index.php?rest_route=%2Fwp%2Fv2%2Ftags&post=45264"}],"curies":[{"name":"wp","href":"https:\/\/api.w.org\/{rel}","templated":true}]}}