{"id":45007,"date":"2023-05-05T13:00:29","date_gmt":"2023-05-05T12:00:29","guid":{"rendered":"https:\/\/www.akehedman.se\/wordpress\/?p=45007"},"modified":"2023-05-05T13:00:29","modified_gmt":"2023-05-05T12:00:29","slug":"raketer-rosor-och-bullar-till-kaffet","status":"publish","type":"post","link":"https:\/\/www.akehedman.se\/wordpress\/?p=45007","title":{"rendered":"Raketer rosor och bullar till kaffet"},"content":{"rendered":"<div class=\"wp-block-image\">\n<figure class=\"aligncenter size-full\"><img data-recalc-dims=\"1\" loading=\"lazy\" decoding=\"async\" width=\"580\" height=\"870\" src=\"https:\/\/i0.wp.com\/www.akehedman.se\/wordpress\/wp-content\/uploads\/2023\/05\/pexels-photo-133472.jpeg?resize=580%2C870&#038;ssl=1\" alt=\"yellow rose\" class=\"wp-image-45008\" srcset=\"https:\/\/i0.wp.com\/www.akehedman.se\/wordpress\/wp-content\/uploads\/2023\/05\/pexels-photo-133472.jpeg?w=867&amp;ssl=1 867w, https:\/\/i0.wp.com\/www.akehedman.se\/wordpress\/wp-content\/uploads\/2023\/05\/pexels-photo-133472.jpeg?resize=200%2C300&amp;ssl=1 200w, https:\/\/i0.wp.com\/www.akehedman.se\/wordpress\/wp-content\/uploads\/2023\/05\/pexels-photo-133472.jpeg?resize=683%2C1024&amp;ssl=1 683w, https:\/\/i0.wp.com\/www.akehedman.se\/wordpress\/wp-content\/uploads\/2023\/05\/pexels-photo-133472.jpeg?resize=768%2C1152&amp;ssl=1 768w\" sizes=\"auto, (max-width: 580px) 100vw, 580px\" \/><figcaption class=\"wp-element-caption\">Photo by Anthony : ) on <a href=\"https:\/\/www.pexels.com\/photo\/yellow-rose-133472\/\" rel=\"nofollow\">Pexels.com<\/a><\/figcaption><\/figure>\n<\/div>\n\n\n<p class=\"wp-block-paragraph\">Jan-\u00c5ke fyller 66 idag. Grattis \u00f6nskas h\u00e4r fr\u00e5n kullen. Ett av byorginalen i v\u00e5r lilla by det \u00e4r han det. Precis som jag. Fast han \u00e4r v\u00e4l s\u00e5klart en b\u00e4ttre m\u00e4nniska \u00e4n vad jag n\u00e5gonsin blir och \u00e4r. Jobbar mycket ideellt f\u00f6r byn. Klagar aldrig eller s\u00e4llan. Ja och hur vet ja nu att han fyller \u00e5r? Jo K har Facebook och &#8220;<em>v\u00e4nner<\/em>&#8221; d\u00e4r. D\u00e5 vet man s\u00e5dant. Jan-\u00c5ke och jag \u00e4r sl\u00e4kt p\u00e5 l\u00e5ng h\u00e5ll. Bort\u00e5t och f\u00f6re Sme-Karl och hans Kerstin.<\/p>\n\n\n\n<p class=\"wp-block-paragraph\">Hulken hostar faktiskt p\u00e5 lite \u00e4nnu h\u00e4r i huset. Som en d\u00f6ende under sina sista timmar. K\u00f6r n\u00e4mligen upp det d\u00e4r sista som \u00e4r mest sp\u00e5n i f\u00f6rr\u00e5det. Men annars \u00e4r det tv\u00e5 h\u00e5l i v\u00e4gen som f\u00f6rs\u00f6rjer oss med v\u00e4rme, ljus och varmvatten from nu fram till oktober. D\u00e4r n\u00e5gonstans tar Hulk-semester slut. D\u00e5 \u00e4r det dags att jobba igen. Ja och starten f\u00f6r att b\u00f6rja punga ut stora pengar f\u00f6r pelletspallar.<\/p>\n\n\n\n<p class=\"wp-block-paragraph\">K bakar. Finns allts\u00e5 f\u00e4rska bullar. Gissa vem som tuggar och sv\u00e4ljer. Jo jo skulle Backa-Jan ha flinat. G\u00f6r s\u00e4kert det i sin himmel. Det g\u00f6r han r\u00e4tt i den gode mannen. N\u00e5gra koppar kaffe s\u00e4nds \u00e5t det h\u00e5llet. Med mj\u00f6lk som han ville ha det. En mugg p\u00e5 mindre \u00e4n en minut. &#8220;<em>Finns det mer?<\/em>&#8221; det var han det. Godheten sj\u00e4lv.<\/p>\n\n\n\n<p class=\"wp-block-paragraph\">Lasse, popstj\u00e4rnan, Ljungstr\u00f6m  ringer p\u00e5 morgonen. Han \u00e4r gammal nog f\u00f6r det. Till och med \u00e4ldre \u00e4n vad jag \u00e4r. Vi pratar en stund om pension\u00e4rslivet. Om hur ont det g\u00f6r och om hans kommande spelningar. En cool typ i sina b\u00e4sta \u00e5r. Det \u00e4r han det. <\/p>\n\n\n\n<p class=\"wp-block-paragraph\">Jag har en Kinesisk Android telefon och klarar mig utm\u00e4rkt med den. Har \u00e4nd\u00e5 en del krav. Pris 900 pix ny. Jag m\u00e5ste tyv\u00e4rr konstatera att den som k\u00f6per en IPhone f\u00f6r +10K m\u00e5ste vara dum i huvudet. Fast folk \u00e4r ju i allm\u00e4nhet inte kloka. <strong>Liksom<\/strong>. Men vad hj\u00e4lper det Steve Jobs idag?<\/p>\n\n\n\n<p class=\"wp-block-paragraph\">K\u00e4ndisen som blev riksk\u00e4nd och fick akademisk position genom att sp\u00e5 Norrlands underg\u00e5ng har blivit v\u00e4ldigt tyst. G\u00e5r inte skriva hans namn h\u00e4r eftersom han har en s\u00f6kning p\u00e5 sig sj\u00e4lv p\u00e5 n\u00e4tet och alltid kommenterar surt n\u00e4r jag protesterar mot hans negativa skriverier. <strong>Det g\u00e5r bra f\u00f6r Norrland nu.<\/strong> Om man nu vill se det s\u00e5. Man kan se det som det g\u00e5r \u00e5t helvete \u00e4nd\u00e5 s\u00e5klart. Fr\u00e5n n\u00e5got perspektiv g\u00e5r det alltid att se det s\u00e5. Fast det omv\u00e4nda g\u00e4ller f\u00f6rst\u00e5s ocks\u00e5. Jo-du!<\/p>\n\n\n\n<p class=\"wp-block-paragraph\">I Los v\u00e4ntar vi fortfarande p\u00e5 Messias. <strong>Han<\/strong> som kommer med jobb. Kan tydligen varken vara en hen eller en hon. Men precis som rumpmasar aldrig blir riktiga dalmasar s\u00e5 blir vi aldrig riktigt norrl\u00e4nningar i H\u00e4lsingland heller. F\u00e5r inte \u00e5ka med p\u00e5 framg\u00e5ngsv\u00e5gen. F\u00e5r skvalpa i egen damm. Och v\u00e4nta och v\u00e4nta och v\u00e4nta till,s n\u00e5pgon kommer p\u00e5 att man m\u00e5ste ta tag i saker sj\u00e4lv. Oj!<\/p>\n\n\n\n<p class=\"wp-block-paragraph\">Varf\u00f6r heter det &#8220;pop&#8221; ist\u00e4llet f\u00f6r &#8220;popp&#8221;? Borde inte n\u00e5gon skjutas?<\/p>\n\n\n\n<p class=\"wp-block-paragraph\">F\u00f6r \u00f6vrigt borde folk som diagnostiserar andra med diverse olika sjukdomar skjutas. Undantag kan m\u00f6jligtvis g\u00f6ras f\u00f6r den som har fler \u00e4n hubba^3+ bubba^2 + 8 h\u00f6gskolepo\u00e4ng i n\u00e5got medicinskt relaterat \u00e4mne. Jag menar det vore ju synd om alla doktorer beh\u00f6vde skjutas. Fast n\u00e5gra f\u00f6rtj\u00e4nar nog det iof. Fast skjutas \u00e4r s\u00e5 taffligt och blodigt. Man kan straffa medelst kittling ocks\u00e5. Eller genom att ge dom ett pris ur kungens hand. <strong>Liksom<\/strong>.<\/p>\n\n\n\n<p class=\"wp-block-paragraph\"><a href=\"https:\/\/open.spotify.com\/artist\/2Vy0II4NKFsyFAIKhkizR9?si=422b5d001d3f4dd7\" data-type=\"URL\" data-id=\"https:\/\/open.spotify.com\/artist\/2Vy0II4NKFsyFAIKhkizR9?si=422b5d001d3f4dd7\">Walle<\/a> har tappat bort Ville och Viktor. Fick fr\u00e5gan om jag <strong>Ville<\/strong>. Men tackade s\u00e5klart nej till att st\u00e4lla upp och vara <strong>Valle<\/strong>. Fast undrar ofta varf\u00f6r en del artister som ligger och skvalpar i 20 lyssningarstr\u00e4sket \u00e4r coolare \u00e4n andra som ligger d\u00e4r och skvalpar. Walle han har fler och  Beh\u00f6ver inte undra.<\/p>\n\n\n\n<p class=\"wp-block-paragraph\">Fast jag arbetar faktiskt. Har inte tid med det h\u00e4r. Dessutom \u00e4r bullarna slut h\u00e4r nere och jag orkar inte g\u00e5 upp och h\u00e4mta fler. Turligt nog har jag en p\u00e5se polkagriskarameller kvar&#8230; Ja och kan h\u00e4lla upp lite kaffe till. Sen dyka in i en v\u00e4rld d\u00e4r man inte beh\u00f6ver fundera s\u00e5 mycket \u00f6ver varf\u00f6r man inte finns och h\u00f6rs och inte \u00e4r miljard\u00e4r. Det \u00e4r probleml\u00f6sningen som lockar. Som f\u00f6r alla som kallar sig ingenj\u00f6r. Ett problematiskt liv \u00e4r ett gott liv om man \u00e4r ingenj\u00f6r allts\u00e5. Eller hur? Visst borde det vara s\u00e5? <\/p>\n\n\n\n<p class=\"wp-block-paragraph\">Va? <\/p>\n","protected":false},"excerpt":{"rendered":"<p>Jan-\u00c5ke fyller 66 idag. Grattis \u00f6nskas h\u00e4r fr\u00e5n kullen. Ett av byorginalen i v\u00e5r lilla by det \u00e4r han det. Precis som jag. Fast han \u00e4r v\u00e4l s\u00e5klart en b\u00e4ttre m\u00e4nniska \u00e4n vad jag n\u00e5gonsin blir och \u00e4r. Jobbar mycket ideellt f\u00f6r byn. Klagar aldrig eller s\u00e4llan. Ja och hur vet ja nu att han [&hellip;]<\/p>\n","protected":false},"author":24,"featured_media":0,"comment_status":"open","ping_status":"open","sticky":false,"template":"","format":"standard","meta":{"_crdt_document":"","jetpack_post_was_ever_published":false,"_jetpack_newsletter_access":"","_jetpack_dont_email_post_to_subs":false,"_jetpack_newsletter_tier_id":0,"_jetpack_memberships_contains_paywalled_content":false,"_jetpack_memberships_contains_paid_content":false,"footnotes":"","jetpack_publicize_message":"","jetpack_publicize_feature_enabled":true,"jetpack_social_post_already_shared":true,"jetpack_social_options":{"image_generator_settings":{"template":"highway","default_image_id":0,"font":"","enabled":false},"version":2}},"categories":[2],"tags":[],"class_list":["post-45007","post","type-post","status-publish","format-standard","hentry","category-swedish"],"jetpack_publicize_connections":[],"jetpack_featured_media_url":"","jetpack_sharing_enabled":true,"jetpack_likes_enabled":true,"jetpack-related-posts":[{"id":12539,"url":"https:\/\/www.akehedman.se\/wordpress\/?p=12539","url_meta":{"origin":45007,"position":0},"title":"Brorsan blir pension\u00e4r","author":"\u00c5ke Hedman","date":"2014-03-19","format":false,"excerpt":"Bilden fr\u00e5n http:\/\/www.atmosphereinrock.com Brorsan fyller pension idag. \u00c4nnu en s\u00e5dan d\u00e4r ofattbar f\u00f6delsedag i ens omgivning. Hur i helvete har det g\u00e5tt till. Sextiofem \u00e5r, han som g\u00e5r framf\u00f6r mig med sju \u00e5r. Sju \u00e5r som g\u00e5r snabbare \u00e4n en grisblink s\u00e5 att man alltid snart sj\u00e4lv \u00e4r d\u00e4r, d\u00e4r\u2026","rel":"","context":"In &quot;Betraktelser &amp; Ber\u00e4ttelse&quot;","block_context":{"text":"Betraktelser &amp; Ber\u00e4ttelse","link":"https:\/\/www.akehedman.se\/wordpress\/?cat=24"},"img":{"alt_text":"Diskotek Hotellet publik 1973","src":"https:\/\/i0.wp.com\/www.eurosource.se\/akhe\/wordpress\/wp-content\/uploads\/2014\/03\/Diskotek-Hotellet-publik-1973.jpg?resize=350%2C200","width":350,"height":200},"classes":[]},{"id":12046,"url":"https:\/\/www.akehedman.se\/wordpress\/?p=12046","url_meta":{"origin":45007,"position":1},"title":"Ett kvartssekel","author":"\u00c5ke Hedman","date":"2014-02-15","format":false,"excerpt":"Min \u00e4ldste son fyller 25 \u00e5r p\u00e5 tisdag och \u00e4r hemma med sin flickv\u00e4n den h\u00e4r helgen, s\u00e5 vi har firat honom idag. Att han har n\u00e5tt halva v\u00e4gen till femtio \u00f6verg\u00e5r allt mitt f\u00f6rst\u00e5nd. Hur har alla dessa \u00e5r redan hunnit g\u00e5 sedan jag stod d\u00e4r bredvid en nerv\u00f6s\u2026","rel":"","context":"In &quot;Betraktelser &amp; Ber\u00e4ttelse&quot;","block_context":{"text":"Betraktelser &amp; Ber\u00e4ttelse","link":"https:\/\/www.akehedman.se\/wordpress\/?cat=24"},"img":{"alt_text":"2014-02-15 23-52-17","src":"https:\/\/i0.wp.com\/www.eurosource.se\/akhe\/wordpress\/wp-content\/uploads\/2014\/02\/2014-02-15-23-52-17.png?resize=350%2C200","width":350,"height":200},"classes":[]},{"id":42715,"url":"https:\/\/www.akehedman.se\/wordpress\/?p=42715","url_meta":{"origin":45007,"position":2},"title":"Sorgen och jag","author":"\u00c5ke Hedman","date":"2022-09-08","format":false,"excerpt":"Photo by Serkan G\u00f6ktay on Pexels.com Jag m\u00f6ter Sorgen ibland n\u00e4r jag \u00e4r ute och g\u00e5r p\u00e5 en av mina morgonpromenader (t\u00f6rg\u00e5r). Sorgen och jag nickar alltid mot varandra n\u00e4r vi m\u00f6ts. En snabb kram efter det att vi insett att v\u00e5ra leenden inte riktigt n\u00e5r \u00e4nda upp till \u00f6gonen\u2026","rel":"","context":"In &quot;Swedish&quot;","block_context":{"text":"Swedish","link":"https:\/\/www.akehedman.se\/wordpress\/?cat=2"},"img":{"alt_text":"person wearing grey and orange hoodie sitting on brown wooden park bench during daytime","src":"https:\/\/i0.wp.com\/www.akehedman.se\/wordpress\/wp-content\/uploads\/2022\/09\/pexels-photo-66757.jpeg?resize=350%2C200&ssl=1","width":350,"height":200,"srcset":"https:\/\/i0.wp.com\/www.akehedman.se\/wordpress\/wp-content\/uploads\/2022\/09\/pexels-photo-66757.jpeg?resize=350%2C200&ssl=1 1x, https:\/\/i0.wp.com\/www.akehedman.se\/wordpress\/wp-content\/uploads\/2022\/09\/pexels-photo-66757.jpeg?resize=525%2C300&ssl=1 1.5x, https:\/\/i0.wp.com\/www.akehedman.se\/wordpress\/wp-content\/uploads\/2022\/09\/pexels-photo-66757.jpeg?resize=700%2C400&ssl=1 2x, https:\/\/i0.wp.com\/www.akehedman.se\/wordpress\/wp-content\/uploads\/2022\/09\/pexels-photo-66757.jpeg?resize=1050%2C600&ssl=1 3x"},"classes":[]},{"id":22956,"url":"https:\/\/www.akehedman.se\/wordpress\/?p=22956","url_meta":{"origin":45007,"position":3},"title":"Till Rom.","author":"\u00c5ke Hedman","date":"2017-01-19","format":false,"excerpt":"Kaffet jag h\u00e4ller upp \u00e4r skr\u00e4mmande svart.\u00a0 Jag \u00e4r kaffesugen. Klockan \u00e4r tio minuter \u00f6ver fyra p\u00e5 eftermiddagen och jag har anv\u00e4nt hela dan f\u00f6r att upps\u00f6ka ett v\u00e4xlingskontor, det n\u00e4rmaste, i G\u00e4vle och v\u00e4xla pengar s\u00e5 att jag kan f\u00e5 in dem p\u00e5 ett konto s\u00e5 att de sen\u2026","rel":"","context":"In &quot;Betraktelser &amp; Ber\u00e4ttelse&quot;","block_context":{"text":"Betraktelser &amp; Ber\u00e4ttelse","link":"https:\/\/www.akehedman.se\/wordpress\/?cat=24"},"img":{"alt_text":"","src":"https:\/\/i0.wp.com\/www.akehedman.se\/wordpress\/wp-content\/uploads\/2017\/01\/93bd2cb4dd2e323a_org-1024x724.jpg?resize=350%2C200","width":350,"height":200,"srcset":"https:\/\/i0.wp.com\/www.akehedman.se\/wordpress\/wp-content\/uploads\/2017\/01\/93bd2cb4dd2e323a_org-1024x724.jpg?resize=350%2C200 1x, https:\/\/i0.wp.com\/www.akehedman.se\/wordpress\/wp-content\/uploads\/2017\/01\/93bd2cb4dd2e323a_org-1024x724.jpg?resize=525%2C300 1.5x"},"classes":[]},{"id":7830,"url":"https:\/\/www.akehedman.se\/wordpress\/?p=7830","url_meta":{"origin":45007,"position":4},"title":"Om havet inte fanns","author":"\u00c5ke Hedman","date":"2013-07-03","format":false,"excerpt":"Sv\u00e5rmod i sommaren? Nej det g\u00e5r ju inte. Jag har \u00f6ppna f\u00f6nster h\u00e4r p\u00e5 l\u00e5tsaskontoret. L\u00e5ter vindarna och dofterna och f\u00e5gels\u00e5ngen och l\u00e4ngtan ut bl\u00e5sa genom de gamla skollokalerna. F\u00f6r egentligen skall man ju inte sitta h\u00e4r n\u00e4r det underbara \u00e4r d\u00e4r ute och det inte g\u00e5r att finna ens\u2026","rel":"","context":"In &quot;Betraktelser &amp; Ber\u00e4ttelse&quot;","block_context":{"text":"Betraktelser &amp; Ber\u00e4ttelse","link":"https:\/\/www.akehedman.se\/wordpress\/?cat=24"},"img":{"alt_text":"IMG_20130703_154013","src":"https:\/\/i0.wp.com\/www.eurosource.se\/akhe\/wordpress\/wp-content\/uploads\/2013\/07\/IMG_20130703_154013-768x1024.jpg?resize=350%2C200","width":350,"height":200,"srcset":"https:\/\/i0.wp.com\/www.eurosource.se\/akhe\/wordpress\/wp-content\/uploads\/2013\/07\/IMG_20130703_154013-768x1024.jpg?resize=350%2C200 1x, https:\/\/i0.wp.com\/www.eurosource.se\/akhe\/wordpress\/wp-content\/uploads\/2013\/07\/IMG_20130703_154013-768x1024.jpg?resize=525%2C300 1.5x"},"classes":[]},{"id":19915,"url":"https:\/\/www.akehedman.se\/wordpress\/?p=19915","url_meta":{"origin":45007,"position":5},"title":"pi-dagen","author":"\u00c5ke Hedman","date":"2016-03-14","format":false,"excerpt":"Det \u00e4r pi-dagen idag. Japp pi. F\u00f6rh\u00e5llandet mellan cirkels omkrets och diametern.\u00a0 Ett tal. Ett av m\u00e5nga andra konstanter. Man skulle kunna skriva universella konstanter. Men det skriver man inte. Men matematiken \u00e4r guds spr\u00e5k. Det \u00e4r jag s\u00e4ker p\u00e5. Vill du ha svaren finns de inte i biblarna och\u2026","rel":"","context":"In &quot;Betraktelser &amp; Ber\u00e4ttelse&quot;","block_context":{"text":"Betraktelser &amp; Ber\u00e4ttelse","link":"https:\/\/www.akehedman.se\/wordpress\/?cat=24"},"img":{"alt_text":"pi","src":"https:\/\/i0.wp.com\/www.akehedman.se\/wordpress\/wp-content\/uploads\/2014\/03\/pi.jpg?resize=350%2C200","width":350,"height":200},"classes":[]}],"jetpack_shortlink":"https:\/\/wp.me\/p68PL2-bHV","_links":{"self":[{"href":"https:\/\/www.akehedman.se\/wordpress\/index.php?rest_route=\/wp\/v2\/posts\/45007","targetHints":{"allow":["GET"]}}],"collection":[{"href":"https:\/\/www.akehedman.se\/wordpress\/index.php?rest_route=\/wp\/v2\/posts"}],"about":[{"href":"https:\/\/www.akehedman.se\/wordpress\/index.php?rest_route=\/wp\/v2\/types\/post"}],"author":[{"embeddable":true,"href":"https:\/\/www.akehedman.se\/wordpress\/index.php?rest_route=\/wp\/v2\/users\/24"}],"replies":[{"embeddable":true,"href":"https:\/\/www.akehedman.se\/wordpress\/index.php?rest_route=%2Fwp%2Fv2%2Fcomments&post=45007"}],"version-history":[{"count":1,"href":"https:\/\/www.akehedman.se\/wordpress\/index.php?rest_route=\/wp\/v2\/posts\/45007\/revisions"}],"predecessor-version":[{"id":45009,"href":"https:\/\/www.akehedman.se\/wordpress\/index.php?rest_route=\/wp\/v2\/posts\/45007\/revisions\/45009"}],"wp:attachment":[{"href":"https:\/\/www.akehedman.se\/wordpress\/index.php?rest_route=%2Fwp%2Fv2%2Fmedia&parent=45007"}],"wp:term":[{"taxonomy":"category","embeddable":true,"href":"https:\/\/www.akehedman.se\/wordpress\/index.php?rest_route=%2Fwp%2Fv2%2Fcategories&post=45007"},{"taxonomy":"post_tag","embeddable":true,"href":"https:\/\/www.akehedman.se\/wordpress\/index.php?rest_route=%2Fwp%2Fv2%2Ftags&post=45007"}],"curies":[{"name":"wp","href":"https:\/\/api.w.org\/{rel}","templated":true}]}}