{"id":43994,"date":"2023-01-16T13:49:35","date_gmt":"2023-01-16T12:49:35","guid":{"rendered":"https:\/\/www.akehedman.se\/wordpress\/?p=43994"},"modified":"2023-01-16T13:49:35","modified_gmt":"2023-01-16T12:49:35","slug":"norrtalje-kurre-och-frasse-sprider-gladje-pa-aldreboendet","status":"publish","type":"post","link":"https:\/\/www.akehedman.se\/wordpress\/?p=43994","title":{"rendered":"Norrt\u00e4lje: Kurre och Frasse sprider gl\u00e4dje p\u00e5 \u00e4ldreboendet"},"content":{"rendered":"<p><a href=\"https:\/\/www.aftonbladet.se\/svenskahjaltar\/a\/O8EjVk\/norrtalje-kurre-och-frasse-sprider-gladje-pa-aldreboendet\"><img decoding=\"async\" class=\"alignnone size-full\" src=\"https:\/\/images.aftonbladet-cdn.se\/v2\/images\/e9716279-6b5e-48d9-bfba-7674d5c04bfd?fit=crop&amp;format=auto&amp;h=844&amp;q=50&amp;w=1500&amp;s=cf34227db38b72d9e496a9fbb83ebe70b812444e\" alt=\"\" \/><\/a><\/p>\n<blockquote><p>Sk\u00e4nker gl\u00e4dje och lugn till pension\u00e4rerna<\/p><\/blockquote>\n<p>Source: <em><a href=\"https:\/\/www.aftonbladet.se\/svenskahjaltar\/a\/O8EjVk\/norrtalje-kurre-och-frasse-sprider-gladje-pa-aldreboendet\">Norrt\u00e4lje: Kurre och Frasse sprider gl\u00e4dje p\u00e5 \u00e4ldreboendet<\/a><\/em><\/p>\n<p>H\u00e4rligt!<\/p>\n","protected":false},"excerpt":{"rendered":"<p>Sk\u00e4nker gl\u00e4dje och lugn till pension\u00e4rerna Source: Norrt\u00e4lje: Kurre och Frasse sprider gl\u00e4dje p\u00e5 \u00e4ldreboendet H\u00e4rligt!<\/p>\n","protected":false},"author":24,"featured_media":0,"comment_status":"open","ping_status":"open","sticky":false,"template":"","format":"standard","meta":{"_crdt_document":"","jetpack_post_was_ever_published":false,"_jetpack_newsletter_access":"","_jetpack_dont_email_post_to_subs":false,"_jetpack_newsletter_tier_id":0,"_jetpack_memberships_contains_paywalled_content":false,"_jetpack_memberships_contains_paid_content":false,"footnotes":"","jetpack_publicize_message":"","jetpack_publicize_feature_enabled":true,"jetpack_social_post_already_shared":true,"jetpack_social_options":{"image_generator_settings":{"template":"highway","default_image_id":0,"font":"","enabled":false},"version":2}},"categories":[2],"tags":[],"class_list":["post-43994","post","type-post","status-publish","format-standard","hentry","category-swedish"],"jetpack_publicize_connections":[],"jetpack_featured_media_url":"","jetpack_sharing_enabled":true,"jetpack_likes_enabled":true,"jetpack-related-posts":[{"id":34873,"url":"https:\/\/www.akehedman.se\/wordpress\/?p=34873","url_meta":{"origin":43994,"position":0},"title":"Frasse","author":"\u00c5ke Hedman","date":"2020-04-09","format":false,"excerpt":"Gammelkatten Frasse fyller arton \u00e5r idag. T\u00e4nka sig. Han \u00e4r vid god mod trotts sin \u00e5lder (88 \u00e5r motsvarande m\u00e4nnisko\u00e5lder). Visst, han \u00e4r mager - alla v\u00e5ra gamla katter har blivit det mot slutet - ok\u00e4nt varf\u00f6r. Han \u00e4r lite vimsig, instabil och vinglig ibland och ser v\u00e4l kanske inte\u2026","rel":"","context":"In &quot;Betraktelser &amp; Ber\u00e4ttelse&quot;","block_context":{"text":"Betraktelser &amp; Ber\u00e4ttelse","link":"https:\/\/www.akehedman.se\/wordpress\/?cat=24"},"img":{"alt_text":"","src":"https:\/\/i0.wp.com\/www.akehedman.se\/wordpress\/wp-content\/uploads\/2020\/04\/frasse.jpg?resize=350%2C200&ssl=1","width":350,"height":200,"srcset":"https:\/\/i0.wp.com\/www.akehedman.se\/wordpress\/wp-content\/uploads\/2020\/04\/frasse.jpg?resize=350%2C200&ssl=1 1x, https:\/\/i0.wp.com\/www.akehedman.se\/wordpress\/wp-content\/uploads\/2020\/04\/frasse.jpg?resize=525%2C300&ssl=1 1.5x, https:\/\/i0.wp.com\/www.akehedman.se\/wordpress\/wp-content\/uploads\/2020\/04\/frasse.jpg?resize=700%2C400&ssl=1 2x"},"classes":[]},{"id":8277,"url":"https:\/\/www.akehedman.se\/wordpress\/?p=8277","url_meta":{"origin":43994,"position":1},"title":"Skall bara h\u00e4mta tidningen","author":"\u00c5ke Hedman","date":"2013-08-08","format":false,"excerpt":"Wow man fick en dag till. Jag till och med utmanade \u00f6det och somnade om vid fem och trettio, Tr\u00f6tt som sagt, men kvart i \u00e5tta, lite f\u00f6rsoven skall erk\u00e4nnas, buffade Frasse, gammelkatten, upp mig, och efter mycket kurr, klappande och ett sakta infinnande av medvetande i mitt gammelgubbehuvud, gl\u00e4ds\u2026","rel":"","context":"In &quot;Betraktelser &amp; Ber\u00e4ttelse&quot;","block_context":{"text":"Betraktelser &amp; Ber\u00e4ttelse","link":"https:\/\/www.akehedman.se\/wordpress\/?cat=24"},"img":{"alt_text":"tidning-1288631606","src":"https:\/\/i0.wp.com\/www.eurosource.se\/akhe\/wordpress\/wp-content\/uploads\/2013\/08\/tidning-1288631606.jpg?resize=350%2C200","width":350,"height":200},"classes":[]},{"id":1487,"url":"https:\/\/www.akehedman.se\/wordpress\/?p=1487","url_meta":{"origin":43994,"position":2},"title":"Edsbyn","author":"\u00c5ke Hedman","date":"2012-04-06","format":false,"excerpt":"Idag en tur mot Edsbyn. Vi skall h\u00e4lsa p\u00e5 morsan p\u00e5 \u00e4ldreboendet. Hon \u00e4r l\u00e5ngt inne i demensen numera och k\u00e4nner s\u00e4llan igen oss. Hon verkar d\u00e4remot lycklig i sin egen v\u00e4rld och det k\u00e4nns sk\u00f6nt. Jag tror ocks\u00e5 att \u00e4ven om man inte har kontakt som f\u00f6rr i tiden\u2026","rel":"","context":"In &quot;Betraktelser &amp; Ber\u00e4ttelse&quot;","block_context":{"text":"Betraktelser &amp; Ber\u00e4ttelse","link":"https:\/\/www.akehedman.se\/wordpress\/?cat=24"},"img":{"alt_text":"","src":"","width":0,"height":0},"classes":[]},{"id":1472,"url":"https:\/\/www.akehedman.se\/wordpress\/?p=1472","url_meta":{"origin":43994,"position":3},"title":"Elektronikkatten","author":"\u00c5ke Hedman","date":"2012-04-05","format":false,"excerpt":"Elektronikbyggande och katter h\u00f6r kanske inte alltid ihop. Men ibland rusar min trogne v\u00e4n Frasse in p\u00e5 kontoret n\u00e4r jag \u00f6ppnar d\u00f6rren och det \u00e4r inte alltid jag har mage att k\u00f6ra ut honom.","rel":"","context":"In &quot;Swedish&quot;","block_context":{"text":"Swedish","link":"https:\/\/www.akehedman.se\/wordpress\/?cat=2"},"img":{"alt_text":"","src":"https:\/\/i0.wp.com\/www.eurosource.se\/akhe\/wordpress\/wp-content\/uploads\/2012\/04\/IMG_20120314_180315-300x225.jpg?resize=350%2C200","width":350,"height":200},"classes":[]},{"id":32671,"url":"https:\/\/www.akehedman.se\/wordpress\/?p=32671","url_meta":{"origin":43994,"position":4},"title":"Tranorna","author":"\u00c5ke Hedman","date":"2019-08-05","format":false,"excerpt":"Vid fyratiden h\u00e4lsar dom dagen, tranorna, dom som finns d\u00e4r p\u00e5 myren p\u00e5 andra sidan dalg\u00e5ngen. Dom trumpetar ut sin gl\u00e4dje \u00f6ver en ny dag som levandes och jag, ja jag ligger d\u00e4r i s\u00e4ngen och delar tyst deras gl\u00e4dje. Det h\u00f6rs att de \u00e4r fler nu \u00e4n i v\u00e5ras.\u2026","rel":"","context":"In &quot;Betraktelser &amp; Ber\u00e4ttelse&quot;","block_context":{"text":"Betraktelser &amp; Ber\u00e4ttelse","link":"https:\/\/www.akehedman.se\/wordpress\/?cat=24"},"img":{"alt_text":"","src":"","width":0,"height":0},"classes":[]},{"id":48032,"url":"https:\/\/www.akehedman.se\/wordpress\/?p=48032","url_meta":{"origin":43994,"position":5},"title":"Programmerarregn","author":"\u00c5ke Hedman","date":"2024-06-28","format":false,"excerpt":"Photo by Vlad Che?an on Pexels.com Det \u00e4r ett sk\u00f6nt programmerarregn d\u00e4r ute. Man kan inte hoppas p\u00e5 mer som avslutning p\u00e5 jobbandet innan semester. Perfekt helt enkelt. Nu har jag ordnat en sk\u00e5l godis, en mugg kaffe och sitter h\u00e4r och skriver de h\u00e4r orden. De blir inte m\u00e5nga,\u2026","rel":"","context":"In &quot;Betraktelser &amp; Ber\u00e4ttelse&quot;","block_context":{"text":"Betraktelser &amp; Ber\u00e4ttelse","link":"https:\/\/www.akehedman.se\/wordpress\/?cat=24"},"img":{"alt_text":"","src":"","width":0,"height":0},"classes":[]}],"jetpack_shortlink":"https:\/\/wp.me\/p68PL2-brA","_links":{"self":[{"href":"https:\/\/www.akehedman.se\/wordpress\/index.php?rest_route=\/wp\/v2\/posts\/43994","targetHints":{"allow":["GET"]}}],"collection":[{"href":"https:\/\/www.akehedman.se\/wordpress\/index.php?rest_route=\/wp\/v2\/posts"}],"about":[{"href":"https:\/\/www.akehedman.se\/wordpress\/index.php?rest_route=\/wp\/v2\/types\/post"}],"author":[{"embeddable":true,"href":"https:\/\/www.akehedman.se\/wordpress\/index.php?rest_route=\/wp\/v2\/users\/24"}],"replies":[{"embeddable":true,"href":"https:\/\/www.akehedman.se\/wordpress\/index.php?rest_route=%2Fwp%2Fv2%2Fcomments&post=43994"}],"version-history":[{"count":1,"href":"https:\/\/www.akehedman.se\/wordpress\/index.php?rest_route=\/wp\/v2\/posts\/43994\/revisions"}],"predecessor-version":[{"id":43995,"href":"https:\/\/www.akehedman.se\/wordpress\/index.php?rest_route=\/wp\/v2\/posts\/43994\/revisions\/43995"}],"wp:attachment":[{"href":"https:\/\/www.akehedman.se\/wordpress\/index.php?rest_route=%2Fwp%2Fv2%2Fmedia&parent=43994"}],"wp:term":[{"taxonomy":"category","embeddable":true,"href":"https:\/\/www.akehedman.se\/wordpress\/index.php?rest_route=%2Fwp%2Fv2%2Fcategories&post=43994"},{"taxonomy":"post_tag","embeddable":true,"href":"https:\/\/www.akehedman.se\/wordpress\/index.php?rest_route=%2Fwp%2Fv2%2Ftags&post=43994"}],"curies":[{"name":"wp","href":"https:\/\/api.w.org\/{rel}","templated":true}]}}