{"id":43928,"date":"2023-01-10T20:33:16","date_gmt":"2023-01-10T19:33:16","guid":{"rendered":"https:\/\/www.akehedman.se\/wordpress\/?p=43928"},"modified":"2023-01-10T20:33:16","modified_gmt":"2023-01-10T19:33:16","slug":"svenska-freds-ordforande-skriver-fran-salen-jag-ar-morbultad-av-det-ensidiga-militara-tankandet-dala-demokraten","status":"publish","type":"post","link":"https:\/\/www.akehedman.se\/wordpress\/?p=43928","title":{"rendered":"Svenska Freds ordf\u00f6rande skriver fr\u00e5n S\u00e4len: &#8220;Jag \u00e4r m\u00f6rbultad av det ensidiga milit\u00e4ra t\u00e4nkandet.&#8221; \u2013 Dala-Demokraten"},"content":{"rendered":"<p><a href=\"https:\/\/www.dalademokraten.se\/2023-01-10\/svenska-freds-ordforande-skriver-fran-salen-jag-ar-morbultad-av-det-ensidiga-militara-tankandet?shareSource=sharebutton\"><img data-recalc-dims=\"1\" decoding=\"async\" class=\"alignnone size-full\" src=\"https:\/\/i0.wp.com\/www.akehedman.se\/wordpress\/wp-content\/uploads\/2023\/01\/0486c06e-7920-4c15-be67-b7e4dd7b27f8.jpeg?w=580&#038;ssl=1\" alt=\"\" \/><\/a><\/p>\n<blockquote><p>\u201dEra perspektiv \u00e4r viktiga\u201d s\u00e4ger partiledare Magdalena Andersson till mig p\u00e5 fikat h\u00e4r p\u00e5 Folk och F\u00f6rsvars rikskonferens i S\u00e4len. \u201dKanske tycker du att jag \u00e4r en krigshetsare\u201d skojar hon sedan.<\/p><\/blockquote>\n<p>Source: <em><a href=\"https:\/\/www.dalademokraten.se\/2023-01-10\/svenska-freds-ordforande-skriver-fran-salen-jag-ar-morbultad-av-det-ensidiga-militara-tankandet?shareSource=sharebutton\">Svenska Freds ordf\u00f6rande skriver fr\u00e5n S\u00e4len: &#8220;Jag \u00e4r m\u00f6rbultad av det ensidiga milit\u00e4ra t\u00e4nkandet.&#8221; \u2013 Dala-Demokraten<\/a><\/em><\/p>\n","protected":false},"excerpt":{"rendered":"<p>\u201dEra perspektiv \u00e4r viktiga\u201d s\u00e4ger partiledare Magdalena Andersson till mig p\u00e5 fikat h\u00e4r p\u00e5 Folk och F\u00f6rsvars rikskonferens i S\u00e4len. \u201dKanske tycker du att jag \u00e4r en krigshetsare\u201d skojar hon sedan. Source: Svenska Freds ordf\u00f6rande skriver fr\u00e5n S\u00e4len: &#8220;Jag \u00e4r m\u00f6rbultad av det ensidiga milit\u00e4ra t\u00e4nkandet.&#8221; \u2013 Dala-Demokraten<\/p>\n","protected":false},"author":24,"featured_media":0,"comment_status":"open","ping_status":"open","sticky":false,"template":"","format":"standard","meta":{"_crdt_document":"","jetpack_post_was_ever_published":false,"_jetpack_newsletter_access":"","_jetpack_dont_email_post_to_subs":false,"_jetpack_newsletter_tier_id":0,"_jetpack_memberships_contains_paywalled_content":false,"_jetpack_memberships_contains_paid_content":false,"footnotes":"","jetpack_publicize_message":"","jetpack_publicize_feature_enabled":true,"jetpack_social_post_already_shared":true,"jetpack_social_options":{"image_generator_settings":{"template":"highway","default_image_id":0,"font":"","enabled":false},"version":2}},"categories":[2],"tags":[],"class_list":["post-43928","post","type-post","status-publish","format-standard","hentry","category-swedish"],"jetpack_publicize_connections":[],"jetpack_featured_media_url":"","jetpack_sharing_enabled":true,"jetpack_likes_enabled":true,"jetpack-related-posts":[{"id":48852,"url":"https:\/\/www.akehedman.se\/wordpress\/?p=48852","url_meta":{"origin":43928,"position":0},"title":"Knasigt","author":"\u00c5ke Hedman","date":"2024-12-19","format":false,"excerpt":"Satt p\u00e5 kontoret idag och pratade lite s\u00e5d\u00e4r trevligt med tv\u00e5 personer som var p\u00e5 bes\u00f6k. Vi pratade engelska som gemensamt spr\u00e5k. Inget ovanligt med det heller. Jag pratar, n\u00e5ja skriver, mer engelska \u00e4n svenska under en dag. En av personerna fr\u00e5gade vad den nyfikne katten hette. Hmmm.... Ja vad\u2026","rel":"","context":"In &quot;Betraktelser &amp; Ber\u00e4ttelse&quot;","block_context":{"text":"Betraktelser &amp; Ber\u00e4ttelse","link":"https:\/\/www.akehedman.se\/wordpress\/?cat=24"},"img":{"alt_text":"","src":"https:\/\/i0.wp.com\/www.akehedman.se\/wordpress\/wp-content\/uploads\/2024\/12\/IMG_20241219_204552-scaled.jpg?resize=350%2C200&ssl=1","width":350,"height":200,"srcset":"https:\/\/i0.wp.com\/www.akehedman.se\/wordpress\/wp-content\/uploads\/2024\/12\/IMG_20241219_204552-scaled.jpg?resize=350%2C200&ssl=1 1x, https:\/\/i0.wp.com\/www.akehedman.se\/wordpress\/wp-content\/uploads\/2024\/12\/IMG_20241219_204552-scaled.jpg?resize=525%2C300&ssl=1 1.5x, https:\/\/i0.wp.com\/www.akehedman.se\/wordpress\/wp-content\/uploads\/2024\/12\/IMG_20241219_204552-scaled.jpg?resize=700%2C400&ssl=1 2x, https:\/\/i0.wp.com\/www.akehedman.se\/wordpress\/wp-content\/uploads\/2024\/12\/IMG_20241219_204552-scaled.jpg?resize=1050%2C600&ssl=1 3x, https:\/\/i0.wp.com\/www.akehedman.se\/wordpress\/wp-content\/uploads\/2024\/12\/IMG_20241219_204552-scaled.jpg?resize=1400%2C800&ssl=1 4x"},"classes":[]},{"id":10958,"url":"https:\/\/www.akehedman.se\/wordpress\/?p=10958","url_meta":{"origin":43928,"position":1},"title":"Jag vill se tusen bombplan lyfta!","author":"\u00c5ke Hedman","date":"2013-11-13","format":false,"excerpt":"Jag dricker mitt kaffe. En kopp n\u00e5gon g\u00e5ng mellan ett och tv\u00e5. Det sker varje dag. Ekologiskt men inte fairtrade. Det senare skall jag \u00e4ndra p\u00e5 vid n\u00e4sta handlingstillf\u00e4lle. Till och med en kopp om dagen kan g\u00f6ra skillnad. Man skall veta det. Det g\u00e4ller bara att vara m\u00e5nga och\u2026","rel":"","context":"In &quot;Betraktelser &amp; Ber\u00e4ttelse&quot;","block_context":{"text":"Betraktelser &amp; Ber\u00e4ttelse","link":"https:\/\/www.akehedman.se\/wordpress\/?cat=24"},"img":{"alt_text":"bombplan","src":"https:\/\/i0.wp.com\/www.eurosource.se\/akhe\/wordpress\/wp-content\/uploads\/2013\/11\/bombplan.jpg?resize=350%2C200","width":350,"height":200},"classes":[]},{"id":23699,"url":"https:\/\/www.akehedman.se\/wordpress\/?p=23699","url_meta":{"origin":43928,"position":2},"title":"Jag har ofta fel","author":"\u00c5ke Hedman","date":"2017-03-15","format":false,"excerpt":"Kokar kaffe. Fel! Brygger kaffe. En ny morgonrutin kvar f\u00f6r att stanna. Tydligen. Men ocks\u00e5 en kv\u00e4llsrutin sedan n\u00e5gra veckor tillbaks. Resulterar i mycket nattspring om jag nu lyckas somna som den koffeinstinne jag \u00e4r n\u00e4r jag l\u00e4gger mig. Men den vanan skall termineras. Avslutas. Exploderas till ingenting. M\u00f6jligen imploderas.\u00a0\u2026","rel":"","context":"In &quot;Betraktelser &amp; Ber\u00e4ttelse&quot;","block_context":{"text":"Betraktelser &amp; Ber\u00e4ttelse","link":"https:\/\/www.akehedman.se\/wordpress\/?cat=24"},"img":{"alt_text":"","src":"https:\/\/i0.wp.com\/www.akehedman.se\/wordpress\/wp-content\/uploads\/2017\/03\/Screenshot-from-2017-03-15-083937-1024x231.png?resize=350%2C200","width":350,"height":200,"srcset":"https:\/\/i0.wp.com\/www.akehedman.se\/wordpress\/wp-content\/uploads\/2017\/03\/Screenshot-from-2017-03-15-083937-1024x231.png?resize=350%2C200 1x, https:\/\/i0.wp.com\/www.akehedman.se\/wordpress\/wp-content\/uploads\/2017\/03\/Screenshot-from-2017-03-15-083937-1024x231.png?resize=525%2C300 1.5x"},"classes":[]},{"id":42743,"url":"https:\/\/www.akehedman.se\/wordpress\/?p=42743","url_meta":{"origin":43928,"position":3},"title":"Valdag sen vardag","author":"\u00c5ke Hedman","date":"2022-09-11","format":false,"excerpt":"Photo by Element5 Digital on Pexels.com K drar iv\u00e4g efter sju. Valf\u00f6r\u00e4ttare. Vide ordf\u00f6rande minsann. Jobbar fram till kv\u00e4llen. Sj\u00e4lv g\u00e5r jag sent upp och sover en stund p\u00e5 soffan efter frukost och en stunds l\u00e4sning. Arbetsf\u00f6rdelning kallas visst det d\u00e4r. Nu sitter jag p\u00e5 kontoret och dricker en kopp\u2026","rel":"","context":"In &quot;Betraktelser &amp; Ber\u00e4ttelse&quot;","block_context":{"text":"Betraktelser &amp; Ber\u00e4ttelse","link":"https:\/\/www.akehedman.se\/wordpress\/?cat=24"},"img":{"alt_text":"person dropping paper on box","src":"https:\/\/i0.wp.com\/www.akehedman.se\/wordpress\/wp-content\/uploads\/2022\/09\/pexels-photo-1550337.jpeg?resize=350%2C200&ssl=1","width":350,"height":200,"srcset":"https:\/\/i0.wp.com\/www.akehedman.se\/wordpress\/wp-content\/uploads\/2022\/09\/pexels-photo-1550337.jpeg?resize=350%2C200&ssl=1 1x, https:\/\/i0.wp.com\/www.akehedman.se\/wordpress\/wp-content\/uploads\/2022\/09\/pexels-photo-1550337.jpeg?resize=525%2C300&ssl=1 1.5x, https:\/\/i0.wp.com\/www.akehedman.se\/wordpress\/wp-content\/uploads\/2022\/09\/pexels-photo-1550337.jpeg?resize=700%2C400&ssl=1 2x, https:\/\/i0.wp.com\/www.akehedman.se\/wordpress\/wp-content\/uploads\/2022\/09\/pexels-photo-1550337.jpeg?resize=1050%2C600&ssl=1 3x, https:\/\/i0.wp.com\/www.akehedman.se\/wordpress\/wp-content\/uploads\/2022\/09\/pexels-photo-1550337.jpeg?resize=1400%2C800&ssl=1 4x"},"classes":[]},{"id":18001,"url":"https:\/\/www.akehedman.se\/wordpress\/?p=18001","url_meta":{"origin":43928,"position":4},"title":"@notch och jag igen d\u00e5.","author":"\u00c5ke Hedman","date":"2015-05-30","format":false,"excerpt":"Notch i Svensk Damtidning! Bara fenomenet att en s\u00e5dan som han, som ju \u00e4nd\u00e5 bara \u00e4r som mig, hamnar i den blaskan. Man kan kr\u00e4kas \u00f6ver bara det. D\u00e4rf\u00f6r att han \u00e4r b\u00e4ttre. Tror jag. Men \u00e4n v\u00e4rre \u00e4r det s\u00e5klart att den d\u00e4r Svenska Damtidningen (som i sin egen\u2026","rel":"","context":"In &quot;Betraktelser &amp; Ber\u00e4ttelse&quot;","block_context":{"text":"Betraktelser &amp; Ber\u00e4ttelse","link":"https:\/\/www.akehedman.se\/wordpress\/?cat=24"},"img":{"alt_text":"","src":"","width":0,"height":0},"classes":[]},{"id":1985,"url":"https:\/\/www.akehedman.se\/wordpress\/?p=1985","url_meta":{"origin":43928,"position":5},"title":"F\u00f6retagsutveckling","author":"\u00c5ke Hedman","date":"2012-11-20","format":false,"excerpt":"Tror n\u00e5gon p\u00e5 allvar att Larry Page och Sergey Brin ett halv\u00e5r f\u00f6re den 27 september 1998 kunde g\u00e5 in p\u00e5 en bank i G\u00e4vle och f\u00e5tt gensvar f\u00f6r sina tankar att bygga Google. Altavista har en total dominans p\u00e5 s\u00f6kmotormarkanden (97% eller n\u00e5got s\u00e5dant) och h\u00e4r kommer tv\u00e5 finniga\u2026","rel":"","context":"In &quot;F\u00f6retagande&quot;","block_context":{"text":"F\u00f6retagande","link":"https:\/\/www.akehedman.se\/wordpress\/?cat=28"},"img":{"alt_text":"","src":"","width":0,"height":0},"classes":[]}],"jetpack_shortlink":"https:\/\/wp.me\/p68PL2-bqw","_links":{"self":[{"href":"https:\/\/www.akehedman.se\/wordpress\/index.php?rest_route=\/wp\/v2\/posts\/43928","targetHints":{"allow":["GET"]}}],"collection":[{"href":"https:\/\/www.akehedman.se\/wordpress\/index.php?rest_route=\/wp\/v2\/posts"}],"about":[{"href":"https:\/\/www.akehedman.se\/wordpress\/index.php?rest_route=\/wp\/v2\/types\/post"}],"author":[{"embeddable":true,"href":"https:\/\/www.akehedman.se\/wordpress\/index.php?rest_route=\/wp\/v2\/users\/24"}],"replies":[{"embeddable":true,"href":"https:\/\/www.akehedman.se\/wordpress\/index.php?rest_route=%2Fwp%2Fv2%2Fcomments&post=43928"}],"version-history":[{"count":1,"href":"https:\/\/www.akehedman.se\/wordpress\/index.php?rest_route=\/wp\/v2\/posts\/43928\/revisions"}],"predecessor-version":[{"id":43930,"href":"https:\/\/www.akehedman.se\/wordpress\/index.php?rest_route=\/wp\/v2\/posts\/43928\/revisions\/43930"}],"wp:attachment":[{"href":"https:\/\/www.akehedman.se\/wordpress\/index.php?rest_route=%2Fwp%2Fv2%2Fmedia&parent=43928"}],"wp:term":[{"taxonomy":"category","embeddable":true,"href":"https:\/\/www.akehedman.se\/wordpress\/index.php?rest_route=%2Fwp%2Fv2%2Fcategories&post=43928"},{"taxonomy":"post_tag","embeddable":true,"href":"https:\/\/www.akehedman.se\/wordpress\/index.php?rest_route=%2Fwp%2Fv2%2Ftags&post=43928"}],"curies":[{"name":"wp","href":"https:\/\/api.w.org\/{rel}","templated":true}]}}