{"id":43427,"date":"2022-11-27T18:22:28","date_gmt":"2022-11-27T17:22:28","guid":{"rendered":"https:\/\/www.akehedman.se\/wordpress\/?p=43427"},"modified":"2022-11-27T18:22:28","modified_gmt":"2022-11-27T17:22:28","slug":"advent-forsta-andra-tredje","status":"publish","type":"post","link":"https:\/\/www.akehedman.se\/wordpress\/?p=43427","title":{"rendered":"Advent &#8211; f\u00f6rsta, andra, tredje"},"content":{"rendered":"\n<figure class=\"wp-block-image size-large\"><img data-recalc-dims=\"1\" loading=\"lazy\" decoding=\"async\" width=\"580\" height=\"386\" src=\"https:\/\/i0.wp.com\/www.akehedman.se\/wordpress\/wp-content\/uploads\/2022\/11\/image.png?resize=580%2C386&#038;ssl=1\" alt=\"\" class=\"wp-image-43428\" srcset=\"https:\/\/i0.wp.com\/www.akehedman.se\/wordpress\/wp-content\/uploads\/2022\/11\/image.png?resize=1024%2C682&amp;ssl=1 1024w, https:\/\/i0.wp.com\/www.akehedman.se\/wordpress\/wp-content\/uploads\/2022\/11\/image.png?resize=300%2C200&amp;ssl=1 300w, https:\/\/i0.wp.com\/www.akehedman.se\/wordpress\/wp-content\/uploads\/2022\/11\/image.png?resize=768%2C512&amp;ssl=1 768w, https:\/\/i0.wp.com\/www.akehedman.se\/wordpress\/wp-content\/uploads\/2022\/11\/image.png?resize=1536%2C1024&amp;ssl=1 1536w, https:\/\/i0.wp.com\/www.akehedman.se\/wordpress\/wp-content\/uploads\/2022\/11\/image.png?resize=1200%2C800&amp;ssl=1 1200w, https:\/\/i0.wp.com\/www.akehedman.se\/wordpress\/wp-content\/uploads\/2022\/11\/image.png?w=1880&amp;ssl=1 1880w, https:\/\/i0.wp.com\/www.akehedman.se\/wordpress\/wp-content\/uploads\/2022\/11\/image.png?w=1740&amp;ssl=1 1740w\" sizes=\"auto, (max-width: 580px) 100vw, 580px\" \/><\/figure>\n\n\n\n<p class=\"wp-block-paragraph\">S\u00e5ja. Adventspaket levererad till Uppsala.  Ja och till Ljusdal ocks\u00e5. S\u00f6ner. Version ett och version tv\u00e5 finns i varsin metropol. L\u00e4ngst bort finns version ett allts\u00e5. Det blir r\u00e4tt l\u00e5ngt mellan att vi ses just d\u00e4rf\u00f6r. Men trevligt n\u00e4r det h\u00e4nder. Och sk\u00f6nt ocks\u00e5 att det \u00e4r vi som kan \u00e5ka s\u00f6derut. Det g\u00e5r l\u00e4tt som en pl\u00e4tt med &#8220;ny&#8221; bil. S\u00e5 det blir nog oftare att det h\u00e4nder nu fram\u00f6ver. Trotts dieselpriser som gluffsar i sig stortuggor av pengar  fr\u00e5n kontot vid tankning.<\/p>\n\n\n\n<p class=\"wp-block-paragraph\">En del av mitt hj\u00e4rta finns kvar i Uppsala. Staden. Fysiska institutionen. Kunde ha blivit kvar d\u00e4r. \u00c5ngrar ibland att det inte blev s\u00e5. Men \u00e4gnar mig v\u00e4ldigt lite \u00e5t \u00e5terblickande  aktiviteter och \u00e5nger s\u00e5 njuter av de bes\u00f6k vi g\u00f6r d\u00e4r d\u00e5 och d\u00e5 ist\u00e4llet.<\/p>\n\n\n\n<p class=\"wp-block-paragraph\">Jag k\u00e4nner samma f\u00f6r b\u00e5da s\u00f6nerna. Att jag \u00e4r glad att de blev de m\u00e4nniskor de nu \u00e4r. Bra helt enkelt. Sen har vi f\u00e5tt Jonas flickv\u00e4n som en extra familjemedlem. Stark och vis och bra p\u00e5 alla s\u00e4tt. Det finns mycket att vara glad f\u00f6r.<\/p>\n\n\n\n<p class=\"wp-block-paragraph\">Lite sliten idag. \u00c4r inte van att springa runt,  fara runt p\u00e5 v\u00e4garna och komma hem sent. Men vilar p\u00e5 f\u00f6rmiddagen i gr\u00f6n IKEA-soffa.  \u00c5terst\u00e4ller mig inf\u00f6r den arbetsvecka som nu har startat h\u00e4r p\u00e5 kontoret. Storverk skall ske. Har ju fem dagar p\u00e5 mig h\u00e4rifr\u00e5n. En o\u00e4ndlighet.  Fixar det med l\u00e4tthet&#8230;<\/p>\n\n\n\n<p class=\"wp-block-paragraph\">S\u00e5 det finns inget att v\u00e4nta p\u00e5. Eller hur?<\/p>\n","protected":false},"excerpt":{"rendered":"<p>S\u00e5ja. Adventspaket levererad till Uppsala. Ja och till Ljusdal ocks\u00e5. S\u00f6ner. Version ett och version tv\u00e5 finns i varsin metropol. L\u00e4ngst bort finns version ett allts\u00e5. Det blir r\u00e4tt l\u00e5ngt mellan att vi ses just d\u00e4rf\u00f6r. Men trevligt n\u00e4r det h\u00e4nder. Och sk\u00f6nt ocks\u00e5 att det \u00e4r vi som kan \u00e5ka s\u00f6derut. Det g\u00e5r l\u00e4tt [&hellip;]<\/p>\n","protected":false},"author":24,"featured_media":0,"comment_status":"open","ping_status":"open","sticky":false,"template":"","format":"standard","meta":{"_crdt_document":"","jetpack_post_was_ever_published":false,"_jetpack_newsletter_access":"","_jetpack_dont_email_post_to_subs":false,"_jetpack_newsletter_tier_id":0,"_jetpack_memberships_contains_paywalled_content":false,"_jetpack_memberships_contains_paid_content":false,"footnotes":"","jetpack_publicize_message":"","jetpack_publicize_feature_enabled":true,"jetpack_social_post_already_shared":true,"jetpack_social_options":{"image_generator_settings":{"template":"highway","default_image_id":0,"font":"","enabled":false},"version":2}},"categories":[2],"tags":[],"class_list":["post-43427","post","type-post","status-publish","format-standard","hentry","category-swedish"],"jetpack_publicize_connections":[],"jetpack_featured_media_url":"","jetpack_sharing_enabled":true,"jetpack_likes_enabled":true,"jetpack-related-posts":[{"id":48266,"url":"https:\/\/www.akehedman.se\/wordpress\/?p=48266","url_meta":{"origin":43427,"position":0},"title":"Dagar i augusti","author":"\u00c5ke Hedman","date":"2024-08-20","format":false,"excerpt":"Photo by Keira Burton on Pexels.com Jag blir nostalgisk varje \u00e5r den h\u00e4r tiden. P\u00e5 ett h\u00e4rligt s\u00e4tt. Skolstart. Jod\u00e5 nio \u00e5r i Edsbyn. Ett \u00e5r i Bolln\u00e4s. Men de d\u00e4r \u00e5ren gick sp\u00e5rl\u00f6st f\u00f6rbi i mitt sinne. Fast det m\u00e5ste v\u00e4l ha varit skolstarter d\u00e5 ocks\u00e5. Andra augustidagar. Men\u2026","rel":"","context":"In &quot;Betraktelser &amp; Ber\u00e4ttelse&quot;","block_context":{"text":"Betraktelser &amp; Ber\u00e4ttelse","link":"https:\/\/www.akehedman.se\/wordpress\/?cat=24"},"img":{"alt_text":"man and woman studying at a park","src":"https:\/\/i0.wp.com\/www.akehedman.se\/wordpress\/wp-content\/uploads\/2024\/08\/pexels-photo-6147276.jpeg?resize=350%2C200&ssl=1","width":350,"height":200,"srcset":"https:\/\/i0.wp.com\/www.akehedman.se\/wordpress\/wp-content\/uploads\/2024\/08\/pexels-photo-6147276.jpeg?resize=350%2C200&ssl=1 1x, https:\/\/i0.wp.com\/www.akehedman.se\/wordpress\/wp-content\/uploads\/2024\/08\/pexels-photo-6147276.jpeg?resize=525%2C300&ssl=1 1.5x, https:\/\/i0.wp.com\/www.akehedman.se\/wordpress\/wp-content\/uploads\/2024\/08\/pexels-photo-6147276.jpeg?resize=700%2C400&ssl=1 2x, https:\/\/i0.wp.com\/www.akehedman.se\/wordpress\/wp-content\/uploads\/2024\/08\/pexels-photo-6147276.jpeg?resize=1050%2C600&ssl=1 3x, https:\/\/i0.wp.com\/www.akehedman.se\/wordpress\/wp-content\/uploads\/2024\/08\/pexels-photo-6147276.jpeg?resize=1400%2C800&ssl=1 4x"},"classes":[]},{"id":13611,"url":"https:\/\/www.akehedman.se\/wordpress\/?p=13611","url_meta":{"origin":43427,"position":1},"title":"Midsommar snart sa v\u00e5r brevb\u00e4rare idag.","author":"\u00c5ke Hedman","date":"2014-06-18","format":false,"excerpt":"Eftersom det bara \u00e4r elva grader ute och en stark vind fr\u00e5n norr s\u00e5 l\u00e4ngtar jag s\u00e5klart mig bort till ett land d\u00e4r ocks\u00e5 de h\u00e5rdare vindarna fr\u00e5n norr \u00e4r varma och p\u00e5 sin h\u00f6jd svalkande. Ett land d\u00e4r jag kan sitta som den v\u00e4rste Ferdinand under korkeken och lukta\u2026","rel":"","context":"In &quot;Betraktelser &amp; Ber\u00e4ttelse&quot;","block_context":{"text":"Betraktelser &amp; Ber\u00e4ttelse","link":"https:\/\/www.akehedman.se\/wordpress\/?cat=24"},"img":{"alt_text":"2014-06-18_21-56-24","src":"https:\/\/i0.wp.com\/www.eurosource.se\/akhe\/wordpress\/wp-content\/uploads\/2014\/06\/2014-06-18_21-56-24.png?resize=350%2C200","width":350,"height":200,"srcset":"https:\/\/i0.wp.com\/www.eurosource.se\/akhe\/wordpress\/wp-content\/uploads\/2014\/06\/2014-06-18_21-56-24.png?resize=350%2C200 1x, https:\/\/i0.wp.com\/www.eurosource.se\/akhe\/wordpress\/wp-content\/uploads\/2014\/06\/2014-06-18_21-56-24.png?resize=525%2C300 1.5x"},"classes":[]},{"id":34986,"url":"https:\/\/www.akehedman.se\/wordpress\/?p=34986","url_meta":{"origin":43427,"position":2},"title":"Tr\u00f6ttheten","author":"\u00c5ke Hedman","date":"2020-04-23","format":false,"excerpt":"Det finns ingen \u00e4nde p\u00e5 tr\u00f6ttheten i dessa tider. Varje dag handlar mest om HUR tr\u00f6tt man \u00e4r. Kanske \u00e4r det s\u00e5dant som h\u00e4nder gamla gubbar efter sextio. Tr\u00f6tt allts\u00e5. Idag. Skall st\u00e4da. F\u00f6rs\u00f6ker samla kraft till den uppgiften. Skulle antagligen beh\u00f6vas kokain f\u00f6r att f\u00e5 ig\u00e5ng lekamliga energier, men\u2026","rel":"","context":"In &quot;Betraktelser &amp; Ber\u00e4ttelse&quot;","block_context":{"text":"Betraktelser &amp; Ber\u00e4ttelse","link":"https:\/\/www.akehedman.se\/wordpress\/?cat=24"},"img":{"alt_text":"","src":"","width":0,"height":0},"classes":[]},{"id":46616,"url":"https:\/\/www.akehedman.se\/wordpress\/?p=46616","url_meta":{"origin":43427,"position":3},"title":"F\u00f6r en femma och en luftpicka","author":"\u00c5ke Hedman","date":"2023-12-02","format":false,"excerpt":"Photo by Pixabay on Pexels.com Jaha. Suck. Pojkbandet Engmans kapell i mellon. Larry Forsberg trio skriver l\u00e5ten. Ganska illam\u00e5ende blir man ju. Eller mycket till och med. V\u00e4rlden sprutar ur sig skit. Och d\u00e5 har jag inte h\u00f6rt l\u00e5ten. Det du! NEJ! Man beh\u00f6ver inte ens det. Den kommer att\u2026","rel":"","context":"In &quot;Betraktelser &amp; Ber\u00e4ttelse&quot;","block_context":{"text":"Betraktelser &amp; Ber\u00e4ttelse","link":"https:\/\/www.akehedman.se\/wordpress\/?cat=24"},"img":{"alt_text":"dangerous crime safety security","src":"https:\/\/i0.wp.com\/www.akehedman.se\/wordpress\/wp-content\/uploads\/2023\/12\/firearm-handgun-revolver-gun-53351.jpeg?resize=350%2C200&ssl=1","width":350,"height":200,"srcset":"https:\/\/i0.wp.com\/www.akehedman.se\/wordpress\/wp-content\/uploads\/2023\/12\/firearm-handgun-revolver-gun-53351.jpeg?resize=350%2C200&ssl=1 1x, https:\/\/i0.wp.com\/www.akehedman.se\/wordpress\/wp-content\/uploads\/2023\/12\/firearm-handgun-revolver-gun-53351.jpeg?resize=525%2C300&ssl=1 1.5x, https:\/\/i0.wp.com\/www.akehedman.se\/wordpress\/wp-content\/uploads\/2023\/12\/firearm-handgun-revolver-gun-53351.jpeg?resize=700%2C400&ssl=1 2x"},"classes":[]},{"id":19027,"url":"https:\/\/www.akehedman.se\/wordpress\/?p=19027","url_meta":{"origin":43427,"position":4},"title":"Gud \u00e4r inte st\u00f6rre. Gud \u00e4r vi.","author":"\u00c5ke Hedman","date":"2015-11-16","format":false,"excerpt":"Sn\u00f6. Oundvikligt s\u00e5klart. Den kommer till slut. Varje \u00e5r.\u00a0 Mentalt blir det kallare. Med sn\u00f6n tar sig kylan in i m\u00e4rgen ocks\u00e5. Fast att vi klarat oss s\u00e5h\u00e4r l\u00e5ngt f\u00e5r man s\u00e5klart ta som en g\u00e5va fr\u00e5n gudarna. Om dom nu har ett endaste dugg med det d\u00e4r att g\u00f6ra.\u2026","rel":"","context":"In &quot;Betraktelser &amp; Ber\u00e4ttelse&quot;","block_context":{"text":"Betraktelser &amp; Ber\u00e4ttelse","link":"https:\/\/www.akehedman.se\/wordpress\/?cat=24"},"img":{"alt_text":"15","src":"https:\/\/i0.wp.com\/www.akehedman.se\/wordpress\/wp-content\/uploads\/2015\/11\/15-1024x768.jpg?resize=350%2C200","width":350,"height":200,"srcset":"https:\/\/i0.wp.com\/www.akehedman.se\/wordpress\/wp-content\/uploads\/2015\/11\/15-1024x768.jpg?resize=350%2C200 1x, https:\/\/i0.wp.com\/www.akehedman.se\/wordpress\/wp-content\/uploads\/2015\/11\/15-1024x768.jpg?resize=525%2C300 1.5x"},"classes":[]},{"id":2525,"url":"https:\/\/www.akehedman.se\/wordpress\/?p=2525","url_meta":{"origin":43427,"position":5},"title":"Gott nytt \u00e5r fr\u00e5n trollen","author":"\u00c5ke Hedman","date":"2012-12-31","format":false,"excerpt":"M\u00e4nniskorna som du firar det nya \u00e5ret idag. Eller \"m\u00e4nniskorna\". Det \u00e4r bara en br\u00e5kdel av dom som kallar sig m\u00e4nniskor som g\u00f6r det. Dom som h\u00f6rs och skramlar mest. F\u00f6r dom flesta forts\u00e4tter dagarna bara som vanligt. Dom flesta k\u00e4mpar f\u00f6r att \u00f6verleva. Vi troll firar inte ny\u00e5r heller.\u2026","rel":"","context":"In &quot;Betraktelser &amp; Ber\u00e4ttelse&quot;","block_context":{"text":"Betraktelser &amp; Ber\u00e4ttelse","link":"https:\/\/www.akehedman.se\/wordpress\/?cat=24"},"img":{"alt_text":"8962_nickes_sten_007_1","src":"https:\/\/i0.wp.com\/www.eurosource.se\/akhe\/wordpress\/wp-content\/uploads\/2012\/12\/8962_nickes_sten_007_1.jpg?resize=350%2C200","width":350,"height":200,"srcset":"https:\/\/i0.wp.com\/www.eurosource.se\/akhe\/wordpress\/wp-content\/uploads\/2012\/12\/8962_nickes_sten_007_1.jpg?resize=350%2C200 1x, https:\/\/i0.wp.com\/www.eurosource.se\/akhe\/wordpress\/wp-content\/uploads\/2012\/12\/8962_nickes_sten_007_1.jpg?resize=525%2C300 1.5x, https:\/\/i0.wp.com\/www.eurosource.se\/akhe\/wordpress\/wp-content\/uploads\/2012\/12\/8962_nickes_sten_007_1.jpg?resize=700%2C400 2x"},"classes":[]}],"jetpack_shortlink":"https:\/\/wp.me\/p68PL2-bir","_links":{"self":[{"href":"https:\/\/www.akehedman.se\/wordpress\/index.php?rest_route=\/wp\/v2\/posts\/43427","targetHints":{"allow":["GET"]}}],"collection":[{"href":"https:\/\/www.akehedman.se\/wordpress\/index.php?rest_route=\/wp\/v2\/posts"}],"about":[{"href":"https:\/\/www.akehedman.se\/wordpress\/index.php?rest_route=\/wp\/v2\/types\/post"}],"author":[{"embeddable":true,"href":"https:\/\/www.akehedman.se\/wordpress\/index.php?rest_route=\/wp\/v2\/users\/24"}],"replies":[{"embeddable":true,"href":"https:\/\/www.akehedman.se\/wordpress\/index.php?rest_route=%2Fwp%2Fv2%2Fcomments&post=43427"}],"version-history":[{"count":1,"href":"https:\/\/www.akehedman.se\/wordpress\/index.php?rest_route=\/wp\/v2\/posts\/43427\/revisions"}],"predecessor-version":[{"id":43429,"href":"https:\/\/www.akehedman.se\/wordpress\/index.php?rest_route=\/wp\/v2\/posts\/43427\/revisions\/43429"}],"wp:attachment":[{"href":"https:\/\/www.akehedman.se\/wordpress\/index.php?rest_route=%2Fwp%2Fv2%2Fmedia&parent=43427"}],"wp:term":[{"taxonomy":"category","embeddable":true,"href":"https:\/\/www.akehedman.se\/wordpress\/index.php?rest_route=%2Fwp%2Fv2%2Fcategories&post=43427"},{"taxonomy":"post_tag","embeddable":true,"href":"https:\/\/www.akehedman.se\/wordpress\/index.php?rest_route=%2Fwp%2Fv2%2Ftags&post=43427"}],"curies":[{"name":"wp","href":"https:\/\/api.w.org\/{rel}","templated":true}]}}