{"id":43017,"date":"2022-10-12T07:30:10","date_gmt":"2022-10-12T06:30:10","guid":{"rendered":"https:\/\/www.akehedman.se\/wordpress\/?p=43017"},"modified":"2022-10-12T07:30:10","modified_gmt":"2022-10-12T06:30:10","slug":"kallen","status":"publish","type":"post","link":"https:\/\/www.akehedman.se\/wordpress\/?p=43017","title":{"rendered":"&#8220;Kallen&#8221;"},"content":{"rendered":"\n<figure class=\"wp-block-image size-large\"><img data-recalc-dims=\"1\" loading=\"lazy\" decoding=\"async\" width=\"580\" height=\"167\" src=\"https:\/\/i0.wp.com\/www.akehedman.se\/wordpress\/wp-content\/uploads\/2022\/10\/Screenshot-from-2022-10-12-08-11-32.png?resize=580%2C167&#038;ssl=1\" alt=\"\" class=\"wp-image-43018\" srcset=\"https:\/\/i0.wp.com\/www.akehedman.se\/wordpress\/wp-content\/uploads\/2022\/10\/Screenshot-from-2022-10-12-08-11-32.png?resize=1024%2C294&amp;ssl=1 1024w, https:\/\/i0.wp.com\/www.akehedman.se\/wordpress\/wp-content\/uploads\/2022\/10\/Screenshot-from-2022-10-12-08-11-32.png?resize=300%2C86&amp;ssl=1 300w, https:\/\/i0.wp.com\/www.akehedman.se\/wordpress\/wp-content\/uploads\/2022\/10\/Screenshot-from-2022-10-12-08-11-32.png?resize=768%2C221&amp;ssl=1 768w, https:\/\/i0.wp.com\/www.akehedman.se\/wordpress\/wp-content\/uploads\/2022\/10\/Screenshot-from-2022-10-12-08-11-32.png?resize=1536%2C442&amp;ssl=1 1536w, https:\/\/i0.wp.com\/www.akehedman.se\/wordpress\/wp-content\/uploads\/2022\/10\/Screenshot-from-2022-10-12-08-11-32.png?resize=1200%2C345&amp;ssl=1 1200w, https:\/\/i0.wp.com\/www.akehedman.se\/wordpress\/wp-content\/uploads\/2022\/10\/Screenshot-from-2022-10-12-08-11-32.png?w=1777&amp;ssl=1 1777w\" sizes=\"auto, (max-width: 580px) 100vw, 580px\" \/><\/figure>\n\n\n\n<p class=\"wp-block-paragraph\">Jod\u00e5., s\u00e5 var vi d\u00e4r. Kallmorgonar. N\u00e4stan minus tv\u00e5. Gillar inte ens lite.<\/p>\n\n\n\n<p class=\"wp-block-paragraph\">Skall man bygga nya f\u00f6rm\u00f6genheter s\u00e5 skall man g\u00f6ra det i kristider. Till och med Fantomen p\u00e5 sin tid kallade det gammal djungelordspr\u00e5k. Energibolag och andra \u00e4lskar allts\u00e5 redan den h\u00e4r vintern. F\u00f6r jag antar att har man redan kan man ha och ha \u00e4nnu mer efter\u00e5t ocks\u00e5,<\/p>\n\n\n\n<p class=\"wp-block-paragraph\">Den fria marknaden. Ett monster. Ungef\u00e4r som elden. M\u00e5ste tyglas. Men inte f\u00f6r h\u00e5rt s\u00e5 att den slocknar. Nope det skall ges br\u00e4nsle och luft. Elden liksom marknaden kommer alltid vilja ha mer av b\u00e5da. Men d\u00e5 <strong>STOPP<\/strong> s\u00e4ger kollektivet. Inte mer nu. I grunden s\u00e5 finns ni d\u00e4r f\u00f6r oss. Marknaden skall tj\u00e4na folket inte folket marknaden.<\/p>\n\n\n\n<p class=\"wp-block-paragraph\">Jag tror p\u00e5 socialismen. I grunden en tro p\u00e5 att samarbeta f\u00f6r att alla TILLSAMMANS skall f\u00e5 det b\u00e4ttre. Men medelv\u00e4gen \u00e4r l\u00f6sningen. Inte ytterkantsl\u00f6sningarna. Sverige har varit m\u00e4stare p\u00e5 det d\u00e4r genom \u00e5ren. Att balansera med grace och stil p\u00e5 den knivsegg som skiljer kapitalism och&#8230; ja l\u00e5t oss kalla det kommunism. Ingen, INGEN, vid sina sinnes fulla bruk kan v\u00e4l p\u00e5 allvar tro att vi skulle haft det b\u00e4ttre med en annan politik.<\/p>\n\n\n\n<p class=\"wp-block-paragraph\">&#8220;<em>Jag tror p\u00e5 medelv\u00e4gen<\/em>&#8220;. Kanske b\u00e4ttre att skriva det.  &#8220;Socialism&#8221;, &#8220;S\u00e5sse&#8221;. Sk\u00e4llsord f\u00f6r s\u00e5 m\u00e5nga. Men man m\u00e5ste bara konstatera att &#8220;<em>socialism<\/em>&#8221; == &#8220;<em>medelv\u00e4gen<\/em>&#8221; i Sverige. Det som byggde landet. Folket. Synen p\u00e5 m\u00e4nniskan. Stolthet i att bygga tillsammans.<\/p>\n\n\n\n<p class=\"wp-block-paragraph\">Forskning av <a href=\"https:\/\/www.forskning.se\/2022\/10\/10\/valbargade-anklingar-loper-storre-risk-att-do-i-fortid\/?utm_source=Ungapped&amp;utm_medium=Newsletter&amp;utm_campaign=20221012\" data-type=\"URL\" data-id=\"https:\/\/www.forskning.se\/2022\/10\/10\/valbargade-anklingar-loper-storre-risk-att-do-i-fortid\/?utm_source=Ungapped&amp;utm_medium=Newsletter&amp;utm_campaign=20221012\">den h\u00e4r typen<\/a> har jag sv\u00e5rt f\u00f6r. Leder den oss vidare? Vart i s\u00e5 fall. Men forskningen \u00e4r fri och det finns alternativa Nobelpris. <\/p>\n","protected":false},"excerpt":{"rendered":"<p>Jod\u00e5., s\u00e5 var vi d\u00e4r. Kallmorgonar. N\u00e4stan minus tv\u00e5. Gillar inte ens lite. Skall man bygga nya f\u00f6rm\u00f6genheter s\u00e5 skall man g\u00f6ra det i kristider. Till och med Fantomen p\u00e5 sin tid kallade det gammal djungelordspr\u00e5k. Energibolag och andra \u00e4lskar allts\u00e5 redan den h\u00e4r vintern. F\u00f6r jag antar att har man redan kan man ha [&hellip;]<\/p>\n","protected":false},"author":24,"featured_media":0,"comment_status":"open","ping_status":"open","sticky":false,"template":"","format":"standard","meta":{"_crdt_document":"","jetpack_post_was_ever_published":false,"_jetpack_newsletter_access":"","_jetpack_dont_email_post_to_subs":false,"_jetpack_newsletter_tier_id":0,"_jetpack_memberships_contains_paywalled_content":false,"_jetpack_memberships_contains_paid_content":false,"footnotes":"","jetpack_publicize_message":"","jetpack_publicize_feature_enabled":true,"jetpack_social_post_already_shared":true,"jetpack_social_options":{"image_generator_settings":{"template":"highway","default_image_id":0,"font":"","enabled":false},"version":2}},"categories":[24],"tags":[],"class_list":["post-43017","post","type-post","status-publish","format-standard","hentry","category-betraktelser"],"jetpack_publicize_connections":[],"jetpack_featured_media_url":"","jetpack_sharing_enabled":true,"jetpack_likes_enabled":true,"jetpack-related-posts":[{"id":18747,"url":"https:\/\/www.akehedman.se\/wordpress\/?p=18747","url_meta":{"origin":43017,"position":0},"title":"Dags att skiljas \u00e5t","author":"\u00c5ke Hedman","date":"2015-10-07","format":false,"excerpt":"Till slut g\u00e5r det inte l\u00e4ngre. Det \u00e4r dags att ge upp. Vi g\u00e5r \u00e5t varsitt h\u00e5ll. Lever separata liv. Ja och det svider s\u00e5klart i hj\u00e4rtat. G\u00f6r tokont. Men man f\u00e5r samla ihop de krafter man har. St\u00e5ls\u00e4tta sig. G\u00f6ra det man m\u00e5ste och g\u00e5 vidare med livet. Det\u2026","rel":"","context":"In &quot;Betraktelser &amp; Ber\u00e4ttelse&quot;","block_context":{"text":"Betraktelser &amp; Ber\u00e4ttelse","link":"https:\/\/www.akehedman.se\/wordpress\/?cat=24"},"img":{"alt_text":"Knife145","src":"https:\/\/i0.wp.com\/www.akehedman.se\/wordpress\/wp-content\/uploads\/2015\/10\/Knife145-1024x644.jpg?resize=350%2C200","width":350,"height":200,"srcset":"https:\/\/i0.wp.com\/www.akehedman.se\/wordpress\/wp-content\/uploads\/2015\/10\/Knife145-1024x644.jpg?resize=350%2C200 1x, https:\/\/i0.wp.com\/www.akehedman.se\/wordpress\/wp-content\/uploads\/2015\/10\/Knife145-1024x644.jpg?resize=525%2C300 1.5x"},"classes":[]},{"id":36628,"url":"https:\/\/www.akehedman.se\/wordpress\/?p=36628","url_meta":{"origin":43017,"position":1},"title":"Elden","author":"\u00c5ke Hedman","date":"2020-11-01","format":false,"excerpt":"K. fotograferade J. has left the building. Men det \u00e4r s\u00e5klart som det skall vara. Barnen har sina egna liv. Men tomt blir det n\u00e4r de l\u00e4mnar. Varje g\u00e5ng. Han vet att han har ett hem h\u00e4r ocks\u00e5 hursomhelst. Man kan inte vara mer \u00e4n det som f\u00f6r\u00e4lder till vuxna\u2026","rel":"","context":"In &quot;Betraktelser &amp; Ber\u00e4ttelse&quot;","block_context":{"text":"Betraktelser &amp; Ber\u00e4ttelse","link":"https:\/\/www.akehedman.se\/wordpress\/?cat=24"},"img":{"alt_text":"","src":"https:\/\/i0.wp.com\/www.akehedman.se\/wordpress\/wp-content\/uploads\/2020\/11\/IMG_20201031_133304-scaled.jpg?resize=350%2C200&ssl=1","width":350,"height":200,"srcset":"https:\/\/i0.wp.com\/www.akehedman.se\/wordpress\/wp-content\/uploads\/2020\/11\/IMG_20201031_133304-scaled.jpg?resize=350%2C200&ssl=1 1x, https:\/\/i0.wp.com\/www.akehedman.se\/wordpress\/wp-content\/uploads\/2020\/11\/IMG_20201031_133304-scaled.jpg?resize=525%2C300&ssl=1 1.5x, https:\/\/i0.wp.com\/www.akehedman.se\/wordpress\/wp-content\/uploads\/2020\/11\/IMG_20201031_133304-scaled.jpg?resize=700%2C400&ssl=1 2x, https:\/\/i0.wp.com\/www.akehedman.se\/wordpress\/wp-content\/uploads\/2020\/11\/IMG_20201031_133304-scaled.jpg?resize=1050%2C600&ssl=1 3x, https:\/\/i0.wp.com\/www.akehedman.se\/wordpress\/wp-content\/uploads\/2020\/11\/IMG_20201031_133304-scaled.jpg?resize=1400%2C800&ssl=1 4x"},"classes":[]},{"id":18276,"url":"https:\/\/www.akehedman.se\/wordpress\/?p=18276","url_meta":{"origin":43017,"position":2},"title":"Fredag","author":"\u00c5ke Hedman","date":"2015-07-17","format":false,"excerpt":"Fredag redan. Vad \u00e4r det som h\u00e4nder. Man h\u00e4nger inte med. Veckor g\u00e5r. Semester g\u00e5r. H\u00e4r st\u00e5 jag och ser allt fara f\u00f6rbi. Jag som precis b\u00f6rjat v\u00e4nja mig. Mina axlar som n\u00e4stan sjunkit ner mot normall\u00e4ge. Men fredagen \u00e4r i stort sett \u00e4nnu oskriven, liksom helgen, liksom en semestervecka\u2026","rel":"","context":"In &quot;Betraktelser &amp; Ber\u00e4ttelse&quot;","block_context":{"text":"Betraktelser &amp; Ber\u00e4ttelse","link":"https:\/\/www.akehedman.se\/wordpress\/?cat=24"},"img":{"alt_text":"004","src":"https:\/\/i0.wp.com\/www.akehedman.se\/wordpress\/wp-content\/uploads\/2015\/07\/004-768x1024.jpg?resize=350%2C200","width":350,"height":200,"srcset":"https:\/\/i0.wp.com\/www.akehedman.se\/wordpress\/wp-content\/uploads\/2015\/07\/004-768x1024.jpg?resize=350%2C200 1x, https:\/\/i0.wp.com\/www.akehedman.se\/wordpress\/wp-content\/uploads\/2015\/07\/004-768x1024.jpg?resize=525%2C300 1.5x"},"classes":[]},{"id":17964,"url":"https:\/\/www.akehedman.se\/wordpress\/?p=17964","url_meta":{"origin":43017,"position":3},"title":"En bit i taget","author":"\u00c5ke Hedman","date":"2015-05-26","format":false,"excerpt":"Tisdag h\u00e4r. Tisdagar \u00e4r ofta bra dagar. Man har kommit ig\u00e5ng liksom och det \u00e4r ganska mycket vecka kvar s\u00e5 det finns m\u00f6jlighet att hinna med saker. Torsdagar och fredagar kan bli mer desperata. Det \u00e4r mer jakt p\u00e5 \"klart\" under veckans sista dagar. Idag hinner man t\u00e4nka och fundera.\u2026","rel":"","context":"In &quot;Betraktelser &amp; Ber\u00e4ttelse&quot;","block_context":{"text":"Betraktelser &amp; Ber\u00e4ttelse","link":"https:\/\/www.akehedman.se\/wordpress\/?cat=24"},"img":{"alt_text":"2015-05-06_22-57-17","src":"https:\/\/i0.wp.com\/www.akehedman.se\/wordpress\/wp-content\/uploads\/2015\/05\/2015-05-06_22-57-17.png?resize=350%2C200","width":350,"height":200},"classes":[]},{"id":11968,"url":"https:\/\/www.akehedman.se\/wordpress\/?p=11968","url_meta":{"origin":43017,"position":4},"title":"&#8220;mello&#8221;","author":"\u00c5ke Hedman","date":"2014-02-08","format":false,"excerpt":"\u00c4r inne i en fas av \"tittar inte\". Vr\u00e5ng o-cool gubbe s\u00e5d\u00e4r. Melodifestivalen f\u00e5r vara. OS f\u00e5r vara. Men var lugn, ni har min respekt ni som tittar. Man har olika preferenser i livet och det ena eller det andra \u00e4r inte b\u00e4ttre eller s\u00e4mre. Man f\u00e5r njuta av sitt.\u2026","rel":"","context":"In &quot;Betraktelser &amp; Ber\u00e4ttelse&quot;","block_context":{"text":"Betraktelser &amp; Ber\u00e4ttelse","link":"https:\/\/www.akehedman.se\/wordpress\/?cat=24"},"img":{"alt_text":"2014-02-08 17-59-15","src":"https:\/\/i0.wp.com\/www.akehedman.se\/wordpress\/wp-content\/uploads\/2014\/02\/2014-02-08-17-59-15.png?resize=350%2C200","width":350,"height":200},"classes":[]},{"id":15065,"url":"https:\/\/www.akehedman.se\/wordpress\/?p=15065","url_meta":{"origin":43017,"position":5},"title":"Promenad i skogen","author":"\u00c5ke Hedman","date":"2014-10-08","format":false,"excerpt":"Vi har kommit ig\u00e5ng med att g\u00e5 igen. Det \u00e4r underbart. H\u00e4lsporrepl\u00e5gan \u00e4r inte ett minne blott men s\u00e5 otroligt mycket b\u00e4ttre nu h\u00e4r i h\u00f6sten. Den har pl\u00e5gat mig ett drygt \u00e5r nu. Man g\u00e5r inte g\u00e4rna med h\u00e4lsporre, i alla fall inte mer \u00e4n man m\u00e5ste. Jag kan\u2026","rel":"","context":"In &quot;Betraktelser &amp; Ber\u00e4ttelse&quot;","block_context":{"text":"Betraktelser &amp; Ber\u00e4ttelse","link":"https:\/\/www.akehedman.se\/wordpress\/?cat=24"},"img":{"alt_text":"400b_210h_\u00e4lg","src":"https:\/\/i0.wp.com\/www.eurosource.se\/akhe\/wordpress\/wp-content\/uploads\/2014\/05\/400b_210h_%C3%A4lg.jpg?resize=350%2C200","width":350,"height":200},"classes":[]}],"jetpack_shortlink":"https:\/\/wp.me\/s68PL2-kallen","_links":{"self":[{"href":"https:\/\/www.akehedman.se\/wordpress\/index.php?rest_route=\/wp\/v2\/posts\/43017","targetHints":{"allow":["GET"]}}],"collection":[{"href":"https:\/\/www.akehedman.se\/wordpress\/index.php?rest_route=\/wp\/v2\/posts"}],"about":[{"href":"https:\/\/www.akehedman.se\/wordpress\/index.php?rest_route=\/wp\/v2\/types\/post"}],"author":[{"embeddable":true,"href":"https:\/\/www.akehedman.se\/wordpress\/index.php?rest_route=\/wp\/v2\/users\/24"}],"replies":[{"embeddable":true,"href":"https:\/\/www.akehedman.se\/wordpress\/index.php?rest_route=%2Fwp%2Fv2%2Fcomments&post=43017"}],"version-history":[{"count":1,"href":"https:\/\/www.akehedman.se\/wordpress\/index.php?rest_route=\/wp\/v2\/posts\/43017\/revisions"}],"predecessor-version":[{"id":43019,"href":"https:\/\/www.akehedman.se\/wordpress\/index.php?rest_route=\/wp\/v2\/posts\/43017\/revisions\/43019"}],"wp:attachment":[{"href":"https:\/\/www.akehedman.se\/wordpress\/index.php?rest_route=%2Fwp%2Fv2%2Fmedia&parent=43017"}],"wp:term":[{"taxonomy":"category","embeddable":true,"href":"https:\/\/www.akehedman.se\/wordpress\/index.php?rest_route=%2Fwp%2Fv2%2Fcategories&post=43017"},{"taxonomy":"post_tag","embeddable":true,"href":"https:\/\/www.akehedman.se\/wordpress\/index.php?rest_route=%2Fwp%2Fv2%2Ftags&post=43017"}],"curies":[{"name":"wp","href":"https:\/\/api.w.org\/{rel}","templated":true}]}}