{"id":42996,"date":"2022-10-09T16:34:34","date_gmt":"2022-10-09T15:34:34","guid":{"rendered":"https:\/\/www.akehedman.se\/wordpress\/?p=42996"},"modified":"2022-10-09T16:34:34","modified_gmt":"2022-10-09T15:34:34","slug":"0343","status":"publish","type":"post","link":"https:\/\/www.akehedman.se\/wordpress\/?p=42996","title":{"rendered":"03:43"},"content":{"rendered":"\n<figure class=\"wp-block-image size-full\"><img data-recalc-dims=\"1\" loading=\"lazy\" decoding=\"async\" width=\"580\" height=\"554\" src=\"https:\/\/i0.wp.com\/www.akehedman.se\/wordpress\/wp-content\/uploads\/2022\/10\/sun-fireball-solar-flare-sunlight-87611.jpeg?resize=580%2C554&#038;ssl=1\" alt=\"sun fire hot research\" class=\"wp-image-42997\" srcset=\"https:\/\/i0.wp.com\/www.akehedman.se\/wordpress\/wp-content\/uploads\/2022\/10\/sun-fireball-solar-flare-sunlight-87611.jpeg?w=1362&amp;ssl=1 1362w, https:\/\/i0.wp.com\/www.akehedman.se\/wordpress\/wp-content\/uploads\/2022\/10\/sun-fireball-solar-flare-sunlight-87611.jpeg?resize=300%2C286&amp;ssl=1 300w, https:\/\/i0.wp.com\/www.akehedman.se\/wordpress\/wp-content\/uploads\/2022\/10\/sun-fireball-solar-flare-sunlight-87611.jpeg?resize=1024%2C977&amp;ssl=1 1024w, https:\/\/i0.wp.com\/www.akehedman.se\/wordpress\/wp-content\/uploads\/2022\/10\/sun-fireball-solar-flare-sunlight-87611.jpeg?resize=768%2C733&amp;ssl=1 768w, https:\/\/i0.wp.com\/www.akehedman.se\/wordpress\/wp-content\/uploads\/2022\/10\/sun-fireball-solar-flare-sunlight-87611.jpeg?resize=1200%2C1145&amp;ssl=1 1200w\" sizes=\"auto, (max-width: 580px) 100vw, 580px\" \/><figcaption class=\"wp-element-caption\">Photo by Pixabay on <a href=\"https:\/\/www.pexels.com\/photo\/sun-fire-hot-research-87611\/\" rel=\"nofollow\">Pexels.com<\/a><\/figcaption><\/figure>\n\n\n\n<p class=\"wp-block-paragraph\">Klockan 3.43. M\u00e5nen, fr\u00e5n sydv\u00e4st, tittar in genom en liten glipa i gardinen. Lyser upp en liten, mycket liten del av s\u00e4ngen. Stark som en ficklampa  just d\u00e4r. Solen. Jo det \u00e4r ju solen. M\u00e5nen ger bara \u00e5terspegling. Fotoner uts\u00e4nda fr\u00e5n ett infernaliskt helvete ter sig ganska beskedliga d\u00e4r n\u00e4r de tr\u00e4ffar v\u00e5r s\u00e4ng och avger lite av den d\u00e4r helveteselden de b\u00e4r p\u00e5. Vattenfallet och den lilla droppen. Samma men v\u00e4ldigt olika.<\/p>\n\n\n\n<p class=\"wp-block-paragraph\">Jag ligger d\u00e4r och \u00e4r ganska vaken. Har vilat f\u00f6r mycket under dagen. Somnat. Vaknat och somnat igen. D\u00e4remellan l\u00e4st i den b\u00e4sta bok jag l\u00e4st p\u00e5 l\u00e4nge. Den som f\u00e5r mig att l\u00e4ngta till Paris. Jag har i och f\u00f6r sig alltid en l\u00e4ngtan dit. Fast \u00e4n jag inte kan spr\u00e5ket och fast servit\u00f6rer och hotellpersonal nog \u00e4r de otrevligaste i v\u00e4rlden just d\u00e4r. <\/p>\n\n\n\n<p class=\"wp-block-paragraph\">Men h\u00e4r. Tankar som passerar bara. Alla m\u00e4nniskor man k\u00e4nt. Som f\u00f6rsvunnit. De som stannat kvar.  Utan att det varit min f\u00f6rtj\u00e4nst. Hur som helst v\u00e4ldigt f\u00e5 finns kvar. Troligen har jag inte ens f\u00f6rtj\u00e4nat dem.<\/p>\n\n\n\n<p class=\"wp-block-paragraph\">Det \u00e4r underligt att s\u00e5h\u00e4r i natten ligga d\u00e4r och l\u00e5ta m\u00e4nniskorna fr\u00e5n f\u00f6rr passera ens medvetande. Det \u00e4r absolut inget medvetet val. Jag har bara vaknat och ligger d\u00e4r. Nu \u00e4r dom d\u00e4r allesammans. &#8220;<em>Hej, h\u00e4r kommer jag en subbe\/a fr\u00e5n f\u00f6rr. Tjena och hejd\u00e5<\/em>&#8220;. En efter en. Och jag s\u00e4ger  &#8220;<em>tjena<\/em>&#8221; tillbaks s\u00e5klart. K\u00e4nner n\u00e5got f\u00f6r var och en. Hur naturligt som helst fast alla de d\u00e4r m\u00e4nniskorna kommer p\u00e5 bes\u00f6k helt oinbjudna d\u00e4r i natten n\u00e4r vanligt folk sover.<\/p>\n\n\n\n<p class=\"wp-block-paragraph\">En del av dom \u00e4r ju till och med d\u00f6da. Borde inte kunna komma p\u00e5 bes\u00f6k s\u00e5d\u00e4r. Inte kunna s\u00e4ga &#8220;<em>tjena<\/em>&#8220;. Men det verkar de inte bry sig om. H\u00e4r i natten \u00e4r tydligen alla bland de levande. <\/p>\n\n\n\n<p class=\"wp-block-paragraph\">Jag somnar otrevligt nog ifr\u00e5n alla de d\u00e4r m\u00e4nniskorna fr\u00e5n f\u00f6rr till slut. Kanske tar det en timme. Kanske tar det tv\u00e5. Jag hinner i alla fall t\u00e4nka att jag borde kanske ha \u00e4gnat mer tid till v\u00e4nner och mindre tid \u00e5t jobb. Fast beh\u00f6ver inte ens t\u00e4nka den tanken klart innan jag vet med total s\u00e4kerhet att det inte hade varit jag i s\u00e5 fall. Att det varit ett f\u00f6rs\u00f6k att vara en annan \u00e4n den jag \u00e4r. Men kanske \u00e4r det r\u00e4tt v\u00e4g att g\u00e5 \u00e4nd\u00e5. Att spela sin roll. G\u00f6ra det s\u00e5 bra man kan och f\u00f6rs\u00f6ka gl\u00f6mma den man egentligen och verkligen \u00e4r.<\/p>\n\n\n\n<p class=\"wp-block-paragraph\">N\u00e4r jag vaknar senare p\u00e5 morgonen t\u00e4nker jag nog att London \u00e4r r\u00e4tt fint det med. New York ocks\u00e5. Men d\u00e4r har jag varit i bara fem timmar &#8211; kanske var det f\u00f6rresten sex &#8211;  och n\u00e5gon uppfattning om m\u00e4nniskors trevlighet kan man inte s\u00e4ga sig ha inh\u00e4mtat d\u00e5. Man borde helt enkelt resa mer. N\u00e4r det g\u00e4ller tid finns det inget som hindrar mig egentligen. Och visst g\u00e5r det att ta sig ganska l\u00e5ngt bort f\u00f6r sm\u00e5 summor idag om man inte \u00e4r f\u00f6r petig med detaljerna. L\u00e4gga ner projekt allts\u00e5 som ingen vill ha och njuta av det liv man har kvar. Det \u00e4r s\u00e5klart ett m\u00f6jligt val. Inte ens fr\u00e4mmande. Varf\u00f6r harva p\u00e5 med saker som inte leder n\u00e5gonstans? Det t\u00e5get har f\u00f6r l\u00e4nge sedan g\u00e5tt. Det finns roligare t\u00e5g man allts\u00e5 borde \u00e4ntra. Unna sig att sitta p\u00e5. S\u00e5 m\u00e5nga timmar har jag faktiskt lagt ner att jag borde kunna sitta d\u00e4r p\u00e5 ett t\u00e5g p\u00e5 v\u00e4g mot fj\u00e4rran platser och g\u00f6ra absolut ingenting utan att ha minsta d\u00e5liga samvete. Men det kr\u00e4vs mod. Man v\u00e4nder inte ett livsverk ryggen utan att det svider. Jo jo s\u00e4ger Mr King fr\u00e5n sin kulle. Livsverk! Den d\u00e4r  gistna dragiga gamla stugan till projekt&#8230;  H\u00e4ng med i f\u00f6lja John dansen ist\u00e4llet. T\u00e4nk inte s\u00e5 mycket sj\u00e4lv. L\u00e5t andra g\u00f6ra det \u00e5t dig.  L\u00e5tsas att du&#8230;<\/p>\n\n\n\n<p class=\"wp-block-paragraph\">Jag g\u00e5r upp och matar katterna. D\u00e4r betyder jag n\u00e5got men \u00e4r v\u00e4l ers\u00e4ttlig d\u00e4r med. Om n\u00e5gon annan matar i tre dagar s\u00e5 f\u00f6ljer sympatierna med. En macka till mig sj\u00e4lv. H\u00e5rt br\u00f6d och mjukost. Ett glas apelsinjuice som en lyxig addition. Te. H\u00e5rdbr\u00f6det \u00e4r f\u00f6rresten Leksands sekunda. Halva priset. Halv kubikmeters l\u00e5da. Har man tur f\u00e5r man kakor som \u00e4r n\u00e4stan br\u00e4nda. Lyckas inte med det den h\u00e4r g\u00e5ngen. Det \u00e4r mest utsorterat pga av h\u00e5rda degklickar p\u00e5 annars perfekt kaka. Synd. De h\u00e5rdgr\u00e4ddade \u00e4r de godaste.  De s\u00e4ljer ju iof ocks\u00e5 en brungr\u00e4ddad variant. Men mesigt Svenskt brungr\u00e4ddad s\u00e5klart. Lagom. Jag vill ha kakor som doftar kolmila. Ja g\u00e4rna smakar det ocks\u00e5. Men morgonm\u00e4tt blir man. <\/p>\n\n\n\n<p class=\"wp-block-paragraph\">S\u00f6ndag \u00e4r allts\u00e5 starten p\u00e5 ny arbetsvecka h\u00e4r. Hinner plocka ur ett trasigt f\u00f6nster och byta en s\u00e5gklinga och (n\u00e4stan) laga ett d\u00e4ck p\u00e5 sn\u00f6slungan innan startskottet f\u00f6r arbetsveckan ljuder. Sen s\u00e4tter jag mig och skriver det h\u00e4r. S\u00e5 s\u00e5 j\u00e4kla mycket jobb blir det v\u00e4l allts\u00e5 inte. Men det \u00e4r det d\u00e4r &#8220;<em>m\u00e5ste<\/em>&#8221; igen. \u00c4r s\u00e5 f\u00f6rbannat torsk p\u00e5 det. <\/p>\n\n\n\n<p class=\"wp-block-paragraph\">L\u00e5t arbetsveckan b\u00f6rja.<\/p>\n\n\n\n<p class=\"wp-block-paragraph\">Nu.<\/p>\n","protected":false},"excerpt":{"rendered":"<p>Klockan 3.43. M\u00e5nen, fr\u00e5n sydv\u00e4st, tittar in genom en liten glipa i gardinen. Lyser upp en liten, mycket liten del av s\u00e4ngen. Stark som en ficklampa just d\u00e4r. Solen. Jo det \u00e4r ju solen. M\u00e5nen ger bara \u00e5terspegling. Fotoner uts\u00e4nda fr\u00e5n ett infernaliskt helvete ter sig ganska beskedliga d\u00e4r n\u00e4r de tr\u00e4ffar v\u00e5r s\u00e4ng och [&hellip;]<\/p>\n","protected":false},"author":24,"featured_media":0,"comment_status":"open","ping_status":"open","sticky":false,"template":"","format":"standard","meta":{"_crdt_document":"","jetpack_post_was_ever_published":false,"_jetpack_newsletter_access":"","_jetpack_dont_email_post_to_subs":false,"_jetpack_newsletter_tier_id":0,"_jetpack_memberships_contains_paywalled_content":false,"_jetpack_memberships_contains_paid_content":false,"footnotes":"","jetpack_publicize_message":"","jetpack_publicize_feature_enabled":true,"jetpack_social_post_already_shared":true,"jetpack_social_options":{"image_generator_settings":{"template":"highway","default_image_id":0,"font":"","enabled":false},"version":2}},"categories":[24],"tags":[],"class_list":["post-42996","post","type-post","status-publish","format-standard","hentry","category-betraktelser"],"jetpack_publicize_connections":[],"jetpack_featured_media_url":"","jetpack_sharing_enabled":true,"jetpack_likes_enabled":true,"jetpack-related-posts":[{"id":3258,"url":"https:\/\/www.akehedman.se\/wordpress\/?p=3258","url_meta":{"origin":42996,"position":0},"title":"S\u00e5 jag st\u00e5r d\u00e4r.","author":"\u00c5ke Hedman","date":"2013-02-21","format":false,"excerpt":"Jag best\u00e4mmer mig f\u00f6r att skippa l\u00e5tsasjobbet f\u00f6r kv\u00e4llen. Lungorna \u00e4r fortfarande inte vad de brukar och ikv\u00e4ll \u00e4r kroppen seg och huvudet snurrar. Det \u00e4r f\u00f6rkylningen som inte riktigt vill ge sig. N\u00e5ja, ingen bryr sig om jag skippar en kv\u00e4lls l\u00e5tsasjobb. S\u00e5 jag kokar lite te, h\u00e4mtar t\u00e4cket\u2026","rel":"","context":"In &quot;Betraktelser &amp; Ber\u00e4ttelse&quot;","block_context":{"text":"Betraktelser &amp; Ber\u00e4ttelse","link":"https:\/\/www.akehedman.se\/wordpress\/?cat=24"},"img":{"alt_text":"Full_Moon_Luc_Viatour","src":"https:\/\/i0.wp.com\/www.eurosource.se\/akhe\/wordpress\/wp-content\/uploads\/2013\/02\/Full_Moon_Luc_Viatour1.jpg?resize=350%2C200","width":350,"height":200},"classes":[]},{"id":2797,"url":"https:\/\/www.akehedman.se\/wordpress\/?p=2797","url_meta":{"origin":42996,"position":1},"title":"Bl\u00e5ljusnatt","author":"\u00c5ke Hedman","date":"2013-01-27","format":false,"excerpt":"Inatt fullm\u00e5nenatt. Tyv\u00e4rr inte molnfritt h\u00e4r i Los men bl\u00e5ljuset kommer att finnas d\u00e4r \u00e4nd\u00e5. Molnen kan inte hindra det helt. Det \u00e4r bara inte lika h\u00e4pnadsv\u00e4ckande starkt som det annars skulle vara. Jod\u00e5 jag kommer att st\u00e5 d\u00e4r inatt och h\u00e4nf\u00f6ras av det bl\u00e5 ljuset mellan tr\u00e4den och de\u2026","rel":"","context":"In &quot;Betraktelser &amp; Ber\u00e4ttelse&quot;","block_context":{"text":"Betraktelser &amp; Ber\u00e4ttelse","link":"https:\/\/www.akehedman.se\/wordpress\/?cat=24"},"img":{"alt_text":"Full_Moon_Luc_Viatour","src":"https:\/\/i0.wp.com\/www.eurosource.se\/akhe\/wordpress\/wp-content\/uploads\/2013\/01\/Full_Moon_Luc_Viatour.jpg?resize=350%2C200","width":350,"height":200},"classes":[]},{"id":11029,"url":"https:\/\/www.akehedman.se\/wordpress\/?p=11029","url_meta":{"origin":42996,"position":2},"title":"Jesus kommer den 25:e december.","author":"\u00c5ke Hedman","date":"2013-11-17","format":false,"excerpt":"Fyller pellets tidigt idag ocks\u00e5. Det skall sotas. M\u00e5nen k\u00e4mpar sig precis upp bakom \u00d6rnberget. Eller k\u00e4mpar... fel!, det verkar g\u00e5 l\u00e4tt som om den var en lysande heliumballong. Karlavagnen h\u00e4nger strax ovanf\u00f6r den. Fr\u00e5n och med nu skiljs de \u00e5t. G\u00e5r \u00e5t varsitt h\u00e5ll p\u00e5 himlavarvet under natten. Fullm\u00e5ne.\u2026","rel":"","context":"In &quot;Betraktelser &amp; Ber\u00e4ttelse&quot;","block_context":{"text":"Betraktelser &amp; Ber\u00e4ttelse","link":"https:\/\/www.akehedman.se\/wordpress\/?cat=24"},"img":{"alt_text":"stjrnor_131912016","src":"https:\/\/i0.wp.com\/www.eurosource.se\/akhe\/wordpress\/wp-content\/uploads\/2013\/11\/stjrnor_131912016.jpg?resize=350%2C200","width":350,"height":200},"classes":[]},{"id":3345,"url":"https:\/\/www.akehedman.se\/wordpress\/?p=3345","url_meta":{"origin":42996,"position":3},"title":"Och jag skriker ut&#8230;","author":"\u00c5ke Hedman","date":"2013-03-11","format":false,"excerpt":"S\u00e5 sent ig\u00e5r kv\u00e4ll n\u00e4r m\u00e5nen var fullt uppe. N\u00e4r den stod d\u00e4r p\u00e5 himlen och lyste klart som en str\u00e5lkastare. En sis\u00e5d\u00e4r 363 tusen kilometer bort men tydlig och verklig d\u00e4r ute. H\u00e5rt h\u00e5llen av osynliga, of\u00f6renade grundkrafter. \u00c5terkastat ljus p\u00e5 \"mitt\" alldeles eget berg i v\u00e4rlden. Upplyst som\u2026","rel":"","context":"In &quot;Betraktelser &amp; Ber\u00e4ttelse&quot;","block_context":{"text":"Betraktelser &amp; Ber\u00e4ttelse","link":"https:\/\/www.akehedman.se\/wordpress\/?cat=24"},"img":{"alt_text":"Full_Moon_Luc_Viatour","src":"https:\/\/i0.wp.com\/www.eurosource.se\/akhe\/wordpress\/wp-content\/uploads\/2013\/02\/Full_Moon_Luc_Viatour1.jpg?resize=350%2C200","width":350,"height":200},"classes":[]},{"id":3346,"url":"https:\/\/www.akehedman.se\/wordpress\/?p=3346","url_meta":{"origin":42996,"position":4},"title":"och jag skriker ut&#8230;","author":"\u00c5ke Hedman","date":"2013-02-26","format":false,"excerpt":"S\u00e5 sent ig\u00e5r kv\u00e4ll n\u00e4r m\u00e5nen var fullt uppe. N\u00e4r den stod d\u00e4r p\u00e5 himlen och lyste klart som en str\u00e5lkastare. En sis\u00e5d\u00e4r 363 tusen kilometer bort men tydlig och verklig d\u00e4r ute. H\u00e5rt h\u00e5llen av osynliga, of\u00f6renade grundkrafter. \u00c5terkastat ljus p\u00e5 \"mitt\" alldeles eget berg i v\u00e4rlden. Upplyst som\u2026","rel":"","context":"In &quot;Betraktelser &amp; Ber\u00e4ttelse&quot;","block_context":{"text":"Betraktelser &amp; Ber\u00e4ttelse","link":"https:\/\/www.akehedman.se\/wordpress\/?cat=24"},"img":{"alt_text":"Full_Moon_Luc_Viatour","src":"https:\/\/i0.wp.com\/www.eurosource.se\/akhe\/wordpress\/wp-content\/uploads\/2013\/02\/Full_Moon_Luc_Viatour1.jpg?resize=350%2C200","width":350,"height":200},"classes":[]},{"id":30361,"url":"https:\/\/www.akehedman.se\/wordpress\/?p=30361","url_meta":{"origin":42996,"position":5},"title":"Bokm\u00e4ssa","author":"\u00c5ke Hedman","date":"2018-10-21","format":false,"excerpt":"Vi \u00e5ker iv\u00e4g p\u00e5 bokm\u00e4ssa i Bolln\u00e4s. En liten, l\u00e4s pytteliten,\u00a0 variant av den stora. S\u00e5klart \u00e4r det s\u00e5. Men h\u00e4r \u00e4r H\u00e4lsingland, f\u00f6rfattarh\u00e4lsingland. Det \u00e4lskade H\u00e4lsingland. Och javisst, ibland finns det stora i det lilla och man m\u00e5ste naturligtvis d\u00e4rf\u00f6r alltid s\u00f6ka lite noggrannare just d\u00e4r. \"Kvinnorna i H\u00e4lsingland\"\u2026","rel":"","context":"In &quot;Betraktelser &amp; Ber\u00e4ttelse&quot;","block_context":{"text":"Betraktelser &amp; Ber\u00e4ttelse","link":"https:\/\/www.akehedman.se\/wordpress\/?cat=24"},"img":{"alt_text":"","src":"https:\/\/i0.wp.com\/www.akehedman.se\/wordpress\/wp-content\/uploads\/2018\/10\/IMG_20181020_121611496_HDR-1024x767.png?resize=350%2C200","width":350,"height":200,"srcset":"https:\/\/i0.wp.com\/www.akehedman.se\/wordpress\/wp-content\/uploads\/2018\/10\/IMG_20181020_121611496_HDR-1024x767.png?resize=350%2C200 1x, https:\/\/i0.wp.com\/www.akehedman.se\/wordpress\/wp-content\/uploads\/2018\/10\/IMG_20181020_121611496_HDR-1024x767.png?resize=525%2C300 1.5x"},"classes":[]}],"jetpack_shortlink":"https:\/\/wp.me\/s68PL2-0343","_links":{"self":[{"href":"https:\/\/www.akehedman.se\/wordpress\/index.php?rest_route=\/wp\/v2\/posts\/42996","targetHints":{"allow":["GET"]}}],"collection":[{"href":"https:\/\/www.akehedman.se\/wordpress\/index.php?rest_route=\/wp\/v2\/posts"}],"about":[{"href":"https:\/\/www.akehedman.se\/wordpress\/index.php?rest_route=\/wp\/v2\/types\/post"}],"author":[{"embeddable":true,"href":"https:\/\/www.akehedman.se\/wordpress\/index.php?rest_route=\/wp\/v2\/users\/24"}],"replies":[{"embeddable":true,"href":"https:\/\/www.akehedman.se\/wordpress\/index.php?rest_route=%2Fwp%2Fv2%2Fcomments&post=42996"}],"version-history":[{"count":1,"href":"https:\/\/www.akehedman.se\/wordpress\/index.php?rest_route=\/wp\/v2\/posts\/42996\/revisions"}],"predecessor-version":[{"id":42998,"href":"https:\/\/www.akehedman.se\/wordpress\/index.php?rest_route=\/wp\/v2\/posts\/42996\/revisions\/42998"}],"wp:attachment":[{"href":"https:\/\/www.akehedman.se\/wordpress\/index.php?rest_route=%2Fwp%2Fv2%2Fmedia&parent=42996"}],"wp:term":[{"taxonomy":"category","embeddable":true,"href":"https:\/\/www.akehedman.se\/wordpress\/index.php?rest_route=%2Fwp%2Fv2%2Fcategories&post=42996"},{"taxonomy":"post_tag","embeddable":true,"href":"https:\/\/www.akehedman.se\/wordpress\/index.php?rest_route=%2Fwp%2Fv2%2Ftags&post=42996"}],"curies":[{"name":"wp","href":"https:\/\/api.w.org\/{rel}","templated":true}]}}