{"id":41527,"date":"2022-03-14T23:00:23","date_gmt":"2022-03-14T22:00:23","guid":{"rendered":"https:\/\/www.akehedman.se\/wordpress\/?p=41527"},"modified":"2022-03-14T23:00:23","modified_gmt":"2022-03-14T22:00:23","slug":"bandyfinal","status":"publish","type":"post","link":"https:\/\/www.akehedman.se\/wordpress\/?p=41527","title":{"rendered":"Bandyfinal"},"content":{"rendered":"\n<p class=\"wp-block-paragraph\">Edsbyn och&#8230; ja vilka d\u00e5?<\/p>\n\n\n\n<figure class=\"wp-block-image size-full\"><img data-recalc-dims=\"1\" loading=\"lazy\" decoding=\"async\" width=\"580\" height=\"148\" src=\"https:\/\/i0.wp.com\/www.akehedman.se\/wordpress\/wp-content\/uploads\/2022\/03\/Screenshot-from-2022-03-14-22-49-29.png?resize=580%2C148&#038;ssl=1\" alt=\"\" class=\"wp-image-41528\" srcset=\"https:\/\/i0.wp.com\/www.akehedman.se\/wordpress\/wp-content\/uploads\/2022\/03\/Screenshot-from-2022-03-14-22-49-29.png?w=886&amp;ssl=1 886w, https:\/\/i0.wp.com\/www.akehedman.se\/wordpress\/wp-content\/uploads\/2022\/03\/Screenshot-from-2022-03-14-22-49-29.png?resize=300%2C77&amp;ssl=1 300w, https:\/\/i0.wp.com\/www.akehedman.se\/wordpress\/wp-content\/uploads\/2022\/03\/Screenshot-from-2022-03-14-22-49-29.png?resize=768%2C196&amp;ssl=1 768w\" sizes=\"auto, (max-width: 580px) 100vw, 580px\" \/><\/figure>\n\n\n\n<p class=\"wp-block-paragraph\">Jo man \u00e4r Edsbybo slutspelstider och visst kommer jag att sitta klistrad framf\u00f6r tv&#8217;n p\u00e5 l\u00f6rdag jag ocks\u00e5 precis som varenda kotte i Edsbyn utom de som \u00e4r p\u00e5 plats i Uppsala och ser det hela live p\u00e5 Studenternas.<\/p>\n\n\n\n<p class=\"wp-block-paragraph\">Heja liksom! <\/p>\n","protected":false},"excerpt":{"rendered":"<p>Edsbyn och&#8230; ja vilka d\u00e5? Jo man \u00e4r Edsbybo slutspelstider och visst kommer jag att sitta klistrad framf\u00f6r tv&#8217;n p\u00e5 l\u00f6rdag jag ocks\u00e5 precis som varenda kotte i Edsbyn utom de som \u00e4r p\u00e5 plats i Uppsala och ser det hela live p\u00e5 Studenternas. Heja liksom!<\/p>\n","protected":false},"author":24,"featured_media":0,"comment_status":"open","ping_status":"open","sticky":false,"template":"","format":"standard","meta":{"_crdt_document":"","jetpack_post_was_ever_published":false,"_jetpack_newsletter_access":"","_jetpack_dont_email_post_to_subs":false,"_jetpack_newsletter_tier_id":0,"_jetpack_memberships_contains_paywalled_content":false,"_jetpack_memberships_contains_paid_content":false,"footnotes":"","jetpack_publicize_message":"","jetpack_publicize_feature_enabled":true,"jetpack_social_post_already_shared":true,"jetpack_social_options":{"image_generator_settings":{"template":"highway","default_image_id":0,"font":"","enabled":false},"version":2}},"categories":[24],"tags":[],"class_list":["post-41527","post","type-post","status-publish","format-standard","hentry","category-betraktelser"],"jetpack_publicize_connections":[],"jetpack_featured_media_url":"","jetpack_sharing_enabled":true,"jetpack_likes_enabled":true,"jetpack-related-posts":[{"id":10168,"url":"https:\/\/www.akehedman.se\/wordpress\/?p=10168","url_meta":{"origin":41527,"position":0},"title":"I Edsbyn blev det en f*tta.","author":"\u00c5ke Hedman","date":"2013-09-27","format":false,"excerpt":"Sitter h\u00e4r och sippar p\u00e5 en fredagswhisky. Den jag f\u00f6rtj\u00e4nar. Eller kanske inte f\u00f6rresten. Det beror p\u00e5 vem som bed\u00f6mer. S\u00e5dana som jag f\u00f6rtj\u00e4nar saker postumt, eller kanske inte ens d\u00e5. Sippar p\u00e5 den lik f\u00f6rbannat. s\u00e5 det s\u00e5. Blir du avundsjuk s\u00e5 beh\u00f6ver du inte bli det f\u00f6r jag\u2026","rel":"","context":"In &quot;Betraktelser &amp; Ber\u00e4ttelse&quot;","block_context":{"text":"Betraktelser &amp; Ber\u00e4ttelse","link":"https:\/\/www.akehedman.se\/wordpress\/?cat=24"},"img":{"alt_text":"34477868192_68735882","src":"https:\/\/i0.wp.com\/www.akehedman.se\/wordpress\/wp-content\/uploads\/2013\/09\/34477868192_68735882.jpg?resize=350%2C200","width":350,"height":200},"classes":[]},{"id":13350,"url":"https:\/\/www.akehedman.se\/wordpress\/?p=13350","url_meta":{"origin":41527,"position":1},"title":"Voxnandalen &#8211; Vackraste platsen i Sverige!","author":"\u00c5ke Hedman","date":"2014-06-03","format":false,"excerpt":"F\u00f6rst till Edsbyn, sen till Bolln\u00e4s, sen till G\u00e4vle, sen till Bolln\u00e4s, sen till Edsbyn, sen till Lo(o)s, sen till Edsbyn, sen till Bolln\u00e4s och sen till Edsbyn och till slut fick man \u00e5ka hem igen. Ett j\u00e4kla farande fram och tillbaks idag med andra ord. F\u00f6r det mesta sitter\u2026","rel":"","context":"In &quot;Betraktelser &amp; Ber\u00e4ttelse&quot;","block_context":{"text":"Betraktelser &amp; Ber\u00e4ttelse","link":"https:\/\/www.akehedman.se\/wordpress\/?cat=24"},"img":{"alt_text":"voxnadalen","src":"https:\/\/i0.wp.com\/www.eurosource.se\/akhe\/wordpress\/wp-content\/uploads\/2014\/06\/voxnadalen.jpg?resize=350%2C200","width":350,"height":200},"classes":[]},{"id":23868,"url":"https:\/\/www.akehedman.se\/wordpress\/?p=23868","url_meta":{"origin":41527,"position":2},"title":"Bil, bandy och kylsk\u00e5p","author":"\u00c5ke Hedman","date":"2017-03-27","format":false,"excerpt":"Att ligga ute under bilen den h\u00e4r tiden p\u00e5 \u00e5ret under tv\u00e5 dagar n\u00e4r det bl\u00e5ser iskalla vindar fr\u00e5n norr \u00e4r s\u00e5dant d\u00e4r man bara \u00f6nskar sina ov\u00e4nner. Speciellt n\u00e4r det \u00e4r bl\u00f6tt och is p\u00e5 backen s\u00e5 att n\u00e4r man ligger d\u00e4r blir man verkligen bl\u00f6t och iskall s\u00e5\u2026","rel":"","context":"In &quot;Betraktelser &amp; Ber\u00e4ttelse&quot;","block_context":{"text":"Betraktelser &amp; Ber\u00e4ttelse","link":"https:\/\/www.akehedman.se\/wordpress\/?cat=24"},"img":{"alt_text":"","src":"https:\/\/i0.wp.com\/www.akehedman.se\/wordpress\/wp-content\/uploads\/2017\/02\/humla-700-394-ny-teknik.jpg?resize=350%2C200","width":350,"height":200},"classes":[]},{"id":2425,"url":"https:\/\/www.akehedman.se\/wordpress\/?p=2425","url_meta":{"origin":41527,"position":3},"title":"Text till &#8220;Tar E4&#8217;an Hem&#8221;","author":"\u00c5ke Hedman","date":"2012-12-17","format":false,"excerpt":"Tar E4'an Hem ============= Jag tog E4'an fr\u00e5n Stockholm det sn\u00f6ade lite l\u00e4tt\/grann. Det var m\u00e5nga p\u00e5 v\u00e4g \u00e5t samma h\u00e5ll som ocks\u00e5 skulle hem. Men f\u00f6r de flesta av oss \u00e4r det v\u00e4l inte hem vi skall, utan vi \u00e5ker bort till n\u00e5tt annat som vi kallar hem. Jag\u2026","rel":"","context":"In &quot;Text&quot;","block_context":{"text":"Text","link":"https:\/\/www.akehedman.se\/wordpress\/?cat=19"},"img":{"alt_text":"stearinljus","src":"https:\/\/i0.wp.com\/www.akehedman.se\/wordpress\/wp-content\/uploads\/2012\/11\/stearinljus1.jpg?resize=350%2C200","width":350,"height":200},"classes":[]},{"id":11023,"url":"https:\/\/www.akehedman.se\/wordpress\/?p=11023","url_meta":{"origin":41527,"position":4},"title":"Det \u00e4r synd om m\u00e4nnen&#8230;","author":"\u00c5ke Hedman","date":"2013-11-16","format":false,"excerpt":"Vi plockade kantareller den femtonde november ett \u00e5r n\u00e4r det var nollgradigt och trodde v\u00e4l aldrig vi skull f\u00e5 uppleva elva grader den sextonde ett annat \u00e5r. Eller st\u00f6rtregnet ig\u00e5r. Hitplockat av en god man fr\u00e5n storstan m\u00e5h\u00e4nda. Men som nordbo kan man inte klaga. Det \u00e4r sk\u00f6nt det h\u00e4r\u2026","rel":"","context":"In &quot;Betraktelser &amp; Ber\u00e4ttelse&quot;","block_context":{"text":"Betraktelser &amp; Ber\u00e4ttelse","link":"https:\/\/www.akehedman.se\/wordpress\/?cat=24"},"img":{"alt_text":"","src":"https:\/\/i0.wp.com\/www.eurosource.se\/akhe\/wordpress\/wp-content\/uploads\/2013\/11\/original.gif?resize=350%2C200","width":350,"height":200},"classes":[]},{"id":17008,"url":"https:\/\/www.akehedman.se\/wordpress\/?p=17008","url_meta":{"origin":41527,"position":5},"title":"Den d\u00e4r j\u00e4vla Notch!","author":"\u00c5ke Hedman","date":"2015-03-12","format":false,"excerpt":"Det \u00e4r v\u00e4der f\u00f6r kungar d\u00e4r ute. Ocoola gubbar f\u00e5r \u00e5ka med av bara farten fast de inte har uppn\u00e5tt den d\u00e4r upph\u00f6jdheten. Det \u00e4r inte l\u00e4tt att g\u00e5 in. Jag s\u00e4ger det igen. Det \u00e4r sv\u00e5rt att g\u00e5 in. Men jag koncentrerar mig p\u00e5 uppgiften. Posten, byta kabel p\u00e5\u2026","rel":"","context":"In &quot;Betraktelser &amp; Ber\u00e4ttelse&quot;","block_context":{"text":"Betraktelser &amp; Ber\u00e4ttelse","link":"https:\/\/www.akehedman.se\/wordpress\/?cat=24"},"img":{"alt_text":"markus_persson","src":"https:\/\/i0.wp.com\/www.eurosource.se\/akhe\/wordpress\/wp-content\/uploads\/2015\/03\/markus_persson.jpg?resize=350%2C200","width":350,"height":200},"classes":[]}],"jetpack_shortlink":"https:\/\/wp.me\/p68PL2-aNN","_links":{"self":[{"href":"https:\/\/www.akehedman.se\/wordpress\/index.php?rest_route=\/wp\/v2\/posts\/41527","targetHints":{"allow":["GET"]}}],"collection":[{"href":"https:\/\/www.akehedman.se\/wordpress\/index.php?rest_route=\/wp\/v2\/posts"}],"about":[{"href":"https:\/\/www.akehedman.se\/wordpress\/index.php?rest_route=\/wp\/v2\/types\/post"}],"author":[{"embeddable":true,"href":"https:\/\/www.akehedman.se\/wordpress\/index.php?rest_route=\/wp\/v2\/users\/24"}],"replies":[{"embeddable":true,"href":"https:\/\/www.akehedman.se\/wordpress\/index.php?rest_route=%2Fwp%2Fv2%2Fcomments&post=41527"}],"version-history":[{"count":1,"href":"https:\/\/www.akehedman.se\/wordpress\/index.php?rest_route=\/wp\/v2\/posts\/41527\/revisions"}],"predecessor-version":[{"id":41529,"href":"https:\/\/www.akehedman.se\/wordpress\/index.php?rest_route=\/wp\/v2\/posts\/41527\/revisions\/41529"}],"wp:attachment":[{"href":"https:\/\/www.akehedman.se\/wordpress\/index.php?rest_route=%2Fwp%2Fv2%2Fmedia&parent=41527"}],"wp:term":[{"taxonomy":"category","embeddable":true,"href":"https:\/\/www.akehedman.se\/wordpress\/index.php?rest_route=%2Fwp%2Fv2%2Fcategories&post=41527"},{"taxonomy":"post_tag","embeddable":true,"href":"https:\/\/www.akehedman.se\/wordpress\/index.php?rest_route=%2Fwp%2Fv2%2Ftags&post=41527"}],"curies":[{"name":"wp","href":"https:\/\/api.w.org\/{rel}","templated":true}]}}