{"id":41522,"date":"2022-03-14T15:44:59","date_gmt":"2022-03-14T14:44:59","guid":{"rendered":"https:\/\/www.akehedman.se\/wordpress\/?p=41522"},"modified":"2022-03-14T15:44:59","modified_gmt":"2022-03-14T14:44:59","slug":"jan-guillou-putins-uppvaknande-maste-ha-varit-brutalt","status":"publish","type":"post","link":"https:\/\/www.akehedman.se\/wordpress\/?p=41522","title":{"rendered":"Jan Guillou: Putins uppvaknande m\u00e5ste ha varit brutalt"},"content":{"rendered":"<p><a href=\"https:\/\/www.aftonbladet.se\/nyheter\/kolumnister\/a\/0G7Kx0\/jan-guillou-putins-uppvaknande-maste-ha-varit-brutalt\"><img decoding=\"async\" class=\"alignnone size-full\" src=\"https:\/\/images.aftonbladet-cdn.se\/v2\/images\/c60dc5d9-819b-4e65-b5c9-92a06ba4e9cf?fit=crop&amp;format=auto&amp;h=628&amp;q=50&amp;w=1200&amp;s=7630b46a090cd5adb78963c86f19fc1ed610ac02\" alt=\"\" \/><\/a><\/p>\n<blockquote><p>L\u00e4get f\u00f6r oss andra \u00e4r allts\u00e5 p\u00e5 intet s\u00e4tt s\u00e5 nattsvart som om tsar Putin hade lyckats med sitt blixtkrig. I all synnerhet som han nu med ursinnig beslutsamhet g\u00e5r in f\u00f6r att \u00e4n mer slutgiltigt f\u00f6rlora s\u00e5v\u00e4l krig som storhetsdr\u00f6mmar. S\u00e5 att han g\u00e5r till historien som krigsf\u00f6rbrytare ochfolkm\u00f6rdare, som Ivan den f\u00f6rskr\u00e4cklige (1530-1584) snarare \u00e4n Peter den store. Och slutar sina dagar framf\u00f6r exekutionspluton.Vilket knappast vore en tragedi.<\/p><\/blockquote>\n<p>Source: <em><a href=\"https:\/\/www.aftonbladet.se\/nyheter\/kolumnister\/a\/0G7Kx0\/jan-guillou-putins-uppvaknande-maste-ha-varit-brutalt\">Jan Guillou: Putins uppvaknande m\u00e5ste ha varit brutalt<\/a><\/em><\/p>\n","protected":false},"excerpt":{"rendered":"<p>L\u00e4get f\u00f6r oss andra \u00e4r allts\u00e5 p\u00e5 intet s\u00e4tt s\u00e5 nattsvart som om tsar Putin hade lyckats med sitt blixtkrig. I all synnerhet som han nu med ursinnig beslutsamhet g\u00e5r in f\u00f6r att \u00e4n mer slutgiltigt f\u00f6rlora s\u00e5v\u00e4l krig som storhetsdr\u00f6mmar. S\u00e5 att han g\u00e5r till historien som krigsf\u00f6rbrytare ochfolkm\u00f6rdare, som Ivan den f\u00f6rskr\u00e4cklige (1530-1584) [&hellip;]<\/p>\n","protected":false},"author":24,"featured_media":0,"comment_status":"open","ping_status":"open","sticky":false,"template":"","format":"standard","meta":{"_crdt_document":"","jetpack_post_was_ever_published":false,"_jetpack_newsletter_access":"","_jetpack_dont_email_post_to_subs":false,"_jetpack_newsletter_tier_id":0,"_jetpack_memberships_contains_paywalled_content":false,"_jetpack_memberships_contains_paid_content":false,"footnotes":"","jetpack_publicize_message":"","jetpack_publicize_feature_enabled":true,"jetpack_social_post_already_shared":true,"jetpack_social_options":{"image_generator_settings":{"template":"highway","default_image_id":0,"font":"","enabled":false},"version":2}},"categories":[2],"tags":[],"class_list":["post-41522","post","type-post","status-publish","format-standard","hentry","category-swedish"],"jetpack_publicize_connections":[],"jetpack_featured_media_url":"","jetpack_sharing_enabled":true,"jetpack_likes_enabled":true,"jetpack-related-posts":[{"id":9643,"url":"https:\/\/www.akehedman.se\/wordpress\/?p=9643","url_meta":{"origin":41522,"position":0},"title":"&#8220;Mellan r\u00f6tt och svart&#8221; av Jan Guillou","author":"\u00c5ke Hedman","date":"2013-09-11","format":false,"excerpt":"Jag har \"Mellan r\u00f6tt och svart\" av Jan Guillou liggande bredvid s\u00e4ngen d\u00e4r uppe. Den senaste i hans nittonhundratalsskildring\/sl\u00e4ktkr\u00f6nika eller vad man nu skall kalla den. Vi k\u00f6per s\u00e4llan b\u00f6cker inbundna utan v\u00e4ntar oftast tills de ges ut som pocket, men just den h\u00e4r serien gillar jag mycket och har\u2026","rel":"","context":"In &quot;B\u00f6cker&quot;","block_context":{"text":"B\u00f6cker","link":"https:\/\/www.akehedman.se\/wordpress\/?cat=13"},"img":{"alt_text":"12s11-jan-167__mngl_20110912sp5x011,spo_1.indd_3190","src":"https:\/\/i0.wp.com\/www.eurosource.se\/akhe\/wordpress\/wp-content\/uploads\/2013\/09\/12s11-jan-167__mngl_20110912sp5x011spo_1.indd_3190.jpg?resize=350%2C200","width":350,"height":200,"srcset":"https:\/\/i0.wp.com\/www.eurosource.se\/akhe\/wordpress\/wp-content\/uploads\/2013\/09\/12s11-jan-167__mngl_20110912sp5x011spo_1.indd_3190.jpg?resize=350%2C200 1x, https:\/\/i0.wp.com\/www.eurosource.se\/akhe\/wordpress\/wp-content\/uploads\/2013\/09\/12s11-jan-167__mngl_20110912sp5x011spo_1.indd_3190.jpg?resize=525%2C300 1.5x, https:\/\/i0.wp.com\/www.eurosource.se\/akhe\/wordpress\/wp-content\/uploads\/2013\/09\/12s11-jan-167__mngl_20110912sp5x011spo_1.indd_3190.jpg?resize=700%2C400 2x"},"classes":[]},{"id":14832,"url":"https:\/\/www.akehedman.se\/wordpress\/?p=14832","url_meta":{"origin":41522,"position":1},"title":"Knarkandet","author":"\u00c5ke Hedman","date":"2014-09-11","format":false,"excerpt":"Allts\u00e5 ingen drog \u00e4r som den h\u00e4r, den suger en kvar och man st\u00e5r d\u00e4r och bara tar in universum och hela dess h\u00e4rlighet. Borde avbryta det hela men man kan liksom inte annat \u00e4n att \u00a0bara st\u00e5r d\u00e4r med ett leende p\u00e5 l\u00e4pparna, tar in och \u00e4r ett med\u2026","rel":"","context":"In &quot;Betraktelser &amp; Ber\u00e4ttelse&quot;","block_context":{"text":"Betraktelser &amp; Ber\u00e4ttelse","link":"https:\/\/www.akehedman.se\/wordpress\/?cat=24"},"img":{"alt_text":"smoking-pot","src":"https:\/\/i0.wp.com\/www.eurosource.se\/akhe\/wordpress\/wp-content\/uploads\/2014\/09\/smoking-pot.jpg?resize=350%2C200","width":350,"height":200},"classes":[]},{"id":12979,"url":"https:\/\/www.akehedman.se\/wordpress\/?p=12979","url_meta":{"origin":41522,"position":2},"title":"Frihet och dumhet och Putin, han med kolahuvudet.","author":"\u00c5ke Hedman","date":"2014-04-25","format":false,"excerpt":"Det blir Julia & Julia ikv\u00e4ll. Maryl Streep billierar som hon s\u00e5 ofta g\u00f6r. F\u00e5 kan skapa trov\u00e4rdighet till en karakt\u00e4rer som hon kan. Det \u00e4r n\u00e4stan skr\u00e4mmande hur hon kan g\u00f6mma den riktiga Meryl som ju \u00e4nd\u00e5 m\u00e5ste finnas d\u00e4r inuti henne och bli n\u00e5gon annan eller kanske korrektare\u2026","rel":"","context":"In &quot;Betraktelser &amp; Ber\u00e4ttelse&quot;","block_context":{"text":"Betraktelser &amp; Ber\u00e4ttelse","link":"https:\/\/www.akehedman.se\/wordpress\/?cat=24"},"img":{"alt_text":"2014-04-25_22-59-19","src":"https:\/\/i0.wp.com\/www.eurosource.se\/akhe\/wordpress\/wp-content\/uploads\/2014\/04\/2014-04-25_22-59-19.png?resize=350%2C200","width":350,"height":200},"classes":[]},{"id":10178,"url":"https:\/\/www.akehedman.se\/wordpress\/?p=10178","url_meta":{"origin":41522,"position":3},"title":"Senast l\u00e4sta bok","author":"\u00c5ke Hedman","date":"2013-09-29","format":false,"excerpt":"Mellan r\u00f6tt och svart\u00a0av Jan Guillou Det h\u00e4r \u00e4r ett undantag fr\u00e5n att bara l\u00e4sa pocket. Ja, vi brukar v\u00e4nta till pocketutgivningen men den h\u00e4r g\u00e5ngen kunde jag inte v\u00e4nta p\u00e5 att f\u00e5 l\u00e4sa forts\u00e4ttningen p\u00e5 historien om de tre br\u00f6derna. Som jag sagt tidigare s\u00e5 \u00e4r det de sm\u00e5\u2026","rel":"","context":"In &quot;B\u00f6cker&quot;","block_context":{"text":"B\u00f6cker","link":"https:\/\/www.akehedman.se\/wordpress\/?cat=13"},"img":{"alt_text":"mellanrottochsvart_inb_low","src":"https:\/\/i0.wp.com\/www.eurosource.se\/akhe\/wordpress\/wp-content\/uploads\/2013\/09\/mellanrottochsvart_inb_low.jpg?resize=350%2C200","width":350,"height":200},"classes":[]},{"id":18528,"url":"https:\/\/www.akehedman.se\/wordpress\/?p=18528","url_meta":{"origin":41522,"position":4},"title":"Jag \u00e4r ingen gud","author":"\u00c5ke Hedman","date":"2015-09-03","format":false,"excerpt":"Den enda bok jag n\u00e5gonsin best\u00e4ller direkt och inbunden \u00e4r Jan Guillou's senaste sl\u00e4ktkr\u00f6nika. Jag har formligen slukat de f\u00f6reg\u00e5ende b\u00f6ckerna i serien. S\u00e5 n\u00e4r Bl\u00e5 Stj\u00e4rnan kommer ut h\u00e4romdagen s\u00e5 best\u00e4lls den d\u00e4rf\u00f6r direkt s\u00e5klart. Damp ner i l\u00e5dan ig\u00e5r. Skall b\u00f6rja l\u00e4sas ikv\u00e4ll.\u00a0 Man f\u00e5r allts\u00e5 l\u00e4gga sig\u2026","rel":"","context":"In &quot;Betraktelser &amp; Ber\u00e4ttelse&quot;","block_context":{"text":"Betraktelser &amp; Ber\u00e4ttelse","link":"https:\/\/www.akehedman.se\/wordpress\/?cat=24"},"img":{"alt_text":"image1","src":"https:\/\/i0.wp.com\/www.akehedman.se\/wordpress\/wp-content\/uploads\/2015\/09\/image1-1024x768.jpeg?resize=350%2C200","width":350,"height":200,"srcset":"https:\/\/i0.wp.com\/www.akehedman.se\/wordpress\/wp-content\/uploads\/2015\/09\/image1-1024x768.jpeg?resize=350%2C200 1x, https:\/\/i0.wp.com\/www.akehedman.se\/wordpress\/wp-content\/uploads\/2015\/09\/image1-1024x768.jpeg?resize=525%2C300 1.5x"},"classes":[]},{"id":21327,"url":"https:\/\/www.akehedman.se\/wordpress\/?p=21327","url_meta":{"origin":41522,"position":5},"title":"\u00c4kta amerikanska jeans","author":"\u00c5ke Hedman","date":"2016-08-26","format":false,"excerpt":"Jan Guillou's nya (\u00c4kta amerikanska jeans) dimper ner i brevl\u00e5dan lagom till helgen. Jag beh\u00f6ver inte ens anstr\u00e4nga mig. Den bara ligger d\u00e4r. \u00c4r min. Helgen r\u00e4ddad allts\u00e5. Jag gillar verkligen den h\u00e4r romansviten. Lauritzen. Norge, Tyskland, Afrika, England, Sverige och nu Amerika. Jag fullkomligt \u00e4lskar Guillou's f\u00f6rm\u00e5ga att v\u00e4nda\u2026","rel":"","context":"In &quot;Betraktelser &amp; Ber\u00e4ttelse&quot;","block_context":{"text":"Betraktelser &amp; Ber\u00e4ttelse","link":"https:\/\/www.akehedman.se\/wordpress\/?cat=24"},"img":{"alt_text":"aktaamerikanskajeans-inb_low","src":"https:\/\/i0.wp.com\/www.akehedman.se\/wordpress\/wp-content\/uploads\/2016\/08\/aktaamerikanskajeans-inb_low.jpg?resize=350%2C200","width":350,"height":200},"classes":[]}],"jetpack_shortlink":"https:\/\/wp.me\/p68PL2-aNI","_links":{"self":[{"href":"https:\/\/www.akehedman.se\/wordpress\/index.php?rest_route=\/wp\/v2\/posts\/41522","targetHints":{"allow":["GET"]}}],"collection":[{"href":"https:\/\/www.akehedman.se\/wordpress\/index.php?rest_route=\/wp\/v2\/posts"}],"about":[{"href":"https:\/\/www.akehedman.se\/wordpress\/index.php?rest_route=\/wp\/v2\/types\/post"}],"author":[{"embeddable":true,"href":"https:\/\/www.akehedman.se\/wordpress\/index.php?rest_route=\/wp\/v2\/users\/24"}],"replies":[{"embeddable":true,"href":"https:\/\/www.akehedman.se\/wordpress\/index.php?rest_route=%2Fwp%2Fv2%2Fcomments&post=41522"}],"version-history":[{"count":1,"href":"https:\/\/www.akehedman.se\/wordpress\/index.php?rest_route=\/wp\/v2\/posts\/41522\/revisions"}],"predecessor-version":[{"id":41523,"href":"https:\/\/www.akehedman.se\/wordpress\/index.php?rest_route=\/wp\/v2\/posts\/41522\/revisions\/41523"}],"wp:attachment":[{"href":"https:\/\/www.akehedman.se\/wordpress\/index.php?rest_route=%2Fwp%2Fv2%2Fmedia&parent=41522"}],"wp:term":[{"taxonomy":"category","embeddable":true,"href":"https:\/\/www.akehedman.se\/wordpress\/index.php?rest_route=%2Fwp%2Fv2%2Fcategories&post=41522"},{"taxonomy":"post_tag","embeddable":true,"href":"https:\/\/www.akehedman.se\/wordpress\/index.php?rest_route=%2Fwp%2Fv2%2Ftags&post=41522"}],"curies":[{"name":"wp","href":"https:\/\/api.w.org\/{rel}","templated":true}]}}