{"id":41506,"date":"2022-03-11T13:53:01","date_gmt":"2022-03-11T12:53:01","guid":{"rendered":"https:\/\/www.akehedman.se\/wordpress\/?p=41506"},"modified":"2022-03-11T14:04:27","modified_gmt":"2022-03-11T13:04:27","slug":"varje-spik","status":"publish","type":"post","link":"https:\/\/www.akehedman.se\/wordpress\/?p=41506","title":{"rendered":"Varje spik"},"content":{"rendered":"<div class=\"wp-block-image\">\n<figure class=\"aligncenter size-large\"><img data-recalc-dims=\"1\" loading=\"lazy\" decoding=\"async\" width=\"580\" height=\"440\" src=\"https:\/\/i0.wp.com\/www.akehedman.se\/wordpress\/wp-content\/uploads\/2022\/03\/275116999_1585046091895842_3497306827400393186_n.jpg?resize=580%2C440&#038;ssl=1\" alt=\"\" class=\"wp-image-41507\" srcset=\"https:\/\/i0.wp.com\/www.akehedman.se\/wordpress\/wp-content\/uploads\/2022\/03\/275116999_1585046091895842_3497306827400393186_n.jpg?resize=1024%2C777&amp;ssl=1 1024w, https:\/\/i0.wp.com\/www.akehedman.se\/wordpress\/wp-content\/uploads\/2022\/03\/275116999_1585046091895842_3497306827400393186_n.jpg?resize=300%2C228&amp;ssl=1 300w, https:\/\/i0.wp.com\/www.akehedman.se\/wordpress\/wp-content\/uploads\/2022\/03\/275116999_1585046091895842_3497306827400393186_n.jpg?resize=768%2C583&amp;ssl=1 768w, https:\/\/i0.wp.com\/www.akehedman.se\/wordpress\/wp-content\/uploads\/2022\/03\/275116999_1585046091895842_3497306827400393186_n.jpg?resize=1200%2C910&amp;ssl=1 1200w, https:\/\/i0.wp.com\/www.akehedman.se\/wordpress\/wp-content\/uploads\/2022\/03\/275116999_1585046091895842_3497306827400393186_n.jpg?w=1280&amp;ssl=1 1280w\" sizes=\"auto, (max-width: 580px) 100vw, 580px\" \/><\/figure>\n<\/div>\n\n\n<p class=\"wp-block-paragraph\">Jag snor den h\u00e4r fr\u00e5n Facebook. Orginaltexten \u00e4r<\/p>\n\n\n\n<p class=\"wp-block-paragraph\"><em>1,911 miles of track had been laid when workers of the Central Pacific Railroad met those of the Union Pacific Railroad at Promontory Summit, Utah Territory on May 10, 1869. With the driving of the last spike travel across North America was reduced from six months to just about one week.<\/em><\/p>\n\n\n\n<p class=\"wp-block-paragraph\"><em>&#8211; Submitted by Roger Keehner<\/em><\/p>\n\n\n\n<p class=\"wp-block-paragraph\"><em>Image via Wikimedia Commons, public domain in the US<\/em><\/p>\n\n\n\n<p class=\"wp-block-paragraph\">En verklig bedrift s\u00e5klart. H\u00e4r har vi en h\u00e4ndelse som f\u00f6rr\u00e4ndrar allt. Men det \u00e4r bara den d\u00e4r sista spiken som inneb\u00e4r appl\u00e5der, fotografering och tjohej.  Men \u00e5tskilliga andra spikar har slagits in i or\u00e4cknerliga syllar efter den 300 mil l\u00e5nga str\u00e4ckan. <\/p>\n\n\n\n<p class=\"wp-block-paragraph\">\u00c4r den h\u00e4r sista spiken mer v\u00e4rd \u00e4n alla de andra? Man kan ju l\u00e4tt tro det efter allt st\u00e5hej som f\u00f6ljer p\u00e5 dess ihamrande.<\/p>\n\n\n\n<p class=\"wp-block-paragraph\">Fast t\u00e4nker man s\u00e5 inser man s\u00e5klart att alla spikar, varenda en som slagits i efter de d\u00e4r 300 milen j\u00e4rnv\u00e4g, de som slogs i utan efterf\u00f6ljande fest och hurrarrop, har samma v\u00e4rde som den sist islagna. Utan dom inget f\u00e4rdigst\u00e4llande. Ingen j\u00e4rnv\u00e4g. Den f\u00f6rst islagna och lagda syllen \u00e4r lika stor del av den f\u00e4rdiga j\u00e4rnv\u00e4gen som den sista.<\/p>\n\n\n\n<p class=\"wp-block-paragraph\">Ja och nog kan man \u00f6verf\u00f6ra det h\u00e4r till m\u00e4nniskor ocks\u00e5. Stora bedrifter som fotograferas och firas. En m\u00e4nniska som oftast utses till hj\u00e4lte och f\u00e5r kungariket, flickan och alla pengarna. Men precis som j\u00e4rnv\u00e4gen s\u00e5klart s\u00e5 finns det en historia f\u00f6re det d\u00e4r avslutet, hj\u00e4lte\u00f6gonblicket. Syllar och spikar i m\u00e4ngder i form av m\u00e4nniskor som g\u00f6r sin sak och som hj\u00e4lten inte skulle existera utan.<\/p>\n\n\n\n<p class=\"wp-block-paragraph\">Newton, skrev n\u00e5gonstans att hans arbete var byggt p\u00e5 giganters axlar f\u00f6r att hylla de som gick f\u00f6re honom. V\u00e4rldens hj\u00e4ltar, symbolerna f\u00f6r alla oss vanliga och v\u00e5r str\u00e4van, m\u00e5ste i varje sekund minnas vilka som bar dem dit de \u00e4r i segerns \u00f6gonblick. Folket byggde landet, vi, de vanliga, som inte n\u00e4mns i tidningar och p\u00e5 tv och radio n\u00e4r vi f\u00f6ds och d\u00f6r. Varenda en av oss en del av det stora. Det \u00e4r ocks\u00e5 det som g\u00f6r varenda en av oss till en stor och v\u00e4rdefull varelse, oavsett hur sm\u00e5 vi k\u00e4nner oss.<\/p>\n\n\n\n<p class=\"wp-block-paragraph\"> Inga ryggar beh\u00f6ver kr\u00f6kas. Inga hattar lyftas av. Vi \u00e4r alla samma.<\/p>\n\n\n\n<p class=\"wp-block-paragraph\"><strong>ps<\/strong> Och i alla, i alla projekt, de som kostar tid och pengar och som andra med emfas s\u00e4ger \u00e4r om\u00f6jliga, finns det personer som tror att det visst g\u00e5r att g\u00f6ra, och som skrider till verket och g\u00f6r det. Som ser den d\u00e4r sista spiken bli inslagen l\u00e5ngt innan den f\u00f6rsta ens \u00e4r smidd. <strong>ds<\/strong><\/p>\n","protected":false},"excerpt":{"rendered":"<p>Jag snor den h\u00e4r fr\u00e5n Facebook. Orginaltexten \u00e4r 1,911 miles of track had been laid when workers of the Central Pacific Railroad met those of the Union Pacific Railroad at Promontory Summit, Utah Territory on May 10, 1869. With the driving of the last spike travel across North America was reduced from six months to [&hellip;]<\/p>\n","protected":false},"author":24,"featured_media":0,"comment_status":"open","ping_status":"open","sticky":false,"template":"","format":"standard","meta":{"_crdt_document":"","jetpack_post_was_ever_published":false,"_jetpack_newsletter_access":"","_jetpack_dont_email_post_to_subs":false,"_jetpack_newsletter_tier_id":0,"_jetpack_memberships_contains_paywalled_content":false,"_jetpack_memberships_contains_paid_content":false,"footnotes":"","jetpack_publicize_message":"","jetpack_publicize_feature_enabled":true,"jetpack_social_post_already_shared":true,"jetpack_social_options":{"image_generator_settings":{"template":"highway","default_image_id":0,"font":"","enabled":false},"version":2}},"categories":[24],"tags":[],"class_list":["post-41506","post","type-post","status-publish","format-standard","hentry","category-betraktelser"],"jetpack_publicize_connections":[],"jetpack_featured_media_url":"","jetpack_sharing_enabled":true,"jetpack_likes_enabled":true,"jetpack-related-posts":[{"id":41852,"url":"https:\/\/www.akehedman.se\/wordpress\/?p=41852","url_meta":{"origin":41506,"position":0},"title":"Noll &#8211; noll","author":"\u00c5ke Hedman","date":"2022-05-05","format":false,"excerpt":"The International Space Station above the Pacific Ocean by NASA Johnson is licensed under CC-BY-NC-ND 2.0 En riktigt noll - noll dag. Det blir inte s\u00e5 mycket. Fast l\u00f6ser \u00e4nd\u00e5 lite problem s\u00e5klart. Debug av extern arm processor som j\u00e4vlats n\u00e5gra dagar f\u00e5r liv. Problemet med bildl\u00e4sande\/bildsparande fixat. Ja n\u00e5gra\u2026","rel":"","context":"In &quot;Betraktelser &amp; Ber\u00e4ttelse&quot;","block_context":{"text":"Betraktelser &amp; Ber\u00e4ttelse","link":"https:\/\/www.akehedman.se\/wordpress\/?cat=24"},"img":{"alt_text":"The International Space Station above the Pacific Ocean","src":"https:\/\/i0.wp.com\/www.akehedman.se\/wordpress\/wp-content\/uploads\/2022\/05\/50045035307_b4cfbbdaa8_b.jpg?resize=350%2C200&ssl=1","width":350,"height":200,"srcset":"https:\/\/i0.wp.com\/www.akehedman.se\/wordpress\/wp-content\/uploads\/2022\/05\/50045035307_b4cfbbdaa8_b.jpg?resize=350%2C200&ssl=1 1x, https:\/\/i0.wp.com\/www.akehedman.se\/wordpress\/wp-content\/uploads\/2022\/05\/50045035307_b4cfbbdaa8_b.jpg?resize=525%2C300&ssl=1 1.5x"},"classes":[]},{"id":34107,"url":"https:\/\/www.akehedman.se\/wordpress\/?p=34107","url_meta":{"origin":41506,"position":1},"title":"Senast l\u00e4sta bok","author":"\u00c5ke Hedman","date":"2020-01-13","format":false,"excerpt":"Kastanjemannen av S\u00f8ren Sveistrup Sanningen \u00e4r v\u00e4l den att jag har varit ganska tr\u00f6tt p\u00e5 deckare. Men den h\u00e4r julen har det d\u00e4r v\u00e4nt. F\u00f6r h\u00e4r kommer \u00e4nnu en deckare som verkligen \u00e4r kanonbra. N\u00e4r det g\u00e4ller deckare s\u00e5 har de Danska utgivningarna verkligen levererat. Bra och sp\u00e4nnande material b\u00e5de\u2026","rel":"","context":"In &quot;B\u00f6cker&quot;","block_context":{"text":"B\u00f6cker","link":"https:\/\/www.akehedman.se\/wordpress\/?cat=13"},"img":{"alt_text":"","src":"https:\/\/i0.wp.com\/www.akehedman.se\/wordpress\/wp-content\/uploads\/2020\/01\/9789100181154_200x_kastanjemannen_storpocket.jpeg?resize=350%2C200&ssl=1","width":350,"height":200},"classes":[]},{"id":46747,"url":"https:\/\/www.akehedman.se\/wordpress\/?p=46747","url_meta":{"origin":41506,"position":2},"title":"Min Kulle","author":"\u00c5ke Hedman","date":"2023-12-21","format":false,"excerpt":"En helt vanlig kulle i Los i H\u00e4lsingland. Jag kallar den min kulle. F\u00f6r att v\u00e5rt hus st\u00e5r h\u00e4r och har st\u00e5tt h\u00e4r i drygt hundra \u00e5r. Men min kulle \u00e4r det s\u00e5klart inte. H\u00e4r har bott andra f\u00f6re mig och h\u00e4r kommer det att bo andra efter mig. Man\u2026","rel":"","context":"In &quot;Noveller&quot;","block_context":{"text":"Noveller","link":"https:\/\/www.akehedman.se\/wordpress\/?cat=57"},"img":{"alt_text":"","src":"https:\/\/i0.wp.com\/www.akehedman.se\/wordpress\/wp-content\/uploads\/2023\/12\/Min_kulle.jpg?resize=350%2C200&ssl=1","width":350,"height":200,"srcset":"https:\/\/i0.wp.com\/www.akehedman.se\/wordpress\/wp-content\/uploads\/2023\/12\/Min_kulle.jpg?resize=350%2C200&ssl=1 1x, https:\/\/i0.wp.com\/www.akehedman.se\/wordpress\/wp-content\/uploads\/2023\/12\/Min_kulle.jpg?resize=525%2C300&ssl=1 1.5x, https:\/\/i0.wp.com\/www.akehedman.se\/wordpress\/wp-content\/uploads\/2023\/12\/Min_kulle.jpg?resize=700%2C400&ssl=1 2x"},"classes":[]},{"id":38702,"url":"https:\/\/www.akehedman.se\/wordpress\/?p=38702","url_meta":{"origin":41506,"position":3},"title":"Bill skall skiljas","author":"\u00c5ke Hedman","date":"2021-05-04","format":false,"excerpt":"Det kan v\u00e4l inte ha undg\u00e5tt en enda en vid det h\u00e4r laget att Bill och Melinda skall skiljas. En ny trend h\u00e4r. Folk skiljer sig numera strax innan pension. Har noterat ett tjog fall p\u00e5 senare tid. Men det \u00e4r inte detta faktum det h\u00e4r blogginl\u00e4gget skall handla om.\u2026","rel":"","context":"In &quot;Betraktelser &amp; Ber\u00e4ttelse&quot;","block_context":{"text":"Betraktelser &amp; Ber\u00e4ttelse","link":"https:\/\/www.akehedman.se\/wordpress\/?cat=24"},"img":{"alt_text":"","src":"https:\/\/i0.wp.com\/www.akehedman.se\/wordpress\/wp-content\/uploads\/2021\/05\/Screenshot-from-2021-05-04-22-50-12.png?resize=350%2C200&ssl=1","width":350,"height":200,"srcset":"https:\/\/i0.wp.com\/www.akehedman.se\/wordpress\/wp-content\/uploads\/2021\/05\/Screenshot-from-2021-05-04-22-50-12.png?resize=350%2C200&ssl=1 1x, https:\/\/i0.wp.com\/www.akehedman.se\/wordpress\/wp-content\/uploads\/2021\/05\/Screenshot-from-2021-05-04-22-50-12.png?resize=525%2C300&ssl=1 1.5x"},"classes":[]},{"id":20269,"url":"https:\/\/www.akehedman.se\/wordpress\/?p=20269","url_meta":{"origin":41506,"position":4},"title":"Trettio \u00e5r, precis idag","author":"\u00c5ke Hedman","date":"2016-05-01","format":false,"excerpt":"Idag. Precis idag har vi d\u00e5 bott h\u00e4r i Los i trettio \u00e5r. Herregud! Jag har aldrig bott l\u00e4ngre sammanh\u00e5llen tid p\u00e5 n\u00e5gon annan plats. Nej inte ens i Edsbyn d\u00e4r jag \u00e4nd\u00e5 k\u00e4nner att jag kanske har en eller tv\u00e5 eller ibland till och med tre r\u00f6tter nedstuckna. Det\u2026","rel":"","context":"In &quot;Betraktelser &amp; Ber\u00e4ttelse&quot;","block_context":{"text":"Betraktelser &amp; Ber\u00e4ttelse","link":"https:\/\/www.akehedman.se\/wordpress\/?cat=24"},"img":{"alt_text":"250px-White-Wagtail","src":"https:\/\/i0.wp.com\/www.akehedman.se\/wordpress\/wp-content\/uploads\/2016\/05\/250px-White-Wagtail.jpg?resize=350%2C200","width":350,"height":200},"classes":[]},{"id":22762,"url":"https:\/\/www.akehedman.se\/wordpress\/?p=22762","url_meta":{"origin":41506,"position":5},"title":"Senast l\u00e4sta bok","author":"\u00c5ke Hedman","date":"2017-01-06","format":false,"excerpt":"Kaninj\u00e4garen av Lars Kepler F\u00f6rr n\u00e4r man ville ha en dags sp\u00e4nning gick man och k\u00f6pte sig en pocketbok p\u00e5 Pressbyr\u00e5n. L\u00e4ste ut den p\u00e5 en dag. K\u00f6pt f\u00f6r att f\u00f6rdriva en dag i soffan och f\u00f6r att ha en anledning att ligga d\u00e4r i den d\u00e4r soffan och slumra\u2026","rel":"","context":"In &quot;Betraktelser &amp; Ber\u00e4ttelse&quot;","block_context":{"text":"Betraktelser &amp; Ber\u00e4ttelse","link":"https:\/\/www.akehedman.se\/wordpress\/?cat=24"},"img":{"alt_text":"","src":"https:\/\/i0.wp.com\/www.akehedman.se\/wordpress\/wp-content\/uploads\/2017\/01\/9100136778.jpg?resize=350%2C200","width":350,"height":200},"classes":[]}],"jetpack_shortlink":"https:\/\/wp.me\/p68PL2-aNs","_links":{"self":[{"href":"https:\/\/www.akehedman.se\/wordpress\/index.php?rest_route=\/wp\/v2\/posts\/41506","targetHints":{"allow":["GET"]}}],"collection":[{"href":"https:\/\/www.akehedman.se\/wordpress\/index.php?rest_route=\/wp\/v2\/posts"}],"about":[{"href":"https:\/\/www.akehedman.se\/wordpress\/index.php?rest_route=\/wp\/v2\/types\/post"}],"author":[{"embeddable":true,"href":"https:\/\/www.akehedman.se\/wordpress\/index.php?rest_route=\/wp\/v2\/users\/24"}],"replies":[{"embeddable":true,"href":"https:\/\/www.akehedman.se\/wordpress\/index.php?rest_route=%2Fwp%2Fv2%2Fcomments&post=41506"}],"version-history":[{"count":3,"href":"https:\/\/www.akehedman.se\/wordpress\/index.php?rest_route=\/wp\/v2\/posts\/41506\/revisions"}],"predecessor-version":[{"id":41510,"href":"https:\/\/www.akehedman.se\/wordpress\/index.php?rest_route=\/wp\/v2\/posts\/41506\/revisions\/41510"}],"wp:attachment":[{"href":"https:\/\/www.akehedman.se\/wordpress\/index.php?rest_route=%2Fwp%2Fv2%2Fmedia&parent=41506"}],"wp:term":[{"taxonomy":"category","embeddable":true,"href":"https:\/\/www.akehedman.se\/wordpress\/index.php?rest_route=%2Fwp%2Fv2%2Fcategories&post=41506"},{"taxonomy":"post_tag","embeddable":true,"href":"https:\/\/www.akehedman.se\/wordpress\/index.php?rest_route=%2Fwp%2Fv2%2Ftags&post=41506"}],"curies":[{"name":"wp","href":"https:\/\/api.w.org\/{rel}","templated":true}]}}