{"id":41482,"date":"2022-03-09T17:15:17","date_gmt":"2022-03-09T16:15:17","guid":{"rendered":"https:\/\/www.akehedman.se\/wordpress\/?p=41482"},"modified":"2022-03-09T17:15:17","modified_gmt":"2022-03-09T16:15:17","slug":"facebook-6","status":"publish","type":"post","link":"https:\/\/www.akehedman.se\/wordpress\/?p=41482","title":{"rendered":"Facebook???"},"content":{"rendered":"\n<p class=\"wp-block-paragraph\">N\u00e4r anses n\u00e5gon f\u00f6rs\u00f6ka utge sig f\u00f6r att vara n\u00e5gon annan? R\u00e4cker det med att ta en bild p\u00e5 n\u00e5gon annan och anv\u00e4nda den som sin profilbild? Det tycker jag men inte Facebook. <\/p>\n\n\n\n<p class=\"wp-block-paragraph\">En <a href=\"https:\/\/www.facebook.com\/profile.php?id=100076758797726\" data-type=\"URL\" data-id=\"https:\/\/www.facebook.com\/profile.php?id=100076758797726\">G\u00f6te Gustav Brattsten<\/a>, en verklig person eller inte,  skriver en massa dynga i olika grupper. En anv\u00e4ndare g\u00f6r en bilds\u00f6k p\u00e5 hans profilbild och hamnar p\u00e5 min blogg d\u00e4r jag lagt in en <a href=\"https:\/\/www.akehedman.se\/wordpress\/?p=35511\" data-type=\"URL\" data-id=\"https:\/\/www.akehedman.se\/wordpress\/?p=35511\">fulbild p\u00e5 mig sj\u00e4lv<\/a>. Personen undrar om det \u00e4r jag. Men jag \u00e4r inte ursprung till den h\u00e4r anv\u00e4ndarprofilen och all skriven dynga s\u00e5klart. S\u00e5 jag anm\u00e4ler till Facebook som efter tv\u00e5 veckor!!!! svarar<\/p>\n\n\n\n<figure class=\"wp-block-image size-full\"><img data-recalc-dims=\"1\" loading=\"lazy\" decoding=\"async\" width=\"580\" height=\"380\" src=\"https:\/\/i0.wp.com\/www.akehedman.se\/wordpress\/wp-content\/uploads\/2022\/03\/Screenshot-from-2022-03-09-16-55-14.png?resize=580%2C380&#038;ssl=1\" alt=\"\" class=\"wp-image-41483\" srcset=\"https:\/\/i0.wp.com\/www.akehedman.se\/wordpress\/wp-content\/uploads\/2022\/03\/Screenshot-from-2022-03-09-16-55-14.png?w=651&amp;ssl=1 651w, https:\/\/i0.wp.com\/www.akehedman.se\/wordpress\/wp-content\/uploads\/2022\/03\/Screenshot-from-2022-03-09-16-55-14.png?resize=300%2C197&amp;ssl=1 300w\" sizes=\"auto, (max-width: 580px) 100vw, 580px\" \/><\/figure>\n\n\n\n<p class=\"wp-block-paragraph\">S\u00e5 hur g\u00e5r man vidare? Vill verkligen inte p\u00e5 n\u00e5got s\u00e4tt f\u00f6rknippas med den h\u00e4r personen och hans inl\u00e4gg.<\/p>\n","protected":false},"excerpt":{"rendered":"<p>N\u00e4r anses n\u00e5gon f\u00f6rs\u00f6ka utge sig f\u00f6r att vara n\u00e5gon annan? R\u00e4cker det med att ta en bild p\u00e5 n\u00e5gon annan och anv\u00e4nda den som sin profilbild? Det tycker jag men inte Facebook. En G\u00f6te Gustav Brattsten, en verklig person eller inte, skriver en massa dynga i olika grupper. En anv\u00e4ndare g\u00f6r en bilds\u00f6k p\u00e5 [&hellip;]<\/p>\n","protected":false},"author":24,"featured_media":0,"comment_status":"open","ping_status":"open","sticky":false,"template":"","format":"standard","meta":{"_crdt_document":"","jetpack_post_was_ever_published":false,"_jetpack_newsletter_access":"","_jetpack_dont_email_post_to_subs":false,"_jetpack_newsletter_tier_id":0,"_jetpack_memberships_contains_paywalled_content":false,"_jetpack_memberships_contains_paid_content":false,"footnotes":"","jetpack_publicize_message":"","jetpack_publicize_feature_enabled":true,"jetpack_social_post_already_shared":true,"jetpack_social_options":{"image_generator_settings":{"template":"highway","default_image_id":0,"font":"","enabled":false},"version":2}},"categories":[2],"tags":[],"class_list":["post-41482","post","type-post","status-publish","format-standard","hentry","category-swedish"],"jetpack_publicize_connections":[],"jetpack_featured_media_url":"","jetpack_sharing_enabled":true,"jetpack_likes_enabled":true,"jetpack-related-posts":[{"id":44974,"url":"https:\/\/www.akehedman.se\/wordpress\/?p=44974","url_meta":{"origin":41482,"position":0},"title":"En fj\u00e4ttrad fj\u00e4ril p\u00e5 v\u00e4g i tiden","author":"\u00c5ke Hedman","date":"2023-05-01","format":false,"excerpt":"Photo by Erik Karits on Pexels.com Edsbyn. Finns inget annat d\u00e4r l\u00e4ngre \u00e4n gamla minne. \u00c5ker f\u00f6rbi. Som varje g\u00e5ng numera. F\u00f6rr drog man ett varv efter minnenas aveny. Folkets hem, Brokiosken. Skolan. Bron. Edsbyhem, Edmarks, Elvens. S\u00f6dra skolan. Minnen man v\u00e4ltrade sig i som en gris i dynga. Skit\u2026","rel":"","context":"In &quot;Swedish&quot;","block_context":{"text":"Swedish","link":"https:\/\/www.akehedman.se\/wordpress\/?cat=2"},"img":{"alt_text":"close up photograph of a common blue butterfly","src":"https:\/\/i0.wp.com\/www.akehedman.se\/wordpress\/wp-content\/uploads\/2023\/05\/pexels-photo-15335262.jpeg?resize=350%2C200&ssl=1","width":350,"height":200,"srcset":"https:\/\/i0.wp.com\/www.akehedman.se\/wordpress\/wp-content\/uploads\/2023\/05\/pexels-photo-15335262.jpeg?resize=350%2C200&ssl=1 1x, https:\/\/i0.wp.com\/www.akehedman.se\/wordpress\/wp-content\/uploads\/2023\/05\/pexels-photo-15335262.jpeg?resize=525%2C300&ssl=1 1.5x, https:\/\/i0.wp.com\/www.akehedman.se\/wordpress\/wp-content\/uploads\/2023\/05\/pexels-photo-15335262.jpeg?resize=700%2C400&ssl=1 2x, https:\/\/i0.wp.com\/www.akehedman.se\/wordpress\/wp-content\/uploads\/2023\/05\/pexels-photo-15335262.jpeg?resize=1050%2C600&ssl=1 3x, https:\/\/i0.wp.com\/www.akehedman.se\/wordpress\/wp-content\/uploads\/2023\/05\/pexels-photo-15335262.jpeg?resize=1400%2C800&ssl=1 4x"},"classes":[]},{"id":28059,"url":"https:\/\/www.akehedman.se\/wordpress\/?p=28059","url_meta":{"origin":41482,"position":1},"title":"Avtryck","author":"\u00c5ke Hedman","date":"2018-04-19","format":false,"excerpt":"Beh\u00f6ver kattsand. Katterna tycker det \u00e4r f\u00f6r bl\u00f6tt \u00e5t tassarna ute. Skiter inne i kattl\u00e5da. De \u00e4r h\u00f6gre upp p\u00e5 utvecklingsstegen. Tycker dom. Beh\u00f6ver servas. S\u00e5 aff\u00e4ren. Man f\u00e5r \u00e5ka ner. En p\u00e5se klumpfri kattsand. Tre katter g\u00f6r av med n\u00e5gra p\u00e5 en m\u00e5nad. N\u00e4r de inte ids g\u00e5 ut.\u2026","rel":"","context":"In &quot;Betraktelser &amp; Ber\u00e4ttelse&quot;","block_context":{"text":"Betraktelser &amp; Ber\u00e4ttelse","link":"https:\/\/www.akehedman.se\/wordpress\/?cat=24"},"img":{"alt_text":"","src":"https:\/\/i0.wp.com\/www.akehedman.se\/wordpress\/wp-content\/uploads\/2018\/04\/IMG_20180419_190451549-1024x576.jpg?resize=350%2C200","width":350,"height":200,"srcset":"https:\/\/i0.wp.com\/www.akehedman.se\/wordpress\/wp-content\/uploads\/2018\/04\/IMG_20180419_190451549-1024x576.jpg?resize=350%2C200 1x, https:\/\/i0.wp.com\/www.akehedman.se\/wordpress\/wp-content\/uploads\/2018\/04\/IMG_20180419_190451549-1024x576.jpg?resize=525%2C300 1.5x"},"classes":[]},{"id":8010,"url":"https:\/\/www.akehedman.se\/wordpress\/?p=8010","url_meta":{"origin":41482,"position":2},"title":"Det drar.","author":"\u00c5ke Hedman","date":"2013-07-19","format":false,"excerpt":"Han som v\u00e4xte upp hos Pavarotti n\u00e4r det begav sig, Koltrasten, \u00e4r tyst p\u00e5 morgon n\u00e4r jag h\u00e4mtar tidningen. Inte syns n\u00e5got av min v\u00e4n dragspelaren heller. Det avv naturliga sk\u00e4l. Saknar honom. M\u00e5ste \u00e5ka och h\u00e4lsa p\u00e5 min postl\u00e5dekamrat d\u00e4r p\u00e5 sjukhemmet. Karin sover fortfarande och ute \u00e4r det\u2026","rel":"","context":"In &quot;Betraktelser &amp; Ber\u00e4ttelse&quot;","block_context":{"text":"Betraktelser &amp; Ber\u00e4ttelse","link":"https:\/\/www.akehedman.se\/wordpress\/?cat=24"},"img":{"alt_text":"hav6296","src":"https:\/\/i0.wp.com\/www.eurosource.se\/akhe\/wordpress\/wp-content\/uploads\/2013\/07\/hav6296.jpg?resize=350%2C200","width":350,"height":200},"classes":[]},{"id":22542,"url":"https:\/\/www.akehedman.se\/wordpress\/?p=22542","url_meta":{"origin":41482,"position":3},"title":"Julbyn","author":"\u00c5ke Hedman","date":"2016-12-15","format":false,"excerpt":"Efter \u00e4nnu en natt i bl\u00e5ljuset s\u00e5 kommer dagen. -10 sis\u00e5d\u00e4r. Rutor skall skrapas. Det knarrar under f\u00f6tterna. En vacker morgon. Byn blir lite av en tomteby den h\u00e4r tiden p\u00e5 \u00e5ret. Man vet var tomtefar, tomtemor och alla nissar bor. De flesta husens \u00e4gare \u00e4r k\u00e4nda. Japp, man k\u00e4nner\u2026","rel":"","context":"In &quot;Betraktelser &amp; Ber\u00e4ttelse&quot;","block_context":{"text":"Betraktelser &amp; Ber\u00e4ttelse","link":"https:\/\/www.akehedman.se\/wordpress\/?cat=24"},"img":{"alt_text":"","src":"https:\/\/i0.wp.com\/www.akehedman.se\/wordpress\/wp-content\/uploads\/2016\/12\/julbyn-1024x576.png?resize=350%2C200","width":350,"height":200,"srcset":"https:\/\/i0.wp.com\/www.akehedman.se\/wordpress\/wp-content\/uploads\/2016\/12\/julbyn-1024x576.png?resize=350%2C200 1x, https:\/\/i0.wp.com\/www.akehedman.se\/wordpress\/wp-content\/uploads\/2016\/12\/julbyn-1024x576.png?resize=525%2C300 1.5x"},"classes":[]},{"id":14859,"url":"https:\/\/www.akehedman.se\/wordpress\/?p=14859","url_meta":{"origin":41482,"position":4},"title":"Jag tror p\u00e5 k\u00e4rleken","author":"\u00c5ke Hedman","date":"2014-09-15","format":false,"excerpt":"Det finns g\u00e5nger n\u00e4r jag \u00f6nskade att jag hade en r\u00f6st. Att jag kunde s\u00e4ga ord som gjorde skillnad eftersom det fanns n\u00e5gon som lyssnade. Nu finns det inte det. Det \u00e4r andra som talar till massorna. S\u00e5 vad spelar n\u00e5gra av mina ord f\u00f6r roll. Om n\u00e5gon lyssnat, om\u2026","rel":"","context":"In &quot;Betraktelser &amp; Ber\u00e4ttelse&quot;","block_context":{"text":"Betraktelser &amp; Ber\u00e4ttelse","link":"https:\/\/www.akehedman.se\/wordpress\/?cat=24"},"img":{"alt_text":"hnder_134865494","src":"https:\/\/i0.wp.com\/www.eurosource.se\/akhe\/wordpress\/wp-content\/uploads\/2014\/09\/hnder_134865494.jpg?resize=350%2C200","width":350,"height":200},"classes":[]},{"id":19191,"url":"https:\/\/www.akehedman.se\/wordpress\/?p=19191","url_meta":{"origin":41482,"position":5},"title":"Upprepningens makt","author":"\u00c5ke Hedman","date":"2015-12-09","format":false,"excerpt":"Letar strumpor i omakal\u00e5dan eftersom mitt sista par \u00e4r mer h\u00e5l \u00e4n strumpa och kommer p\u00e5 en (bra) plot till en novell. Skall bara f\u00e5 tid att skriva den ocks\u00e5. Just d\u00e4r skulle jag velat ha mer tid. Men har inte och det \u00e4r s\u00e5klart som det \u00e4r med det.\u2026","rel":"","context":"In &quot;Betraktelser &amp; Ber\u00e4ttelse&quot;","block_context":{"text":"Betraktelser &amp; Ber\u00e4ttelse","link":"https:\/\/www.akehedman.se\/wordpress\/?cat=24"},"img":{"alt_text":"2015-12-09_09-22-05","src":"https:\/\/i0.wp.com\/www.akehedman.se\/wordpress\/wp-content\/uploads\/2015\/12\/2015-12-09_09-22-05.png?resize=350%2C200","width":350,"height":200,"srcset":"https:\/\/i0.wp.com\/www.akehedman.se\/wordpress\/wp-content\/uploads\/2015\/12\/2015-12-09_09-22-05.png?resize=350%2C200 1x, https:\/\/i0.wp.com\/www.akehedman.se\/wordpress\/wp-content\/uploads\/2015\/12\/2015-12-09_09-22-05.png?resize=525%2C300 1.5x, https:\/\/i0.wp.com\/www.akehedman.se\/wordpress\/wp-content\/uploads\/2015\/12\/2015-12-09_09-22-05.png?resize=700%2C400 2x"},"classes":[]}],"jetpack_shortlink":"https:\/\/wp.me\/p68PL2-aN4","_links":{"self":[{"href":"https:\/\/www.akehedman.se\/wordpress\/index.php?rest_route=\/wp\/v2\/posts\/41482","targetHints":{"allow":["GET"]}}],"collection":[{"href":"https:\/\/www.akehedman.se\/wordpress\/index.php?rest_route=\/wp\/v2\/posts"}],"about":[{"href":"https:\/\/www.akehedman.se\/wordpress\/index.php?rest_route=\/wp\/v2\/types\/post"}],"author":[{"embeddable":true,"href":"https:\/\/www.akehedman.se\/wordpress\/index.php?rest_route=\/wp\/v2\/users\/24"}],"replies":[{"embeddable":true,"href":"https:\/\/www.akehedman.se\/wordpress\/index.php?rest_route=%2Fwp%2Fv2%2Fcomments&post=41482"}],"version-history":[{"count":1,"href":"https:\/\/www.akehedman.se\/wordpress\/index.php?rest_route=\/wp\/v2\/posts\/41482\/revisions"}],"predecessor-version":[{"id":41484,"href":"https:\/\/www.akehedman.se\/wordpress\/index.php?rest_route=\/wp\/v2\/posts\/41482\/revisions\/41484"}],"wp:attachment":[{"href":"https:\/\/www.akehedman.se\/wordpress\/index.php?rest_route=%2Fwp%2Fv2%2Fmedia&parent=41482"}],"wp:term":[{"taxonomy":"category","embeddable":true,"href":"https:\/\/www.akehedman.se\/wordpress\/index.php?rest_route=%2Fwp%2Fv2%2Fcategories&post=41482"},{"taxonomy":"post_tag","embeddable":true,"href":"https:\/\/www.akehedman.se\/wordpress\/index.php?rest_route=%2Fwp%2Fv2%2Ftags&post=41482"}],"curies":[{"name":"wp","href":"https:\/\/api.w.org\/{rel}","templated":true}]}}