{"id":41472,"date":"2022-03-08T23:43:30","date_gmt":"2022-03-08T22:43:30","guid":{"rendered":"https:\/\/www.akehedman.se\/wordpress\/?p=41472"},"modified":"2022-03-08T23:43:30","modified_gmt":"2022-03-08T22:43:30","slug":"sjalva-karnan","status":"publish","type":"post","link":"https:\/\/www.akehedman.se\/wordpress\/?p=41472","title":{"rendered":"Sj\u00e4lva k\u00e4rnan"},"content":{"rendered":"\n<figure class=\"wp-block-image size-full\"><img data-recalc-dims=\"1\" loading=\"lazy\" decoding=\"async\" width=\"580\" height=\"441\" src=\"https:\/\/i0.wp.com\/www.akehedman.se\/wordpress\/wp-content\/uploads\/2022\/03\/1646738059275.jpeg?resize=580%2C441&#038;ssl=1\" alt=\"\" class=\"wp-image-41473\" srcset=\"https:\/\/i0.wp.com\/www.akehedman.se\/wordpress\/wp-content\/uploads\/2022\/03\/1646738059275.jpeg?w=800&amp;ssl=1 800w, https:\/\/i0.wp.com\/www.akehedman.se\/wordpress\/wp-content\/uploads\/2022\/03\/1646738059275.jpeg?resize=300%2C228&amp;ssl=1 300w, https:\/\/i0.wp.com\/www.akehedman.se\/wordpress\/wp-content\/uploads\/2022\/03\/1646738059275.jpeg?resize=768%2C584&amp;ssl=1 768w\" sizes=\"auto, (max-width: 580px) 100vw, 580px\" \/><\/figure>\n\n\n\n<p class=\"wp-block-paragraph\">Det blir liksom inte s\u00e5 mycket p\u00e5 &#8220;riktigt&#8221; idag. F\u00f6rst <a href=\"https:\/\/akehedman.se\/topplista\/?fbclid=IwAR2IMakumI7xvpOZa87D0Ib9B8oeAcESSxseLqeMw8pGHtSvpkdqF7EF3Uo\" data-type=\"URL\" data-id=\"https:\/\/akehedman.se\/topplista\/?fbclid=IwAR2IMakumI7xvpOZa87D0Ib9B8oeAcESSxseLqeMw8pGHtSvpkdqF7EF3Uo\">H\u00e4lsingetoppen<\/a>, sen ljudkortet. Har inte tid med n\u00e5gon av dom d\u00e4r men det blir s\u00e5 \u00e4nd\u00e5. Just det d\u00e4r med H\u00e4lsingetoppen har jag funderat p\u00e5 l\u00e4nge.  Jod\u00e5 trotts att man sj\u00e4lv f\u00f6r evigt har en plats d\u00e4r bland bottenskrapet. Nope inte r\u00e4dd f\u00f6r det. D\u00e4r h\u00f6r jag v\u00e4l hemma. Att uppdateringar tar f\u00f6r mycket tid \u00e4r min enda r\u00e4dsla i det d\u00e4r. Genereras g\u00f6rs den automatiskt (s\u00e5klart) s\u00e5 fort artister \u00e4r inmatade. <\/p>\n\n\n\n<p class=\"wp-block-paragraph\">Sen ljudkortet. Mans m\u00e5ste ju test s\u00e5 att allt fungerar. Ja och det verkar det g\u00f6ra. M\u00f6jligen d\u00e5 med undantag f\u00f6r n\u00e5gra programvaror som r\u00f6r sig kring h\u00e5rdvaran. N\u00e4r jag s\u00f6ker p\u00e5 n\u00e4tet efter information ser jag flera som s\u00e4ger att det h\u00e4r &#8220;<em>\u00e4r gamla grejer som det \u00e4r dagas att byta ut<\/em>&#8220;. Men duger \u00e5t mig. Mycket b\u00e4ttre \u00e4n jag haft ett tag nu. Samma grupp av m\u00e4nniskor sa v\u00e4l samma sak p\u00e5 60-talet om sin Fender Stratocaster&#8230;.<\/p>\n\n\n\n<p class=\"wp-block-paragraph\">Jo musik handlar mycket om grejer. Mer \u00e4n om musik. Ja och om regler. Vinyl\u00e4lskare erk\u00e4nner v\u00e4l knappast att de \u00e4r \u00e4lskare av plast mer \u00e4n av musik. Pluginsamlarna att de lika g\u00e4rna kunde ha samlat p\u00e5 plasttomtar. Billigare. Ja och hur m\u00e5nga gitarrer beh\u00f6ver man egentligen kan man fr\u00e5ga r\u00e4tt m\u00e5nga i branschen ocks\u00e5. Eller knappar&#8230; Osv. Musiken kommer i skymundan.  <\/p>\n\n\n\n<p class=\"wp-block-paragraph\">Fast om man \u00e4r en musikkl\u00e5pare som mig s\u00e5 beh\u00f6ver man inte bry sig om n\u00e5got av det d\u00e4r. Man g\u00f6r sin &#8220;musik&#8221;. Vet att de som &#8220;<em>ber\u00f6mmer<\/em>&#8221; g\u00f6r det bara f\u00f6r att vara sn\u00e4lla. Men man g\u00f6r ny &#8220;musik&#8221; i alla fall. F\u00f6r att man m\u00e5ste.<\/p>\n\n\n\n<p class=\"wp-block-paragraph\">Ibland har jag \u00f6nskat att jag har en r\u00f6st. Men det har aldrig varit s\u00e5. De flesta h\u00f6r inte vad en s\u00e5n som jag s\u00e4ger s\u00e5klart.  Som yngre undrade man om man faktiskt inte h\u00f6rdes. Om man beh\u00f6vde h\u00f6ja r\u00f6sten. Nu har man tystnat. Jag ber\u00e4ttar s\u00e4llan saker muntligt f\u00f6r n\u00e5gon l\u00e4ngre eftersom ingen n\u00e5gonsin \u00e4r intresserad. De flesta ber\u00e4ttar hellre om sitt. Jo jag lyssnar g\u00e4rna. H\u00e4r p\u00e5 bloggen skriver jag iof m\u00e5nga ord. Men varje mening h\u00e4r \u00e4r inte mer \u00e4n en tanke inne i en ocool gubbes huvud. Det finns ingen f\u00f6rv\u00e4ntan om att n\u00e5gon skall l\u00e4sa den. Eller f\u00f6rst\u00e5 vad den handlar om. Skummande \u00e4r det b\u00e4sta man kan hoppas p\u00e5. Allt \u00e4r gl\u00f6mt innan man n\u00e5tt till punkt &#8220;.&#8221;. <\/p>\n\n\n\n<p class=\"wp-block-paragraph\">Situationen i Ukraina trycker ner och f\u00f6rlamar. S\u00e5 mycket el\u00e4nde f\u00f6r ingenting. Rapporter om \u00f6vergrepp och v\u00e5ldt\u00e4kter p\u00e5 civila ramlar in. Ondskan \u00e4r l\u00f6s i Europa. Men ljus ocks\u00e5 . En v\u00e4rld som reagerar f\u00f6r en g\u00e5ng skull. Det kommer inte bara ett &#8220;jaha&#8221; den h\u00e4r g\u00e5ngen. Jag tor inte Putin och hans anhang r\u00e4knade med den motreaktion man m\u00f6tt. Men de \u00e4r ett vilset folk ryssarna. F\u00f6rda bakom ljuset och sanningen under s\u00e5 l\u00e5ng tid att deras kr\u00f6kta ryggar har blivit fastl\u00e5sta. T\u00e4nk om de reste sig upp som en man alla goda krafter i det d\u00e4r stora landet och kastade ut &#8220;herrarna&#8221;. Ja v\u00e4gen till demokrati b\u00f6rjar d\u00e4r. En v\u00e4g som \u00e4r l\u00e5ng och sv\u00e5r att vandra. En v\u00e4g man m\u00e5ste vandra varsamt p\u00e5 ocks\u00e5 n\u00e4r man uppn\u00e5tt de demokratiska m\u00e5len.<\/p>\n\n\n\n<p class=\"wp-block-paragraph\">S\u00e5 varf\u00f6r skriver jag det h\u00e4r sista stycket. Det finns ingen mening med de d\u00e4r orden. Nope. Men de \u00e4r sk\u00f6na att f\u00e5 ur sig om man inte har n\u00e5gon att verbalt kasta dem mot. <\/p>\n\n\n\n<p class=\"wp-block-paragraph\">Men jag tror att den h\u00e4r tisdagen f\u00e5r f\u00f6ras till loggb\u00f6ckernas v\u00e4rld som en dag som bara gick. Tycker iof jag kan vara v\u00e4rd en s\u00e5dan dag mitt i veckan \u00e4nd\u00e5. Nya tag imorgon helt enkelt.<\/p>\n","protected":false},"excerpt":{"rendered":"<p>Det blir liksom inte s\u00e5 mycket p\u00e5 &#8220;riktigt&#8221; idag. F\u00f6rst H\u00e4lsingetoppen, sen ljudkortet. Har inte tid med n\u00e5gon av dom d\u00e4r men det blir s\u00e5 \u00e4nd\u00e5. Just det d\u00e4r med H\u00e4lsingetoppen har jag funderat p\u00e5 l\u00e4nge. Jod\u00e5 trotts att man sj\u00e4lv f\u00f6r evigt har en plats d\u00e4r bland bottenskrapet. Nope inte r\u00e4dd f\u00f6r det. D\u00e4r [&hellip;]<\/p>\n","protected":false},"author":24,"featured_media":0,"comment_status":"open","ping_status":"open","sticky":false,"template":"","format":"standard","meta":{"_crdt_document":"","jetpack_post_was_ever_published":false,"_jetpack_newsletter_access":"","_jetpack_dont_email_post_to_subs":false,"_jetpack_newsletter_tier_id":0,"_jetpack_memberships_contains_paywalled_content":false,"_jetpack_memberships_contains_paid_content":false,"footnotes":"","jetpack_publicize_message":"","jetpack_publicize_feature_enabled":true,"jetpack_social_post_already_shared":true,"jetpack_social_options":{"image_generator_settings":{"template":"highway","default_image_id":0,"font":"","enabled":false},"version":2}},"categories":[24],"tags":[],"class_list":["post-41472","post","type-post","status-publish","format-standard","hentry","category-betraktelser"],"jetpack_publicize_connections":[],"jetpack_featured_media_url":"","jetpack_sharing_enabled":true,"jetpack_likes_enabled":true,"jetpack-related-posts":[{"id":46616,"url":"https:\/\/www.akehedman.se\/wordpress\/?p=46616","url_meta":{"origin":41472,"position":0},"title":"F\u00f6r en femma och en luftpicka","author":"\u00c5ke Hedman","date":"2023-12-02","format":false,"excerpt":"Photo by Pixabay on Pexels.com Jaha. Suck. Pojkbandet Engmans kapell i mellon. Larry Forsberg trio skriver l\u00e5ten. Ganska illam\u00e5ende blir man ju. Eller mycket till och med. V\u00e4rlden sprutar ur sig skit. Och d\u00e5 har jag inte h\u00f6rt l\u00e5ten. Det du! NEJ! Man beh\u00f6ver inte ens det. Den kommer att\u2026","rel":"","context":"In &quot;Betraktelser &amp; Ber\u00e4ttelse&quot;","block_context":{"text":"Betraktelser &amp; Ber\u00e4ttelse","link":"https:\/\/www.akehedman.se\/wordpress\/?cat=24"},"img":{"alt_text":"dangerous crime safety security","src":"https:\/\/i0.wp.com\/www.akehedman.se\/wordpress\/wp-content\/uploads\/2023\/12\/firearm-handgun-revolver-gun-53351.jpeg?resize=350%2C200&ssl=1","width":350,"height":200,"srcset":"https:\/\/i0.wp.com\/www.akehedman.se\/wordpress\/wp-content\/uploads\/2023\/12\/firearm-handgun-revolver-gun-53351.jpeg?resize=350%2C200&ssl=1 1x, https:\/\/i0.wp.com\/www.akehedman.se\/wordpress\/wp-content\/uploads\/2023\/12\/firearm-handgun-revolver-gun-53351.jpeg?resize=525%2C300&ssl=1 1.5x, https:\/\/i0.wp.com\/www.akehedman.se\/wordpress\/wp-content\/uploads\/2023\/12\/firearm-handgun-revolver-gun-53351.jpeg?resize=700%2C400&ssl=1 2x"},"classes":[]},{"id":42504,"url":"https:\/\/www.akehedman.se\/wordpress\/?p=42504","url_meta":{"origin":41472,"position":1},"title":"Fredag","author":"\u00c5ke Hedman","date":"2022-08-12","format":false,"excerpt":"Photo by Rodolfo Clix on Pexels.com H\u00e4lsingetoppen publicerad. Backuperna fixade. I den ordningen. Alltid. Nu \u00e4r det fredag. En helt vanlig dag i veckan. I alla fall fram emot kv\u00e4llen. Den som \u00e4r ledig och alltid har varit det (om det g\u00e5tt). Jo fredagskv\u00e4llar har varit heliga i mitt liv.\u2026","rel":"","context":"In &quot;Swedish&quot;","block_context":{"text":"Swedish","link":"https:\/\/www.akehedman.se\/wordpress\/?cat=2"},"img":{"alt_text":"silhouette image of person praying","src":"https:\/\/i0.wp.com\/www.akehedman.se\/wordpress\/wp-content\/uploads\/2022\/08\/pexels-photo-1615776.jpeg?resize=350%2C200&ssl=1","width":350,"height":200,"srcset":"https:\/\/i0.wp.com\/www.akehedman.se\/wordpress\/wp-content\/uploads\/2022\/08\/pexels-photo-1615776.jpeg?resize=350%2C200&ssl=1 1x, https:\/\/i0.wp.com\/www.akehedman.se\/wordpress\/wp-content\/uploads\/2022\/08\/pexels-photo-1615776.jpeg?resize=525%2C300&ssl=1 1.5x, https:\/\/i0.wp.com\/www.akehedman.se\/wordpress\/wp-content\/uploads\/2022\/08\/pexels-photo-1615776.jpeg?resize=700%2C400&ssl=1 2x"},"classes":[]},{"id":46619,"url":"https:\/\/www.akehedman.se\/wordpress\/?p=46619","url_meta":{"origin":41472,"position":2},"title":"Brummar runt","author":"\u00c5ke Hedman","date":"2023-12-03","format":false,"excerpt":"Photo by Nathan Salt on Pexels.com Bolln\u00e4s p\u00e5 fredag. Uppsala p\u00e5 l\u00f6rdag, Ljusdal p\u00e5 s\u00f6ndag. Nu har det \u00e5kts bil s\u00e5 det r\u00e4cker ett tag. Iof \u00e4r det Bolln\u00e4s p\u00e5 fredag ocks\u00e5 och Ving\u00e5ker fredagen efter. Men \u00e5tminstone n\u00e5gra dagar f\u00e5r bilen st\u00e5 d\u00e4r den st\u00e5r i stallet. M\u00f6jligen endast\u2026","rel":"","context":"In &quot;Swedish&quot;","block_context":{"text":"Swedish","link":"https:\/\/www.akehedman.se\/wordpress\/?cat=2"},"img":{"alt_text":"photo of man riding red motor scooter","src":"https:\/\/i0.wp.com\/www.akehedman.se\/wordpress\/wp-content\/uploads\/2023\/12\/pexels-photo-2549355.jpeg?resize=350%2C200&ssl=1","width":350,"height":200,"srcset":"https:\/\/i0.wp.com\/www.akehedman.se\/wordpress\/wp-content\/uploads\/2023\/12\/pexels-photo-2549355.jpeg?resize=350%2C200&ssl=1 1x, https:\/\/i0.wp.com\/www.akehedman.se\/wordpress\/wp-content\/uploads\/2023\/12\/pexels-photo-2549355.jpeg?resize=525%2C300&ssl=1 1.5x, https:\/\/i0.wp.com\/www.akehedman.se\/wordpress\/wp-content\/uploads\/2023\/12\/pexels-photo-2549355.jpeg?resize=700%2C400&ssl=1 2x"},"classes":[]},{"id":42543,"url":"https:\/\/www.akehedman.se\/wordpress\/?p=42543","url_meta":{"origin":41472,"position":3},"title":"Det enkla","author":"\u00c5ke Hedman","date":"2022-08-18","format":false,"excerpt":"Photo by Jeffrey Czum on Pexels.com P\u00e5 kontoret igen. G\u00e5r leendes in h\u00e4r. Det \u00e4r h\u00e4r jag vill vara. Har det klart f\u00f6r mig sen m\u00e5nga m\u00e5nga \u00e5r. Mitt v\u00e4rv h\u00e4r \u00e4r ocks\u00e5 mitt liv. Mitt livsverk utvecklas inom de h\u00e4r v\u00e4ggarna. S\u00e5 \u00e4r det. Inget m\u00e4rkv\u00e4rdigt med det. Bara\u2026","rel":"","context":"In &quot;Swedish&quot;","block_context":{"text":"Swedish","link":"https:\/\/www.akehedman.se\/wordpress\/?cat=2"},"img":{"alt_text":"house in the middle of crop field","src":"https:\/\/i0.wp.com\/www.akehedman.se\/wordpress\/wp-content\/uploads\/2022\/08\/pexels-photo-3330118.jpeg?resize=350%2C200&ssl=1","width":350,"height":200,"srcset":"https:\/\/i0.wp.com\/www.akehedman.se\/wordpress\/wp-content\/uploads\/2022\/08\/pexels-photo-3330118.jpeg?resize=350%2C200&ssl=1 1x, https:\/\/i0.wp.com\/www.akehedman.se\/wordpress\/wp-content\/uploads\/2022\/08\/pexels-photo-3330118.jpeg?resize=525%2C300&ssl=1 1.5x, https:\/\/i0.wp.com\/www.akehedman.se\/wordpress\/wp-content\/uploads\/2022\/08\/pexels-photo-3330118.jpeg?resize=700%2C400&ssl=1 2x, https:\/\/i0.wp.com\/www.akehedman.se\/wordpress\/wp-content\/uploads\/2022\/08\/pexels-photo-3330118.jpeg?resize=1050%2C600&ssl=1 3x"},"classes":[]},{"id":42580,"url":"https:\/\/www.akehedman.se\/wordpress\/?p=42580","url_meta":{"origin":41472,"position":4},"title":"Obrutet \u00e4r b\u00e4st","author":"\u00c5ke Hedman","date":"2022-08-22","format":false,"excerpt":"Photo by GEORGE DESIPRIS on Pexels.com M\u00e5ndag och obruten vecka framf\u00f6r sig. Man r\u00e4knar med en del funna guldklimpar fortfarande. F\u00f6rhoppningar som avtar mot fredagen. Lika varje vecka. Oftast k\u00e4nner man inte att man hinner fram hela v\u00e4gen. Tiden rusar n\u00e4mligen fram i min \u00e5lder. Ett \u00e5r \u00e4r inte s\u00e5\u2026","rel":"","context":"In &quot;Swedish&quot;","block_context":{"text":"Swedish","link":"https:\/\/www.akehedman.se\/wordpress\/?cat=2"},"img":{"alt_text":"brown boat on body of water towards tunnel","src":"https:\/\/i0.wp.com\/www.akehedman.se\/wordpress\/wp-content\/uploads\/2022\/08\/pexels-photo-723023.jpeg?resize=350%2C200&ssl=1","width":350,"height":200,"srcset":"https:\/\/i0.wp.com\/www.akehedman.se\/wordpress\/wp-content\/uploads\/2022\/08\/pexels-photo-723023.jpeg?resize=350%2C200&ssl=1 1x, https:\/\/i0.wp.com\/www.akehedman.se\/wordpress\/wp-content\/uploads\/2022\/08\/pexels-photo-723023.jpeg?resize=525%2C300&ssl=1 1.5x, https:\/\/i0.wp.com\/www.akehedman.se\/wordpress\/wp-content\/uploads\/2022\/08\/pexels-photo-723023.jpeg?resize=700%2C400&ssl=1 2x, https:\/\/i0.wp.com\/www.akehedman.se\/wordpress\/wp-content\/uploads\/2022\/08\/pexels-photo-723023.jpeg?resize=1050%2C600&ssl=1 3x"},"classes":[]},{"id":21741,"url":"https:\/\/www.akehedman.se\/wordpress\/?p=21741","url_meta":{"origin":41472,"position":5},"title":"St\u00e4da?","author":"\u00c5ke Hedman","date":"2016-10-06","format":false,"excerpt":"St\u00e4da. Japp Torsdag. Funderar om jag inte har f\u00f6r ont i huvudet f\u00f6r att st\u00e4da. Men eftersom jag tagit en Alvedon \u00e4r svaret ett solklart nej. \u00c5tminstone ljuger jag inte f\u00f6r mig sj\u00e4lv. Men kanske har jag f\u00f6r mycket att g\u00f6ra helt enkelt... Man f\u00f6rs\u00f6ker... men inte ens det fungerar\u2026","rel":"","context":"In &quot;Betraktelser &amp; Ber\u00e4ttelse&quot;","block_context":{"text":"Betraktelser &amp; Ber\u00e4ttelse","link":"https:\/\/www.akehedman.se\/wordpress\/?cat=24"},"img":{"alt_text":"thsevtwkr8","src":"https:\/\/i0.wp.com\/www.akehedman.se\/wordpress\/wp-content\/uploads\/2016\/10\/thSEVTWKR8.jpg?resize=350%2C200","width":350,"height":200},"classes":[]}],"jetpack_shortlink":"https:\/\/wp.me\/p68PL2-aMU","_links":{"self":[{"href":"https:\/\/www.akehedman.se\/wordpress\/index.php?rest_route=\/wp\/v2\/posts\/41472","targetHints":{"allow":["GET"]}}],"collection":[{"href":"https:\/\/www.akehedman.se\/wordpress\/index.php?rest_route=\/wp\/v2\/posts"}],"about":[{"href":"https:\/\/www.akehedman.se\/wordpress\/index.php?rest_route=\/wp\/v2\/types\/post"}],"author":[{"embeddable":true,"href":"https:\/\/www.akehedman.se\/wordpress\/index.php?rest_route=\/wp\/v2\/users\/24"}],"replies":[{"embeddable":true,"href":"https:\/\/www.akehedman.se\/wordpress\/index.php?rest_route=%2Fwp%2Fv2%2Fcomments&post=41472"}],"version-history":[{"count":1,"href":"https:\/\/www.akehedman.se\/wordpress\/index.php?rest_route=\/wp\/v2\/posts\/41472\/revisions"}],"predecessor-version":[{"id":41474,"href":"https:\/\/www.akehedman.se\/wordpress\/index.php?rest_route=\/wp\/v2\/posts\/41472\/revisions\/41474"}],"wp:attachment":[{"href":"https:\/\/www.akehedman.se\/wordpress\/index.php?rest_route=%2Fwp%2Fv2%2Fmedia&parent=41472"}],"wp:term":[{"taxonomy":"category","embeddable":true,"href":"https:\/\/www.akehedman.se\/wordpress\/index.php?rest_route=%2Fwp%2Fv2%2Fcategories&post=41472"},{"taxonomy":"post_tag","embeddable":true,"href":"https:\/\/www.akehedman.se\/wordpress\/index.php?rest_route=%2Fwp%2Fv2%2Ftags&post=41472"}],"curies":[{"name":"wp","href":"https:\/\/api.w.org\/{rel}","templated":true}]}}