{"id":41462,"date":"2022-03-08T09:38:01","date_gmt":"2022-03-08T08:38:01","guid":{"rendered":"https:\/\/www.akehedman.se\/wordpress\/?p=41462"},"modified":"2022-03-08T09:38:01","modified_gmt":"2022-03-08T08:38:01","slug":"trettio","status":"publish","type":"post","link":"https:\/\/www.akehedman.se\/wordpress\/?p=41462","title":{"rendered":"Trettio"},"content":{"rendered":"<div class=\"wp-block-image\">\n<figure class=\"aligncenter size-full\"><img data-recalc-dims=\"1\" loading=\"lazy\" decoding=\"async\" width=\"580\" height=\"870\" src=\"https:\/\/i0.wp.com\/www.akehedman.se\/wordpress\/wp-content\/uploads\/2022\/03\/pexels-photo-2190381.jpeg?resize=580%2C870&#038;ssl=1\" alt=\"cupcake with sparkler\" class=\"wp-image-41463\" srcset=\"https:\/\/i0.wp.com\/www.akehedman.se\/wordpress\/wp-content\/uploads\/2022\/03\/pexels-photo-2190381.jpeg?w=867&amp;ssl=1 867w, https:\/\/i0.wp.com\/www.akehedman.se\/wordpress\/wp-content\/uploads\/2022\/03\/pexels-photo-2190381.jpeg?resize=200%2C300&amp;ssl=1 200w, https:\/\/i0.wp.com\/www.akehedman.se\/wordpress\/wp-content\/uploads\/2022\/03\/pexels-photo-2190381.jpeg?resize=683%2C1024&amp;ssl=1 683w, https:\/\/i0.wp.com\/www.akehedman.se\/wordpress\/wp-content\/uploads\/2022\/03\/pexels-photo-2190381.jpeg?resize=768%2C1152&amp;ssl=1 768w\" sizes=\"auto, (max-width: 580px) 100vw, 580px\" \/><figcaption>Photo by Genaro Serv\u00edn on <a href=\"https:\/\/www.pexels.com\/photo\/cupcake-with-sparkler-2190381\/\" rel=\"nofollow\">Pexels.com<\/a><\/figcaption><\/figure>\n<\/div>\n\n\n<p class=\"wp-block-paragraph\">Yngste sonen fyller trettio idag. Sv\u00e5rt att ta in p\u00e5 alla s\u00e4tt och vis. Jag f\u00f6rs\u00f6ker minnas hur man upplevde v\u00e4rlden sj\u00e4lv som trettio\u00e5ring. Ja Stockholm. T\u00e4by. D\u00e4r bodde vi. Inb\u00e4ddad programmering. Jobbade j\u00e4mt. Men vi var nog p\u00e5 v\u00e4g hit redan d\u00e5, f\u00f6r kamraterna p\u00e5 kanalv\u00e4gen gav mig en yxa men en inskription p\u00e5 till mig som present. Jo jag har den kvar. Borde slipas. F\u00f6r det \u00e4r en fin yxa. Anv\u00e4ndbar till vedklyvning. H\u00e5ller en generation till. Eller tre.<\/p>\n\n\n\n<p class=\"wp-block-paragraph\">\u00c4nd\u00e5 var det 1986 d\u00e5. Farsan var sextiofyra och man tyckte nog att han var urgammal. Ja morsan med s\u00e5klart. Ett \u00e5r yngre. Sj\u00e4lv \u00e4r man allts\u00e5 \u00e4ldre nu \u00e4n vad dom var d\u00e5. Otrolig tanke. <\/p>\n\n\n\n<p class=\"wp-block-paragraph\">Men man var b\u00e4st i v\u00e4rlden d\u00e5 s\u00e5klart. Kunde allt. Visste allt. V\u00e5gade allt. Det tog n\u00e5gra \u00e5r d\u00e4rifr\u00e5n innan \u00f6dmjukheten hann ifatt en igen efter Uppsala och universitetet. <\/p>\n\n\n\n<p class=\"wp-block-paragraph\">Jag minns en g\u00e5ng, troligen under den d\u00e4r h\u00f6sten, n\u00e4r jag \u00e5kte upp till farsan. N\u00e4r jag knallade in hade han lagt tv\u00e5 korvar i br\u00f6d till hunden vid hundsk\u00e5len. S\u00e5klart hunden skulle ha samma mat som han skulle \u00e4ta.  Jag fattade s\u00e5klart hur mycket den d\u00e4r hunden verkligen betydde f\u00f6r honom fast den inte ens var hans. Men flinade lite \u00e5t det d\u00e4r d\u00e5. Men uppskattar k\u00e4rleken till och fr\u00e5n en katt (eller tv\u00e5 stycken) p\u00e5 samma s\u00e4tt jag med idag. Man tar den k\u00e4rlek man f\u00e5r.<\/p>\n\n\n\n<p class=\"wp-block-paragraph\">Ett annat minne fr\u00e5n den d\u00e4r g\u00e5ngen \u00e4r stj\u00e4rnhimlen. D\u00e4r ute d\u00e4r inga ljus fanns var den enorm och klar och m\u00e4ktig. Man var n\u00e4r han\/hon\/det\/gud.  F\u00f6rresten m\u00e5ste det ha varit p\u00e5 v\u00e5ren f\u00f6r jag h\u00f6rde en morkulla flyga f\u00f6rbi n\u00e4r jag stod d\u00e4r ute under o\u00e4ndligheten minns jag. <\/p>\n\n\n\n<p class=\"wp-block-paragraph\">Men yngste sonen trettio idag allts\u00e5. Den \u00e4ldste tre \u00e5r \u00e4ldre. H\u00e4rifr\u00e5n f\u00e5r dom klara sig sj\u00e4lva. Dom \u00e4r vuxna nu precis som jag var (ganska) vuxen d\u00e5. Dom har egna liv. M\u00e5ste ta sina egna beslut och v\u00e4gval helt oberoende av oss &#8220;gamla&#8221;.  Det \u00e4r dom som skall vara kvar n\u00e4r vi en g\u00e5ng \u00e4r borta. Kanske t\u00e4nka p\u00e5 samma s\u00e4tt en dag om mig och oss. Och inse att precis som farsan (troligen) inte k\u00e4nde sig gammal den d\u00e4r dan s\u00e5 g\u00f6r inte jag inte det heller och det kommer antagligen inte dom heller att g\u00f6ra. \u00c4nd\u00e5 tar ett liv slut under den d\u00e4r v\u00e4ntan p\u00e5 att \u00e4ntligen bli vuxen och gammal. Men \u00e4r man trettio \u00e4r det l\u00e5ngt dit s\u00e5klart.<\/p>\n","protected":false},"excerpt":{"rendered":"<p>Yngste sonen fyller trettio idag. Sv\u00e5rt att ta in p\u00e5 alla s\u00e4tt och vis. Jag f\u00f6rs\u00f6ker minnas hur man upplevde v\u00e4rlden sj\u00e4lv som trettio\u00e5ring. Ja Stockholm. T\u00e4by. D\u00e4r bodde vi. Inb\u00e4ddad programmering. Jobbade j\u00e4mt. Men vi var nog p\u00e5 v\u00e4g hit redan d\u00e5, f\u00f6r kamraterna p\u00e5 kanalv\u00e4gen gav mig en yxa men en inskription p\u00e5 [&hellip;]<\/p>\n","protected":false},"author":24,"featured_media":0,"comment_status":"open","ping_status":"open","sticky":false,"template":"","format":"standard","meta":{"_crdt_document":"","jetpack_post_was_ever_published":false,"_jetpack_newsletter_access":"","_jetpack_dont_email_post_to_subs":false,"_jetpack_newsletter_tier_id":0,"_jetpack_memberships_contains_paywalled_content":false,"_jetpack_memberships_contains_paid_content":false,"footnotes":"","jetpack_publicize_message":"","jetpack_publicize_feature_enabled":true,"jetpack_social_post_already_shared":true,"jetpack_social_options":{"image_generator_settings":{"template":"highway","default_image_id":0,"font":"","enabled":false},"version":2}},"categories":[24],"tags":[],"class_list":["post-41462","post","type-post","status-publish","format-standard","hentry","category-betraktelser"],"jetpack_publicize_connections":[],"jetpack_featured_media_url":"","jetpack_sharing_enabled":true,"jetpack_likes_enabled":true,"jetpack-related-posts":[{"id":20269,"url":"https:\/\/www.akehedman.se\/wordpress\/?p=20269","url_meta":{"origin":41462,"position":0},"title":"Trettio \u00e5r, precis idag","author":"\u00c5ke Hedman","date":"2016-05-01","format":false,"excerpt":"Idag. Precis idag har vi d\u00e5 bott h\u00e4r i Los i trettio \u00e5r. Herregud! Jag har aldrig bott l\u00e4ngre sammanh\u00e5llen tid p\u00e5 n\u00e5gon annan plats. Nej inte ens i Edsbyn d\u00e4r jag \u00e4nd\u00e5 k\u00e4nner att jag kanske har en eller tv\u00e5 eller ibland till och med tre r\u00f6tter nedstuckna. Det\u2026","rel":"","context":"In &quot;Betraktelser &amp; Ber\u00e4ttelse&quot;","block_context":{"text":"Betraktelser &amp; Ber\u00e4ttelse","link":"https:\/\/www.akehedman.se\/wordpress\/?cat=24"},"img":{"alt_text":"250px-White-Wagtail","src":"https:\/\/i0.wp.com\/www.akehedman.se\/wordpress\/wp-content\/uploads\/2016\/05\/250px-White-Wagtail.jpg?resize=350%2C200","width":350,"height":200},"classes":[]},{"id":22007,"url":"https:\/\/www.akehedman.se\/wordpress\/?p=22007","url_meta":{"origin":41462,"position":1},"title":"Att festa","author":"\u00c5ke Hedman","date":"2016-11-02","format":false,"excerpt":"Farsan hade inga problem med att fylla j\u00e4mnt. Fest. Folket kom i drivor. Han den sj\u00e4lvklara medelpunkten. Tacksam. Trivdes. Femtio. Sextio. Sjuttio och s\u00e5 d\u00f6d. Jod\u00e5 kyrkan var fullsatt p\u00e5 begravningen och efterf\u00f6ljande kyrkkaffe likas\u00e5. Sj\u00e4lv har jag haft sv\u00e5rare f\u00f6r det d\u00e4r. Att bjuda in till fest f\u00f6r att\u2026","rel":"","context":"In &quot;Betraktelser &amp; Ber\u00e4ttelse&quot;","block_context":{"text":"Betraktelser &amp; Ber\u00e4ttelse","link":"https:\/\/www.akehedman.se\/wordpress\/?cat=24"},"img":{"alt_text":"ballongsthlm","src":"https:\/\/i0.wp.com\/www.akehedman.se\/wordpress\/wp-content\/uploads\/2016\/07\/ballongsthlm.jpg?resize=350%2C200","width":350,"height":200,"srcset":"https:\/\/i0.wp.com\/www.akehedman.se\/wordpress\/wp-content\/uploads\/2016\/07\/ballongsthlm.jpg?resize=350%2C200 1x, https:\/\/i0.wp.com\/www.akehedman.se\/wordpress\/wp-content\/uploads\/2016\/07\/ballongsthlm.jpg?resize=525%2C300 1.5x"},"classes":[]},{"id":30616,"url":"https:\/\/www.akehedman.se\/wordpress\/?p=30616","url_meta":{"origin":41462,"position":2},"title":"Det d\u00e4r sista","author":"\u00c5ke Hedman","date":"2018-11-11","format":false,"excerpt":"Vinterf\u00f6rberedelser. H\u00e4mta mossa till ljusstakar, lingonris till kransar, flytta kompost fr\u00e5n de sm\u00e5 beh\u00e5llarna till den stora, allt det d\u00e4r fixar vi den h\u00e4r helgen. Vi hade nog t\u00e4nkt oss att f\u00e5 ner vitl\u00f6ken, skydda lite tr\u00e4d och buskar och fixa lite andra saker ocks\u00e5, men vila har sin tid,\u2026","rel":"","context":"In &quot;Betraktelser &amp; Ber\u00e4ttelse&quot;","block_context":{"text":"Betraktelser &amp; Ber\u00e4ttelse","link":"https:\/\/www.akehedman.se\/wordpress\/?cat=24"},"img":{"alt_text":"","src":"https:\/\/i0.wp.com\/www.akehedman.se\/wordpress\/wp-content\/uploads\/2018\/11\/IMG_20181110_150433370-1024x767.png?resize=350%2C200","width":350,"height":200,"srcset":"https:\/\/i0.wp.com\/www.akehedman.se\/wordpress\/wp-content\/uploads\/2018\/11\/IMG_20181110_150433370-1024x767.png?resize=350%2C200 1x, https:\/\/i0.wp.com\/www.akehedman.se\/wordpress\/wp-content\/uploads\/2018\/11\/IMG_20181110_150433370-1024x767.png?resize=525%2C300 1.5x"},"classes":[]},{"id":22581,"url":"https:\/\/www.akehedman.se\/wordpress\/?p=22581","url_meta":{"origin":41462,"position":3},"title":"Per Marner","author":"\u00c5ke Hedman","date":"2016-12-18","format":false,"excerpt":"S\u00e5 vinner d\u00f6dens byracka till slut. Hugger tag i det den vill ha, dra iv\u00e4g och l\u00e4mnar oss som \u00e4r kvar med saknaden och sorgen. Per Marner, min sv\u00e4rfar, K's pappa, s\u00f6nernas morfar, somnade in idag klockan halv sju efter en kort tids sjukdom. Ett liv \u00e4r till \u00e4nda. Ett\u2026","rel":"","context":"In &quot;Betraktelser &amp; Ber\u00e4ttelse&quot;","block_context":{"text":"Betraktelser &amp; Ber\u00e4ttelse","link":"https:\/\/www.akehedman.se\/wordpress\/?cat=24"},"img":{"alt_text":"","src":"https:\/\/i0.wp.com\/www.akehedman.se\/wordpress\/wp-content\/uploads\/2016\/09\/per_marner.jpg?resize=350%2C200","width":350,"height":200},"classes":[]},{"id":20219,"url":"https:\/\/www.akehedman.se\/wordpress\/?p=20219","url_meta":{"origin":41462,"position":4},"title":"M\u00e5ndagsmorgon","author":"\u00c5ke Hedman","date":"2016-04-25","format":false,"excerpt":"M\u00e5ndag morgon.Jag \u00e4lska den h\u00e4r dan.F\u00f6r just h\u00e4r, med en vecka framf\u00f6r mig, s\u00e5 finns hur mycket tid som helst. Allts\u00e5 \"j\u00e4vlar vad jag kommer hinna saker den h\u00e4r veckan\".\u00a0 Fredagar brukar det inte vara samma sak. Blekare. Man hann aldrig allt det d\u00e4r man s\u00e5 optimistiskt trodde man skulle\u2026","rel":"","context":"In &quot;Betraktelser &amp; Ber\u00e4ttelse&quot;","block_context":{"text":"Betraktelser &amp; Ber\u00e4ttelse","link":"https:\/\/www.akehedman.se\/wordpress\/?cat=24"},"img":{"alt_text":"roliga-bilder-antligen-mandag","src":"https:\/\/i0.wp.com\/www.akehedman.se\/wordpress\/wp-content\/uploads\/2016\/04\/roliga-bilder-antligen-mandag.jpg?resize=350%2C200","width":350,"height":200,"srcset":"https:\/\/i0.wp.com\/www.akehedman.se\/wordpress\/wp-content\/uploads\/2016\/04\/roliga-bilder-antligen-mandag.jpg?resize=350%2C200 1x, https:\/\/i0.wp.com\/www.akehedman.se\/wordpress\/wp-content\/uploads\/2016\/04\/roliga-bilder-antligen-mandag.jpg?resize=525%2C300 1.5x, https:\/\/i0.wp.com\/www.akehedman.se\/wordpress\/wp-content\/uploads\/2016\/04\/roliga-bilder-antligen-mandag.jpg?resize=700%2C400 2x"},"classes":[]},{"id":50547,"url":"https:\/\/www.akehedman.se\/wordpress\/?p=50547","url_meta":{"origin":41462,"position":5},"title":"Rinnande veckor","author":"\u00c5ke Hedman","date":"2025-10-14","format":false,"excerpt":"Photo by Pixabay on Pexels.com Redan tisdag. En m\u00e5ndag som gick bort. K\u00e4nns som veckan redan \u00e4r f\u00f6rst\u00f6rd. Hoppet st\u00e5r till morgondagen. Kanske g\u00e5r det att f\u00e5 n\u00e5got vettigt gjort d\u00e5. Den lokala aff\u00e4ren ringer idag och vill att jag skall titta p\u00e5 en kabel. Jag har verkligen inte tid\u2026","rel":"","context":"In &quot;Betraktelser &amp; Ber\u00e4ttelse&quot;","block_context":{"text":"Betraktelser &amp; Ber\u00e4ttelse","link":"https:\/\/www.akehedman.se\/wordpress\/?cat=24"},"img":{"alt_text":"black mountains under the stars at nighttime","src":"https:\/\/i0.wp.com\/www.akehedman.se\/wordpress\/wp-content\/uploads\/2025\/10\/pexels-photo-355465.jpeg?resize=350%2C200&ssl=1","width":350,"height":200,"srcset":"https:\/\/i0.wp.com\/www.akehedman.se\/wordpress\/wp-content\/uploads\/2025\/10\/pexels-photo-355465.jpeg?resize=350%2C200&ssl=1 1x, https:\/\/i0.wp.com\/www.akehedman.se\/wordpress\/wp-content\/uploads\/2025\/10\/pexels-photo-355465.jpeg?resize=525%2C300&ssl=1 1.5x, https:\/\/i0.wp.com\/www.akehedman.se\/wordpress\/wp-content\/uploads\/2025\/10\/pexels-photo-355465.jpeg?resize=700%2C400&ssl=1 2x, https:\/\/i0.wp.com\/www.akehedman.se\/wordpress\/wp-content\/uploads\/2025\/10\/pexels-photo-355465.jpeg?resize=1050%2C600&ssl=1 3x, https:\/\/i0.wp.com\/www.akehedman.se\/wordpress\/wp-content\/uploads\/2025\/10\/pexels-photo-355465.jpeg?resize=1400%2C800&ssl=1 4x"},"classes":[]}],"jetpack_shortlink":"https:\/\/wp.me\/s68PL2-trettio","_links":{"self":[{"href":"https:\/\/www.akehedman.se\/wordpress\/index.php?rest_route=\/wp\/v2\/posts\/41462","targetHints":{"allow":["GET"]}}],"collection":[{"href":"https:\/\/www.akehedman.se\/wordpress\/index.php?rest_route=\/wp\/v2\/posts"}],"about":[{"href":"https:\/\/www.akehedman.se\/wordpress\/index.php?rest_route=\/wp\/v2\/types\/post"}],"author":[{"embeddable":true,"href":"https:\/\/www.akehedman.se\/wordpress\/index.php?rest_route=\/wp\/v2\/users\/24"}],"replies":[{"embeddable":true,"href":"https:\/\/www.akehedman.se\/wordpress\/index.php?rest_route=%2Fwp%2Fv2%2Fcomments&post=41462"}],"version-history":[{"count":1,"href":"https:\/\/www.akehedman.se\/wordpress\/index.php?rest_route=\/wp\/v2\/posts\/41462\/revisions"}],"predecessor-version":[{"id":41464,"href":"https:\/\/www.akehedman.se\/wordpress\/index.php?rest_route=\/wp\/v2\/posts\/41462\/revisions\/41464"}],"wp:attachment":[{"href":"https:\/\/www.akehedman.se\/wordpress\/index.php?rest_route=%2Fwp%2Fv2%2Fmedia&parent=41462"}],"wp:term":[{"taxonomy":"category","embeddable":true,"href":"https:\/\/www.akehedman.se\/wordpress\/index.php?rest_route=%2Fwp%2Fv2%2Fcategories&post=41462"},{"taxonomy":"post_tag","embeddable":true,"href":"https:\/\/www.akehedman.se\/wordpress\/index.php?rest_route=%2Fwp%2Fv2%2Ftags&post=41462"}],"curies":[{"name":"wp","href":"https:\/\/api.w.org\/{rel}","templated":true}]}}