{"id":41417,"date":"2022-03-02T08:41:04","date_gmt":"2022-03-02T07:41:04","guid":{"rendered":"https:\/\/www.akehedman.se\/wordpress\/?p=41417"},"modified":"2022-03-02T11:40:00","modified_gmt":"2022-03-02T10:40:00","slug":"tolv-timmar-2","status":"publish","type":"post","link":"https:\/\/www.akehedman.se\/wordpress\/?p=41417","title":{"rendered":"Tolv timmar"},"content":{"rendered":"\n<div class=\"wp-block-image\"><figure class=\"aligncenter size-full\"><img data-recalc-dims=\"1\" loading=\"lazy\" decoding=\"async\" width=\"580\" height=\"410\" src=\"https:\/\/i0.wp.com\/www.akehedman.se\/wordpress\/wp-content\/uploads\/2022\/03\/business-time-clock-clocks-48770.jpeg?resize=580%2C410&#038;ssl=1\" alt=\"london new york tokyo and moscow clocks\" class=\"wp-image-41418\" srcset=\"https:\/\/i0.wp.com\/www.akehedman.se\/wordpress\/wp-content\/uploads\/2022\/03\/business-time-clock-clocks-48770.jpeg?w=1838&amp;ssl=1 1838w, https:\/\/i0.wp.com\/www.akehedman.se\/wordpress\/wp-content\/uploads\/2022\/03\/business-time-clock-clocks-48770.jpeg?resize=300%2C212&amp;ssl=1 300w, https:\/\/i0.wp.com\/www.akehedman.se\/wordpress\/wp-content\/uploads\/2022\/03\/business-time-clock-clocks-48770.jpeg?resize=1024%2C724&amp;ssl=1 1024w, https:\/\/i0.wp.com\/www.akehedman.se\/wordpress\/wp-content\/uploads\/2022\/03\/business-time-clock-clocks-48770.jpeg?resize=768%2C543&amp;ssl=1 768w, https:\/\/i0.wp.com\/www.akehedman.se\/wordpress\/wp-content\/uploads\/2022\/03\/business-time-clock-clocks-48770.jpeg?resize=1536%2C1086&amp;ssl=1 1536w, https:\/\/i0.wp.com\/www.akehedman.se\/wordpress\/wp-content\/uploads\/2022\/03\/business-time-clock-clocks-48770.jpeg?resize=1200%2C849&amp;ssl=1 1200w, https:\/\/i0.wp.com\/www.akehedman.se\/wordpress\/wp-content\/uploads\/2022\/03\/business-time-clock-clocks-48770.jpeg?w=1740&amp;ssl=1 1740w\" sizes=\"auto, (max-width: 580px) 100vw, 580px\" \/><figcaption>Photo by Pixabay on <a href=\"https:\/\/www.pexels.com\/photo\/london-new-york-tokyo-and-moscow-clocks-48770\/\" rel=\"nofollow\">Pexels.com<\/a><\/figcaption><\/figure><\/div>\n\n\n\n<p class=\"wp-block-paragraph\">Det \u00e4r onsdag h\u00e4r p\u00e5 kullen med det stora gula huset precis som hos de flesta av mina kamrater i andra stora och sm\u00e5 hus. Jo tidszoner och ickeliv st\u00e4ller till saker. En del har tisdag fortfarande. Sena kamrater kallas dom. Andra har inga dagar alls. D\u00f6da kamrater kallas dom. Men f\u00f6r oss alla minst h\u00e4rliga tolvarbetstimmar framf\u00f6r oss h\u00e4r i &#8220;nu&#8221;. Jo, en del maskar. K\u00f6r \u00e5tta. Eller fem. Andra fler, oftast f\u00f6r att de tror p\u00e5 det vansinniga och har underliga visioner och dr\u00f6mmar som ingen f\u00f6rst\u00e5r. K\u00f6r sexton. Dygnar. OK hur man \u00e4n g\u00f6r. Frihet kallas det. Frihet att g\u00f6ra som man vill.<\/p>\n\n\n\n<p class=\"wp-block-paragraph\">K och jag har \u00e5rsdag ig\u00e5r. Fyrtioett \u00e5r tillsammans. En osannolik m\u00e4ng \u00e5r. Dagar lagda till andra dagar. Vi firar inte. Men borde kanske g\u00f6ra det. S\u00e5klart. Har fyrtio\u00e5rsfirandet att ta igen ocks\u00e5. Ja och trettio. Och tjugo. M\u00e5nga andra n\u00f6jer sig med tio. Men firar som om det var fyrtio.<\/p>\n\n\n\n<p class=\"wp-block-paragraph\">Som varje morgon s\u00e5 g\u00e5r jag ner till kontoret med en k\u00e4nsla av stor gl\u00e4dje i br\u00f6stet. Jo jag inser vilken unnest det \u00e4r och har varit att f\u00e5 k\u00e4nna den k\u00e4nslan. Ocks\u00e5 den kommer ur det vi kallar frihet. Frihet f\u00e5r man inte, den m\u00e5ste man k\u00e4mpa f\u00f6r. Den slutsatsen \u00e4r jag ocks\u00e5 medveten om varje morgon. <\/p>\n\n\n\n<p class=\"wp-block-paragraph\">Fast optomist. Jag. H\u00e4r vid tekopp tror man att man skall hinna s\u00e5 mycket innan m\u00f6rker och klockor som n\u00e4rmar sig tolv. Det g\u00f6r man aldrig. \u00c5tminstone inte lika mycket som man vill hinna och hoppas. Lite frustration i det d\u00e4r. Men man f\u00e5r l\u00e5ta bli att inte h\u00e4nga upp sig p\u00e5 s\u00e5dant. Saker tar tid att \u00e5stadkomma. Allt tar tid. Men l\u00e4gger man en liten sten p\u00e5 en h\u00f6g med andra sm\u00e5 stenar och upprepar det d\u00e4r tillr\u00e4ckligt ofta s\u00e5 blir det en stor h\u00f6g. Sen kan man kalla stenar och h\u00f6g f\u00f6r vad man vill. De uppst\u00e5r d\u00e4remot s\u00e4llan eller ens aldrig de d\u00e4r h\u00f6garna om man inte l\u00e4gger dit en sten d\u00e5 och d\u00e5. Det b\u00f6r man veta.<\/p>\n\n\n\n<p class=\"wp-block-paragraph\">Krigets skabbiga vargar ylar utanf\u00f6r f\u00f6nstret. Skr\u00e4mmer. Men om vi h\u00e5ller varandra i handen och visar v\u00e5r enighet s\u00e5 kryper de tillbaks i sina loppiga och el\u00e4ndiga gryt de d\u00e4r vargarna. Det har de alltid gjort och det kommer de alltid att g\u00f6ra. Men vi m\u00e5ste komma ih\u00e5g att det aldrig \u00e4r hatet som jagar dem p\u00e5 flykten. Det \u00e4r k\u00e4rleken.<\/p>\n\n\n\n<p class=\"wp-block-paragraph\">L\u00e5t en helt vanlig onsdag ha sin b\u00f6rjan i den.<\/p>\n","protected":false},"excerpt":{"rendered":"<p>Det \u00e4r onsdag h\u00e4r p\u00e5 kullen med det stora gula huset precis som hos de flesta av mina kamrater i andra stora och sm\u00e5 hus. Jo tidszoner och ickeliv st\u00e4ller till saker. En del har tisdag fortfarande. Sena kamrater kallas dom. Andra har inga dagar alls. D\u00f6da kamrater kallas dom. Men f\u00f6r oss alla minst [&hellip;]<\/p>\n","protected":false},"author":24,"featured_media":0,"comment_status":"open","ping_status":"open","sticky":false,"template":"","format":"standard","meta":{"_crdt_document":"","jetpack_post_was_ever_published":false,"_jetpack_newsletter_access":"","_jetpack_dont_email_post_to_subs":false,"_jetpack_newsletter_tier_id":0,"_jetpack_memberships_contains_paywalled_content":false,"_jetpack_memberships_contains_paid_content":false,"footnotes":"","jetpack_publicize_message":"","jetpack_publicize_feature_enabled":true,"jetpack_social_post_already_shared":true,"jetpack_social_options":{"image_generator_settings":{"template":"highway","default_image_id":0,"font":"","enabled":false},"version":2}},"categories":[24],"tags":[],"class_list":["post-41417","post","type-post","status-publish","format-standard","hentry","category-betraktelser"],"jetpack_publicize_connections":[],"jetpack_featured_media_url":"","jetpack_sharing_enabled":true,"jetpack_likes_enabled":true,"jetpack-related-posts":[{"id":16633,"url":"https:\/\/www.akehedman.se\/wordpress\/?p=16633","url_meta":{"origin":41417,"position":0},"title":"Senast l\u00e4sta bok","author":"\u00c5ke Hedman","date":"2015-02-22","format":false,"excerpt":"Morgon i Jenin av Susan Abulhawa Det finns b\u00f6cker som \u00e4r jobbiga att l\u00e4sa, som letar sig in i ens sj\u00e4l och rumsterar om d\u00e4r inne och n\u00e4r det d\u00e4r omorganiserandet \u00e4r klart\u00a0 till slut har de f\u00f6r\u00e4ndrat ens liv och ens syn p\u00e5 v\u00e4rlden f\u00f6r alltid. Det h\u00e4r \u00e4r\u2026","rel":"","context":"In &quot;Betraktelser &amp; Ber\u00e4ttelse&quot;","block_context":{"text":"Betraktelser &amp; Ber\u00e4ttelse","link":"https:\/\/www.akehedman.se\/wordpress\/?cat=24"},"img":{"alt_text":"morgon-i-jenin","src":"https:\/\/i0.wp.com\/www.eurosource.se\/akhe\/wordpress\/wp-content\/uploads\/2015\/02\/morgon-i-jenin.jpg?resize=350%2C200","width":350,"height":200},"classes":[]},{"id":46143,"url":"https:\/\/www.akehedman.se\/wordpress\/?p=46143","url_meta":{"origin":41417,"position":1},"title":"Samarbete","author":"\u00c5ke Hedman","date":"2023-10-01","format":false,"excerpt":"Photo by Sindre Fs on Pexels.com F\u00f6rsta oktober. Man f\u00e5r flytta in grillen. En eftergift \u00e5t h\u00f6sten. Men samtidigt plockar vi in lite tomater och en gurka. R\u00e4knar nog med mer sk\u00f6rd ifr\u00e5n v\u00e4xthuset d\u00e4r dom kommer ifr\u00e5n. S\u00e5 slutet \u00e4r bara n\u00e4ra, inte h\u00e4r. Fast grillen inburen allts\u00e5. Grillstopp\u2026","rel":"","context":"In &quot;Betraktelser &amp; Ber\u00e4ttelse&quot;","block_context":{"text":"Betraktelser &amp; Ber\u00e4ttelse","link":"https:\/\/www.akehedman.se\/wordpress\/?cat=24"},"img":{"alt_text":"burning under black metal grill","src":"https:\/\/i0.wp.com\/www.akehedman.se\/wordpress\/wp-content\/uploads\/2023\/10\/pexels-photo-983373.jpeg?resize=350%2C200&ssl=1","width":350,"height":200,"srcset":"https:\/\/i0.wp.com\/www.akehedman.se\/wordpress\/wp-content\/uploads\/2023\/10\/pexels-photo-983373.jpeg?resize=350%2C200&ssl=1 1x, https:\/\/i0.wp.com\/www.akehedman.se\/wordpress\/wp-content\/uploads\/2023\/10\/pexels-photo-983373.jpeg?resize=525%2C300&ssl=1 1.5x, https:\/\/i0.wp.com\/www.akehedman.se\/wordpress\/wp-content\/uploads\/2023\/10\/pexels-photo-983373.jpeg?resize=700%2C400&ssl=1 2x, https:\/\/i0.wp.com\/www.akehedman.se\/wordpress\/wp-content\/uploads\/2023\/10\/pexels-photo-983373.jpeg?resize=1050%2C600&ssl=1 3x, https:\/\/i0.wp.com\/www.akehedman.se\/wordpress\/wp-content\/uploads\/2023\/10\/pexels-photo-983373.jpeg?resize=1400%2C800&ssl=1 4x"},"classes":[]},{"id":39610,"url":"https:\/\/www.akehedman.se\/wordpress\/?p=39610","url_meta":{"origin":41417,"position":2},"title":"Dom?","author":"\u00c5ke Hedman","date":"2021-08-17","format":false,"excerpt":"\"Jag skall nog visa dom\". Jo jag har nog sagt det till mig sj\u00e4lv sen tio\u00e5rs\u00e5ldern. M\u00e5nga g\u00e5nger. 64*365 ~23000 n\u00e5gonting borde det bli. Ja, l\u00e4gg till 10000 p\u00e5 det. Sv\u00e5ra dar har jag nog sagt eller t\u00e4nkt det d\u00e4r mer \u00e4n en g\u00e5ng p\u00e5 ett dygn. Nu s\u00e5h\u00e4r med\u2026","rel":"","context":"In &quot;Betraktelser &amp; Ber\u00e4ttelse&quot;","block_context":{"text":"Betraktelser &amp; Ber\u00e4ttelse","link":"https:\/\/www.akehedman.se\/wordpress\/?cat=24"},"img":{"alt_text":"","src":"https:\/\/i0.wp.com\/www.akehedman.se\/wordpress\/wp-content\/uploads\/2021\/08\/IMG_20210811_225118-scaled.jpg?resize=350%2C200&ssl=1","width":350,"height":200,"srcset":"https:\/\/i0.wp.com\/www.akehedman.se\/wordpress\/wp-content\/uploads\/2021\/08\/IMG_20210811_225118-scaled.jpg?resize=350%2C200&ssl=1 1x, https:\/\/i0.wp.com\/www.akehedman.se\/wordpress\/wp-content\/uploads\/2021\/08\/IMG_20210811_225118-scaled.jpg?resize=525%2C300&ssl=1 1.5x, https:\/\/i0.wp.com\/www.akehedman.se\/wordpress\/wp-content\/uploads\/2021\/08\/IMG_20210811_225118-scaled.jpg?resize=700%2C400&ssl=1 2x, https:\/\/i0.wp.com\/www.akehedman.se\/wordpress\/wp-content\/uploads\/2021\/08\/IMG_20210811_225118-scaled.jpg?resize=1050%2C600&ssl=1 3x, https:\/\/i0.wp.com\/www.akehedman.se\/wordpress\/wp-content\/uploads\/2021\/08\/IMG_20210811_225118-scaled.jpg?resize=1400%2C800&ssl=1 4x"},"classes":[]},{"id":11311,"url":"https:\/\/www.akehedman.se\/wordpress\/?p=11311","url_meta":{"origin":41417,"position":3},"title":"Tokigheter \u00e4r grejen","author":"\u00c5ke Hedman","date":"2013-12-04","format":false,"excerpt":"Diesel\u00e5ngorna och dammet har h\u00e4ngt \u00f6ver v\u00e5r kulle nu en l\u00e4ngre tid. Diesel luktar inte gott. Dammet, ja det \u00e4r som det skall vara. Det gamla \u00e5lderdomshemmet j\u00e4mnas med marken. Just nu \u00e4r det en stenh\u00f6g och om en vecka eller tv\u00e5 \u00e4r inte ens den kvar och om tjugo\u2026","rel":"","context":"In &quot;Betraktelser &amp; Ber\u00e4ttelse&quot;","block_context":{"text":"Betraktelser &amp; Ber\u00e4ttelse","link":"https:\/\/www.akehedman.se\/wordpress\/?cat=24"},"img":{"alt_text":"IMG_20131204_100853","src":"https:\/\/i0.wp.com\/www.eurosource.se\/akhe\/wordpress\/wp-content\/uploads\/2013\/12\/IMG_20131204_100853-1024x768.jpg?resize=350%2C200","width":350,"height":200,"srcset":"https:\/\/i0.wp.com\/www.eurosource.se\/akhe\/wordpress\/wp-content\/uploads\/2013\/12\/IMG_20131204_100853-1024x768.jpg?resize=350%2C200 1x, https:\/\/i0.wp.com\/www.eurosource.se\/akhe\/wordpress\/wp-content\/uploads\/2013\/12\/IMG_20131204_100853-1024x768.jpg?resize=525%2C300 1.5x"},"classes":[]},{"id":33654,"url":"https:\/\/www.akehedman.se\/wordpress\/?p=33654","url_meta":{"origin":41417,"position":4},"title":"T","author":"\u00c5ke Hedman","date":"2019-11-26","format":false,"excerpt":"T h\u00e4lsar p\u00e5. Kamrater f\u00f6rr. Kamrater nu. Han nyopererad f\u00f6r prostatacancer. Har besv\u00e4r. Jag, som jag \u00e4r med mina sm\u00e5kr\u00e4mpor. Vi \u00e4r m\u00e4rkta av levda liv. Jag m\u00f6ter en gubbe. Han m\u00f6ter en gubbe. N\u00e4r vi b\u00e5da var f\u00f6r sig tittar oss i spegeln ser ingen av oss en gubbe.\u2026","rel":"","context":"In &quot;Betraktelser &amp; Ber\u00e4ttelse&quot;","block_context":{"text":"Betraktelser &amp; Ber\u00e4ttelse","link":"https:\/\/www.akehedman.se\/wordpress\/?cat=24"},"img":{"alt_text":"","src":"https:\/\/i0.wp.com\/www.akehedman.se\/wordpress\/wp-content\/uploads\/2019\/11\/IMG_20191126_095655-scaled.jpg?resize=350%2C200&ssl=1","width":350,"height":200,"srcset":"https:\/\/i0.wp.com\/www.akehedman.se\/wordpress\/wp-content\/uploads\/2019\/11\/IMG_20191126_095655-scaled.jpg?resize=350%2C200&ssl=1 1x, https:\/\/i0.wp.com\/www.akehedman.se\/wordpress\/wp-content\/uploads\/2019\/11\/IMG_20191126_095655-scaled.jpg?resize=525%2C300&ssl=1 1.5x, https:\/\/i0.wp.com\/www.akehedman.se\/wordpress\/wp-content\/uploads\/2019\/11\/IMG_20191126_095655-scaled.jpg?resize=700%2C400&ssl=1 2x, https:\/\/i0.wp.com\/www.akehedman.se\/wordpress\/wp-content\/uploads\/2019\/11\/IMG_20191126_095655-scaled.jpg?resize=1050%2C600&ssl=1 3x, https:\/\/i0.wp.com\/www.akehedman.se\/wordpress\/wp-content\/uploads\/2019\/11\/IMG_20191126_095655-scaled.jpg?resize=1400%2C800&ssl=1 4x"},"classes":[]},{"id":41437,"url":"https:\/\/www.akehedman.se\/wordpress\/?p=41437","url_meta":{"origin":41417,"position":5},"title":"F\u00f6ssta tossdan i mass!","author":"\u00c5ke Hedman","date":"2022-03-03","format":false,"excerpt":"Photo by Nataliya Vaitkevich on Pexels.com Massipant\u00e5rta allts\u00e5. Fast \u00e5 andra sidan s\u00e5 blir det nog ingen t\u00e5rta idag... Eller... Det rullar p\u00e5 allts\u00e5. Som vanligt. Vill man ha t\u00e5rta s\u00e5 m\u00e5ste man lyfta p\u00e5 rumpan och ge sig iv\u00e4g att handla en. Men d\u00e5 rullar det inte p\u00e5. Valet\u2026","rel":"","context":"In &quot;Betraktelser &amp; Ber\u00e4ttelse&quot;","block_context":{"text":"Betraktelser &amp; Ber\u00e4ttelse","link":"https:\/\/www.akehedman.se\/wordpress\/?cat=24"},"img":{"alt_text":"food healthy restaurant nature","src":"https:\/\/i0.wp.com\/www.akehedman.se\/wordpress\/wp-content\/uploads\/2022\/03\/pexels-photo-5426072.jpeg?resize=350%2C200&ssl=1","width":350,"height":200,"srcset":"https:\/\/i0.wp.com\/www.akehedman.se\/wordpress\/wp-content\/uploads\/2022\/03\/pexels-photo-5426072.jpeg?resize=350%2C200&ssl=1 1x, https:\/\/i0.wp.com\/www.akehedman.se\/wordpress\/wp-content\/uploads\/2022\/03\/pexels-photo-5426072.jpeg?resize=525%2C300&ssl=1 1.5x, https:\/\/i0.wp.com\/www.akehedman.se\/wordpress\/wp-content\/uploads\/2022\/03\/pexels-photo-5426072.jpeg?resize=700%2C400&ssl=1 2x"},"classes":[]}],"jetpack_shortlink":"https:\/\/wp.me\/p68PL2-aM1","_links":{"self":[{"href":"https:\/\/www.akehedman.se\/wordpress\/index.php?rest_route=\/wp\/v2\/posts\/41417","targetHints":{"allow":["GET"]}}],"collection":[{"href":"https:\/\/www.akehedman.se\/wordpress\/index.php?rest_route=\/wp\/v2\/posts"}],"about":[{"href":"https:\/\/www.akehedman.se\/wordpress\/index.php?rest_route=\/wp\/v2\/types\/post"}],"author":[{"embeddable":true,"href":"https:\/\/www.akehedman.se\/wordpress\/index.php?rest_route=\/wp\/v2\/users\/24"}],"replies":[{"embeddable":true,"href":"https:\/\/www.akehedman.se\/wordpress\/index.php?rest_route=%2Fwp%2Fv2%2Fcomments&post=41417"}],"version-history":[{"count":3,"href":"https:\/\/www.akehedman.se\/wordpress\/index.php?rest_route=\/wp\/v2\/posts\/41417\/revisions"}],"predecessor-version":[{"id":41421,"href":"https:\/\/www.akehedman.se\/wordpress\/index.php?rest_route=\/wp\/v2\/posts\/41417\/revisions\/41421"}],"wp:attachment":[{"href":"https:\/\/www.akehedman.se\/wordpress\/index.php?rest_route=%2Fwp%2Fv2%2Fmedia&parent=41417"}],"wp:term":[{"taxonomy":"category","embeddable":true,"href":"https:\/\/www.akehedman.se\/wordpress\/index.php?rest_route=%2Fwp%2Fv2%2Fcategories&post=41417"},{"taxonomy":"post_tag","embeddable":true,"href":"https:\/\/www.akehedman.se\/wordpress\/index.php?rest_route=%2Fwp%2Fv2%2Ftags&post=41417"}],"curies":[{"name":"wp","href":"https:\/\/api.w.org\/{rel}","templated":true}]}}