{"id":41295,"date":"2022-02-13T21:06:18","date_gmt":"2022-02-13T20:06:18","guid":{"rendered":"https:\/\/www.akehedman.se\/wordpress\/?p=41295"},"modified":"2022-02-13T21:06:18","modified_gmt":"2022-02-13T20:06:18","slug":"flyg-lilla-fagel-flyg","status":"publish","type":"post","link":"https:\/\/www.akehedman.se\/wordpress\/?p=41295","title":{"rendered":"Flyg lilla f\u00e5gel flyg"},"content":{"rendered":"\n<figure class=\"wp-block-image size-large\"><img data-recalc-dims=\"1\" loading=\"lazy\" decoding=\"async\" width=\"580\" height=\"773\" src=\"https:\/\/i0.wp.com\/www.akehedman.se\/wordpress\/wp-content\/uploads\/2022\/02\/pexels-photo-1925630-1.jpeg?resize=580%2C773&#038;ssl=1\" alt=\"\" class=\"wp-image-41296\" srcset=\"https:\/\/i0.wp.com\/www.akehedman.se\/wordpress\/wp-content\/uploads\/2022\/02\/pexels-photo-1925630-1.jpeg?resize=768%2C1024&amp;ssl=1 768w, https:\/\/i0.wp.com\/www.akehedman.se\/wordpress\/wp-content\/uploads\/2022\/02\/pexels-photo-1925630-1.jpeg?resize=225%2C300&amp;ssl=1 225w, https:\/\/i0.wp.com\/www.akehedman.se\/wordpress\/wp-content\/uploads\/2022\/02\/pexels-photo-1925630-1.jpeg?w=975&amp;ssl=1 975w\" sizes=\"auto, (max-width: 580px) 100vw, 580px\" \/><\/figure>\n\n\n\n<p class=\"wp-block-paragraph\">Ja d\u00e5 sitter man h\u00e4r och ugglar. B\u00e5da ungarna \u00e4r utflugna och f\u00e5r klara sig sj\u00e4lv. Ja och det k\u00e4nns inte heller som det finns n\u00e5gon tvekan p\u00e5 om de kommer att klara det heller. Inga problem. S\u00e5 n\u00e5got blev v\u00e4l d\u00e5 i alla fall r\u00e4tt \u00e4nd\u00e5. Framtida kontakt ett sms tre g\u00e5nger om \u00e5ret. Skickade fr\u00e5n det h\u00e4r h\u00e5llet. Ungef\u00e4r <\/p>\n\n\n\n<p class=\"wp-block-paragraph\"><strong>Jag<\/strong>: &#8220;<em>\u00c4r det bra?<\/em>&#8220;<br \/><strong>Son<\/strong>: &#8220;<em>Ja<\/em>&#8220;<\/p>\n\n\n\n<p class=\"wp-block-paragraph\">Men man var v\u00e4l s\u00e5d\u00e4r ocks\u00e5 under sin egen ungdomstid. Finns det inget att rapportera s\u00e5 finns det inte det. Man har liv att leva och det tar en hel del tid och koncentration att  leva det. H\u00f6r man allts\u00e5 inget f\u00e5r man f\u00f6ruts\u00e4tta att allt \u00e4r gott eller \u00e5tminstone skapligt.<\/p>\n\n\n\n<p class=\"wp-block-paragraph\">Jag \u00e5ker tre v\u00e4nder Los &lt;-> Ljusdal ig\u00e5r. Tror jag \u00e4r busschauff\u00f6r i linjetrafik till slut och b\u00f6rjar ropa ut h\u00e5llplatser efter v\u00e4gen. Turligt nog v\u00e4ntar inga vid h\u00e5llplatserna. Annars hade jag v\u00e4l plockat upp dem. Men allt \u00e4r egentligen packa in saker Los och packa ur saker i Ljusdal. Den lilla r\u00f6da b\u00e5gnar. Det \u00e4r fasiken vad man samlar p\u00e5 sig ocks\u00e5 som ung.<\/p>\n\n\n\n<p class=\"wp-block-paragraph\">Tredje v\u00e5ningen har han valt att bos\u00e4tta sig p\u00e5 sonen i Ljusdal. Jag kurkar n\u00e4stan n\u00e5gra g\u00e5nger och sonen s\u00e4ger (oroligt tror jag) till mig att vila. Jag ser antagligen ut som om jag h\u00e5ller p\u00e5 att d\u00f6 redan d\u00e5 och d\u00e4r. K\u00e4nner \u00e4nd\u00e5 omtanken som finns i de d\u00e4r orden och det k\u00e4nns gott, men ocks\u00e5 att \u00e5ldedern tar ut sin r\u00e4tt kanske just den h\u00e4r dan. Ja eller ocks\u00e5 \u00e4r det covid. F\u00f6r tjugonde g\u00e5ngen sedan pandemin startade.  Jag \u00e4rd en som haft infektionen flest g\u00e5nger i v\u00e4rlden. Troligen. Otestat \u00e4r b\u00e4st som man s\u00e4ger h\u00e4r p\u00e5 kullen. <\/p>\n\n\n\n<p class=\"wp-block-paragraph\">En genomg\u00e5ende egenskap hos mina ungar, den jag har haft ocks\u00e5, och som min far hade, \u00e4r att k\u00f6ra p\u00e5 ut av bara helvete n\u00e4r det beh\u00f6vs. Inget kan stoppa oss d\u00e5. Hos \u00e4ldste sonen har jag ofta sett det d\u00e4r plockas fram. En urkraft. Kraften har inte hoppat fram lika ofta hos yngste sonen men ig\u00e5r visade han den verkligen. N\u00e5got som gl\u00e4djer mig mycket. Med den d\u00e4r kraften i bakfickan klarar man allt. &#8220;<em>Kom an bara<\/em>&#8221; kan man lugnt utropa och sen g\u00e5 och m\u00f6ta hotet eller vad det nu \u00e4r.<\/p>\n\n\n\n<p class=\"wp-block-paragraph\">Lite m\u00f6r idag d\u00e5. Vila mest. <\/p>\n\n\n\n<p class=\"wp-block-paragraph\">Men h\u00e4rifr\u00e5n en ny fas i livet allts\u00e5. Nu \u00e4r det vi. K och jag och tv\u00e5 katter i ett stort hus p\u00e5 en kulle ute i ingenstans. <\/p>\n\n\n\n<p class=\"wp-block-paragraph\">Konstigt.<\/p>\n\n\n\n<p class=\"wp-block-paragraph\">Men som det skall vara.<\/p>\n\n\n\n<p class=\"wp-block-paragraph\"><\/p>\n","protected":false},"excerpt":{"rendered":"<p>Ja d\u00e5 sitter man h\u00e4r och ugglar. B\u00e5da ungarna \u00e4r utflugna och f\u00e5r klara sig sj\u00e4lv. Ja och det k\u00e4nns inte heller som det finns n\u00e5gon tvekan p\u00e5 om de kommer att klara det heller. Inga problem. S\u00e5 n\u00e5got blev v\u00e4l d\u00e5 i alla fall r\u00e4tt \u00e4nd\u00e5. Framtida kontakt ett sms tre g\u00e5nger om \u00e5ret. [&hellip;]<\/p>\n","protected":false},"author":24,"featured_media":0,"comment_status":"open","ping_status":"open","sticky":false,"template":"","format":"standard","meta":{"_crdt_document":"","jetpack_post_was_ever_published":false,"_jetpack_newsletter_access":"","_jetpack_dont_email_post_to_subs":false,"_jetpack_newsletter_tier_id":0,"_jetpack_memberships_contains_paywalled_content":false,"_jetpack_memberships_contains_paid_content":false,"footnotes":"","jetpack_publicize_message":"","jetpack_publicize_feature_enabled":true,"jetpack_social_post_already_shared":true,"jetpack_social_options":{"image_generator_settings":{"template":"highway","default_image_id":0,"font":"","enabled":false},"version":2}},"categories":[24],"tags":[],"class_list":["post-41295","post","type-post","status-publish","format-standard","hentry","category-betraktelser"],"jetpack_publicize_connections":[],"jetpack_featured_media_url":"","jetpack_sharing_enabled":true,"jetpack_likes_enabled":true,"jetpack-related-posts":[{"id":47063,"url":"https:\/\/www.akehedman.se\/wordpress\/?p=47063","url_meta":{"origin":41295,"position":0},"title":"Torsdag","author":"\u00c5ke Hedman","date":"2024-02-01","format":false,"excerpt":"Photo by cottonbro studio on Pexels.com Helvete. Redan torsdag. Veckan \u00e4r snart slut. Ja f\u00f6r frun \u00e4r det redan slut. Hon jobbar inte p\u00e5 fredagar. Det \u00e4r sedan gammalt. En princip. Men jag, jo jag jobbar p\u00e5 fredagar. Men inte p\u00e5 fredagskv\u00e4llar. Det \u00e4r ocks\u00e5 sedan gammalt. N\u00e4r jag jobbade\u2026","rel":"","context":"In &quot;Swedish&quot;","block_context":{"text":"Swedish","link":"https:\/\/www.akehedman.se\/wordpress\/?cat=2"},"img":{"alt_text":"brown bread on black textile","src":"https:\/\/i0.wp.com\/www.akehedman.se\/wordpress\/wp-content\/uploads\/2024\/02\/pexels-photo-3945214.jpeg?resize=350%2C200&ssl=1","width":350,"height":200,"srcset":"https:\/\/i0.wp.com\/www.akehedman.se\/wordpress\/wp-content\/uploads\/2024\/02\/pexels-photo-3945214.jpeg?resize=350%2C200&ssl=1 1x, https:\/\/i0.wp.com\/www.akehedman.se\/wordpress\/wp-content\/uploads\/2024\/02\/pexels-photo-3945214.jpeg?resize=525%2C300&ssl=1 1.5x, https:\/\/i0.wp.com\/www.akehedman.se\/wordpress\/wp-content\/uploads\/2024\/02\/pexels-photo-3945214.jpeg?resize=700%2C400&ssl=1 2x, https:\/\/i0.wp.com\/www.akehedman.se\/wordpress\/wp-content\/uploads\/2024\/02\/pexels-photo-3945214.jpeg?resize=1050%2C600&ssl=1 3x, https:\/\/i0.wp.com\/www.akehedman.se\/wordpress\/wp-content\/uploads\/2024\/02\/pexels-photo-3945214.jpeg?resize=1400%2C800&ssl=1 4x"},"classes":[]},{"id":17677,"url":"https:\/\/www.akehedman.se\/wordpress\/?p=17677","url_meta":{"origin":41295,"position":1},"title":"Dunder och lite annat innan s\u00e4ngg\u00e5ende.","author":"\u00c5ke Hedman","date":"2015-04-23","format":false,"excerpt":"Klockan \u00e4r helt pl\u00f6tsligt halv tolv. Dags att avsluta skift 2. Om man skall orka med morgondagen. Och hinna l\u00e4sa lite. Dessutom kommer sotaren imorgon s\u00e5 man f\u00e5r jaga upp tidigare \u00e4n vanligt. Att l\u00e4sa en timme, ett kapitel eller vad det nu blir varje kv\u00e4ll \u00e4r heligt h\u00e4r. Utan\u2026","rel":"","context":"In &quot;Betraktelser &amp; Ber\u00e4ttelse&quot;","block_context":{"text":"Betraktelser &amp; Ber\u00e4ttelse","link":"https:\/\/www.akehedman.se\/wordpress\/?cat=24"},"img":{"alt_text":"","src":"","width":0,"height":0},"classes":[]},{"id":20535,"url":"https:\/\/www.akehedman.se\/wordpress\/?p=20535","url_meta":{"origin":41295,"position":2},"title":"L\u00f6n? Icke!","author":"\u00c5ke Hedman","date":"2016-05-27","format":false,"excerpt":"N\u00e4r man inte tror att det kan bli j\u00e4vligare, tv\u00e5 helvetesm\u00e5nader ekonomiskt\u00a0 har det varit, s\u00e5 finns ingen l\u00f6n p\u00e5 K's konto idag som det borde. F\u00f6r vem som helst annan \u00e4r det s\u00e5klart inga problem. Man spar de rekommenderade 10% av l\u00f6nen och kan l\u00e5na lite d\u00e4rifr\u00e5n eller man\u2026","rel":"","context":"In &quot;Betraktelser &amp; Ber\u00e4ttelse&quot;","block_context":{"text":"Betraktelser &amp; Ber\u00e4ttelse","link":"https:\/\/www.akehedman.se\/wordpress\/?cat=24"},"img":{"alt_text":"pengar3","src":"https:\/\/i0.wp.com\/www.akehedman.se\/wordpress\/wp-content\/uploads\/2013\/03\/pengar3.jpg?resize=350%2C200","width":350,"height":200},"classes":[]},{"id":15060,"url":"https:\/\/www.akehedman.se\/wordpress\/?p=15060","url_meta":{"origin":41295,"position":3},"title":"Jag g\u00e5r inte i n\u00e5gra ledband","author":"\u00c5ke Hedman","date":"2014-10-08","format":false,"excerpt":"Det kan v\u00e4l knappast bli mer h\u00f6st ute. MYSIGT \u00e4r ordet i alla fall om man f\u00e5r sitta inne som jag. Programmerarv\u00e4der. B\u00e4sta sorten. Inga d\u00e5liga samveten f\u00f6r innesittande idag inte. Man blir dum i huvudet av f\u00f6r mycket bly. Det \u00e4r allm\u00e4nt k\u00e4nt. Nu \u00e4r det ocks\u00e5 allm\u00e4nt k\u00e4nt\u2026","rel":"","context":"In &quot;Betraktelser &amp; Ber\u00e4ttelse&quot;","block_context":{"text":"Betraktelser &amp; Ber\u00e4ttelse","link":"https:\/\/www.akehedman.se\/wordpress\/?cat=24"},"img":{"alt_text":"SBA-huvudbild","src":"https:\/\/i0.wp.com\/www.eurosource.se\/akhe\/wordpress\/wp-content\/uploads\/2014\/09\/SBA-huvudbild.jpg?resize=350%2C200","width":350,"height":200},"classes":[]},{"id":39133,"url":"https:\/\/www.akehedman.se\/wordpress\/?p=39133","url_meta":{"origin":41295,"position":4},"title":"Att g\u00e4nga ur","author":"\u00c5ke Hedman","date":"2021-06-11","format":false,"excerpt":"Jod\u00e5. Det finns m\u00e4nniskor som har mer \u00e4n en skruv l\u00f6s. Jag \u00e4r definitivt en s\u00e5dan. Den skruv finns inte som jag inte har tappat. Det d\u00e4r f\u00e5r ni s\u00e5klart tolka som ni vill. Jag har inga problem med andras syn p\u00e5 mig. F\u00f6ruts\u00e4tter l\u00e5ga po\u00e4ng. Njuter idag. Det flyter\u2026","rel":"","context":"In &quot;Betraktelser &amp; Ber\u00e4ttelse&quot;","block_context":{"text":"Betraktelser &amp; Ber\u00e4ttelse","link":"https:\/\/www.akehedman.se\/wordpress\/?cat=24"},"img":{"alt_text":"","src":"https:\/\/i0.wp.com\/www.akehedman.se\/wordpress\/wp-content\/uploads\/2021\/06\/CM210611-175408003.jpg?resize=350%2C200&ssl=1","width":350,"height":200,"srcset":"https:\/\/i0.wp.com\/www.akehedman.se\/wordpress\/wp-content\/uploads\/2021\/06\/CM210611-175408003.jpg?resize=350%2C200&ssl=1 1x, https:\/\/i0.wp.com\/www.akehedman.se\/wordpress\/wp-content\/uploads\/2021\/06\/CM210611-175408003.jpg?resize=525%2C300&ssl=1 1.5x, https:\/\/i0.wp.com\/www.akehedman.se\/wordpress\/wp-content\/uploads\/2021\/06\/CM210611-175408003.jpg?resize=700%2C400&ssl=1 2x, https:\/\/i0.wp.com\/www.akehedman.se\/wordpress\/wp-content\/uploads\/2021\/06\/CM210611-175408003.jpg?resize=1050%2C600&ssl=1 3x"},"classes":[]},{"id":25156,"url":"https:\/\/www.akehedman.se\/wordpress\/?p=25156","url_meta":{"origin":41295,"position":5},"title":"F\u00f6delsedag","author":"\u00c5ke Hedman","date":"2017-08-28","format":false,"excerpt":"VSCP fyller sjutton \u00e5r idag. Jag antar att man skulle kunna uttrycka det s\u00e5h\u00e4r En besatt som k\u00f6r ett projekt till framg\u00e5ng kommer att hyllas som en hj\u00e4lte, en besatt som k\u00f6r ett projekt utan att n\u00e5 framg\u00e5ng kommer att ses som en d\u00e5re. Ja och sjutton \u00e5rs jobb f\u00f6r\u2026","rel":"","context":"In &quot;Betraktelser &amp; Ber\u00e4ttelse&quot;","block_context":{"text":"Betraktelser &amp; Ber\u00e4ttelse","link":"https:\/\/www.akehedman.se\/wordpress\/?cat=24"},"img":{"alt_text":"","src":"https:\/\/i0.wp.com\/www.akehedman.se\/wordpress\/wp-content\/uploads\/2014\/11\/vscp_bumblebee.jpg?resize=350%2C200","width":350,"height":200},"classes":[]}],"jetpack_shortlink":"https:\/\/wp.me\/p68PL2-aK3","_links":{"self":[{"href":"https:\/\/www.akehedman.se\/wordpress\/index.php?rest_route=\/wp\/v2\/posts\/41295","targetHints":{"allow":["GET"]}}],"collection":[{"href":"https:\/\/www.akehedman.se\/wordpress\/index.php?rest_route=\/wp\/v2\/posts"}],"about":[{"href":"https:\/\/www.akehedman.se\/wordpress\/index.php?rest_route=\/wp\/v2\/types\/post"}],"author":[{"embeddable":true,"href":"https:\/\/www.akehedman.se\/wordpress\/index.php?rest_route=\/wp\/v2\/users\/24"}],"replies":[{"embeddable":true,"href":"https:\/\/www.akehedman.se\/wordpress\/index.php?rest_route=%2Fwp%2Fv2%2Fcomments&post=41295"}],"version-history":[{"count":1,"href":"https:\/\/www.akehedman.se\/wordpress\/index.php?rest_route=\/wp\/v2\/posts\/41295\/revisions"}],"predecessor-version":[{"id":41297,"href":"https:\/\/www.akehedman.se\/wordpress\/index.php?rest_route=\/wp\/v2\/posts\/41295\/revisions\/41297"}],"wp:attachment":[{"href":"https:\/\/www.akehedman.se\/wordpress\/index.php?rest_route=%2Fwp%2Fv2%2Fmedia&parent=41295"}],"wp:term":[{"taxonomy":"category","embeddable":true,"href":"https:\/\/www.akehedman.se\/wordpress\/index.php?rest_route=%2Fwp%2Fv2%2Fcategories&post=41295"},{"taxonomy":"post_tag","embeddable":true,"href":"https:\/\/www.akehedman.se\/wordpress\/index.php?rest_route=%2Fwp%2Fv2%2Ftags&post=41295"}],"curies":[{"name":"wp","href":"https:\/\/api.w.org\/{rel}","templated":true}]}}