{"id":41285,"date":"2022-02-11T11:11:27","date_gmt":"2022-02-11T10:11:27","guid":{"rendered":"https:\/\/www.akehedman.se\/wordpress\/?p=41285"},"modified":"2022-02-11T11:13:15","modified_gmt":"2022-02-11T10:13:15","slug":"pandemin-gjorde-att-manga-omvarderade-sin-livssituation-p4-gavleborg-sveriges-radio","status":"publish","type":"post","link":"https:\/\/www.akehedman.se\/wordpress\/?p=41285","title":{"rendered":"&#8220;Pandemin gjorde att m\u00e5nga omv\u00e4rderade sin livssituation&#8221; &#8211; P4 G\u00e4vleborg | Sveriges Radio"},"content":{"rendered":"<p><a href=\"https:\/\/sverigesradio.se\/artikel\/pandemin-gjorde-att-manga-omvarderade-sin-livssituation?fbclid=iwar115po3pxvmxjhixowy7wsze48zim0k0y6qdgsycyzgrgekcogfqiumzfy\"><img data-recalc-dims=\"1\" decoding=\"async\" class=\"alignnone size-full\" src=\"https:\/\/i0.wp.com\/www.akehedman.se\/wordpress\/wp-content\/uploads\/2022\/02\/4bb7f8dc-f4ef-45fb-a9ed-7390c496fd92.jpg?w=580&#038;ssl=1\" alt=\"\"\/><\/a><\/p>\n<p>Source: <em><a href=\"https:\/\/sverigesradio.se\/artikel\/pandemin-gjorde-att-manga-omvarderade-sin-livssituation\">&#8220;Pandemin gjorde att m\u00e5nga omv\u00e4rderade sin livssituation&#8221; &#8211; P4 G\u00e4vleborg | Sveriges Radio<\/a><\/em><\/p>\n\n\n<p class=\"wp-block-paragraph\">Sj\u00e4lv orkar jag inte lyssna. Men lyssna ni. D\u00e4remot tror jag att ocks\u00e5 jag skall fixa en halsduk att ha h\u00e4r INNE p\u00e5 kontoret om dagarna. Man blir s\u00e5 cool d\u00e5. Och vem kan beh\u00f6va det mer \u00e4n en ocool gubbe. <\/p>\n\n\n\n<p class=\"wp-block-paragraph\"><strong>Liksom<\/strong>.<\/p>\n","protected":false},"excerpt":{"rendered":"<p>Source: &#8220;Pandemin gjorde att m\u00e5nga omv\u00e4rderade sin livssituation&#8221; &#8211; P4 G\u00e4vleborg | Sveriges Radio Sj\u00e4lv orkar jag inte lyssna. Men lyssna ni. D\u00e4remot tror jag att ocks\u00e5 jag skall fixa en halsduk att ha h\u00e4r INNE p\u00e5 kontoret om dagarna. Man blir s\u00e5 cool d\u00e5. Och vem kan beh\u00f6va det mer \u00e4n en ocool gubbe. [&hellip;]<\/p>\n","protected":false},"author":24,"featured_media":0,"comment_status":"open","ping_status":"open","sticky":false,"template":"","format":"standard","meta":{"_crdt_document":"","jetpack_post_was_ever_published":false,"_jetpack_newsletter_access":"","_jetpack_dont_email_post_to_subs":false,"_jetpack_newsletter_tier_id":0,"_jetpack_memberships_contains_paywalled_content":false,"_jetpack_memberships_contains_paid_content":false,"footnotes":"","jetpack_publicize_message":"","jetpack_publicize_feature_enabled":true,"jetpack_social_post_already_shared":true,"jetpack_social_options":{"image_generator_settings":{"template":"highway","default_image_id":0,"font":"","enabled":false},"version":2}},"categories":[2],"tags":[],"class_list":["post-41285","post","type-post","status-publish","format-standard","hentry","category-swedish"],"jetpack_publicize_connections":[],"jetpack_featured_media_url":"","jetpack_sharing_enabled":true,"jetpack_likes_enabled":true,"jetpack-related-posts":[{"id":37460,"url":"https:\/\/www.akehedman.se\/wordpress\/?p=37460","url_meta":{"origin":41285,"position":0},"title":"Olja &#038; ord &#8211; P4 G\u00e4vleborg | Sveriges Radio","author":"\u00c5ke Hedman","date":"2021-01-10","format":false,"excerpt":"Olika v\u00e4lk\u00e4nda personer fr\u00e5n G\u00e4vleborg kommer att l\u00e4sa sina novelletter ur konstn\u00e4ren Per Soneruds bok Olja & ord. Source: Olja & ord - P4 G\u00e4vleborg | Sveriges Radio \u00a0 N\u00e4r man lyssnat p\u00e5 dom d\u00e4r s\u00e5 kan man lyssna p\u00e5 denna och bli glad.","rel":"","context":"In &quot;Swedish&quot;","block_context":{"text":"Swedish","link":"https:\/\/www.akehedman.se\/wordpress\/?cat=2"},"img":{"alt_text":"","src":"","width":0,"height":0},"classes":[]},{"id":1696,"url":"https:\/\/www.akehedman.se\/wordpress\/?p=1696","url_meta":{"origin":41285,"position":1},"title":"Mer lokal musik \u00e5t folket!","author":"\u00c5ke Hedman","date":"2012-10-04","format":false,"excerpt":"\u00d6ppet brev till lokalradion i kungariket Sverige. N\u00e4r jag var ung s\u00e5 kunde vi direkt skriva och f\u00e5 svar fr\u00e5n Kersti Adams Ray, Kjell Alinge och andra storheter. Dom tog oss unga musiker p\u00e5 allvar. Dom l\u00e4t oss synas och n\u00e5gra av oss blev ocks\u00e5 stora och synliga f\u00f6r andra\u2026","rel":"","context":"In &quot;Betraktelser &amp; Ber\u00e4ttelse&quot;","block_context":{"text":"Betraktelser &amp; Ber\u00e4ttelse","link":"https:\/\/www.akehedman.se\/wordpress\/?cat=24"},"img":{"alt_text":"","src":"","width":0,"height":0},"classes":[]},{"id":34578,"url":"https:\/\/www.akehedman.se\/wordpress\/?p=34578","url_meta":{"origin":41285,"position":2},"title":"Nu f\u00e5r kundkorgen f\u00f6lja med hem &#8211; P4 G\u00e4vleborg | Sveriges Radio","author":"\u00c5ke Hedman","date":"2020-03-01","format":false,"excerpt":"Kunder kan nu k\u00f6pa en egen kundkorg att anv\u00e4nda om och om igen. Source: Nu f\u00e5r kundkorgen f\u00f6lja med hem - P4 G\u00e4vleborg | Sveriges Radio","rel":"","context":"In &quot;Swedish&quot;","block_context":{"text":"Swedish","link":"https:\/\/www.akehedman.se\/wordpress\/?cat=2"},"img":{"alt_text":"","src":"","width":0,"height":0},"classes":[]},{"id":37118,"url":"https:\/\/www.akehedman.se\/wordpress\/?p=37118","url_meta":{"origin":41285,"position":3},"title":"Gl\u00e4dje i Los efter att omdiskuterat skolbeslut i Los dras tillbaka &#8211; P4 G\u00e4vleborg | Sveriges Radio","author":"\u00c5ke Hedman","date":"2020-12-10","format":false,"excerpt":"Source: Gl\u00e4dje i Los efter att omdiskuterat skolbeslut i Los dras tillbaka - P4 G\u00e4vleborg | Sveriges Radio","rel":"","context":"In &quot;Swedish&quot;","block_context":{"text":"Swedish","link":"https:\/\/www.akehedman.se\/wordpress\/?cat=2"},"img":{"alt_text":"","src":"","width":0,"height":0},"classes":[]},{"id":9263,"url":"https:\/\/www.akehedman.se\/wordpress\/?p=9263","url_meta":{"origin":41285,"position":4},"title":"Varf\u00f6r skall politiker \u00e5ka!","author":"\u00c5ke Hedman","date":"2013-09-04","format":false,"excerpt":"\u00a0 Jag gjorde ett inl\u00e4gg ig\u00e5r om att jag tycker att G\u00e4vleborgs och kanske framf\u00f6rallt\u00a0 Ljusdals politiker skall \u00e5ka och lyssna p\u00e5 ett f\u00f6redrag om Silicon Valley. N\u00e5gon undrade varf\u00f6r och h\u00e4r \u00e4r varf\u00f6r. Vi \u00e4r ganska tunga p\u00e5 mekanisk industri och tr\u00e4f\u00f6r\u00e4dlingsindustri i G\u00e4vleborg. Utm\u00e4rkt s\u00e5klart och industrier som\u2026","rel":"","context":"In &quot;Betraktelser &amp; Ber\u00e4ttelse&quot;","block_context":{"text":"Betraktelser &amp; Ber\u00e4ttelse","link":"https:\/\/www.akehedman.se\/wordpress\/?cat=24"},"img":{"alt_text":"industri royk fra piper","src":"https:\/\/i0.wp.com\/www.eurosource.se\/akhe\/wordpress\/wp-content\/uploads\/2013\/09\/industri-royk-fra-piper.jpg?resize=350%2C200","width":350,"height":200,"srcset":"https:\/\/i0.wp.com\/www.eurosource.se\/akhe\/wordpress\/wp-content\/uploads\/2013\/09\/industri-royk-fra-piper.jpg?resize=350%2C200 1x, https:\/\/i0.wp.com\/www.eurosource.se\/akhe\/wordpress\/wp-content\/uploads\/2013\/09\/industri-royk-fra-piper.jpg?resize=525%2C300 1.5x, https:\/\/i0.wp.com\/www.eurosource.se\/akhe\/wordpress\/wp-content\/uploads\/2013\/09\/industri-royk-fra-piper.jpg?resize=700%2C400 2x"},"classes":[]},{"id":27382,"url":"https:\/\/www.akehedman.se\/wordpress\/?p=27382","url_meta":{"origin":41285,"position":5},"title":"Patient jublar: Region G\u00e4vleborg tar bort dolda nummer &#8211; P4 G\u00e4vleborg | Sveriges Radio","author":"\u00c5ke Hedman","date":"2018-03-04","format":false,"excerpt":"Japp, bra tycker jag ocks\u00e5. Region G\u00e4vleborgs dolda telefonnummer ger upphov till irritation b\u00e5de hos patienter och sjukv\u00e5rdpersonal. Men nu ska det bli \u00e4ndring, lovar regionen. Source: Patient jublar: Region G\u00e4vleborg tar bort dolda nummer - P4 G\u00e4vleborg | Sveriges Radio","rel":"","context":"In &quot;Swedish&quot;","block_context":{"text":"Swedish","link":"https:\/\/www.akehedman.se\/wordpress\/?cat=2"},"img":{"alt_text":"","src":"","width":0,"height":0},"classes":[]}],"jetpack_shortlink":"https:\/\/wp.me\/p68PL2-aJT","_links":{"self":[{"href":"https:\/\/www.akehedman.se\/wordpress\/index.php?rest_route=\/wp\/v2\/posts\/41285","targetHints":{"allow":["GET"]}}],"collection":[{"href":"https:\/\/www.akehedman.se\/wordpress\/index.php?rest_route=\/wp\/v2\/posts"}],"about":[{"href":"https:\/\/www.akehedman.se\/wordpress\/index.php?rest_route=\/wp\/v2\/types\/post"}],"author":[{"embeddable":true,"href":"https:\/\/www.akehedman.se\/wordpress\/index.php?rest_route=\/wp\/v2\/users\/24"}],"replies":[{"embeddable":true,"href":"https:\/\/www.akehedman.se\/wordpress\/index.php?rest_route=%2Fwp%2Fv2%2Fcomments&post=41285"}],"version-history":[{"count":3,"href":"https:\/\/www.akehedman.se\/wordpress\/index.php?rest_route=\/wp\/v2\/posts\/41285\/revisions"}],"predecessor-version":[{"id":41289,"href":"https:\/\/www.akehedman.se\/wordpress\/index.php?rest_route=\/wp\/v2\/posts\/41285\/revisions\/41289"}],"wp:attachment":[{"href":"https:\/\/www.akehedman.se\/wordpress\/index.php?rest_route=%2Fwp%2Fv2%2Fmedia&parent=41285"}],"wp:term":[{"taxonomy":"category","embeddable":true,"href":"https:\/\/www.akehedman.se\/wordpress\/index.php?rest_route=%2Fwp%2Fv2%2Fcategories&post=41285"},{"taxonomy":"post_tag","embeddable":true,"href":"https:\/\/www.akehedman.se\/wordpress\/index.php?rest_route=%2Fwp%2Fv2%2Ftags&post=41285"}],"curies":[{"name":"wp","href":"https:\/\/api.w.org\/{rel}","templated":true}]}}