{"id":41248,"date":"2022-02-08T18:02:42","date_gmt":"2022-02-08T17:02:42","guid":{"rendered":"https:\/\/www.akehedman.se\/wordpress\/?p=41248"},"modified":"2022-02-08T18:02:42","modified_gmt":"2022-02-08T17:02:42","slug":"beratta-garna-for-mig-om-socialt-arbete-ulf","status":"publish","type":"post","link":"https:\/\/www.akehedman.se\/wordpress\/?p=41248","title":{"rendered":"Ber\u00e4tta g\u00e4rna f\u00f6r mig om socialt arbete, Ulf"},"content":{"rendered":"<p><a href=\"https:\/\/www.aftonbladet.se\/ledare\/a\/66Mye8\/beratta-garna-for-mig-om-socialt-arbete-ulf\"><img decoding=\"async\" class=\"alignnone size-full\" src=\"https:\/\/images.aftonbladet-cdn.se\/v2\/images\/163ec7b3-889b-4be0-b4bd-398789dfd826?fit=crop&amp;format=auto&amp;h=1267&amp;q=50&amp;w=1900&amp;s=eabfb5dffe60d7a81d9c1e1eff01e1ecf056d022\" alt=\"\" \/><\/a><\/p>\n<blockquote><p>Han fick en hyresl\u00e4genhet av Ersta diakonis\u00e4llskap i samband med att staden tecknat v\u00e5rdavtal med dem. En l\u00e4genhet som egentligen var till f\u00f6r sv\u00e5rt sjuka och heml\u00f6sa. N\u00e4r han blev konfronterad av SVT l\u00e4mnade han bara intervjun.<\/p><\/blockquote>\n<p>Source: <em><a href=\"https:\/\/www.aftonbladet.se\/ledare\/a\/66Mye8\/beratta-garna-for-mig-om-socialt-arbete-ulf\">Ber\u00e4tta g\u00e4rna f\u00f6r mig om socialt arbete, Ulf<\/a><\/em><\/p>\n","protected":false},"excerpt":{"rendered":"<p>Han fick en hyresl\u00e4genhet av Ersta diakonis\u00e4llskap i samband med att staden tecknat v\u00e5rdavtal med dem. En l\u00e4genhet som egentligen var till f\u00f6r sv\u00e5rt sjuka och heml\u00f6sa. N\u00e4r han blev konfronterad av SVT l\u00e4mnade han bara intervjun. Source: Ber\u00e4tta g\u00e4rna f\u00f6r mig om socialt arbete, Ulf<\/p>\n","protected":false},"author":24,"featured_media":0,"comment_status":"open","ping_status":"open","sticky":false,"template":"","format":"standard","meta":{"_crdt_document":"","jetpack_post_was_ever_published":false,"_jetpack_newsletter_access":"","_jetpack_dont_email_post_to_subs":false,"_jetpack_newsletter_tier_id":0,"_jetpack_memberships_contains_paywalled_content":false,"_jetpack_memberships_contains_paid_content":false,"footnotes":"","jetpack_publicize_message":"","jetpack_publicize_feature_enabled":true,"jetpack_social_post_already_shared":true,"jetpack_social_options":{"image_generator_settings":{"template":"highway","default_image_id":0,"font":"","enabled":false},"version":2}},"categories":[2],"tags":[],"class_list":["post-41248","post","type-post","status-publish","format-standard","hentry","category-swedish"],"jetpack_publicize_connections":[],"jetpack_featured_media_url":"","jetpack_sharing_enabled":true,"jetpack_likes_enabled":true,"jetpack-related-posts":[{"id":41969,"url":"https:\/\/www.akehedman.se\/wordpress\/?p=41969","url_meta":{"origin":41248,"position":0},"title":"Presenter","author":"\u00c5ke Hedman","date":"2022-05-23","format":false,"excerpt":"Presenter varje morgon. Ljuvligt. Katter kan ju inte \u00e4ta upp allt de f\u00e5ngar sj\u00e4lva. Men g\u00f6r s\u00e5klart g\u00e4rna det ocks\u00e5 h\u00e4r p\u00e5 kontoret n\u00e4ra mig. L\u00e4mnar det illaluktande slaffset \u00e5t mig att ta hand om. Man kan h\u00e5lla sig f\u00f6r skratt. Men \u00e4r van. Har kaft katt l\u00e4nge. Men man\u2026","rel":"","context":"In &quot;Betraktelser &amp; Ber\u00e4ttelse&quot;","block_context":{"text":"Betraktelser &amp; Ber\u00e4ttelse","link":"https:\/\/www.akehedman.se\/wordpress\/?cat=24"},"img":{"alt_text":"","src":"https:\/\/i0.wp.com\/www.akehedman.se\/wordpress\/wp-content\/uploads\/2022\/05\/IMG_20220523_072514-scaled.jpg?resize=350%2C200&ssl=1","width":350,"height":200,"srcset":"https:\/\/i0.wp.com\/www.akehedman.se\/wordpress\/wp-content\/uploads\/2022\/05\/IMG_20220523_072514-scaled.jpg?resize=350%2C200&ssl=1 1x, https:\/\/i0.wp.com\/www.akehedman.se\/wordpress\/wp-content\/uploads\/2022\/05\/IMG_20220523_072514-scaled.jpg?resize=525%2C300&ssl=1 1.5x, https:\/\/i0.wp.com\/www.akehedman.se\/wordpress\/wp-content\/uploads\/2022\/05\/IMG_20220523_072514-scaled.jpg?resize=700%2C400&ssl=1 2x, https:\/\/i0.wp.com\/www.akehedman.se\/wordpress\/wp-content\/uploads\/2022\/05\/IMG_20220523_072514-scaled.jpg?resize=1050%2C600&ssl=1 3x, https:\/\/i0.wp.com\/www.akehedman.se\/wordpress\/wp-content\/uploads\/2022\/05\/IMG_20220523_072514-scaled.jpg?resize=1400%2C800&ssl=1 4x"},"classes":[]},{"id":35312,"url":"https:\/\/www.akehedman.se\/wordpress\/?p=35312","url_meta":{"origin":41248,"position":1},"title":"Sommarmorgon","author":"\u00c5ke Hedman","date":"2020-06-23","format":false,"excerpt":"F\u00f6nster upp. D\u00f6rrar upp. S\u00e4tter p\u00e5 en tv\u00e4ttmaskin. Kaffe. Normalt dricker jag te p\u00e5 morgonen - men idag, ja va fan. Det \u00e4r en morgon som p\u00e5minner mig om England. Jag jobbade d\u00e4r en sommar. P\u00e5 ett lager. Varje morgon var s\u00e5h\u00e4r nyv\u00e4ckt sommarsk\u00f6r och vacker n\u00e4r vi \u00e5kte fort\u2026","rel":"","context":"In &quot;Betraktelser &amp; Ber\u00e4ttelse&quot;","block_context":{"text":"Betraktelser &amp; Ber\u00e4ttelse","link":"https:\/\/www.akehedman.se\/wordpress\/?cat=24"},"img":{"alt_text":"","src":"https:\/\/i0.wp.com\/www.akehedman.se\/wordpress\/wp-content\/uploads\/2020\/06\/IMG_20200623_083050836-scaled.jpg?resize=350%2C200&ssl=1","width":350,"height":200,"srcset":"https:\/\/i0.wp.com\/www.akehedman.se\/wordpress\/wp-content\/uploads\/2020\/06\/IMG_20200623_083050836-scaled.jpg?resize=350%2C200&ssl=1 1x, https:\/\/i0.wp.com\/www.akehedman.se\/wordpress\/wp-content\/uploads\/2020\/06\/IMG_20200623_083050836-scaled.jpg?resize=525%2C300&ssl=1 1.5x, https:\/\/i0.wp.com\/www.akehedman.se\/wordpress\/wp-content\/uploads\/2020\/06\/IMG_20200623_083050836-scaled.jpg?resize=700%2C400&ssl=1 2x, https:\/\/i0.wp.com\/www.akehedman.se\/wordpress\/wp-content\/uploads\/2020\/06\/IMG_20200623_083050836-scaled.jpg?resize=1050%2C600&ssl=1 3x, https:\/\/i0.wp.com\/www.akehedman.se\/wordpress\/wp-content\/uploads\/2020\/06\/IMG_20200623_083050836-scaled.jpg?resize=1400%2C800&ssl=1 4x"},"classes":[]},{"id":35892,"url":"https:\/\/www.akehedman.se\/wordpress\/?p=35892","url_meta":{"origin":41248,"position":2},"title":"Urk, liksom","author":"\u00c5ke Hedman","date":"2020-08-21","format":false,"excerpt":"Photo by Alexander Isreb on Pexels.com Jag somnar p\u00e5 gr\u00f6n IKEA-soffa redan vid \u00e5tta. Ja kvart i. Det kan inte hj\u00e4lpas. Gamla gubbar beh\u00f6ver sin sk\u00f6nhetss\u00f6mn. Den som knappast hj\u00e4lper den heller. Det skall mer till. Men det \u00e4r som det \u00e4r. Jag vaknar vid nio. Ser en \u00e5tminstone skapligt\u2026","rel":"","context":"In &quot;Betraktelser &amp; Ber\u00e4ttelse&quot;","block_context":{"text":"Betraktelser &amp; Ber\u00e4ttelse","link":"https:\/\/www.akehedman.se\/wordpress\/?cat=24"},"img":{"alt_text":"ikea building","src":"https:\/\/i0.wp.com\/www.akehedman.se\/wordpress\/wp-content\/uploads\/2020\/08\/pexels-photo-1797405.jpeg?resize=350%2C200&ssl=1","width":350,"height":200,"srcset":"https:\/\/i0.wp.com\/www.akehedman.se\/wordpress\/wp-content\/uploads\/2020\/08\/pexels-photo-1797405.jpeg?resize=350%2C200&ssl=1 1x, https:\/\/i0.wp.com\/www.akehedman.se\/wordpress\/wp-content\/uploads\/2020\/08\/pexels-photo-1797405.jpeg?resize=525%2C300&ssl=1 1.5x, https:\/\/i0.wp.com\/www.akehedman.se\/wordpress\/wp-content\/uploads\/2020\/08\/pexels-photo-1797405.jpeg?resize=700%2C400&ssl=1 2x, https:\/\/i0.wp.com\/www.akehedman.se\/wordpress\/wp-content\/uploads\/2020\/08\/pexels-photo-1797405.jpeg?resize=1050%2C600&ssl=1 3x, https:\/\/i0.wp.com\/www.akehedman.se\/wordpress\/wp-content\/uploads\/2020\/08\/pexels-photo-1797405.jpeg?resize=1400%2C800&ssl=1 4x"},"classes":[]},{"id":36030,"url":"https:\/\/www.akehedman.se\/wordpress\/?p=36030","url_meta":{"origin":41248,"position":3},"title":"Senast l\u00e4sta bok","author":"\u00c5ke Hedman","date":"2020-09-06","format":false,"excerpt":"Vardagar 3 av Ulf Lundell Jaha, 871 sidor vardagslunk. Jag vet egentligen inte varf\u00f6r jag l\u00e4ser. F\u00f6r det \u00e4r en mycket bortsk\u00e4md gubbe som skriver det h\u00e4r. Gn\u00e4llig p\u00e5 gr\u00e4nsen mot olidlig stundtals. Men han f\u00e5r mig att l\u00e4sa klart varenda en av de h\u00e4r b\u00f6ckerna. En f\u00f6rm\u00e5ga och talang\u2026","rel":"","context":"In &quot;B\u00f6cker&quot;","block_context":{"text":"B\u00f6cker","link":"https:\/\/www.akehedman.se\/wordpress\/?cat=13"},"img":{"alt_text":"","src":"https:\/\/i0.wp.com\/www.akehedman.se\/wordpress\/wp-content\/uploads\/2020\/09\/9789146236375_200x_vardagar-3.jpeg?resize=350%2C200&ssl=1","width":350,"height":200},"classes":[]},{"id":22941,"url":"https:\/\/www.akehedman.se\/wordpress\/?p=22941","url_meta":{"origin":41248,"position":4},"title":"\u00c4kthet","author":"\u00c5ke Hedman","date":"2017-01-18","format":false,"excerpt":"Den 18\/1. K\u00e4nns som ett bra datum. Jag tror p\u00e5 den h\u00e4r dan. Jod\u00e5, fast det inte finns n\u00e5gra speciella planer eller speciella saker att f\u00f6rv\u00e4nta sig av en s\u00e5dan h\u00e4r dag. S\u00e5klart f\u00e5r det g\u00e4rna h\u00e4nda n\u00e5got skojigt i alla fall om det vill, helst inget tr\u00e5kigt, men jag\u2026","rel":"","context":"In &quot;Betraktelser &amp; Ber\u00e4ttelse&quot;","block_context":{"text":"Betraktelser &amp; Ber\u00e4ttelse","link":"https:\/\/www.akehedman.se\/wordpress\/?cat=24"},"img":{"alt_text":"","src":"https:\/\/i0.wp.com\/www.akehedman.se\/wordpress\/wp-content\/uploads\/2017\/01\/ZB9Jy-wOwawSMTvDMCMC1GEy9L8-1024x656.jpeg?resize=350%2C200","width":350,"height":200,"srcset":"https:\/\/i0.wp.com\/www.akehedman.se\/wordpress\/wp-content\/uploads\/2017\/01\/ZB9Jy-wOwawSMTvDMCMC1GEy9L8-1024x656.jpeg?resize=350%2C200 1x, https:\/\/i0.wp.com\/www.akehedman.se\/wordpress\/wp-content\/uploads\/2017\/01\/ZB9Jy-wOwawSMTvDMCMC1GEy9L8-1024x656.jpeg?resize=525%2C300 1.5x"},"classes":[]},{"id":24264,"url":"https:\/\/www.akehedman.se\/wordpress\/?p=24264","url_meta":{"origin":41248,"position":5},"title":"Senast l\u00e4sta bok &#8211; Ulf Lundell, Saknaden","author":"\u00c5ke Hedman","date":"2017-05-01","format":false,"excerpt":"Saknaden av Ulf Lundell Ingen kan som Ulf Lundell beskriva den d\u00e4r inledande passionen tv\u00e5 personer k\u00e4nner i b\u00f6rjan av en f\u00f6r\u00e4lskelse. Det lyckas han utm\u00e4rkt med ocks\u00e5 i den h\u00e4r boken. Rent av f\u00f6rtr\u00e4ffligt. Sen svamlas det s\u00e5klart en hel del, ja sidor upp och sidor ner i m\u00e5nga\u2026","rel":"","context":"In &quot;B\u00f6cker&quot;","block_context":{"text":"B\u00f6cker","link":"https:\/\/www.akehedman.se\/wordpress\/?cat=13"},"img":{"alt_text":"","src":"https:\/\/i0.wp.com\/www.akehedman.se\/wordpress\/wp-content\/uploads\/2017\/05\/saknaden.jpg?resize=350%2C200","width":350,"height":200},"classes":[]}],"jetpack_shortlink":"https:\/\/wp.me\/p68PL2-aJi","_links":{"self":[{"href":"https:\/\/www.akehedman.se\/wordpress\/index.php?rest_route=\/wp\/v2\/posts\/41248","targetHints":{"allow":["GET"]}}],"collection":[{"href":"https:\/\/www.akehedman.se\/wordpress\/index.php?rest_route=\/wp\/v2\/posts"}],"about":[{"href":"https:\/\/www.akehedman.se\/wordpress\/index.php?rest_route=\/wp\/v2\/types\/post"}],"author":[{"embeddable":true,"href":"https:\/\/www.akehedman.se\/wordpress\/index.php?rest_route=\/wp\/v2\/users\/24"}],"replies":[{"embeddable":true,"href":"https:\/\/www.akehedman.se\/wordpress\/index.php?rest_route=%2Fwp%2Fv2%2Fcomments&post=41248"}],"version-history":[{"count":1,"href":"https:\/\/www.akehedman.se\/wordpress\/index.php?rest_route=\/wp\/v2\/posts\/41248\/revisions"}],"predecessor-version":[{"id":41249,"href":"https:\/\/www.akehedman.se\/wordpress\/index.php?rest_route=\/wp\/v2\/posts\/41248\/revisions\/41249"}],"wp:attachment":[{"href":"https:\/\/www.akehedman.se\/wordpress\/index.php?rest_route=%2Fwp%2Fv2%2Fmedia&parent=41248"}],"wp:term":[{"taxonomy":"category","embeddable":true,"href":"https:\/\/www.akehedman.se\/wordpress\/index.php?rest_route=%2Fwp%2Fv2%2Fcategories&post=41248"},{"taxonomy":"post_tag","embeddable":true,"href":"https:\/\/www.akehedman.se\/wordpress\/index.php?rest_route=%2Fwp%2Fv2%2Ftags&post=41248"}],"curies":[{"name":"wp","href":"https:\/\/api.w.org\/{rel}","templated":true}]}}