{"id":41222,"date":"2022-02-07T08:46:52","date_gmt":"2022-02-07T07:46:52","guid":{"rendered":"https:\/\/www.akehedman.se\/wordpress\/?p=41222"},"modified":"2022-02-07T08:46:52","modified_gmt":"2022-02-07T07:46:52","slug":"i-de-anglosaxiska-imperialisternas-tid","status":"publish","type":"post","link":"https:\/\/www.akehedman.se\/wordpress\/?p=41222","title":{"rendered":"I de anglosaxiska imperialisternas tid"},"content":{"rendered":"\n<figure class=\"wp-block-image size-large\"><img data-recalc-dims=\"1\" loading=\"lazy\" decoding=\"async\" width=\"580\" height=\"773\" src=\"https:\/\/i0.wp.com\/www.akehedman.se\/wordpress\/wp-content\/uploads\/2022\/02\/photo_editor_ds_1644180196204.jpg?resize=580%2C773&#038;ssl=1\" alt=\"\" class=\"wp-image-41223\" srcset=\"https:\/\/i0.wp.com\/www.akehedman.se\/wordpress\/wp-content\/uploads\/2022\/02\/photo_editor_ds_1644180196204.jpg?resize=768%2C1024&amp;ssl=1 768w, https:\/\/i0.wp.com\/www.akehedman.se\/wordpress\/wp-content\/uploads\/2022\/02\/photo_editor_ds_1644180196204.jpg?resize=225%2C300&amp;ssl=1 225w, https:\/\/i0.wp.com\/www.akehedman.se\/wordpress\/wp-content\/uploads\/2022\/02\/photo_editor_ds_1644180196204.jpg?w=1080&amp;ssl=1 1080w\" sizes=\"auto, (max-width: 580px) 100vw, 580px\" \/><\/figure>\n\n\n\n<p class=\"wp-block-paragraph\">Morgonen den f\u00f6rsta dagen. N\u00e5ja, den andra, men h\u00e5ll med om att det l\u00e5ter b\u00e4ttre med &#8220;<em>morgonen den f\u00f6rsta dagen<\/em>&#8221; som inledning. Ibland f\u00e5r man anpassa sig. G\u00f6ra avkall. Skita i anglosaxisk veckodagsr\u00e4kning och h\u00e5lla sig till germansk. Det \u00e4r kanske \u00e4nd\u00e5 p\u00e5 tiden. De d\u00e4r imperiet \u00e4r nog \u00e4nd\u00e5 p\u00e5 upph\u00e4llning. <\/p>\n\n\n\n<p class=\"wp-block-paragraph\">S\u00e5 h\u00e4r d\u00e5 nere p\u00e5 kontoret. Veckans f\u00f6rsta (andra) dag. Ja och det k\u00e4nns gott. Vatten p\u00e5satt. Det skall bryggas te. Ljus t\u00e4nt. Katt placerade nyss sig sj\u00e4lv i ett av f\u00f6nstren f\u00f6r dagens film, verkligheten.<\/p>\n\n\n\n<p class=\"wp-block-paragraph\">V\u00e4rlden \u00e4r r\u00f6d d\u00e4r ute. Antar att det betyder bl\u00e5sigt v\u00e4der f\u00f6r\u00f6ver. Min pessimistiske kamrat d\u00e4r  p\u00e5 v\u00e4nster axel ropar &#8220;<em>krig och el\u00e4nde, \u00e4r vad det betyder<\/em>&#8221; men han tycker ocks\u00e5 att vi (ha det \u00e4r jag som skall utf\u00f6ra det hela f\u00f6r b\u00e5da) skall spotta s\u00e5 fort en svart katt tar sig \u00f6ver v\u00e4gen ocks\u00e5 och kan l\u00e4tt avf\u00e4rdas. F\u00f6r s\u00e4kerhetsskull \u00f6ppnar jag Aftonbladet f\u00f6r att kolla s\u00e5 att v\u00e4nsteraxelgubben \u00e4nd\u00e5 inte har r\u00e4tt. Men dom \u00e4r fortfarande inne i diskussionen om &#8220;<em>r\u00e4tt l\u00e5t vann<\/em>&#8221; i n\u00e5got spektakel ok\u00e4nt f\u00f6r mig. Nej vill inte veta. Men inga krigsrubriker.<\/p>\n\n\n\n<p class=\"wp-block-paragraph\">Som vanligt p\u00e5 m\u00e5ndagen. Stora f\u00f6rhoppningar inf\u00f6r veckan. S\u00e5 mycket som man skall hinna med. Gl\u00e4djen \u00f6ver det. Men fortfarande seg och tr\u00f6tt i kropp och huvud. Man hoppas varje helg att man kan  kasta av sig det d\u00e4r d\u00e5 genom att vila sig tr\u00f6tt, men det h\u00e4nger i och med som en hungrig spyfluga. Kanske \u00e4r det bara s\u00e5d\u00e4r som man k\u00e4nner sig i normaltillst\u00e5ndet som \u00e5ldring. M\u00e5ste l\u00e4ra sig acceptera. Helvete i s\u00e5 fall.<\/p>\n\n\n\n<p class=\"wp-block-paragraph\"><\/p>\n","protected":false},"excerpt":{"rendered":"<p>Morgonen den f\u00f6rsta dagen. N\u00e5ja, den andra, men h\u00e5ll med om att det l\u00e5ter b\u00e4ttre med &#8220;morgonen den f\u00f6rsta dagen&#8221; som inledning. Ibland f\u00e5r man anpassa sig. G\u00f6ra avkall. Skita i anglosaxisk veckodagsr\u00e4kning och h\u00e5lla sig till germansk. Det \u00e4r kanske \u00e4nd\u00e5 p\u00e5 tiden. De d\u00e4r imperiet \u00e4r nog \u00e4nd\u00e5 p\u00e5 upph\u00e4llning. S\u00e5 h\u00e4r d\u00e5 [&hellip;]<\/p>\n","protected":false},"author":24,"featured_media":0,"comment_status":"open","ping_status":"open","sticky":false,"template":"","format":"standard","meta":{"_crdt_document":"","jetpack_post_was_ever_published":false,"_jetpack_newsletter_access":"","_jetpack_dont_email_post_to_subs":false,"_jetpack_newsletter_tier_id":0,"_jetpack_memberships_contains_paywalled_content":false,"_jetpack_memberships_contains_paid_content":false,"footnotes":"","jetpack_publicize_message":"","jetpack_publicize_feature_enabled":true,"jetpack_social_post_already_shared":true,"jetpack_social_options":{"image_generator_settings":{"template":"highway","default_image_id":0,"font":"","enabled":false},"version":2}},"categories":[24],"tags":[],"class_list":["post-41222","post","type-post","status-publish","format-standard","hentry","category-betraktelser"],"jetpack_publicize_connections":[],"jetpack_featured_media_url":"","jetpack_sharing_enabled":true,"jetpack_likes_enabled":true,"jetpack-related-posts":[{"id":24246,"url":"https:\/\/www.akehedman.se\/wordpress\/?p=24246","url_meta":{"origin":41222,"position":0},"title":"Tunnkaffe","author":"\u00c5ke Hedman","date":"2017-04-28","format":false,"excerpt":"En s\u00e5dan d\u00e4r begravningsdag idag allts\u00e5. Men f\u00f6rst p\u00e5 eftermiddagen. Man kan jobba f\u00f6rst allts\u00e5. S\u00e5 jag s\u00e4tter p\u00e5 kaffe som vanligt.\u00a0 Det \u00e4r bottenskrapet men m\u00e5nadshandling imorgon s\u00e5 det ger sig v\u00e4l med det ocks\u00e5. S\u00e5 dagen b\u00f6rjar med en kopp riktigt svagt kaffe. Ja och med en begravning\u2026","rel":"","context":"In &quot;Betraktelser &amp; Ber\u00e4ttelse&quot;","block_context":{"text":"Betraktelser &amp; Ber\u00e4ttelse","link":"https:\/\/www.akehedman.se\/wordpress\/?cat=24"},"img":{"alt_text":"","src":"https:\/\/i0.wp.com\/www.akehedman.se\/wordpress\/wp-content\/uploads\/2016\/05\/5688582-kaffe-1024x838.jpg?resize=350%2C200","width":350,"height":200,"srcset":"https:\/\/i0.wp.com\/www.akehedman.se\/wordpress\/wp-content\/uploads\/2016\/05\/5688582-kaffe-1024x838.jpg?resize=350%2C200 1x, https:\/\/i0.wp.com\/www.akehedman.se\/wordpress\/wp-content\/uploads\/2016\/05\/5688582-kaffe-1024x838.jpg?resize=525%2C300 1.5x"},"classes":[]},{"id":22219,"url":"https:\/\/www.akehedman.se\/wordpress\/?p=22219","url_meta":{"origin":41222,"position":1},"title":"Den lyckligaste dagen i ett liv","author":"\u00c5ke Hedman","date":"2016-11-22","format":false,"excerpt":"Den lyckligaste dagen i ett liv. Ja man kan ju hoppas den \u00e5terst\u00e5r att f\u00e5 uppleva. Men om den nu varit? Vilken var det? Man skulle kunna tro att det var n\u00e4r jag gifte mig med K. Men det var bara en formalia n\u00e4r vi fick v\u00e5rt f\u00f6rsta barn. Dan\u2026","rel":"","context":"In &quot;Betraktelser &amp; Ber\u00e4ttelse&quot;","block_context":{"text":"Betraktelser &amp; Ber\u00e4ttelse","link":"https:\/\/www.akehedman.se\/wordpress\/?cat=24"},"img":{"alt_text":"uu_logo","src":"https:\/\/i0.wp.com\/www.akehedman.se\/wordpress\/wp-content\/uploads\/2016\/11\/UU_logo.jpg?resize=350%2C200","width":350,"height":200},"classes":[]},{"id":13529,"url":"https:\/\/www.akehedman.se\/wordpress\/?p=13529","url_meta":{"origin":41222,"position":2},"title":"\u00c4lska mig","author":"\u00c5ke Hedman","date":"2014-06-13","format":false,"excerpt":"Jag \u00f6ppnar Facebook p\u00e5 morgonen som hundratals miljoner andra. Vi har alla en undermedveten tanke gemensamt n\u00e4r vi \u00f6ppnar den d\u00e4r sidan \"\u00c4LSKA MIG\" Det \u00e4r det det handlar om. \"\u00e4lska MIG\" n\u00e5gon m\u00e5ste \u00e4lska mig, i alla fall lite, sn\u00e4lla, bara lite. F\u00f6r mig blir det en \"like\" denna\u2026","rel":"","context":"In &quot;Betraktelser &amp; Ber\u00e4ttelse&quot;","block_context":{"text":"Betraktelser &amp; Ber\u00e4ttelse","link":"https:\/\/www.akehedman.se\/wordpress\/?cat=24"},"img":{"alt_text":"ensam-412x309","src":"https:\/\/i0.wp.com\/www.eurosource.se\/akhe\/wordpress\/wp-content\/uploads\/2014\/06\/ensam-412x309.jpg?resize=350%2C200","width":350,"height":200},"classes":[]},{"id":40995,"url":"https:\/\/www.akehedman.se\/wordpress\/?p=40995","url_meta":{"origin":41222,"position":3},"title":"Den underbara morgonen","author":"\u00c5ke Hedman","date":"2022-01-20","format":false,"excerpt":"Photo by Philip Ackermann on Pexels.com Man sitter h\u00e4r. Vinden ylar utanf\u00f6r f\u00f6nstret helt utan anledning. Kattmatning, frukost, dusch, sotning av Hulk och annat sm\u00e5tt och gott avklarat. Rutinmorgon. Inget mer. Men jag ler fortfarande n\u00e4r jag \u00e4ntrar kontoret p\u00e5 morgonen. Har gok\u00e4nsla i magen. Jag tror fortfarande att jag\u2026","rel":"","context":"In &quot;Betraktelser &amp; Ber\u00e4ttelse&quot;","block_context":{"text":"Betraktelser &amp; Ber\u00e4ttelse","link":"https:\/\/www.akehedman.se\/wordpress\/?cat=24"},"img":{"alt_text":"person running near street between tall trees","src":"https:\/\/i0.wp.com\/www.akehedman.se\/wordpress\/wp-content\/uploads\/2022\/01\/pexels-photo-878151.jpeg?resize=350%2C200&ssl=1","width":350,"height":200,"srcset":"https:\/\/i0.wp.com\/www.akehedman.se\/wordpress\/wp-content\/uploads\/2022\/01\/pexels-photo-878151.jpeg?resize=350%2C200&ssl=1 1x, https:\/\/i0.wp.com\/www.akehedman.se\/wordpress\/wp-content\/uploads\/2022\/01\/pexels-photo-878151.jpeg?resize=525%2C300&ssl=1 1.5x, https:\/\/i0.wp.com\/www.akehedman.se\/wordpress\/wp-content\/uploads\/2022\/01\/pexels-photo-878151.jpeg?resize=700%2C400&ssl=1 2x, https:\/\/i0.wp.com\/www.akehedman.se\/wordpress\/wp-content\/uploads\/2022\/01\/pexels-photo-878151.jpeg?resize=1050%2C600&ssl=1 3x, https:\/\/i0.wp.com\/www.akehedman.se\/wordpress\/wp-content\/uploads\/2022\/01\/pexels-photo-878151.jpeg?resize=1400%2C800&ssl=1 4x"},"classes":[]},{"id":35384,"url":"https:\/\/www.akehedman.se\/wordpress\/?p=35384","url_meta":{"origin":41222,"position":4},"title":"Guldet","author":"\u00c5ke Hedman","date":"2020-06-29","format":false,"excerpt":"Ett f\u00f6rsta klassens regn av \u00e4kta vara drar fram \u00f6ver H\u00e4lsingland. Man kan inte annat \u00e4n \u00e4lska det. Vi beh\u00f6ver det h\u00e4r regnet. Luften, v\u00e4xterna, djuren och ocoola gubbar liksom hukar sig ner i skydd, men sen str\u00e4cker vi alla p\u00e5 oss n\u00e4r vi girigt dricker v\u00e4lsignat vatten s\u00e4nt fr\u00e5n\u2026","rel":"","context":"In &quot;Betraktelser &amp; Ber\u00e4ttelse&quot;","block_context":{"text":"Betraktelser &amp; Ber\u00e4ttelse","link":"https:\/\/www.akehedman.se\/wordpress\/?cat=24"},"img":{"alt_text":"","src":"https:\/\/i0.wp.com\/www.akehedman.se\/wordpress\/wp-content\/uploads\/2020\/06\/IMG_20200629_072723276.jpg?resize=350%2C200&ssl=1","width":350,"height":200},"classes":[]},{"id":17559,"url":"https:\/\/www.akehedman.se\/wordpress\/?p=17559","url_meta":{"origin":41222,"position":5},"title":"\u00c5rets f\u00f6rsta tranor","author":"\u00c5ke Hedman","date":"2015-04-15","format":false,"excerpt":"K sms'ar och s\u00e4ger att hon sett \u00e5rets f\u00f6rsta tranor. Tranor st\u00e5r h\u00f6gt i kurs h\u00e4r och det \u00e4r hennes f\u00e5gel men jag kan ju inte l\u00e5ta bli att tycka om dom jag heller. Den varma \u00e5rstidens tidiga mornar innefattar oftast deras trumpetande fr\u00e5n myren p\u00e5 andra sidan dalg\u00e5ngen. Jag\u2026","rel":"","context":"In &quot;Swedish&quot;","block_context":{"text":"Swedish","link":"https:\/\/www.akehedman.se\/wordpress\/?cat=2"},"img":{"alt_text":"trana_3_2011","src":"https:\/\/i0.wp.com\/www.eurosource.se\/akhe\/wordpress\/wp-content\/uploads\/2015\/04\/trana_3_2011.jpg?resize=350%2C200","width":350,"height":200},"classes":[]}],"jetpack_shortlink":"https:\/\/wp.me\/p68PL2-aIS","_links":{"self":[{"href":"https:\/\/www.akehedman.se\/wordpress\/index.php?rest_route=\/wp\/v2\/posts\/41222","targetHints":{"allow":["GET"]}}],"collection":[{"href":"https:\/\/www.akehedman.se\/wordpress\/index.php?rest_route=\/wp\/v2\/posts"}],"about":[{"href":"https:\/\/www.akehedman.se\/wordpress\/index.php?rest_route=\/wp\/v2\/types\/post"}],"author":[{"embeddable":true,"href":"https:\/\/www.akehedman.se\/wordpress\/index.php?rest_route=\/wp\/v2\/users\/24"}],"replies":[{"embeddable":true,"href":"https:\/\/www.akehedman.se\/wordpress\/index.php?rest_route=%2Fwp%2Fv2%2Fcomments&post=41222"}],"version-history":[{"count":1,"href":"https:\/\/www.akehedman.se\/wordpress\/index.php?rest_route=\/wp\/v2\/posts\/41222\/revisions"}],"predecessor-version":[{"id":41224,"href":"https:\/\/www.akehedman.se\/wordpress\/index.php?rest_route=\/wp\/v2\/posts\/41222\/revisions\/41224"}],"wp:attachment":[{"href":"https:\/\/www.akehedman.se\/wordpress\/index.php?rest_route=%2Fwp%2Fv2%2Fmedia&parent=41222"}],"wp:term":[{"taxonomy":"category","embeddable":true,"href":"https:\/\/www.akehedman.se\/wordpress\/index.php?rest_route=%2Fwp%2Fv2%2Fcategories&post=41222"},{"taxonomy":"post_tag","embeddable":true,"href":"https:\/\/www.akehedman.se\/wordpress\/index.php?rest_route=%2Fwp%2Fv2%2Ftags&post=41222"}],"curies":[{"name":"wp","href":"https:\/\/api.w.org\/{rel}","templated":true}]}}