{"id":40822,"date":"2022-01-05T16:46:41","date_gmt":"2022-01-05T15:46:41","guid":{"rendered":"https:\/\/www.akehedman.se\/wordpress\/?p=40822"},"modified":"2022-01-05T16:46:41","modified_gmt":"2022-01-05T15:46:41","slug":"att-torga","status":"publish","type":"post","link":"https:\/\/www.akehedman.se\/wordpress\/?p=40822","title":{"rendered":"Att &#8220;t\u00f6rg\u00e5&#8221;"},"content":{"rendered":"\n<div class=\"wp-block-image\"><figure class=\"aligncenter size-full\"><img data-recalc-dims=\"1\" loading=\"lazy\" decoding=\"async\" width=\"580\" height=\"387\" src=\"https:\/\/i0.wp.com\/www.akehedman.se\/wordpress\/wp-content\/uploads\/2022\/01\/pexels-photo-744912.jpeg?resize=580%2C387&#038;ssl=1\" alt=\"person standing in pathway\" class=\"wp-image-40823\" srcset=\"https:\/\/i0.wp.com\/www.akehedman.se\/wordpress\/wp-content\/uploads\/2022\/01\/pexels-photo-744912.jpeg?w=1880&amp;ssl=1 1880w, https:\/\/i0.wp.com\/www.akehedman.se\/wordpress\/wp-content\/uploads\/2022\/01\/pexels-photo-744912.jpeg?resize=300%2C200&amp;ssl=1 300w, https:\/\/i0.wp.com\/www.akehedman.se\/wordpress\/wp-content\/uploads\/2022\/01\/pexels-photo-744912.jpeg?resize=1024%2C682&amp;ssl=1 1024w, https:\/\/i0.wp.com\/www.akehedman.se\/wordpress\/wp-content\/uploads\/2022\/01\/pexels-photo-744912.jpeg?resize=768%2C512&amp;ssl=1 768w, https:\/\/i0.wp.com\/www.akehedman.se\/wordpress\/wp-content\/uploads\/2022\/01\/pexels-photo-744912.jpeg?resize=1536%2C1024&amp;ssl=1 1536w, https:\/\/i0.wp.com\/www.akehedman.se\/wordpress\/wp-content\/uploads\/2022\/01\/pexels-photo-744912.jpeg?resize=1200%2C800&amp;ssl=1 1200w, https:\/\/i0.wp.com\/www.akehedman.se\/wordpress\/wp-content\/uploads\/2022\/01\/pexels-photo-744912.jpeg?w=1740&amp;ssl=1 1740w\" sizes=\"auto, (max-width: 580px) 100vw, 580px\" \/><figcaption>Photo by Lisa on <a href=\"https:\/\/www.pexels.com\/photo\/person-standing-in-pathway-744912\/\" rel=\"nofollow\">Pexels.com<\/a><\/figcaption><\/figure><\/div>\n\n\n\n<p class=\"wp-block-paragraph\">Backa-Jan skulle v\u00e4l varit h\u00e4r med en l\u00e5da semlor redan vid det h\u00e4r laget. Jag kommer alltid att sakna de d\u00e4r f\u00f6rsta som bara <strong>liksom<\/strong> d\u00f6k upp en dag och framf\u00f6rallt hans skrockande n\u00e4r han \u00e4ntrade d\u00f6rren h\u00e4r p\u00e5 kontoret med l\u00e5dan i handen. &#8220;Kaffe med mj\u00f6lk&#8221;. Jod\u00e5. En kanna. Eller tv\u00e5. Innan han drog iv\u00e4g och fikade p\u00e5 n\u00e4sta st\u00e4lle. <\/p>\n\n\n\n<p class=\"wp-block-paragraph\">Ibland bar jag ute p\u00e5 mina promenader n\u00e4r Janne kom hit. &#8220;\u00c4r du ute och t\u00f6rg\u00e5r&#8221; var kommentaren n\u00e4r jag kom hem en s\u00e5dan g\u00e5ng. Att &#8220;t\u00f6rg\u00e5&#8221;, eller &#8220;torrg\u00e5&#8221; allts\u00e5 promenera utan m\u00e5l, g\u00e5 utan n\u00e5gon nytta med g\u00e5endet. Ett bra uttryck. T\u00f6rg\u00e5r, ja det \u00e4r vad man g\u00f6r och forts\u00e4tter g\u00f6ra. S\u00e5 ser du mig efter en v\u00e4g utan bil i n\u00e4rheten s\u00e5 vet du att det \u00e4r det jag g\u00f6r. St\u00e5r det en bil i n\u00e4rheten s\u00e5 har den g\u00e5tt s\u00f6nder. Troligen.<\/p>\n\n\n\n<p class=\"wp-block-paragraph\">S\u00e5 pratar man i snobbiga J\u00e4rvs\u00f6 allts\u00e5. Bonnl\u00e4ppar med slalombacke.<\/p>\n\n\n\n<p class=\"wp-block-paragraph\">H\u00e4r upp pratar vi rikssvenska uppblandat med en del &#8220;sn\u00f6ger det&#8221; (&#8220;sn\u00f6ar det&#8221;) och andra sp\u00e4nnande uttryck. Bevis p\u00e5 att vi befinner oss utanf\u00f6r tullarna.<\/p>\n\n\n\n<p class=\"wp-block-paragraph\">Dialekter \u00e4r f\u00f6rsten h\u00e4rliga. Inget man skall tr\u00e4na bort.<\/p>\n\n\n\n<p class=\"wp-block-paragraph\">N\u00e4r en del sl\u00e4pper en ny musik s\u00e5 hamnar dom i tidningen och intervjuas i lokalradion. Ja vissa hamnar till och med p\u00e5 rotation hos lokalradion. Jag undrar lite varf\u00f6r det alltid \u00e4r samma personer. Borde det inte finnas en hel h\u00f6g nya unga artister som vill synas? Nejd\u00e5. Jag talar inte i egen sak h\u00e4r. Sj\u00e4lv \u00e4r jag helt n\u00f6jd med l\u00e4get som det \u00e4r. Men tycker allts\u00e5 det \u00e4r synd om dom som vill synas. Speciellt unga. Jag var sj\u00e4lv en s\u00e5dan en g\u00e5ng. Ung allts\u00e5. Med vilja att synas. Nu gammal . Inte den viljan. Befrielsen.<\/p>\n\n\n\n<p class=\"wp-block-paragraph\">Fast uttrycker man att man inte \u00e4r intresserad av fame and fortune s\u00e5 tror en del att man ljuger. S\u00e5 f\u00f6rbannat rotat \u00e4r det d\u00e4r i samh\u00e4llet. En s\u00e5dan f\u00f6rbannad livsl\u00f6gn. I det lilla finns gl\u00e4djen och sanningen. S\u00e5dant l\u00e4r man sig. Allt det d\u00e4r man s\u00e4gs skall l\u00e4ngta till leder bara till ofrihet. Ju l\u00e4ngre bort fr\u00e5n allt dylikt, desto friare \u00e4r man. Serru! Problemet \u00e4r att man m\u00e5ste bli gammal f\u00f6r att fatta och sen tro p\u00e5 det. <\/p>\n\n\n\n<p class=\"wp-block-paragraph\">J\u00e4mvikten \u00e4r allt. <\/p>\n\n\n\n<p class=\"wp-block-paragraph\">En vind drar \u00f6ver kullen idag. En kall satans vind. Allts\u00e5 fryser jag. Jo utan vind ocks\u00e5. Men mer nu. Mycket rent utav. Vinterhelvete. Borta \u00e4r upplevelsen av sk\u00f6na pudersn\u00f6-skottar-mornar.<\/p>\n\n\n\n<p class=\"wp-block-paragraph\">Shuntar upp. Hulken st\u00e5r och hoppar. Pelletsintaget i hans mun \u00e4r som en flod som kastar sig ut f\u00f6r en bergssida. Woooooooffffff. Men. V\u00e4rmen tiltar. Inne. Jag fryser lik f\u00f6rbannat. Har jag sagt &#8220;<em>vinterhelvete<\/em>&#8220;? Kan hur som helst \u00e4nd\u00e5 inte s\u00e4gas tillr\u00e4ckligt m\u00e5nga g\u00e5nger. Sn\u00e4lla Vasaloppss\u00f6ndag kom till oss. Avsluta det h\u00e4r.<\/p>\n\n\n\n<p class=\"wp-block-paragraph\">Posten vill ha +300 sp\u00e4nn f\u00f6r att ta in ett paket med <strong>en<\/strong> lysdiod a sju kronor. Uppr\u00e4ttande av tulldeklaration. D\u00f6d \u00e5t dom. Men man beh\u00f6ver inte ens lyfta ett finger f\u00f6r att den \u00f6nskan skall realiseras. Dom sk\u00f6ter det s\u00e5 bra sj\u00e4lva. Idioter. Man f\u00e5r leta n\u00e5gra bilder p\u00e5 h\u00f6ga chefer d\u00e4r och g\u00f6ra piltavlor s\u00e5 man f\u00e5r avreagera sig.<\/p>\n\n\n\n<p class=\"wp-block-paragraph\">F\u00f6r \u00f6vrigt tror jag att det d\u00e4remot tog slut p\u00e5 saker att klaga p\u00e5 i och med detta. Lovar dock inte att mer gn\u00e4ll inte kan uppst\u00e5 senare.<\/p>\n\n\n\n<p class=\"wp-block-paragraph\">Nu skall jag knappa vidare&#8230;<\/p>\n\n\n\n<figure class=\"wp-block-embed is-type-rich is-provider-spotify wp-block-embed-spotify wp-embed-aspect-21-9 wp-has-aspect-ratio\"><div class=\"wp-block-embed__wrapper\">\n<iframe title=\"Spotify Embed: Omkring tiggarn fr\u00e5n Luossa\" style=\"border-radius: 12px\" width=\"100%\" height=\"152\" frameborder=\"0\" allowfullscreen allow=\"autoplay; clipboard-write; encrypted-media; fullscreen; picture-in-picture\" loading=\"lazy\" src=\"https:\/\/open.spotify.com\/embed\/track\/7wYGAXri3bvEfU5Fle1GSI?si=c397444649a74177&#038;utm_source=oembed\"><\/iframe>\n<\/div><\/figure>\n","protected":false},"excerpt":{"rendered":"<p>Backa-Jan skulle v\u00e4l varit h\u00e4r med en l\u00e5da semlor redan vid det h\u00e4r laget. Jag kommer alltid att sakna de d\u00e4r f\u00f6rsta som bara liksom d\u00f6k upp en dag och framf\u00f6rallt hans skrockande n\u00e4r han \u00e4ntrade d\u00f6rren h\u00e4r p\u00e5 kontoret med l\u00e5dan i handen. &#8220;Kaffe med mj\u00f6lk&#8221;. Jod\u00e5. En kanna. Eller tv\u00e5. Innan han drog [&hellip;]<\/p>\n","protected":false},"author":24,"featured_media":0,"comment_status":"open","ping_status":"open","sticky":false,"template":"","format":"standard","meta":{"_crdt_document":"","jetpack_post_was_ever_published":false,"_jetpack_newsletter_access":"","_jetpack_dont_email_post_to_subs":false,"_jetpack_newsletter_tier_id":0,"_jetpack_memberships_contains_paywalled_content":false,"_jetpack_memberships_contains_paid_content":false,"footnotes":"","jetpack_publicize_message":"","jetpack_publicize_feature_enabled":true,"jetpack_social_post_already_shared":true,"jetpack_social_options":{"image_generator_settings":{"template":"highway","default_image_id":0,"font":"","enabled":false},"version":2}},"categories":[24],"tags":[],"class_list":["post-40822","post","type-post","status-publish","format-standard","hentry","category-betraktelser"],"jetpack_publicize_connections":[],"jetpack_featured_media_url":"","jetpack_sharing_enabled":true,"jetpack_likes_enabled":true,"jetpack-related-posts":[{"id":47137,"url":"https:\/\/www.akehedman.se\/wordpress\/?p=47137","url_meta":{"origin":40822,"position":0},"title":"Fettisdag","author":"\u00c5ke Hedman","date":"2024-02-13","format":false,"excerpt":"Semeldag. Fettisdag. Nationaldag. Ocks\u00e5 de som normalt inte \u00e4ter semlor i m\u00e4ngd tvingar i sig en idag. Ja avarter som vanilj choklad och annat (\u00e4ckligt) g\u00e5r ocks\u00e5 i. F\u00f6rs\u00f6k till f\u00f6rnyelse skall v\u00e4l uppmuntras. Stillast\u00e5endet \u00e4r d\u00f6den. Fast perfekt \u00c4R sv\u00e5rt att f\u00f6rb\u00e4ttra. Semlan \u00e4r v\u00e4l s\u00e5 n\u00e4ra perfektion man\u2026","rel":"","context":"In &quot;Betraktelser &amp; Ber\u00e4ttelse&quot;","block_context":{"text":"Betraktelser &amp; Ber\u00e4ttelse","link":"https:\/\/www.akehedman.se\/wordpress\/?cat=24"},"img":{"alt_text":"","src":"https:\/\/i0.wp.com\/www.akehedman.se\/wordpress\/wp-content\/uploads\/2024\/02\/janne3.webp?resize=350%2C200&ssl=1","width":350,"height":200,"srcset":"https:\/\/i0.wp.com\/www.akehedman.se\/wordpress\/wp-content\/uploads\/2024\/02\/janne3.webp?resize=350%2C200&ssl=1 1x, https:\/\/i0.wp.com\/www.akehedman.se\/wordpress\/wp-content\/uploads\/2024\/02\/janne3.webp?resize=525%2C300&ssl=1 1.5x, https:\/\/i0.wp.com\/www.akehedman.se\/wordpress\/wp-content\/uploads\/2024\/02\/janne3.webp?resize=700%2C400&ssl=1 2x"},"classes":[]},{"id":11858,"url":"https:\/\/www.akehedman.se\/wordpress\/?p=11858","url_meta":{"origin":40822,"position":1},"title":"Vem, om n\u00e5gon, vill egentligen vara annat \u00e4n o-cool?","author":"\u00c5ke Hedman","date":"2014-01-30","format":false,"excerpt":"O-cool har jag nog alltid varit. Gubbe kom senare. Men n\u00e4r jag skulle b\u00f6rja blogga s\u00e5 k\u00e4ndes \u201do-cool gubbe f\u00e5n Los\u201d som en bra sammanfattning av vem jag \u00e4r. N\u00e5tt jag kunde st\u00e5 f\u00f6r liksom. Jag har aldrig varit den d\u00e4r James Bond eller M\u00e5ns Zelmerl\u00f6v typen. S\u00e5 jag skrev\u2026","rel":"","context":"In &quot;Betraktelser &amp; Ber\u00e4ttelse&quot;","block_context":{"text":"Betraktelser &amp; Ber\u00e4ttelse","link":"https:\/\/www.akehedman.se\/wordpress\/?cat=24"},"img":{"alt_text":"cool","src":"https:\/\/i0.wp.com\/www.eurosource.se\/akhe\/wordpress\/wp-content\/uploads\/2014\/01\/cool.jpg?resize=350%2C200","width":350,"height":200},"classes":[]},{"id":17310,"url":"https:\/\/www.akehedman.se\/wordpress\/?p=17310","url_meta":{"origin":40822,"position":2},"title":"I v\u00e4ntan p\u00e5 installation","author":"\u00c5ke Hedman","date":"2015-04-01","format":false,"excerpt":"Sitter och v\u00e4ntar p\u00e5 att en installation skall bli klar. Det tar tid. Mycket tid. Alltid s\u00e5 n\u00e4r man vill komma ig\u00e5ng. Klockan \u00e4r tio och allts\u00e5 bara tv\u00e5 timmar kvar p\u00e5 den h\u00f6r arbetsdagen. Tiden g\u00e5r. Inte bra. Jay-Z och g\u00e4nget vill ha mer pengar. Det \u00e4r synd om\u2026","rel":"","context":"In &quot;Betraktelser &amp; Ber\u00e4ttelse&quot;","block_context":{"text":"Betraktelser &amp; Ber\u00e4ttelse","link":"https:\/\/www.akehedman.se\/wordpress\/?cat=24"},"img":{"alt_text":"images","src":"https:\/\/i0.wp.com\/www.eurosource.se\/akhe\/wordpress\/wp-content\/uploads\/2015\/02\/images.jpg?resize=350%2C200","width":350,"height":200},"classes":[]},{"id":9809,"url":"https:\/\/www.akehedman.se\/wordpress\/?p=9809","url_meta":{"origin":40822,"position":3},"title":"Insikt p\u00e5 ett &#8220;mentalsjukhus&#8221;","author":"\u00c5ke Hedman","date":"2013-09-17","format":false,"excerpt":"\u00c5ret innan hade jag varit Kemist p\u00e5 vattenverket i Eskilstuna. Samma \u00e5r som jag hade f\u00e5tt antagningsbeskedet till Uppsala och fysiken. Det h\u00e4r \u00e5ret hade varit en seger. Alla tentor fixade. Inte med spets som min son briljerande tar sina. Jag fick k\u00e4mpa f\u00f6r varje pinne som jag alltid f\u00e5tt\u2026","rel":"","context":"In &quot;Betraktelser &amp; Ber\u00e4ttelse&quot;","block_context":{"text":"Betraktelser &amp; Ber\u00e4ttelse","link":"https:\/\/www.akehedman.se\/wordpress\/?cat=24"},"img":{"alt_text":"bakom-galler_95019230","src":"https:\/\/i0.wp.com\/www.eurosource.se\/akhe\/wordpress\/wp-content\/uploads\/2013\/09\/bakom-galler_95019230.jpg?resize=350%2C200","width":350,"height":200},"classes":[]},{"id":15266,"url":"https:\/\/www.akehedman.se\/wordpress\/?p=15266","url_meta":{"origin":40822,"position":4},"title":"Tror jag p\u00e5 han\/hon\/det\/gud?","author":"\u00c5ke Hedman","date":"2014-11-04","format":false,"excerpt":"Man kan tro p\u00e5 mycket. Tomten t.ex, eller p\u00e5 Gud, eller p\u00e5 Dj\u00e4vlar, eller p\u00e5 k\u00e4rleken eller p\u00e5 konton fyllda med st\u00e5lar. Ja en massa andra saker ocks\u00e5 s\u00e5klart. Sj\u00e4lv tror jag definitivt p\u00e5 tomten. Ja dj\u00e4vlar har man ju tr\u00e4ffat sin besk\u00e4rda del av under sina dagar ocks\u00e5. St\u00e5larna\u2026","rel":"","context":"In &quot;Betraktelser &amp; Ber\u00e4ttelse&quot;","block_context":{"text":"Betraktelser &amp; Ber\u00e4ttelse","link":"https:\/\/www.akehedman.se\/wordpress\/?cat=24"},"img":{"alt_text":"IMG_20141023_093642","src":"https:\/\/i0.wp.com\/www.eurosource.se\/akhe\/wordpress\/wp-content\/uploads\/2014\/10\/IMG_20141023_093642-1024x768.jpg?resize=350%2C200","width":350,"height":200,"srcset":"https:\/\/i0.wp.com\/www.eurosource.se\/akhe\/wordpress\/wp-content\/uploads\/2014\/10\/IMG_20141023_093642-1024x768.jpg?resize=350%2C200 1x, https:\/\/i0.wp.com\/www.eurosource.se\/akhe\/wordpress\/wp-content\/uploads\/2014\/10\/IMG_20141023_093642-1024x768.jpg?resize=525%2C300 1.5x"},"classes":[]},{"id":13900,"url":"https:\/\/www.akehedman.se\/wordpress\/?p=13900","url_meta":{"origin":40822,"position":5},"title":"D\u00e5 f\u00e5r man ta f\u00f6rsta buss h\u00e4rifr\u00e5n med samma sura min i ansikten som n\u00e4r man kom.","author":"\u00c5ke Hedman","date":"2014-07-10","format":false,"excerpt":"V\u00e4rmen, v\u00e4rmen, v\u00e4rmen besegrar mig n\u00e4stan men jag t\u00e4nker inte klaga. Nopp. Ute kan vi sitta och \u00e4ta lunch i alla fall. Det \u00e4r undret av alla under. Inne p\u00e5 kontoret \u00e4r det varmt som i en keramikugn. Ute med, fast det bl\u00e5ser en del vindar fr\u00e5n n\u00e5got ok\u00e4nt h\u00e5ll.\u2026","rel":"","context":"In &quot;Betraktelser &amp; Ber\u00e4ttelse&quot;","block_context":{"text":"Betraktelser &amp; Ber\u00e4ttelse","link":"https:\/\/www.akehedman.se\/wordpress\/?cat=24"},"img":{"alt_text":"h\u00e4lsingeberg.jpg-for-web-large","src":"https:\/\/i0.wp.com\/www.eurosource.se\/akhe\/wordpress\/wp-content\/uploads\/2014\/07\/h%C3%A4lsingeberg.jpg-for-web-large.jpg?resize=350%2C200","width":350,"height":200,"srcset":"https:\/\/i0.wp.com\/www.eurosource.se\/akhe\/wordpress\/wp-content\/uploads\/2014\/07\/h%C3%A4lsingeberg.jpg-for-web-large.jpg?resize=350%2C200 1x, https:\/\/i0.wp.com\/www.eurosource.se\/akhe\/wordpress\/wp-content\/uploads\/2014\/07\/h%C3%A4lsingeberg.jpg-for-web-large.jpg?resize=525%2C300 1.5x"},"classes":[]}],"jetpack_shortlink":"https:\/\/wp.me\/p68PL2-aCq","_links":{"self":[{"href":"https:\/\/www.akehedman.se\/wordpress\/index.php?rest_route=\/wp\/v2\/posts\/40822","targetHints":{"allow":["GET"]}}],"collection":[{"href":"https:\/\/www.akehedman.se\/wordpress\/index.php?rest_route=\/wp\/v2\/posts"}],"about":[{"href":"https:\/\/www.akehedman.se\/wordpress\/index.php?rest_route=\/wp\/v2\/types\/post"}],"author":[{"embeddable":true,"href":"https:\/\/www.akehedman.se\/wordpress\/index.php?rest_route=\/wp\/v2\/users\/24"}],"replies":[{"embeddable":true,"href":"https:\/\/www.akehedman.se\/wordpress\/index.php?rest_route=%2Fwp%2Fv2%2Fcomments&post=40822"}],"version-history":[{"count":1,"href":"https:\/\/www.akehedman.se\/wordpress\/index.php?rest_route=\/wp\/v2\/posts\/40822\/revisions"}],"predecessor-version":[{"id":40824,"href":"https:\/\/www.akehedman.se\/wordpress\/index.php?rest_route=\/wp\/v2\/posts\/40822\/revisions\/40824"}],"wp:attachment":[{"href":"https:\/\/www.akehedman.se\/wordpress\/index.php?rest_route=%2Fwp%2Fv2%2Fmedia&parent=40822"}],"wp:term":[{"taxonomy":"category","embeddable":true,"href":"https:\/\/www.akehedman.se\/wordpress\/index.php?rest_route=%2Fwp%2Fv2%2Fcategories&post=40822"},{"taxonomy":"post_tag","embeddable":true,"href":"https:\/\/www.akehedman.se\/wordpress\/index.php?rest_route=%2Fwp%2Fv2%2Ftags&post=40822"}],"curies":[{"name":"wp","href":"https:\/\/api.w.org\/{rel}","templated":true}]}}