{"id":40684,"date":"2021-12-21T23:06:16","date_gmt":"2021-12-21T22:06:16","guid":{"rendered":"https:\/\/www.akehedman.se\/wordpress\/?p=40684"},"modified":"2021-12-21T23:06:16","modified_gmt":"2021-12-21T22:06:16","slug":"vardelos-dag","status":"publish","type":"post","link":"https:\/\/www.akehedman.se\/wordpress\/?p=40684","title":{"rendered":"V\u00e4rdel\u00f6s dag"},"content":{"rendered":"\n<figure class=\"wp-block-image size-full\"><img data-recalc-dims=\"1\" loading=\"lazy\" decoding=\"async\" width=\"580\" height=\"398\" src=\"https:\/\/i0.wp.com\/www.akehedman.se\/wordpress\/wp-content\/uploads\/2021\/12\/Screenshot-from-2021-12-21-22-46-52.png?resize=580%2C398&#038;ssl=1\" alt=\"\" class=\"wp-image-40685\" srcset=\"https:\/\/i0.wp.com\/www.akehedman.se\/wordpress\/wp-content\/uploads\/2021\/12\/Screenshot-from-2021-12-21-22-46-52.png?w=968&amp;ssl=1 968w, https:\/\/i0.wp.com\/www.akehedman.se\/wordpress\/wp-content\/uploads\/2021\/12\/Screenshot-from-2021-12-21-22-46-52.png?resize=300%2C206&amp;ssl=1 300w, https:\/\/i0.wp.com\/www.akehedman.se\/wordpress\/wp-content\/uploads\/2021\/12\/Screenshot-from-2021-12-21-22-46-52.png?resize=768%2C528&amp;ssl=1 768w\" sizes=\"auto, (max-width: 580px) 100vw, 580px\" \/><\/figure>\n\n\n\n<p class=\"wp-block-paragraph\">Vinter p\u00e5 kullen igen. Men temperaturer runt tio minus \u00e4r r\u00e4tt bra \u00e4nd\u00e5. Kanske b\u00e4st faktiskt om den ligger d\u00e4r omkring under vintern. Faktiskt. I alla fall om man har varmt inne. Det har man.<\/p>\n\n\n\n<p class=\"wp-block-paragraph\">Fullst\u00e4ndigt v\u00e4rdel\u00f6s dag jobbm\u00e4ssigt. Alldeles f\u00f6r m\u00e5nga st\u00f6rande h\u00e4ndelser. \u00c4r i princip beredd att ge upp &#8220;<em>f\u00f6re jul uppgifterna<\/em>&#8220;. Men blir stressad av det d\u00e4r. Det finns s\u00e5 mycket kvar att g\u00f6ra. Helt on\u00f6dig stress s\u00e5klart. Man \u00e4r ju en (ganska) glad pension\u00e4r. Borde inte bry sig. Pengar landar p\u00e5 kontot \u00e4nd\u00e5. Men man bryr sig. Allts\u00e5.<\/p>\n\n\n\n<p class=\"wp-block-paragraph\">F\u00f6rr, under den goda tiden laddade jag upp med n\u00e5gra goda b\u00f6cker inom n\u00e5got nytt programmeringsomr\u00e5de s\u00e5h\u00e4r inf\u00f6r jul. Sen \u00e4gnade jag julledigheten till att pl\u00f6ja dom d\u00e4r. G\u00e4rna framf\u00f6r tv&#8217;n med penna och kollegieblock. Ja det d\u00e4r fanns med alltid d\u00e4r i soffan. Det var inga problem att kolla en film, l\u00e4sa bok och fundera p\u00e5 samma g\u00e5ng.  Jag \u00e4lskade det d\u00e4r. <\/p>\n\n\n\n<p class=\"wp-block-paragraph\">Nu f\u00f6r tiden blir jag allts\u00e5 mest tr\u00f6tt. Det f\u00e5r r\u00e4cka men n\u00e5got sk\u00f6nlitter\u00e4rt under helgerna. Avkoppling. Man \u00e5ldras. Men saknar det d\u00e4r. Energin. Den som tillh\u00f6r de unga. Avtog v\u00e4l vid femtio ungef\u00e4r. Fram dit &#8211; full fart. Outtr\u00f6ttlig.<\/p>\n\n\n\n<p class=\"wp-block-paragraph\">N\u00e4r Windows SDK&#8217;n var som mest omfattande var det en hyllmeter med b\u00f6cker. Vilken lycka n\u00e4r den l\u00e5dan levererades. Tror det var f\u00f6re en jul ocks\u00e5. Men allt det klarade man s\u00e5klart inte under en jul. Tog \u00e5r.<\/p>\n\n\n\n<p class=\"wp-block-paragraph\">Men tror jag skall avsluta denna t\u00e4mligen v\u00e4rdel\u00f6sa dag h\u00e4r och nu. S\u00e4tta allt hopp till morgondagen. Fast fan trott att den blir b\u00e4ttre. Men facit p\u00e5 det har man imorgon kv\u00e4ll. R\u00e4cker v\u00e4l s\u00e5. Hoppet \u00e4r ens v\u00e4n. Alltid.<\/p>\n\n\n\n<p class=\"wp-block-paragraph\">God natt Sverige!<\/p>\n","protected":false},"excerpt":{"rendered":"<p>Vinter p\u00e5 kullen igen. Men temperaturer runt tio minus \u00e4r r\u00e4tt bra \u00e4nd\u00e5. Kanske b\u00e4st faktiskt om den ligger d\u00e4r omkring under vintern. Faktiskt. I alla fall om man har varmt inne. Det har man. Fullst\u00e4ndigt v\u00e4rdel\u00f6s dag jobbm\u00e4ssigt. Alldeles f\u00f6r m\u00e5nga st\u00f6rande h\u00e4ndelser. \u00c4r i princip beredd att ge upp &#8220;f\u00f6re jul uppgifterna&#8220;. Men [&hellip;]<\/p>\n","protected":false},"author":24,"featured_media":0,"comment_status":"open","ping_status":"open","sticky":false,"template":"","format":"standard","meta":{"_crdt_document":"","jetpack_post_was_ever_published":false,"_jetpack_newsletter_access":"","_jetpack_dont_email_post_to_subs":false,"_jetpack_newsletter_tier_id":0,"_jetpack_memberships_contains_paywalled_content":false,"_jetpack_memberships_contains_paid_content":false,"footnotes":"","jetpack_publicize_message":"","jetpack_publicize_feature_enabled":true,"jetpack_social_post_already_shared":true,"jetpack_social_options":{"image_generator_settings":{"template":"highway","default_image_id":0,"font":"","enabled":false},"version":2}},"categories":[24],"tags":[],"class_list":["post-40684","post","type-post","status-publish","format-standard","hentry","category-betraktelser"],"jetpack_publicize_connections":[],"jetpack_featured_media_url":"","jetpack_sharing_enabled":true,"jetpack_likes_enabled":true,"jetpack-related-posts":[{"id":22197,"url":"https:\/\/www.akehedman.se\/wordpress\/?p=22197","url_meta":{"origin":40684,"position":0},"title":"M\u00e5ndag","author":"\u00c5ke Hedman","date":"2016-11-21","format":false,"excerpt":"En decimeter bl\u00f6t och tung sn\u00f6 bjuder natten p\u00e5. Jod\u00e5 den \u00e4r fortfarande j\u00e4vligt vit och inte helt v\u00e4lkommen. En vit jul \u00e4r sedan l\u00e4nge garanterad. Faktiskt sedan generationer och \u00e5rhundraden h\u00e4r uppe. S\u00e5 sopa och skotta inleder morgonen. Lilla skottningen. Man hoppas p\u00e5 traktorn igen. Det \u00e4r inte alltid\u2026","rel":"","context":"In &quot;Betraktelser &amp; Ber\u00e4ttelse&quot;","block_context":{"text":"Betraktelser &amp; Ber\u00e4ttelse","link":"https:\/\/www.akehedman.se\/wordpress\/?cat=24"},"img":{"alt_text":"20161121_080217","src":"https:\/\/i0.wp.com\/www.akehedman.se\/wordpress\/wp-content\/uploads\/2016\/11\/20161121_080217-1024x576.jpg?resize=350%2C200","width":350,"height":200,"srcset":"https:\/\/i0.wp.com\/www.akehedman.se\/wordpress\/wp-content\/uploads\/2016\/11\/20161121_080217-1024x576.jpg?resize=350%2C200 1x, https:\/\/i0.wp.com\/www.akehedman.se\/wordpress\/wp-content\/uploads\/2016\/11\/20161121_080217-1024x576.jpg?resize=525%2C300 1.5x"},"classes":[]},{"id":14212,"url":"https:\/\/www.akehedman.se\/wordpress\/?p=14212","url_meta":{"origin":40684,"position":1},"title":"&#8220;Jag \u00e4r en idiot&#8221;","author":"\u00c5ke Hedman","date":"2014-07-31","format":false,"excerpt":"\"Jag \u00e4r en idiot\" t\u00e4nker jag n\u00e4r jag g\u00e5r d\u00e4r barfota i gr\u00e4set sent p\u00e5 eftermiddagen. Man kan inte vara annat om man byter bort allt detta underbara, k\u00e4nslan av de d\u00e4r ljumma vindarna genom h\u00e5ret och mot huden, gr\u00e4s under de bara f\u00f6tterna, solen som v\u00e4rmer. Ja, sitter inne\u2026","rel":"","context":"In &quot;Betraktelser &amp; Ber\u00e4ttelse&quot;","block_context":{"text":"Betraktelser &amp; Ber\u00e4ttelse","link":"https:\/\/www.akehedman.se\/wordpress\/?cat=24"},"img":{"alt_text":"idiot-test","src":"https:\/\/i0.wp.com\/www.akehedman.se\/wordpress\/wp-content\/uploads\/2014\/07\/idiot-test.gif?resize=350%2C200","width":350,"height":200,"srcset":"https:\/\/i0.wp.com\/www.akehedman.se\/wordpress\/wp-content\/uploads\/2014\/07\/idiot-test.gif?resize=350%2C200 1x, https:\/\/i0.wp.com\/www.akehedman.se\/wordpress\/wp-content\/uploads\/2014\/07\/idiot-test.gif?resize=525%2C300 1.5x"},"classes":[]},{"id":35578,"url":"https:\/\/www.akehedman.se\/wordpress\/?p=35578","url_meta":{"origin":40684,"position":2},"title":"Fredag","author":"\u00c5ke Hedman","date":"2020-07-30","format":false,"excerpt":"Photo by Francesco Ungaro on Pexels.com Det \u00e4r fortfarande fredag h\u00e4r. Fredag hela veckan. Fredag har liksom satt sig h\u00e5rt fast i mitt huvud. Det \u00e4r hemskt. J\u00e4ttehemskt faktiskt. Inget fel med fredagar iof. Men inte varje dag. Fredagsmys. Usch. Liksom. Imorgon \u00e4r det allts\u00e5 l\u00f6rdag men lik f\u00f6rbaskat dyker\u2026","rel":"","context":"In &quot;Swedish&quot;","block_context":{"text":"Swedish","link":"https:\/\/www.akehedman.se\/wordpress\/?cat=2"},"img":{"alt_text":"close up photo of brown seaweeds","src":"https:\/\/i0.wp.com\/www.akehedman.se\/wordpress\/wp-content\/uploads\/2020\/07\/pexels-photo-3640403.jpeg?resize=350%2C200&ssl=1","width":350,"height":200,"srcset":"https:\/\/i0.wp.com\/www.akehedman.se\/wordpress\/wp-content\/uploads\/2020\/07\/pexels-photo-3640403.jpeg?resize=350%2C200&ssl=1 1x, https:\/\/i0.wp.com\/www.akehedman.se\/wordpress\/wp-content\/uploads\/2020\/07\/pexels-photo-3640403.jpeg?resize=525%2C300&ssl=1 1.5x, https:\/\/i0.wp.com\/www.akehedman.se\/wordpress\/wp-content\/uploads\/2020\/07\/pexels-photo-3640403.jpeg?resize=700%2C400&ssl=1 2x, https:\/\/i0.wp.com\/www.akehedman.se\/wordpress\/wp-content\/uploads\/2020\/07\/pexels-photo-3640403.jpeg?resize=1050%2C600&ssl=1 3x, https:\/\/i0.wp.com\/www.akehedman.se\/wordpress\/wp-content\/uploads\/2020\/07\/pexels-photo-3640403.jpeg?resize=1400%2C800&ssl=1 4x"},"classes":[]},{"id":37242,"url":"https:\/\/www.akehedman.se\/wordpress\/?p=37242","url_meta":{"origin":40684,"position":3},"title":"Julvecka","author":"\u00c5ke Hedman","date":"2020-12-20","format":false,"excerpt":"Veckan har startat. Julvecka m\u00e5ste man v\u00e4l kalla den. Det finns bara innevarande dag och tv\u00e5 dagar till att slutf\u00f6ra saker p\u00e5. Sen... den stora vilan. Julhelg under ett mycket konstigt \u00e5r. Ett \u00e5r (ja s\u00e4kert n\u00e4sta ocks\u00e5) som man kommer att prata om i framtiden. Minnas. Vi lever s\u00e5klart\u2026","rel":"","context":"In &quot;Swedish&quot;","block_context":{"text":"Swedish","link":"https:\/\/www.akehedman.se\/wordpress\/?cat=2"},"img":{"alt_text":"","src":"https:\/\/i0.wp.com\/www.akehedman.se\/wordpress\/wp-content\/uploads\/2020\/12\/IMG_20201218_074438-scaled.jpg?resize=350%2C200&ssl=1","width":350,"height":200,"srcset":"https:\/\/i0.wp.com\/www.akehedman.se\/wordpress\/wp-content\/uploads\/2020\/12\/IMG_20201218_074438-scaled.jpg?resize=350%2C200&ssl=1 1x, https:\/\/i0.wp.com\/www.akehedman.se\/wordpress\/wp-content\/uploads\/2020\/12\/IMG_20201218_074438-scaled.jpg?resize=525%2C300&ssl=1 1.5x, https:\/\/i0.wp.com\/www.akehedman.se\/wordpress\/wp-content\/uploads\/2020\/12\/IMG_20201218_074438-scaled.jpg?resize=700%2C400&ssl=1 2x, https:\/\/i0.wp.com\/www.akehedman.se\/wordpress\/wp-content\/uploads\/2020\/12\/IMG_20201218_074438-scaled.jpg?resize=1050%2C600&ssl=1 3x, https:\/\/i0.wp.com\/www.akehedman.se\/wordpress\/wp-content\/uploads\/2020\/12\/IMG_20201218_074438-scaled.jpg?resize=1400%2C800&ssl=1 4x"},"classes":[]},{"id":26430,"url":"https:\/\/www.akehedman.se\/wordpress\/?p=26430","url_meta":{"origin":40684,"position":4},"title":"Lekdag","author":"\u00c5ke Hedman","date":"2017-12-23","format":false,"excerpt":"Jag tar mig tid f\u00f6r att ge den d\u00e4r ropande lusten att sitta och leka med n\u00e5got, aka l\u00e4ra mig n\u00e5got nytt, en dag. On\u00f6dig, bortkastad tid, ja som det k\u00e4nns n\u00e4r man h\u00e5ller p\u00e5, men som betalar sig senare, eftersom man nu faktiskt l\u00e4r sig saker. Japp alla scheman\u2026","rel":"","context":"In &quot;Betraktelser &amp; Ber\u00e4ttelse&quot;","block_context":{"text":"Betraktelser &amp; Ber\u00e4ttelse","link":"https:\/\/www.akehedman.se\/wordpress\/?cat=24"},"img":{"alt_text":"","src":"https:\/\/i0.wp.com\/www.akehedman.se\/wordpress\/wp-content\/uploads\/2016\/12\/julbyn-cut-1024x465.png?resize=350%2C200","width":350,"height":200,"srcset":"https:\/\/i0.wp.com\/www.akehedman.se\/wordpress\/wp-content\/uploads\/2016\/12\/julbyn-cut-1024x465.png?resize=350%2C200 1x, https:\/\/i0.wp.com\/www.akehedman.se\/wordpress\/wp-content\/uploads\/2016\/12\/julbyn-cut-1024x465.png?resize=525%2C300 1.5x"},"classes":[]},{"id":17598,"url":"https:\/\/www.akehedman.se\/wordpress\/?p=17598","url_meta":{"origin":40684,"position":5},"title":"Borg \u00e4r en gubbe, Stenmark \u00e4r en gubbe och jag&#8230;","author":"\u00c5ke Hedman","date":"2015-04-18","format":false,"excerpt":"Jag \u00e4r ledig denna l\u00f6rdag anno 2015. Jag borde vara ledig fr\u00e5n l\u00e5tsasjobb fler helgdagar \u00e4n vad jag \u00e4r. Men \u00e4r allts\u00e5 inte det. Det \u00e4r som det \u00e4r. Femtio\u00e5tta \u00e5r och inne p\u00e5 mitt femtionioende. Snart sextio. Ja j\u00e4vlar, hur gick det till? Ingemar Stenmark log mot mig fr\u00e5n\u2026","rel":"","context":"In &quot;Betraktelser &amp; Ber\u00e4ttelse&quot;","block_context":{"text":"Betraktelser &amp; Ber\u00e4ttelse","link":"https:\/\/www.akehedman.se\/wordpress\/?cat=24"},"img":{"alt_text":"980","src":"https:\/\/i0.wp.com\/www.eurosource.se\/akhe\/wordpress\/wp-content\/uploads\/2015\/04\/980.jpg?resize=350%2C200","width":350,"height":200,"srcset":"https:\/\/i0.wp.com\/www.eurosource.se\/akhe\/wordpress\/wp-content\/uploads\/2015\/04\/980.jpg?resize=350%2C200 1x, https:\/\/i0.wp.com\/www.eurosource.se\/akhe\/wordpress\/wp-content\/uploads\/2015\/04\/980.jpg?resize=525%2C300 1.5x, https:\/\/i0.wp.com\/www.eurosource.se\/akhe\/wordpress\/wp-content\/uploads\/2015\/04\/980.jpg?resize=700%2C400 2x"},"classes":[]}],"jetpack_shortlink":"https:\/\/wp.me\/p68PL2-aAc","_links":{"self":[{"href":"https:\/\/www.akehedman.se\/wordpress\/index.php?rest_route=\/wp\/v2\/posts\/40684","targetHints":{"allow":["GET"]}}],"collection":[{"href":"https:\/\/www.akehedman.se\/wordpress\/index.php?rest_route=\/wp\/v2\/posts"}],"about":[{"href":"https:\/\/www.akehedman.se\/wordpress\/index.php?rest_route=\/wp\/v2\/types\/post"}],"author":[{"embeddable":true,"href":"https:\/\/www.akehedman.se\/wordpress\/index.php?rest_route=\/wp\/v2\/users\/24"}],"replies":[{"embeddable":true,"href":"https:\/\/www.akehedman.se\/wordpress\/index.php?rest_route=%2Fwp%2Fv2%2Fcomments&post=40684"}],"version-history":[{"count":1,"href":"https:\/\/www.akehedman.se\/wordpress\/index.php?rest_route=\/wp\/v2\/posts\/40684\/revisions"}],"predecessor-version":[{"id":40686,"href":"https:\/\/www.akehedman.se\/wordpress\/index.php?rest_route=\/wp\/v2\/posts\/40684\/revisions\/40686"}],"wp:attachment":[{"href":"https:\/\/www.akehedman.se\/wordpress\/index.php?rest_route=%2Fwp%2Fv2%2Fmedia&parent=40684"}],"wp:term":[{"taxonomy":"category","embeddable":true,"href":"https:\/\/www.akehedman.se\/wordpress\/index.php?rest_route=%2Fwp%2Fv2%2Fcategories&post=40684"},{"taxonomy":"post_tag","embeddable":true,"href":"https:\/\/www.akehedman.se\/wordpress\/index.php?rest_route=%2Fwp%2Fv2%2Ftags&post=40684"}],"curies":[{"name":"wp","href":"https:\/\/api.w.org\/{rel}","templated":true}]}}