{"id":40367,"date":"2021-11-21T17:55:58","date_gmt":"2021-11-21T16:55:58","guid":{"rendered":"https:\/\/www.akehedman.se\/wordpress\/?p=40367"},"modified":"2021-11-21T17:55:58","modified_gmt":"2021-11-21T16:55:58","slug":"jimmie-akesson-ar-inte-nazist-han-ar-farligare-an-sa","status":"publish","type":"post","link":"https:\/\/www.akehedman.se\/wordpress\/?p=40367","title":{"rendered":"Jimmie \u00c5kesson \u00e4r inte nazist \u2013 han \u00e4r farligare \u00e4n s\u00e5"},"content":{"rendered":"<p><a href=\"https:\/\/www.aftonbladet.se\/nyheter\/kolumnister\/a\/g6JVLk\/akesson-ar-inte-nazist--det-ar-varre-an-sa\"><img decoding=\"async\" class=\"alignnone size-full\" src=\"https:\/\/images.aftonbladet-cdn.se\/v2\/images\/b4bc1c21-bde8-4f4f-af2c-80a271f16aaa?fit=crop&amp;format=auto&amp;h=628&amp;q=50&amp;w=1200&amp;s=cfae226c86ac4079f4696ef9c234f0b965416a61\" alt=\"\" \/><\/a><\/p>\n<blockquote><p>Jimmie \u00c5kesson \u00e4r inte nazist. I s\u00e5 fall vore han en politiskt obetydlig sektmedlem. Det \u00e4r emellertid betydligt v\u00e4rre \u00e4<\/p><\/blockquote>\n<p>Source: <em><a href=\"https:\/\/www.aftonbladet.se\/nyheter\/kolumnister\/a\/g6JVLk\/akesson-ar-inte-nazist--det-ar-varre-an-sa\">Jimmie \u00c5kesson \u00e4r inte nazist \u2013 han \u00e4r farligare \u00e4n s\u00e5<\/a><\/em><\/p>\n<p>Som vanligt kristallklart beskrivet av J.<\/p>\n","protected":false},"excerpt":{"rendered":"<p>Jimmie \u00c5kesson \u00e4r inte nazist. I s\u00e5 fall vore han en politiskt obetydlig sektmedlem. Det \u00e4r emellertid betydligt v\u00e4rre \u00e4 Source: Jimmie \u00c5kesson \u00e4r inte nazist \u2013 han \u00e4r farligare \u00e4n s\u00e5 Som vanligt kristallklart beskrivet av J.<\/p>\n","protected":false},"author":24,"featured_media":0,"comment_status":"open","ping_status":"open","sticky":false,"template":"","format":"standard","meta":{"_crdt_document":"","jetpack_post_was_ever_published":false,"_jetpack_newsletter_access":"","_jetpack_dont_email_post_to_subs":false,"_jetpack_newsletter_tier_id":0,"_jetpack_memberships_contains_paywalled_content":false,"_jetpack_memberships_contains_paid_content":false,"footnotes":"","jetpack_publicize_message":"","jetpack_publicize_feature_enabled":true,"jetpack_social_post_already_shared":true,"jetpack_social_options":{"image_generator_settings":{"template":"highway","default_image_id":0,"font":"","enabled":false},"version":2}},"categories":[2],"tags":[],"class_list":["post-40367","post","type-post","status-publish","format-standard","hentry","category-swedish"],"jetpack_publicize_connections":[],"jetpack_featured_media_url":"","jetpack_sharing_enabled":true,"jetpack_likes_enabled":true,"jetpack-related-posts":[{"id":29345,"url":"https:\/\/www.akehedman.se\/wordpress\/?p=29345","url_meta":{"origin":40367,"position":0},"title":"Senast l\u00e4sta bok","author":"\u00c5ke Hedman","date":"2018-07-16","format":false,"excerpt":"St\u00e4ppvargen av Herman Hesse Jo. Jag \u00e4r tvungen att l\u00e4sa den h\u00e4r. Varf\u00f6r? Jo. D\u00e4rf\u00f6r att den n\u00e4mns i de tv\u00e5 senaste b\u00f6ckerna jag l\u00e4st. Ja och japp, jag har best\u00e4mt mig f\u00f6r att l\u00e4sa n\u00e5gra av klassikerna. F\u00f6rst. Herman Hesse l\u00e5ter som en Nazist. Men d\u00e5 \u00e4r det s\u00e5klart\u2026","rel":"","context":"In &quot;B\u00f6cker&quot;","block_context":{"text":"B\u00f6cker","link":"https:\/\/www.akehedman.se\/wordpress\/?cat=13"},"img":{"alt_text":"","src":"https:\/\/i0.wp.com\/www.akehedman.se\/wordpress\/wp-content\/uploads\/2018\/07\/stappvargen.jpg?resize=350%2C200","width":350,"height":200},"classes":[]},{"id":28218,"url":"https:\/\/www.akehedman.se\/wordpress\/?p=28218","url_meta":{"origin":40367,"position":1},"title":"V\u00e5r","author":"\u00c5ke Hedman","date":"2018-05-03","format":false,"excerpt":"Vitsippor och tussilago i all \u00e4ra men riktig v\u00e5r \u00e4r det inte f\u00f6rr\u00e4n jag slutar mata Hulken med sin daglig pellets. S\u00e5 det s\u00e5. Idag \u00e4r dagen. Bara n\u00e5gra smulor kvar nu. En uppkopplad varmvattenberedare f\u00e5r ta \u00f6ver. Varmvatten vill man ju ha. Japp hemmabygge. \u00c5tminstone kontrollogiken. Uppkopplad i s\u00e4kert\u2026","rel":"","context":"In &quot;Betraktelser &amp; Ber\u00e4ttelse&quot;","block_context":{"text":"Betraktelser &amp; Ber\u00e4ttelse","link":"https:\/\/www.akehedman.se\/wordpress\/?cat=24"},"img":{"alt_text":"","src":"https:\/\/i0.wp.com\/www.akehedman.se\/wordpress\/wp-content\/uploads\/2018\/05\/IMG_20180503_083325528_HDR-1024x576.jpg?resize=350%2C200","width":350,"height":200,"srcset":"https:\/\/i0.wp.com\/www.akehedman.se\/wordpress\/wp-content\/uploads\/2018\/05\/IMG_20180503_083325528_HDR-1024x576.jpg?resize=350%2C200 1x, https:\/\/i0.wp.com\/www.akehedman.se\/wordpress\/wp-content\/uploads\/2018\/05\/IMG_20180503_083325528_HDR-1024x576.jpg?resize=525%2C300 1.5x"},"classes":[]},{"id":14604,"url":"https:\/\/www.akehedman.se\/wordpress\/?p=14604","url_meta":{"origin":40367,"position":2},"title":"Suck. Alla dessa val.","author":"\u00c5ke Hedman","date":"2014-09-01","format":false,"excerpt":"Japp, mosig \u00e4r ordet. F\u00f6rkyld allts\u00e5. H\u00f6stf\u00f6rkyld. Ja, hostar g\u00f6r jag \u00e5ret om nu f\u00f6r tiden. Men det h\u00e4r \u00e4r ju l\u00f6jligt. Jag har massor att g\u00f6ra. Beh\u00f6ver vara pigg. Jag skall beg\u00e4ra anh\u00f6rigst\u00f6d fr\u00e5n kommunen i reda pengar. Det \u00e4r frun som sl\u00e4par hem alla dessa sjukdomstillst\u00e5nd fr\u00e5n Fritis,\u2026","rel":"","context":"In &quot;Betraktelser &amp; Ber\u00e4ttelse&quot;","block_context":{"text":"Betraktelser &amp; Ber\u00e4ttelse","link":"https:\/\/www.akehedman.se\/wordpress\/?cat=24"},"img":{"alt_text":"sveriges-flagga","src":"https:\/\/i0.wp.com\/www.eurosource.se\/akhe\/wordpress\/wp-content\/uploads\/2014\/09\/sveriges-flagga.jpg?resize=350%2C200","width":350,"height":200,"srcset":"https:\/\/i0.wp.com\/www.eurosource.se\/akhe\/wordpress\/wp-content\/uploads\/2014\/09\/sveriges-flagga.jpg?resize=350%2C200 1x, https:\/\/i0.wp.com\/www.eurosource.se\/akhe\/wordpress\/wp-content\/uploads\/2014\/09\/sveriges-flagga.jpg?resize=525%2C300 1.5x"},"classes":[]},{"id":9643,"url":"https:\/\/www.akehedman.se\/wordpress\/?p=9643","url_meta":{"origin":40367,"position":3},"title":"&#8220;Mellan r\u00f6tt och svart&#8221; av Jan Guillou","author":"\u00c5ke Hedman","date":"2013-09-11","format":false,"excerpt":"Jag har \"Mellan r\u00f6tt och svart\" av Jan Guillou liggande bredvid s\u00e4ngen d\u00e4r uppe. Den senaste i hans nittonhundratalsskildring\/sl\u00e4ktkr\u00f6nika eller vad man nu skall kalla den. Vi k\u00f6per s\u00e4llan b\u00f6cker inbundna utan v\u00e4ntar oftast tills de ges ut som pocket, men just den h\u00e4r serien gillar jag mycket och har\u2026","rel":"","context":"In &quot;B\u00f6cker&quot;","block_context":{"text":"B\u00f6cker","link":"https:\/\/www.akehedman.se\/wordpress\/?cat=13"},"img":{"alt_text":"12s11-jan-167__mngl_20110912sp5x011,spo_1.indd_3190","src":"https:\/\/i0.wp.com\/www.eurosource.se\/akhe\/wordpress\/wp-content\/uploads\/2013\/09\/12s11-jan-167__mngl_20110912sp5x011spo_1.indd_3190.jpg?resize=350%2C200","width":350,"height":200,"srcset":"https:\/\/i0.wp.com\/www.eurosource.se\/akhe\/wordpress\/wp-content\/uploads\/2013\/09\/12s11-jan-167__mngl_20110912sp5x011spo_1.indd_3190.jpg?resize=350%2C200 1x, https:\/\/i0.wp.com\/www.eurosource.se\/akhe\/wordpress\/wp-content\/uploads\/2013\/09\/12s11-jan-167__mngl_20110912sp5x011spo_1.indd_3190.jpg?resize=525%2C300 1.5x, https:\/\/i0.wp.com\/www.eurosource.se\/akhe\/wordpress\/wp-content\/uploads\/2013\/09\/12s11-jan-167__mngl_20110912sp5x011spo_1.indd_3190.jpg?resize=700%2C400 2x"},"classes":[]},{"id":24106,"url":"https:\/\/www.akehedman.se\/wordpress\/?p=24106","url_meta":{"origin":40367,"position":4},"title":"Dymmelonsdagen","author":"\u00c5ke Hedman","date":"2017-04-13","format":false,"excerpt":"Oj! Missade Dymmelonsdagen i \u00e5r. Man skall linda in klockornas kl\u00e4mtar i tyg den dan och jag antar att det g\u00e4ller mina h\u00e5rdrocksuts\u00e4ndande h\u00f6gtalare ocks\u00e5. Men gl\u00f6mde allts\u00e5. Vr\u00e4kte p\u00e5. Full volym. Watt s\u00e5 det r\u00e4cker.\u00a0 Nu hamnar man s\u00e5ledes i helvetet. Lika bra det kanske. Hur som helst\u00a0 \u00e4r\u2026","rel":"","context":"In &quot;Betraktelser &amp; Ber\u00e4ttelse&quot;","block_context":{"text":"Betraktelser &amp; Ber\u00e4ttelse","link":"https:\/\/www.akehedman.se\/wordpress\/?cat=24"},"img":{"alt_text":"","src":"https:\/\/i0.wp.com\/www.akehedman.se\/wordpress\/wp-content\/uploads\/2017\/04\/20170413_090244-1024x576.png?resize=350%2C200","width":350,"height":200,"srcset":"https:\/\/i0.wp.com\/www.akehedman.se\/wordpress\/wp-content\/uploads\/2017\/04\/20170413_090244-1024x576.png?resize=350%2C200 1x, https:\/\/i0.wp.com\/www.akehedman.se\/wordpress\/wp-content\/uploads\/2017\/04\/20170413_090244-1024x576.png?resize=525%2C300 1.5x"},"classes":[]},{"id":12405,"url":"https:\/\/www.akehedman.se\/wordpress\/?p=12405","url_meta":{"origin":40367,"position":5},"title":"&#8220;OK jag ger mig. men kan tyv\u00e4rr inte sluta&#8230;&#8221;","author":"\u00c5ke Hedman","date":"2014-03-11","format":false,"excerpt":"Ljuset \u00e4r h\u00e4r definitivt. Redan f\u00f6re klockan sex \u00e4r det full dag. Tranorna har n\u00e5tt Voxna. Om\u00f6jligt att inte gilla. Ja, kanske kan man ogilla allt det h\u00e4r som v\u00e5rallergiker. Det b\u00f6rjar igen, \u00f6gon och n\u00e4sor rinner. Jod\u00e5, jag k\u00e4nner ocks\u00e5 av det d\u00e4r. Men kan inte l\u00e5ta bli att\u2026","rel":"","context":"In &quot;Betraktelser &amp; Ber\u00e4ttelse&quot;","block_context":{"text":"Betraktelser &amp; Ber\u00e4ttelse","link":"https:\/\/www.akehedman.se\/wordpress\/?cat=24"},"img":{"alt_text":"h\u00e4mta","src":"https:\/\/i0.wp.com\/www.eurosource.se\/akhe\/wordpress\/wp-content\/uploads\/2014\/03\/h%C3%A4mta.jpg?resize=350%2C200","width":350,"height":200},"classes":[]}],"jetpack_shortlink":"https:\/\/wp.me\/p68PL2-av5","_links":{"self":[{"href":"https:\/\/www.akehedman.se\/wordpress\/index.php?rest_route=\/wp\/v2\/posts\/40367","targetHints":{"allow":["GET"]}}],"collection":[{"href":"https:\/\/www.akehedman.se\/wordpress\/index.php?rest_route=\/wp\/v2\/posts"}],"about":[{"href":"https:\/\/www.akehedman.se\/wordpress\/index.php?rest_route=\/wp\/v2\/types\/post"}],"author":[{"embeddable":true,"href":"https:\/\/www.akehedman.se\/wordpress\/index.php?rest_route=\/wp\/v2\/users\/24"}],"replies":[{"embeddable":true,"href":"https:\/\/www.akehedman.se\/wordpress\/index.php?rest_route=%2Fwp%2Fv2%2Fcomments&post=40367"}],"version-history":[{"count":1,"href":"https:\/\/www.akehedman.se\/wordpress\/index.php?rest_route=\/wp\/v2\/posts\/40367\/revisions"}],"predecessor-version":[{"id":40368,"href":"https:\/\/www.akehedman.se\/wordpress\/index.php?rest_route=\/wp\/v2\/posts\/40367\/revisions\/40368"}],"wp:attachment":[{"href":"https:\/\/www.akehedman.se\/wordpress\/index.php?rest_route=%2Fwp%2Fv2%2Fmedia&parent=40367"}],"wp:term":[{"taxonomy":"category","embeddable":true,"href":"https:\/\/www.akehedman.se\/wordpress\/index.php?rest_route=%2Fwp%2Fv2%2Fcategories&post=40367"},{"taxonomy":"post_tag","embeddable":true,"href":"https:\/\/www.akehedman.se\/wordpress\/index.php?rest_route=%2Fwp%2Fv2%2Ftags&post=40367"}],"curies":[{"name":"wp","href":"https:\/\/api.w.org\/{rel}","templated":true}]}}